{"id":7510,"date":"2023-01-23T23:45:43","date_gmt":"2023-01-23T22:45:43","guid":{"rendered":"https:\/\/noclegioswiecim.eu\/bez-kategorii\/pristupne-pre-osoby-so-zdravotnym-postihnutim\/"},"modified":"2024-09-03T16:00:24","modified_gmt":"2024-09-03T14:00:24","slug":"pristupne-pre-osoby-so-zdravotnym-postihnutim","status":"publish","type":"post","link":"https:\/\/noclegioswiecim.eu\/sk\/silne-stranky-sk\/pristupne-pre-osoby-so-zdravotnym-postihnutim\/","title":{"rendered":"Pr\u00edstupn\u00e9 pre osoby so zdravotn\u00fdm postihnut\u00edm"},"content":{"rendered":"&#13;\n<p>Byty O\u015bwi\u0119cim s\u00fa pohodln\u00e9 priestory pre ka\u017ed\u00e9ho, \u010di u\u017e bojuje s postihnut\u00edm alebo nie. Vybavenie, ktor\u00e9 je v bytoch k dispoz\u00edcii, je priate\u013esk\u00e9 ku ka\u017ed\u00e9mu a umo\u017e\u0148uje d\u00f4stojn\u00fd odpo\u010dinok aj napriek va\u0161im obmedzeniam. <\/p>&#13;\n","protected":false},"excerpt":{"rendered":"<p>&#13; Byty O\u015bwi\u0119cim s\u00fa pohodln\u00e9 priestory pre ka\u017ed\u00e9ho, \u010di u\u017e [&hellip;]<\/p>\n","protected":false},"author":1,"featured_media":7511,"comment_status":"closed","ping_status":"closed","sticky":false,"template":"","format":"standard","meta":{"footnotes":""},"categories":[128],"tags":[],"class_list":["post-7510","post","type-post","status-publish","format-standard","has-post-thumbnail","hentry","category-silne-stranky-sk"],"yoast_head":"<!-- This site is optimized with the Yoast SEO plugin v27.5 - https:\/\/yoast.com\/product\/yoast-seo-wordpress\/ -->\n<title>Pr\u00edstupn\u00e9 pre osoby so zdravotn\u00fdm postihnut\u00edm - Comfort Apartments<\/title>\n<meta name=\"robots\" content=\"index, follow, max-snippet:-1, max-image-preview:large, max-video-preview:-1\" \/>\n<link rel=\"canonical\" href=\"https:\/\/noclegioswiecim.eu\/sk\/silne-stranky-sk\/pristupne-pre-osoby-so-zdravotnym-postihnutim\/\" \/>\n<meta property=\"og:locale\" content=\"sk_SK\" \/>\n<meta property=\"og:type\" content=\"article\" \/>\n<meta property=\"og:title\" content=\"Pr\u00edstupn\u00e9 pre osoby so zdravotn\u00fdm postihnut\u00edm - Comfort Apartments\" \/>\n<meta property=\"og:description\" content=\"&#013; Byty O\u015bwi\u0119cim s\u00fa pohodln\u00e9 priestory pre ka\u017ed\u00e9ho, \u010di u\u017e [&hellip;]\" \/>\n<meta property=\"og:url\" content=\"https:\/\/noclegioswiecim.eu\/sk\/silne-stranky-sk\/pristupne-pre-osoby-so-zdravotnym-postihnutim\/\" \/>\n<meta property=\"og:site_name\" content=\"Comfort Apartments\" \/>\n<meta property=\"article:publisher\" content=\"https:\/\/www.facebook.com\/oswiecimapartments\/\" \/>\n<meta property=\"article:published_time\" content=\"2023-01-23T22:45:43+00:00\" \/>\n<meta property=\"article:modified_time\" content=\"2024-09-03T14:00:24+00:00\" \/>\n<meta property=\"og:image\" content=\"https:\/\/noclegioswiecim.eu\/wp-content\/uploads\/2023\/01\/CA-2-37-scaled.jpg\" \/>\n\t<meta property=\"og:image:width\" content=\"2560\" \/>\n\t<meta property=\"og:image:height\" content=\"1707\" \/>\n\t<meta property=\"og:image:type\" content=\"image\/jpeg\" \/>\n<meta name=\"author\" content=\"PXadamCA\" \/>\n<meta name=\"twitter:card\" content=\"summary_large_image\" \/>\n<meta name=\"twitter:label1\" content=\"Autor\" \/>\n\t<meta name=\"twitter:data1\" content=\"PXadamCA\" \/>\n<script type=\"application\/ld+json\" class=\"yoast-schema-graph\">{\"@context\":\"https:\\\/\\\/schema.org\",\"@graph\":[{\"@type\":\"Article\",\"@id\":\"https:\\\/\\\/noclegioswiecim.eu\\\/sk\\\/silne-stranky-sk\\\/pristupne-pre-osoby-so-zdravotnym-postihnutim\\\/#article\",\"isPartOf\":{\"@id\":\"https:\\\/\\\/noclegioswiecim.eu\\\/sk\\\/silne-stranky-sk\\\/pristupne-pre-osoby-so-zdravotnym-postihnutim\\\/\"},\"author\":{\"name\":\"PXadamCA\",\"@id\":\"https:\\\/\\\/noclegioswiecim.eu\\\/#\\\/schema\\\/person\\\/d89109dc869efec6edf36e8afbef6437\"},\"headline\":\"Pr\u00edstupn\u00e9 pre osoby so zdravotn\u00fdm postihnut\u00edm\",\"datePublished\":\"2023-01-23T22:45:43+00:00\",\"dateModified\":\"2024-09-03T14:00:24+00:00\",\"mainEntityOfPage\":{\"@id\":\"https:\\\/\\\/noclegioswiecim.eu\\\/sk\\\/silne-stranky-sk\\\/pristupne-pre-osoby-so-zdravotnym-postihnutim\\\/\"},\"wordCount\":55,\"publisher\":{\"@id\":\"https:\\\/\\\/noclegioswiecim.eu\\\/#organization\"},\"image\":{\"@id\":\"https:\\\/\\\/noclegioswiecim.eu\\\/sk\\\/silne-stranky-sk\\\/pristupne-pre-osoby-so-zdravotnym-postihnutim\\\/#primaryimage\"},\"thumbnailUrl\":\"https:\\\/\\\/noclegioswiecim.eu\\\/wp-content\\\/uploads\\\/2023\\\/01\\\/CA-2-37-scaled.jpg\",\"articleSection\":[\"Siln\u00e9 str\u00e1nky\"],\"inLanguage\":\"sk-SK\"},{\"@type\":\"WebPage\",\"@id\":\"https:\\\/\\\/noclegioswiecim.eu\\\/sk\\\/silne-stranky-sk\\\/pristupne-pre-osoby-so-zdravotnym-postihnutim\\\/\",\"url\":\"https:\\\/\\\/noclegioswiecim.eu\\\/sk\\\/silne-stranky-sk\\\/pristupne-pre-osoby-so-zdravotnym-postihnutim\\\/\",\"name\":\"Pr\u00edstupn\u00e9 pre osoby so zdravotn\u00fdm postihnut\u00edm - Comfort Apartments\",\"isPartOf\":{\"@id\":\"https:\\\/\\\/noclegioswiecim.eu\\\/#website\"},\"primaryImageOfPage\":{\"@id\":\"https:\\\/\\\/noclegioswiecim.eu\\\/sk\\\/silne-stranky-sk\\\/pristupne-pre-osoby-so-zdravotnym-postihnutim\\\/#primaryimage\"},\"image\":{\"@id\":\"https:\\\/\\\/noclegioswiecim.eu\\\/sk\\\/silne-stranky-sk\\\/pristupne-pre-osoby-so-zdravotnym-postihnutim\\\/#primaryimage\"},\"thumbnailUrl\":\"https:\\\/\\\/noclegioswiecim.eu\\\/wp-content\\\/uploads\\\/2023\\\/01\\\/CA-2-37-scaled.jpg\",\"datePublished\":\"2023-01-23T22:45:43+00:00\",\"dateModified\":\"2024-09-03T14:00:24+00:00\",\"breadcrumb\":{\"@id\":\"https:\\\/\\\/noclegioswiecim.eu\\\/sk\\\/silne-stranky-sk\\\/pristupne-pre-osoby-so-zdravotnym-postihnutim\\\/#breadcrumb\"},\"inLanguage\":\"sk-SK\",\"potentialAction\":[{\"@type\":\"ReadAction\",\"target\":[\"https:\\\/\\\/noclegioswiecim.eu\\\/sk\\\/silne-stranky-sk\\\/pristupne-pre-osoby-so-zdravotnym-postihnutim\\\/\"]}]},{\"@type\":\"ImageObject\",\"inLanguage\":\"sk-SK\",\"@id\":\"https:\\\/\\\/noclegioswiecim.eu\\\/sk\\\/silne-stranky-sk\\\/pristupne-pre-osoby-so-zdravotnym-postihnutim\\\/#primaryimage\",\"url\":\"https:\\\/\\\/noclegioswiecim.eu\\\/wp-content\\\/uploads\\\/2023\\\/01\\\/CA-2-37-scaled.jpg\",\"contentUrl\":\"https:\\\/\\\/noclegioswiecim.eu\\\/wp-content\\\/uploads\\\/2023\\\/01\\\/CA-2-37-scaled.jpg\",\"width\":2560,\"height\":1707},{\"@type\":\"BreadcrumbList\",\"@id\":\"https:\\\/\\\/noclegioswiecim.eu\\\/sk\\\/silne-stranky-sk\\\/pristupne-pre-osoby-so-zdravotnym-postihnutim\\\/#breadcrumb\",\"itemListElement\":[{\"@type\":\"ListItem\",\"position\":1,\"name\":\"Strona g\u0142\u00f3wna\",\"item\":\"https:\\\/\\\/noclegioswiecim.eu\\\/sk\\\/\"},{\"@type\":\"ListItem\",\"position\":2,\"name\":\"Pr\u00edstupn\u00e9 pre osoby so zdravotn\u00fdm postihnut\u00edm\"}]},{\"@type\":\"WebSite\",\"@id\":\"https:\\\/\\\/noclegioswiecim.eu\\\/#website\",\"url\":\"https:\\\/\\\/noclegioswiecim.eu\\\/\",\"name\":\"Comfort Apartments\",\"description\":\"Noclegi O\u015bwi\u0119cim \\\/ Booking O\u015bwi\u0119cim\",\"publisher\":{\"@id\":\"https:\\\/\\\/noclegioswiecim.eu\\\/#organization\"},\"potentialAction\":[{\"@type\":\"SearchAction\",\"target\":{\"@type\":\"EntryPoint\",\"urlTemplate\":\"https:\\\/\\\/noclegioswiecim.eu\\\/?s={search_term_string}\"},\"query-input\":{\"@type\":\"PropertyValueSpecification\",\"valueRequired\":true,\"valueName\":\"search_term_string\"}}],\"inLanguage\":\"sk-SK\"},{\"@type\":\"Organization\",\"@id\":\"https:\\\/\\\/noclegioswiecim.eu\\\/#organization\",\"name\":\"Comfort Apartments\",\"url\":\"https:\\\/\\\/noclegioswiecim.eu\\\/\",\"logo\":{\"@type\":\"ImageObject\",\"inLanguage\":\"sk-SK\",\"@id\":\"https:\\\/\\\/noclegioswiecim.eu\\\/#\\\/schema\\\/logo\\\/image\\\/\",\"url\":\"https:\\\/\\\/noclegioswiecim.eu\\\/wp-content\\\/uploads\\\/2023\\\/02\\\/favicona.png\",\"contentUrl\":\"https:\\\/\\\/noclegioswiecim.eu\\\/wp-content\\\/uploads\\\/2023\\\/02\\\/favicona.png\",\"width\":200,\"height\":200,\"caption\":\"Comfort Apartments\"},\"image\":{\"@id\":\"https:\\\/\\\/noclegioswiecim.eu\\\/#\\\/schema\\\/logo\\\/image\\\/\"},\"sameAs\":[\"https:\\\/\\\/www.facebook.com\\\/oswiecimapartments\\\/\",\"https:\\\/\\\/goo.gl\\\/maps\\\/H9x6rxoZWfK3ad1j6\",\"https:\\\/\\\/www.instagram.com\\\/oswiecimapartments\\\/\"]},{\"@type\":\"Person\",\"@id\":\"https:\\\/\\\/noclegioswiecim.eu\\\/#\\\/schema\\\/person\\\/d89109dc869efec6edf36e8afbef6437\",\"name\":\"PXadamCA\",\"image\":{\"@type\":\"ImageObject\",\"inLanguage\":\"sk-SK\",\"@id\":\"https:\\\/\\\/secure.gravatar.com\\\/avatar\\\/adc1dd343d8c5124e40417ce67f1c600f00e279f2aad6a878cce8661419565aa?s=96&d=mm&r=g\",\"url\":\"https:\\\/\\\/secure.gravatar.com\\\/avatar\\\/adc1dd343d8c5124e40417ce67f1c600f00e279f2aad6a878cce8661419565aa?s=96&d=mm&r=g\",\"contentUrl\":\"https:\\\/\\\/secure.gravatar.com\\\/avatar\\\/adc1dd343d8c5124e40417ce67f1c600f00e279f2aad6a878cce8661419565aa?s=96&d=mm&r=g\",\"caption\":\"PXadamCA\"},\"sameAs\":[\"https:\\\/\\\/comfort.proadax-dev.pl\"]}]}<\/script>\n<!-- \/ Yoast SEO plugin. -->","yoast_head_json":{"title":"Pr\u00edstupn\u00e9 pre osoby so zdravotn\u00fdm postihnut\u00edm - Comfort Apartments","robots":{"index":"index","follow":"follow","max-snippet":"max-snippet:-1","max-image-preview":"max-image-preview:large","max-video-preview":"max-video-preview:-1"},"canonical":"https:\/\/noclegioswiecim.eu\/sk\/silne-stranky-sk\/pristupne-pre-osoby-so-zdravotnym-postihnutim\/","og_locale":"sk_SK","og_type":"article","og_title":"Pr\u00edstupn\u00e9 pre osoby so zdravotn\u00fdm postihnut\u00edm - Comfort Apartments","og_description":"&#13; Byty O\u015bwi\u0119cim s\u00fa pohodln\u00e9 priestory pre ka\u017ed\u00e9ho, \u010di u\u017e [&hellip;]","og_url":"https:\/\/noclegioswiecim.eu\/sk\/silne-stranky-sk\/pristupne-pre-osoby-so-zdravotnym-postihnutim\/","og_site_name":"Comfort Apartments","article_publisher":"https:\/\/www.facebook.com\/oswiecimapartments\/","article_published_time":"2023-01-23T22:45:43+00:00","article_modified_time":"2024-09-03T14:00:24+00:00","og_image":[{"width":2560,"height":1707,"url":"https:\/\/noclegioswiecim.eu\/wp-content\/uploads\/2023\/01\/CA-2-37-scaled.jpg","type":"image\/jpeg"}],"author":"PXadamCA","twitter_card":"summary_large_image","twitter_misc":{"Autor":"PXadamCA"},"schema":{"@context":"https:\/\/schema.org","@graph":[{"@type":"Article","@id":"https:\/\/noclegioswiecim.eu\/sk\/silne-stranky-sk\/pristupne-pre-osoby-so-zdravotnym-postihnutim\/#article","isPartOf":{"@id":"https:\/\/noclegioswiecim.eu\/sk\/silne-stranky-sk\/pristupne-pre-osoby-so-zdravotnym-postihnutim\/"},"author":{"name":"PXadamCA","@id":"https:\/\/noclegioswiecim.eu\/#\/schema\/person\/d89109dc869efec6edf36e8afbef6437"},"headline":"Pr\u00edstupn\u00e9 pre osoby so zdravotn\u00fdm postihnut\u00edm","datePublished":"2023-01-23T22:45:43+00:00","dateModified":"2024-09-03T14:00:24+00:00","mainEntityOfPage":{"@id":"https:\/\/noclegioswiecim.eu\/sk\/silne-stranky-sk\/pristupne-pre-osoby-so-zdravotnym-postihnutim\/"},"wordCount":55,"publisher":{"@id":"https:\/\/noclegioswiecim.eu\/#organization"},"image":{"@id":"https:\/\/noclegioswiecim.eu\/sk\/silne-stranky-sk\/pristupne-pre-osoby-so-zdravotnym-postihnutim\/#primaryimage"},"thumbnailUrl":"https:\/\/noclegioswiecim.eu\/wp-content\/uploads\/2023\/01\/CA-2-37-scaled.jpg","articleSection":["Siln\u00e9 str\u00e1nky"],"inLanguage":"sk-SK"},{"@type":"WebPage","@id":"https:\/\/noclegioswiecim.eu\/sk\/silne-stranky-sk\/pristupne-pre-osoby-so-zdravotnym-postihnutim\/","url":"https:\/\/noclegioswiecim.eu\/sk\/silne-stranky-sk\/pristupne-pre-osoby-so-zdravotnym-postihnutim\/","name":"Pr\u00edstupn\u00e9 pre osoby so zdravotn\u00fdm postihnut\u00edm - Comfort Apartments","isPartOf":{"@id":"https:\/\/noclegioswiecim.eu\/#website"},"primaryImageOfPage":{"@id":"https:\/\/noclegioswiecim.eu\/sk\/silne-stranky-sk\/pristupne-pre-osoby-so-zdravotnym-postihnutim\/#primaryimage"},"image":{"@id":"https:\/\/noclegioswiecim.eu\/sk\/silne-stranky-sk\/pristupne-pre-osoby-so-zdravotnym-postihnutim\/#primaryimage"},"thumbnailUrl":"https:\/\/noclegioswiecim.eu\/wp-content\/uploads\/2023\/01\/CA-2-37-scaled.jpg","datePublished":"2023-01-23T22:45:43+00:00","dateModified":"2024-09-03T14:00:24+00:00","breadcrumb":{"@id":"https:\/\/noclegioswiecim.eu\/sk\/silne-stranky-sk\/pristupne-pre-osoby-so-zdravotnym-postihnutim\/#breadcrumb"},"inLanguage":"sk-SK","potentialAction":[{"@type":"ReadAction","target":["https:\/\/noclegioswiecim.eu\/sk\/silne-stranky-sk\/pristupne-pre-osoby-so-zdravotnym-postihnutim\/"]}]},{"@type":"ImageObject","inLanguage":"sk-SK","@id":"https:\/\/noclegioswiecim.eu\/sk\/silne-stranky-sk\/pristupne-pre-osoby-so-zdravotnym-postihnutim\/#primaryimage","url":"https:\/\/noclegioswiecim.eu\/wp-content\/uploads\/2023\/01\/CA-2-37-scaled.jpg","contentUrl":"https:\/\/noclegioswiecim.eu\/wp-content\/uploads\/2023\/01\/CA-2-37-scaled.jpg","width":2560,"height":1707},{"@type":"BreadcrumbList","@id":"https:\/\/noclegioswiecim.eu\/sk\/silne-stranky-sk\/pristupne-pre-osoby-so-zdravotnym-postihnutim\/#breadcrumb","itemListElement":[{"@type":"ListItem","position":1,"name":"Strona g\u0142\u00f3wna","item":"https:\/\/noclegioswiecim.eu\/sk\/"},{"@type":"ListItem","position":2,"name":"Pr\u00edstupn\u00e9 pre osoby so zdravotn\u00fdm postihnut\u00edm"}]},{"@type":"WebSite","@id":"https:\/\/noclegioswiecim.eu\/#website","url":"https:\/\/noclegioswiecim.eu\/","name":"Comfort Apartments","description":"Noclegi O\u015bwi\u0119cim \/ Booking O\u015bwi\u0119cim","publisher":{"@id":"https:\/\/noclegioswiecim.eu\/#organization"},"potentialAction":[{"@type":"SearchAction","target":{"@type":"EntryPoint","urlTemplate":"https:\/\/noclegioswiecim.eu\/?s={search_term_string}"},"query-input":{"@type":"PropertyValueSpecification","valueRequired":true,"valueName":"search_term_string"}}],"inLanguage":"sk-SK"},{"@type":"Organization","@id":"https:\/\/noclegioswiecim.eu\/#organization","name":"Comfort Apartments","url":"https:\/\/noclegioswiecim.eu\/","logo":{"@type":"ImageObject","inLanguage":"sk-SK","@id":"https:\/\/noclegioswiecim.eu\/#\/schema\/logo\/image\/","url":"https:\/\/noclegioswiecim.eu\/wp-content\/uploads\/2023\/02\/favicona.png","contentUrl":"https:\/\/noclegioswiecim.eu\/wp-content\/uploads\/2023\/02\/favicona.png","width":200,"height":200,"caption":"Comfort Apartments"},"image":{"@id":"https:\/\/noclegioswiecim.eu\/#\/schema\/logo\/image\/"},"sameAs":["https:\/\/www.facebook.com\/oswiecimapartments\/","https:\/\/goo.gl\/maps\/H9x6rxoZWfK3ad1j6","https:\/\/www.instagram.com\/oswiecimapartments\/"]},{"@type":"Person","@id":"https:\/\/noclegioswiecim.eu\/#\/schema\/person\/d89109dc869efec6edf36e8afbef6437","name":"PXadamCA","image":{"@type":"ImageObject","inLanguage":"sk-SK","@id":"https:\/\/secure.gravatar.com\/avatar\/adc1dd343d8c5124e40417ce67f1c600f00e279f2aad6a878cce8661419565aa?s=96&d=mm&r=g","url":"https:\/\/secure.gravatar.com\/avatar\/adc1dd343d8c5124e40417ce67f1c600f00e279f2aad6a878cce8661419565aa?s=96&d=mm&r=g","contentUrl":"https:\/\/secure.gravatar.com\/avatar\/adc1dd343d8c5124e40417ce67f1c600f00e279f2aad6a878cce8661419565aa?s=96&d=mm&r=g","caption":"PXadamCA"},"sameAs":["https:\/\/comfort.proadax-dev.pl"]}]}},"_links":{"self":[{"href":"https:\/\/noclegioswiecim.eu\/sk\/wp-json\/wp\/v2\/posts\/7510","targetHints":{"allow":["GET"]}}],"collection":[{"href":"https:\/\/noclegioswiecim.eu\/sk\/wp-json\/wp\/v2\/posts"}],"about":[{"href":"https:\/\/noclegioswiecim.eu\/sk\/wp-json\/wp\/v2\/types\/post"}],"author":[{"embeddable":true,"href":"https:\/\/noclegioswiecim.eu\/sk\/wp-json\/wp\/v2\/users\/1"}],"replies":[{"embeddable":true,"href":"https:\/\/noclegioswiecim.eu\/sk\/wp-json\/wp\/v2\/comments?post=7510"}],"version-history":[{"count":1,"href":"https:\/\/noclegioswiecim.eu\/sk\/wp-json\/wp\/v2\/posts\/7510\/revisions"}],"predecessor-version":[{"id":7512,"href":"https:\/\/noclegioswiecim.eu\/sk\/wp-json\/wp\/v2\/posts\/7510\/revisions\/7512"}],"wp:featuredmedia":[{"embeddable":true,"href":"https:\/\/noclegioswiecim.eu\/sk\/wp-json\/wp\/v2\/media\/7511"}],"wp:attachment":[{"href":"https:\/\/noclegioswiecim.eu\/sk\/wp-json\/wp\/v2\/media?parent=7510"}],"wp:term":[{"taxonomy":"category","embeddable":true,"href":"https:\/\/noclegioswiecim.eu\/sk\/wp-json\/wp\/v2\/categories?post=7510"},{"taxonomy":"post_tag","embeddable":true,"href":"https:\/\/noclegioswiecim.eu\/sk\/wp-json\/wp\/v2\/tags?post=7510"}],"curies":[{"name":"wp","href":"https:\/\/api.w.org\/{rel}","templated":true}]}}