{"id":7498,"date":"2023-04-13T01:07:11","date_gmt":"2023-04-12T23:07:11","guid":{"rendered":"https:\/\/noclegioswiecim.eu\/bez-kategorii\/terasa-s-rannou-kavou\/"},"modified":"2025-07-08T11:26:49","modified_gmt":"2025-07-08T09:26:49","slug":"terasa-s-rannou-kavou","status":"publish","type":"post","link":"https:\/\/noclegioswiecim.eu\/sk\/silne-stranky-sk\/terasa-s-rannou-kavou\/","title":{"rendered":"Terasa &#8211; s rannou k\u00e1vou"},"content":{"rendered":"<p>Byty O\u015bwi\u0119cim s terasou s\u00fa azylom a jedine\u010dn\u00fdm priestorom, kde m\u00f4\u017eete za\u017ei\u0165 nezabudnute\u013en\u00e9 chv\u00edle. Rann\u00e1 k\u00e1va alebo jedlo na \u010derstvom vzduchu v obklopen\u00ed pr\u00edrody je sen, ktor\u00fd si m\u00f4\u017eete splni\u0165 po\u010das pobytu u n\u00e1s. \u010ealeko od ruchu mesta.<\/p>\n","protected":false},"excerpt":{"rendered":"<p>Byty O\u015bwi\u0119cim s terasou s\u00fa azylom a jedine\u010dn\u00fdm priestorom, kde [&hellip;]<\/p>\n","protected":false},"author":1,"featured_media":9410,"comment_status":"closed","ping_status":"closed","sticky":false,"template":"","format":"standard","meta":{"footnotes":""},"categories":[128],"tags":[],"class_list":["post-7498","post","type-post","status-publish","format-standard","has-post-thumbnail","hentry","category-silne-stranky-sk"],"yoast_head":"<!-- This site is optimized with the Yoast SEO plugin v27.5 - https:\/\/yoast.com\/product\/yoast-seo-wordpress\/ -->\n<title>Terasa - s rannou k\u00e1vou - Comfort Apartments<\/title>\n<meta name=\"robots\" content=\"index, follow, max-snippet:-1, max-image-preview:large, max-video-preview:-1\" \/>\n<link rel=\"canonical\" href=\"https:\/\/noclegioswiecim.eu\/sk\/silne-stranky-sk\/terasa-s-rannou-kavou\/\" \/>\n<meta property=\"og:locale\" content=\"sk_SK\" \/>\n<meta property=\"og:type\" content=\"article\" \/>\n<meta property=\"og:title\" content=\"Terasa - s rannou k\u00e1vou - Comfort Apartments\" \/>\n<meta property=\"og:description\" content=\"Byty O\u015bwi\u0119cim s terasou s\u00fa azylom a jedine\u010dn\u00fdm priestorom, kde [&hellip;]\" \/>\n<meta property=\"og:url\" content=\"https:\/\/noclegioswiecim.eu\/sk\/silne-stranky-sk\/terasa-s-rannou-kavou\/\" \/>\n<meta property=\"og:site_name\" content=\"Comfort Apartments\" \/>\n<meta property=\"article:publisher\" content=\"https:\/\/www.facebook.com\/oswiecimapartments\/\" \/>\n<meta property=\"article:published_time\" content=\"2023-04-12T23:07:11+00:00\" \/>\n<meta property=\"article:modified_time\" content=\"2025-07-08T09:26:49+00:00\" \/>\n<meta property=\"og:image\" content=\"https:\/\/noclegioswiecim.eu\/wp-content\/uploads\/2023\/04\/RH6_3416.jpg\" \/>\n\t<meta property=\"og:image:width\" content=\"1500\" \/>\n\t<meta property=\"og:image:height\" content=\"1000\" \/>\n\t<meta property=\"og:image:type\" content=\"image\/jpeg\" \/>\n<meta name=\"author\" content=\"PXadamCA\" \/>\n<meta name=\"twitter:card\" content=\"summary_large_image\" \/>\n<meta name=\"twitter:label1\" content=\"Autor\" \/>\n\t<meta name=\"twitter:data1\" content=\"PXadamCA\" \/>\n\t<meta name=\"twitter:label2\" content=\"Predpokladan\u00fd \u010das \u010d\u00edtania\" \/>\n\t<meta name=\"twitter:data2\" content=\"1 min\u00fata\" \/>\n<script type=\"application\/ld+json\" class=\"yoast-schema-graph\">{\"@context\":\"https:\\\/\\\/schema.org\",\"@graph\":[{\"@type\":\"Article\",\"@id\":\"https:\\\/\\\/noclegioswiecim.eu\\\/sk\\\/silne-stranky-sk\\\/terasa-s-rannou-kavou\\\/#article\",\"isPartOf\":{\"@id\":\"https:\\\/\\\/noclegioswiecim.eu\\\/sk\\\/silne-stranky-sk\\\/terasa-s-rannou-kavou\\\/\"},\"author\":{\"name\":\"PXadamCA\",\"@id\":\"https:\\\/\\\/noclegioswiecim.eu\\\/#\\\/schema\\\/person\\\/d89109dc869efec6edf36e8afbef6437\"},\"headline\":\"Terasa &#8211; s rannou k\u00e1vou\",\"datePublished\":\"2023-04-12T23:07:11+00:00\",\"dateModified\":\"2025-07-08T09:26:49+00:00\",\"mainEntityOfPage\":{\"@id\":\"https:\\\/\\\/noclegioswiecim.eu\\\/sk\\\/silne-stranky-sk\\\/terasa-s-rannou-kavou\\\/\"},\"wordCount\":57,\"publisher\":{\"@id\":\"https:\\\/\\\/noclegioswiecim.eu\\\/#organization\"},\"image\":{\"@id\":\"https:\\\/\\\/noclegioswiecim.eu\\\/sk\\\/silne-stranky-sk\\\/terasa-s-rannou-kavou\\\/#primaryimage\"},\"thumbnailUrl\":\"https:\\\/\\\/noclegioswiecim.eu\\\/wp-content\\\/uploads\\\/2023\\\/04\\\/RH6_3416.jpg\",\"articleSection\":[\"Siln\u00e9 str\u00e1nky\"],\"inLanguage\":\"sk-SK\"},{\"@type\":\"WebPage\",\"@id\":\"https:\\\/\\\/noclegioswiecim.eu\\\/sk\\\/silne-stranky-sk\\\/terasa-s-rannou-kavou\\\/\",\"url\":\"https:\\\/\\\/noclegioswiecim.eu\\\/sk\\\/silne-stranky-sk\\\/terasa-s-rannou-kavou\\\/\",\"name\":\"Terasa - s rannou k\u00e1vou - Comfort Apartments\",\"isPartOf\":{\"@id\":\"https:\\\/\\\/noclegioswiecim.eu\\\/#website\"},\"primaryImageOfPage\":{\"@id\":\"https:\\\/\\\/noclegioswiecim.eu\\\/sk\\\/silne-stranky-sk\\\/terasa-s-rannou-kavou\\\/#primaryimage\"},\"image\":{\"@id\":\"https:\\\/\\\/noclegioswiecim.eu\\\/sk\\\/silne-stranky-sk\\\/terasa-s-rannou-kavou\\\/#primaryimage\"},\"thumbnailUrl\":\"https:\\\/\\\/noclegioswiecim.eu\\\/wp-content\\\/uploads\\\/2023\\\/04\\\/RH6_3416.jpg\",\"datePublished\":\"2023-04-12T23:07:11+00:00\",\"dateModified\":\"2025-07-08T09:26:49+00:00\",\"breadcrumb\":{\"@id\":\"https:\\\/\\\/noclegioswiecim.eu\\\/sk\\\/silne-stranky-sk\\\/terasa-s-rannou-kavou\\\/#breadcrumb\"},\"inLanguage\":\"sk-SK\",\"potentialAction\":[{\"@type\":\"ReadAction\",\"target\":[\"https:\\\/\\\/noclegioswiecim.eu\\\/sk\\\/silne-stranky-sk\\\/terasa-s-rannou-kavou\\\/\"]}]},{\"@type\":\"ImageObject\",\"inLanguage\":\"sk-SK\",\"@id\":\"https:\\\/\\\/noclegioswiecim.eu\\\/sk\\\/silne-stranky-sk\\\/terasa-s-rannou-kavou\\\/#primaryimage\",\"url\":\"https:\\\/\\\/noclegioswiecim.eu\\\/wp-content\\\/uploads\\\/2023\\\/04\\\/RH6_3416.jpg\",\"contentUrl\":\"https:\\\/\\\/noclegioswiecim.eu\\\/wp-content\\\/uploads\\\/2023\\\/04\\\/RH6_3416.jpg\",\"width\":1500,\"height\":1000,\"caption\":\"RH_FOTO ROMAN_HOLOWKO\"},{\"@type\":\"BreadcrumbList\",\"@id\":\"https:\\\/\\\/noclegioswiecim.eu\\\/sk\\\/silne-stranky-sk\\\/terasa-s-rannou-kavou\\\/#breadcrumb\",\"itemListElement\":[{\"@type\":\"ListItem\",\"position\":1,\"name\":\"Strona g\u0142\u00f3wna\",\"item\":\"https:\\\/\\\/noclegioswiecim.eu\\\/sk\\\/\"},{\"@type\":\"ListItem\",\"position\":2,\"name\":\"Terasa &#8211; s rannou k\u00e1vou\"}]},{\"@type\":\"WebSite\",\"@id\":\"https:\\\/\\\/noclegioswiecim.eu\\\/#website\",\"url\":\"https:\\\/\\\/noclegioswiecim.eu\\\/\",\"name\":\"Comfort Apartments\",\"description\":\"Noclegi O\u015bwi\u0119cim \\\/ Booking O\u015bwi\u0119cim\",\"publisher\":{\"@id\":\"https:\\\/\\\/noclegioswiecim.eu\\\/#organization\"},\"potentialAction\":[{\"@type\":\"SearchAction\",\"target\":{\"@type\":\"EntryPoint\",\"urlTemplate\":\"https:\\\/\\\/noclegioswiecim.eu\\\/?s={search_term_string}\"},\"query-input\":{\"@type\":\"PropertyValueSpecification\",\"valueRequired\":true,\"valueName\":\"search_term_string\"}}],\"inLanguage\":\"sk-SK\"},{\"@type\":\"Organization\",\"@id\":\"https:\\\/\\\/noclegioswiecim.eu\\\/#organization\",\"name\":\"Comfort Apartments\",\"url\":\"https:\\\/\\\/noclegioswiecim.eu\\\/\",\"logo\":{\"@type\":\"ImageObject\",\"inLanguage\":\"sk-SK\",\"@id\":\"https:\\\/\\\/noclegioswiecim.eu\\\/#\\\/schema\\\/logo\\\/image\\\/\",\"url\":\"https:\\\/\\\/noclegioswiecim.eu\\\/wp-content\\\/uploads\\\/2023\\\/02\\\/favicona.png\",\"contentUrl\":\"https:\\\/\\\/noclegioswiecim.eu\\\/wp-content\\\/uploads\\\/2023\\\/02\\\/favicona.png\",\"width\":200,\"height\":200,\"caption\":\"Comfort Apartments\"},\"image\":{\"@id\":\"https:\\\/\\\/noclegioswiecim.eu\\\/#\\\/schema\\\/logo\\\/image\\\/\"},\"sameAs\":[\"https:\\\/\\\/www.facebook.com\\\/oswiecimapartments\\\/\",\"https:\\\/\\\/goo.gl\\\/maps\\\/H9x6rxoZWfK3ad1j6\",\"https:\\\/\\\/www.instagram.com\\\/oswiecimapartments\\\/\"]},{\"@type\":\"Person\",\"@id\":\"https:\\\/\\\/noclegioswiecim.eu\\\/#\\\/schema\\\/person\\\/d89109dc869efec6edf36e8afbef6437\",\"name\":\"PXadamCA\",\"image\":{\"@type\":\"ImageObject\",\"inLanguage\":\"sk-SK\",\"@id\":\"https:\\\/\\\/secure.gravatar.com\\\/avatar\\\/adc1dd343d8c5124e40417ce67f1c600f00e279f2aad6a878cce8661419565aa?s=96&d=mm&r=g\",\"url\":\"https:\\\/\\\/secure.gravatar.com\\\/avatar\\\/adc1dd343d8c5124e40417ce67f1c600f00e279f2aad6a878cce8661419565aa?s=96&d=mm&r=g\",\"contentUrl\":\"https:\\\/\\\/secure.gravatar.com\\\/avatar\\\/adc1dd343d8c5124e40417ce67f1c600f00e279f2aad6a878cce8661419565aa?s=96&d=mm&r=g\",\"caption\":\"PXadamCA\"},\"sameAs\":[\"https:\\\/\\\/comfort.proadax-dev.pl\"]}]}<\/script>\n<!-- \/ Yoast SEO plugin. -->","yoast_head_json":{"title":"Terasa - s rannou k\u00e1vou - Comfort Apartments","robots":{"index":"index","follow":"follow","max-snippet":"max-snippet:-1","max-image-preview":"max-image-preview:large","max-video-preview":"max-video-preview:-1"},"canonical":"https:\/\/noclegioswiecim.eu\/sk\/silne-stranky-sk\/terasa-s-rannou-kavou\/","og_locale":"sk_SK","og_type":"article","og_title":"Terasa - s rannou k\u00e1vou - Comfort Apartments","og_description":"Byty O\u015bwi\u0119cim s terasou s\u00fa azylom a jedine\u010dn\u00fdm priestorom, kde [&hellip;]","og_url":"https:\/\/noclegioswiecim.eu\/sk\/silne-stranky-sk\/terasa-s-rannou-kavou\/","og_site_name":"Comfort Apartments","article_publisher":"https:\/\/www.facebook.com\/oswiecimapartments\/","article_published_time":"2023-04-12T23:07:11+00:00","article_modified_time":"2025-07-08T09:26:49+00:00","og_image":[{"width":1500,"height":1000,"url":"https:\/\/noclegioswiecim.eu\/wp-content\/uploads\/2023\/04\/RH6_3416.jpg","type":"image\/jpeg"}],"author":"PXadamCA","twitter_card":"summary_large_image","twitter_misc":{"Autor":"PXadamCA","Predpokladan\u00fd \u010das \u010d\u00edtania":"1 min\u00fata"},"schema":{"@context":"https:\/\/schema.org","@graph":[{"@type":"Article","@id":"https:\/\/noclegioswiecim.eu\/sk\/silne-stranky-sk\/terasa-s-rannou-kavou\/#article","isPartOf":{"@id":"https:\/\/noclegioswiecim.eu\/sk\/silne-stranky-sk\/terasa-s-rannou-kavou\/"},"author":{"name":"PXadamCA","@id":"https:\/\/noclegioswiecim.eu\/#\/schema\/person\/d89109dc869efec6edf36e8afbef6437"},"headline":"Terasa &#8211; s rannou k\u00e1vou","datePublished":"2023-04-12T23:07:11+00:00","dateModified":"2025-07-08T09:26:49+00:00","mainEntityOfPage":{"@id":"https:\/\/noclegioswiecim.eu\/sk\/silne-stranky-sk\/terasa-s-rannou-kavou\/"},"wordCount":57,"publisher":{"@id":"https:\/\/noclegioswiecim.eu\/#organization"},"image":{"@id":"https:\/\/noclegioswiecim.eu\/sk\/silne-stranky-sk\/terasa-s-rannou-kavou\/#primaryimage"},"thumbnailUrl":"https:\/\/noclegioswiecim.eu\/wp-content\/uploads\/2023\/04\/RH6_3416.jpg","articleSection":["Siln\u00e9 str\u00e1nky"],"inLanguage":"sk-SK"},{"@type":"WebPage","@id":"https:\/\/noclegioswiecim.eu\/sk\/silne-stranky-sk\/terasa-s-rannou-kavou\/","url":"https:\/\/noclegioswiecim.eu\/sk\/silne-stranky-sk\/terasa-s-rannou-kavou\/","name":"Terasa - s rannou k\u00e1vou - Comfort Apartments","isPartOf":{"@id":"https:\/\/noclegioswiecim.eu\/#website"},"primaryImageOfPage":{"@id":"https:\/\/noclegioswiecim.eu\/sk\/silne-stranky-sk\/terasa-s-rannou-kavou\/#primaryimage"},"image":{"@id":"https:\/\/noclegioswiecim.eu\/sk\/silne-stranky-sk\/terasa-s-rannou-kavou\/#primaryimage"},"thumbnailUrl":"https:\/\/noclegioswiecim.eu\/wp-content\/uploads\/2023\/04\/RH6_3416.jpg","datePublished":"2023-04-12T23:07:11+00:00","dateModified":"2025-07-08T09:26:49+00:00","breadcrumb":{"@id":"https:\/\/noclegioswiecim.eu\/sk\/silne-stranky-sk\/terasa-s-rannou-kavou\/#breadcrumb"},"inLanguage":"sk-SK","potentialAction":[{"@type":"ReadAction","target":["https:\/\/noclegioswiecim.eu\/sk\/silne-stranky-sk\/terasa-s-rannou-kavou\/"]}]},{"@type":"ImageObject","inLanguage":"sk-SK","@id":"https:\/\/noclegioswiecim.eu\/sk\/silne-stranky-sk\/terasa-s-rannou-kavou\/#primaryimage","url":"https:\/\/noclegioswiecim.eu\/wp-content\/uploads\/2023\/04\/RH6_3416.jpg","contentUrl":"https:\/\/noclegioswiecim.eu\/wp-content\/uploads\/2023\/04\/RH6_3416.jpg","width":1500,"height":1000,"caption":"RH_FOTO ROMAN_HOLOWKO"},{"@type":"BreadcrumbList","@id":"https:\/\/noclegioswiecim.eu\/sk\/silne-stranky-sk\/terasa-s-rannou-kavou\/#breadcrumb","itemListElement":[{"@type":"ListItem","position":1,"name":"Strona g\u0142\u00f3wna","item":"https:\/\/noclegioswiecim.eu\/sk\/"},{"@type":"ListItem","position":2,"name":"Terasa &#8211; s rannou k\u00e1vou"}]},{"@type":"WebSite","@id":"https:\/\/noclegioswiecim.eu\/#website","url":"https:\/\/noclegioswiecim.eu\/","name":"Comfort Apartments","description":"Noclegi O\u015bwi\u0119cim \/ Booking O\u015bwi\u0119cim","publisher":{"@id":"https:\/\/noclegioswiecim.eu\/#organization"},"potentialAction":[{"@type":"SearchAction","target":{"@type":"EntryPoint","urlTemplate":"https:\/\/noclegioswiecim.eu\/?s={search_term_string}"},"query-input":{"@type":"PropertyValueSpecification","valueRequired":true,"valueName":"search_term_string"}}],"inLanguage":"sk-SK"},{"@type":"Organization","@id":"https:\/\/noclegioswiecim.eu\/#organization","name":"Comfort Apartments","url":"https:\/\/noclegioswiecim.eu\/","logo":{"@type":"ImageObject","inLanguage":"sk-SK","@id":"https:\/\/noclegioswiecim.eu\/#\/schema\/logo\/image\/","url":"https:\/\/noclegioswiecim.eu\/wp-content\/uploads\/2023\/02\/favicona.png","contentUrl":"https:\/\/noclegioswiecim.eu\/wp-content\/uploads\/2023\/02\/favicona.png","width":200,"height":200,"caption":"Comfort Apartments"},"image":{"@id":"https:\/\/noclegioswiecim.eu\/#\/schema\/logo\/image\/"},"sameAs":["https:\/\/www.facebook.com\/oswiecimapartments\/","https:\/\/goo.gl\/maps\/H9x6rxoZWfK3ad1j6","https:\/\/www.instagram.com\/oswiecimapartments\/"]},{"@type":"Person","@id":"https:\/\/noclegioswiecim.eu\/#\/schema\/person\/d89109dc869efec6edf36e8afbef6437","name":"PXadamCA","image":{"@type":"ImageObject","inLanguage":"sk-SK","@id":"https:\/\/secure.gravatar.com\/avatar\/adc1dd343d8c5124e40417ce67f1c600f00e279f2aad6a878cce8661419565aa?s=96&d=mm&r=g","url":"https:\/\/secure.gravatar.com\/avatar\/adc1dd343d8c5124e40417ce67f1c600f00e279f2aad6a878cce8661419565aa?s=96&d=mm&r=g","contentUrl":"https:\/\/secure.gravatar.com\/avatar\/adc1dd343d8c5124e40417ce67f1c600f00e279f2aad6a878cce8661419565aa?s=96&d=mm&r=g","caption":"PXadamCA"},"sameAs":["https:\/\/comfort.proadax-dev.pl"]}]}},"_links":{"self":[{"href":"https:\/\/noclegioswiecim.eu\/sk\/wp-json\/wp\/v2\/posts\/7498","targetHints":{"allow":["GET"]}}],"collection":[{"href":"https:\/\/noclegioswiecim.eu\/sk\/wp-json\/wp\/v2\/posts"}],"about":[{"href":"https:\/\/noclegioswiecim.eu\/sk\/wp-json\/wp\/v2\/types\/post"}],"author":[{"embeddable":true,"href":"https:\/\/noclegioswiecim.eu\/sk\/wp-json\/wp\/v2\/users\/1"}],"replies":[{"embeddable":true,"href":"https:\/\/noclegioswiecim.eu\/sk\/wp-json\/wp\/v2\/comments?post=7498"}],"version-history":[{"count":1,"href":"https:\/\/noclegioswiecim.eu\/sk\/wp-json\/wp\/v2\/posts\/7498\/revisions"}],"predecessor-version":[{"id":9414,"href":"https:\/\/noclegioswiecim.eu\/sk\/wp-json\/wp\/v2\/posts\/7498\/revisions\/9414"}],"wp:featuredmedia":[{"embeddable":true,"href":"https:\/\/noclegioswiecim.eu\/sk\/wp-json\/wp\/v2\/media\/9410"}],"wp:attachment":[{"href":"https:\/\/noclegioswiecim.eu\/sk\/wp-json\/wp\/v2\/media?parent=7498"}],"wp:term":[{"taxonomy":"category","embeddable":true,"href":"https:\/\/noclegioswiecim.eu\/sk\/wp-json\/wp\/v2\/categories?post=7498"},{"taxonomy":"post_tag","embeddable":true,"href":"https:\/\/noclegioswiecim.eu\/sk\/wp-json\/wp\/v2\/tags?post=7498"}],"curies":[{"name":"wp","href":"https:\/\/api.w.org\/{rel}","templated":true}]}}