{"id":4050,"date":"2023-04-15T00:00:00","date_gmt":"2023-04-14T22:00:00","guid":{"rendered":"https:\/\/noclegioswiecim.eu\/bez-kategorii\/les-pistes-cyclables-les-plus-interessantes-doswiecim-et-de-ses-environs-ou-faire-une-balade-a-velo\/"},"modified":"2023-04-15T00:00:00","modified_gmt":"2023-04-14T22:00:00","slug":"les-pistes-cyclables-les-plus-interessantes-doswiecim-et-de-ses-environs-ou-faire-une-balade-a-velo","status":"publish","type":"post","link":"https:\/\/noclegioswiecim.eu\/sk\/sprievodca\/les-pistes-cyclables-les-plus-interessantes-doswiecim-et-de-ses-environs-ou-faire-une-balade-a-velo\/","title":{"rendered":"Les pistes cyclables les plus int\u00e9ressantes d&#8217;O\u015bwi\u0119cim et de ses environs &#8211; o\u00f9 faire une balade \u00e0 v\u00e9lo ?"},"content":{"rendered":"<p><strong>O\u015bwi\u0119cim et ses environs sont un endroit id\u00e9al pour se d\u00e9tendre pour ceux qui pr\u00e9f\u00e8rent passer leur temps activement.<\/strong> Les magnifiques paysages aux caract\u00e9ristiques exceptionnelles permettent de profiter pleinement de son temps libre lors de promenades et de balades \u00e0 v\u00e9lo. Quels itin\u00e9raires cyclables choisir \u00e0 O\u015bwi\u0119cim ? Nous vous sugg\u00e9rons.<\/p>\n<p>O\u015bwi\u0119cim est une ville o\u00f9 vous trouverez non seulement des monuments int\u00e9ressants, mais vous pourrez \u00e9galement profiter de divertissements modernes. La situation d&#8217;O\u015bwi\u0119cim au centre de <strong>la vall\u00e9e d&#8217;O\u015bwi\u0119cim<\/strong> favorise le contact avec la nature, offrant la possibilit\u00e9 de passer du temps dans un cadre naturel magnifique. Lors de la planification d&#8217;un s\u00e9jour \u00e0 O\u015bwi\u0119cim, il est judicieux de r\u00e9server un h\u00e9bergement \u00e0 l&#8217;avance sur <strong>Booking O\u015bwi\u0119ci<\/strong>m, o\u00f9 vous pouvez trouver diff\u00e9rents types d&#8217;h\u00e9bergement adapt\u00e9s \u00e0 tous les budgets. Les <strong>h\u00f4tels \u00e0 O\u015bwi\u0119cim<\/strong> ainsi que d&#8217;autres types d&#8217;h\u00e9bergement tels que des <strong>appartements<\/strong> ou des <strong>chalets \u00e0 O\u015bwi\u0119cim<\/strong> vous permettront de profiter du confort et de la commodit\u00e9. En r\u00e9servant un h\u00e9bergement \u00e0 l&#8217;avance, vous pouvez \u00e9galement \u00e9conomiser beaucoup d&#8217;argent et avoir l&#8217;assurance qu&#8217;aucune mauvaise surprise ne vous attendra \u00e0 votre arriv\u00e9e \u00e0 destination.<\/p>\n<h2>O\u015bwi\u0119cim &#8211; une ville o\u00f9 l&#8217;on peut passer du temps de mani\u00e8re active.<\/h2>\n<p>Le loisir actif est de plus en plus souvent choisi, ce qui est li\u00e9, entre autres, avec le d\u00e9sir de prendre soin de sa sant\u00e9 et de l&#8217;effet b\u00e9n\u00e9fique de l&#8217;exercice sur le bien-\u00eatre mental. Des vacances actives permettent de recharger pleinement les batteries et de gagner l&#8217;\u00e9nergie n\u00e9cessaire pour le travail et les t\u00e2ches domestiques quotidiennes.<\/p>\n<h2>Itin\u00e9raires cyclables recommand\u00e9s \u00e0 O\u015bwi\u0119cim et dans les environs<\/h2>\n<p>Quel est le meilleur endroit pour faire du v\u00e9lo \u00e0 O\u015bwi\u0119cim ? Nous avons quelques propositions int\u00e9ressantes pour les amateurs de balades \u00e0 v\u00e9lo. Les \u00e9l\u00e9ments suivants m\u00e9ritent une attention particuli\u00e8re :<\/p>\n<ul>\n<li><strong>Piste cyclable de la Vistule : O\u015bwi\u0119cim-Cracovie<\/strong> &#8211; c&#8217;est un excellent choix pour les personnes qui souhaitent profiter d&#8217;une balade \u00e0 v\u00e9lo sans effort sur un terrain (principalement) plat, par exemple les parents utilisant des remorques \u00e0 v\u00e9lo pour les enfants et les cyclistes d\u00e9butants. L&#8217;itin\u00e9raire longe <strong>la Vistule<\/strong>, vous permettant de rejoindre <strong>Cracovie<\/strong> en toute s\u00e9curit\u00e9. Un voyage le long de la piste cyclable de la Vistule vous permet de profiter de vues uniques et d&#8217;une verdure apaisante. L&#8217;ensemble de la piste cyclable de la Vistule, qui reliera \u00e0 l&#8217;avenir les Beskides \u00e0 la mer Baltique, s&#8217;\u00e9tend actuellement sur <strong>230 km<\/strong> ;<\/li>\n<li><strong>piste cyclable autour d&#8217;O\u015bwi\u0119cim<\/strong> &#8211; il s&#8217;agit d&#8217;une piste cyclable rouge qui vous permet de combiner une balade \u00e0 v\u00e9lo avec la visite de monuments int\u00e9ressants &#8211; l&#8217;itin\u00e9raire comprend, entre autres, Ch\u00e2teau d&#8217;O\u015bwi\u0119cim. L&#8217;itin\u00e9raire commence sur la <strong>place Ko\u015bciuszki<\/strong> et traverse Stare Stawy, Osiedle et retourne <strong>\u00e0 la vieille ville<\/strong>. La longueur de la piste cyclable autour d&#8217;O\u015bwi\u0119cim est de <strong>18,9 km<\/strong> ;<\/li>\n<li><strong>Voies vertes \u2013 piste cyclable verte<\/strong> \u2013 une balade \u00e0 v\u00e9lo le long de la piste verte vous permet de visiter les monuments et les lieux importants d&#8217;O\u015bwi\u0119cim. L&#8217;itin\u00e9raire comprend, entre autres, <strong>le mus\u00e9e d&#8217;Auschwitz-Birkenau<\/strong>, <strong>le ch\u00e2teau,<\/strong> ainsi que la <strong>synagogue Chevra Lomdei Mishnayot et le Centre juif.<\/strong> La longueur du tron\u00e7on O\u015bwi\u0119cim du sentier est de <strong>22,5 km ;<\/strong><\/li>\n<li><strong>piste cyclable jaune Boucle O\u015bwi\u0119cim-Graboszyce-O\u015bwi\u0119cim<\/strong> &#8211; ici aussi, il y a de nombreuses attractions pour les amateurs de balades \u00e0 v\u00e9lo. Le sentier comprend entre autres : <strong>Zator<\/strong>, <strong>r\u00e9serve de Przecisz\u00f3w,<\/strong> <strong>\u00c9glise de St. Nicolas dans Polanka Wielka<\/strong> et les \u00e9tangs <strong>de Przyr\u0119b.<\/strong> Le parcours est vari\u00e9 : il y a des mont\u00e9es et des descentes assez raides. La boucle O\u015bwi\u0119cim-Graboszyce-O\u015bwi\u0119cim est longue de <strong>53,3 km ;<\/strong><\/li>\n<li><strong>piste cyclable jaune Boucle O\u015bwi\u0119cim-Nidek-O\u015bwi\u0119cim<\/strong> &#8211; un voyage sur cette piste vous permettra de visiter, entre autres, <strong>\u00c9glise de St. Ap\u00f4tres Simon et Jude Tadeusz \u00e0 Nidek<\/strong>, Mus\u00e9e en plein air de l&#8217;apiculture et Grojec. Cette piste cyclable offre de nombreux attraits et occasions d\u2019admirer une nature magnifique. C&#8217;est assez diversifi\u00e9 &#8211; il y a des mont\u00e9es et des descentes raides. Le parcours fait <strong>48,1 km<\/strong> de long.<\/li>\n<\/ul>\n<p>Il existe \u00e9galement des sentiers et des pistes cyclables int\u00e9ressants dans les environs d&#8217;O\u015bwi\u0119cim, par exemple la piste cyclable <strong>de la vall\u00e9e de Karp,<\/strong> qui traverse des endroits charmants et pittoresques et vous permet de profiter de la proximit\u00e9 d&#8217;une nature magnifique. Le sentier commence \u00e0 <strong>Osiek<\/strong> et est assez exigeant. L&#8217;itin\u00e9raire s&#8217;\u00e9tend sur <strong>86 km<\/strong> et emprunte principalement des routes agricoles et foresti\u00e8res et chevauche partiellement la piste cyclable de la Vistule.<\/p>\n<h2>Zhrnutie<\/h2>\n<p>O\u015bwi\u0119cim est un endroit id\u00e9al pour se d\u00e9tendre pour ceux qui souhaitent passer leur temps libre de mani\u00e8re active. Les pistes cyclables, les sentiers de randonn\u00e9e et les sentiers naturels offrent de nombreuses heures de contact avec une nature magnifique, ainsi que la possibilit\u00e9 de visiter des monuments int\u00e9ressants. Chaque touriste trouvera ici une piste cyclable adapt\u00e9e \u00e0 ses besoins et \u00e0 ses comp\u00e9tences.<\/p>\n","protected":false},"excerpt":{"rendered":"<p>O\u015bwi\u0119cim et ses environs sont un endroit id\u00e9al pour se [&hellip;]<\/p>\n","protected":false},"author":1,"featured_media":4051,"comment_status":"closed","ping_status":"closed","sticky":false,"template":"","format":"standard","meta":{"footnotes":""},"categories":[77],"tags":[],"class_list":["post-4050","post","type-post","status-publish","format-standard","has-post-thumbnail","hentry","category-sprievodca"],"yoast_head":"<!-- This site is optimized with the Yoast SEO plugin v27.5 - https:\/\/yoast.com\/product\/yoast-seo-wordpress\/ -->\n<title>Les pistes cyclables les plus int\u00e9ressantes d&#039;O\u015bwi\u0119cim et de ses environs - o\u00f9 faire une balade \u00e0 v\u00e9lo ? - Comfort Apartments<\/title>\n<meta name=\"description\" content=\"O\u015bwi\u0119cim and its surroundings are an excellent place for relaxation for those who prefer active leisure. De magnifiques espaces verts.\" \/>\n<meta name=\"robots\" content=\"index, follow, max-snippet:-1, max-image-preview:large, max-video-preview:-1\" \/>\n<link rel=\"canonical\" href=\"https:\/\/noclegioswiecim.eu\/sk\/sprievodca\/les-pistes-cyclables-les-plus-interessantes-doswiecim-et-de-ses-environs-ou-faire-une-balade-a-velo\/\" \/>\n<meta property=\"og:locale\" content=\"sk_SK\" \/>\n<meta property=\"og:type\" content=\"article\" \/>\n<meta property=\"og:title\" content=\"Les pistes cyclables les plus int\u00e9ressantes d&#039;O\u015bwi\u0119cim et de ses environs - o\u00f9 faire une balade \u00e0 v\u00e9lo ? - Comfort Apartments\" \/>\n<meta property=\"og:description\" content=\"O\u015bwi\u0119cim and its surroundings are an excellent place for relaxation for those who prefer active leisure. De magnifiques espaces verts.\" \/>\n<meta property=\"og:url\" content=\"https:\/\/noclegioswiecim.eu\/sk\/sprievodca\/les-pistes-cyclables-les-plus-interessantes-doswiecim-et-de-ses-environs-ou-faire-une-balade-a-velo\/\" \/>\n<meta property=\"og:site_name\" content=\"Comfort Apartments\" \/>\n<meta property=\"article:publisher\" content=\"https:\/\/www.facebook.com\/oswiecimapartments\/\" \/>\n<meta property=\"article:published_time\" content=\"2023-04-14T22:00:00+00:00\" \/>\n<meta property=\"og:image\" content=\"https:\/\/noclegioswiecim.eu\/wp-content\/uploads\/2023\/07\/noclegi-oswiecim-trasy-rowerowe-w-oswiecimiu.jpg\" \/>\n\t<meta property=\"og:image:width\" content=\"1167\" \/>\n\t<meta property=\"og:image:height\" content=\"843\" \/>\n\t<meta property=\"og:image:type\" content=\"image\/jpeg\" \/>\n<meta name=\"author\" content=\"PXadamCA\" \/>\n<meta name=\"twitter:card\" content=\"summary_large_image\" \/>\n<meta name=\"twitter:label1\" content=\"Autor\" \/>\n\t<meta name=\"twitter:data1\" content=\"PXadamCA\" \/>\n\t<meta name=\"twitter:label2\" content=\"Predpokladan\u00fd \u010das \u010d\u00edtania\" \/>\n\t<meta name=\"twitter:data2\" content=\"4 min\u00faty\" \/>\n<script type=\"application\/ld+json\" class=\"yoast-schema-graph\">{\"@context\":\"https:\\\/\\\/schema.org\",\"@graph\":[{\"@type\":\"Article\",\"@id\":\"https:\\\/\\\/noclegioswiecim.eu\\\/sk\\\/sprievodca\\\/les-pistes-cyclables-les-plus-interessantes-doswiecim-et-de-ses-environs-ou-faire-une-balade-a-velo\\\/#article\",\"isPartOf\":{\"@id\":\"https:\\\/\\\/noclegioswiecim.eu\\\/sk\\\/sprievodca\\\/les-pistes-cyclables-les-plus-interessantes-doswiecim-et-de-ses-environs-ou-faire-une-balade-a-velo\\\/\"},\"author\":{\"name\":\"PXadamCA\",\"@id\":\"https:\\\/\\\/noclegioswiecim.eu\\\/#\\\/schema\\\/person\\\/d89109dc869efec6edf36e8afbef6437\"},\"headline\":\"Les pistes cyclables les plus int\u00e9ressantes d&#8217;O\u015bwi\u0119cim et de ses environs &#8211; o\u00f9 faire une balade \u00e0 v\u00e9lo ?\",\"datePublished\":\"2023-04-14T22:00:00+00:00\",\"mainEntityOfPage\":{\"@id\":\"https:\\\/\\\/noclegioswiecim.eu\\\/sk\\\/sprievodca\\\/les-pistes-cyclables-les-plus-interessantes-doswiecim-et-de-ses-environs-ou-faire-une-balade-a-velo\\\/\"},\"wordCount\":935,\"publisher\":{\"@id\":\"https:\\\/\\\/noclegioswiecim.eu\\\/#organization\"},\"image\":{\"@id\":\"https:\\\/\\\/noclegioswiecim.eu\\\/sk\\\/sprievodca\\\/les-pistes-cyclables-les-plus-interessantes-doswiecim-et-de-ses-environs-ou-faire-une-balade-a-velo\\\/#primaryimage\"},\"thumbnailUrl\":\"https:\\\/\\\/noclegioswiecim.eu\\\/wp-content\\\/uploads\\\/2023\\\/07\\\/noclegi-oswiecim-trasy-rowerowe-w-oswiecimiu.jpg\",\"articleSection\":[\"Sprievodca\"],\"inLanguage\":\"sk-SK\"},{\"@type\":\"WebPage\",\"@id\":\"https:\\\/\\\/noclegioswiecim.eu\\\/sk\\\/sprievodca\\\/les-pistes-cyclables-les-plus-interessantes-doswiecim-et-de-ses-environs-ou-faire-une-balade-a-velo\\\/\",\"url\":\"https:\\\/\\\/noclegioswiecim.eu\\\/sk\\\/sprievodca\\\/les-pistes-cyclables-les-plus-interessantes-doswiecim-et-de-ses-environs-ou-faire-une-balade-a-velo\\\/\",\"name\":\"Les pistes cyclables les plus int\u00e9ressantes d'O\u015bwi\u0119cim et de ses environs - o\u00f9 faire une balade \u00e0 v\u00e9lo ? - Comfort Apartments\",\"isPartOf\":{\"@id\":\"https:\\\/\\\/noclegioswiecim.eu\\\/#website\"},\"primaryImageOfPage\":{\"@id\":\"https:\\\/\\\/noclegioswiecim.eu\\\/sk\\\/sprievodca\\\/les-pistes-cyclables-les-plus-interessantes-doswiecim-et-de-ses-environs-ou-faire-une-balade-a-velo\\\/#primaryimage\"},\"image\":{\"@id\":\"https:\\\/\\\/noclegioswiecim.eu\\\/sk\\\/sprievodca\\\/les-pistes-cyclables-les-plus-interessantes-doswiecim-et-de-ses-environs-ou-faire-une-balade-a-velo\\\/#primaryimage\"},\"thumbnailUrl\":\"https:\\\/\\\/noclegioswiecim.eu\\\/wp-content\\\/uploads\\\/2023\\\/07\\\/noclegi-oswiecim-trasy-rowerowe-w-oswiecimiu.jpg\",\"datePublished\":\"2023-04-14T22:00:00+00:00\",\"description\":\"O\u015bwi\u0119cim and its surroundings are an excellent place for relaxation for those who prefer active leisure. De magnifiques espaces verts.\",\"breadcrumb\":{\"@id\":\"https:\\\/\\\/noclegioswiecim.eu\\\/sk\\\/sprievodca\\\/les-pistes-cyclables-les-plus-interessantes-doswiecim-et-de-ses-environs-ou-faire-une-balade-a-velo\\\/#breadcrumb\"},\"inLanguage\":\"sk-SK\",\"potentialAction\":[{\"@type\":\"ReadAction\",\"target\":[\"https:\\\/\\\/noclegioswiecim.eu\\\/sk\\\/sprievodca\\\/les-pistes-cyclables-les-plus-interessantes-doswiecim-et-de-ses-environs-ou-faire-une-balade-a-velo\\\/\"]}]},{\"@type\":\"ImageObject\",\"inLanguage\":\"sk-SK\",\"@id\":\"https:\\\/\\\/noclegioswiecim.eu\\\/sk\\\/sprievodca\\\/les-pistes-cyclables-les-plus-interessantes-doswiecim-et-de-ses-environs-ou-faire-une-balade-a-velo\\\/#primaryimage\",\"url\":\"https:\\\/\\\/noclegioswiecim.eu\\\/wp-content\\\/uploads\\\/2023\\\/07\\\/noclegi-oswiecim-trasy-rowerowe-w-oswiecimiu.jpg\",\"contentUrl\":\"https:\\\/\\\/noclegioswiecim.eu\\\/wp-content\\\/uploads\\\/2023\\\/07\\\/noclegi-oswiecim-trasy-rowerowe-w-oswiecimiu.jpg\",\"width\":1167,\"height\":843},{\"@type\":\"BreadcrumbList\",\"@id\":\"https:\\\/\\\/noclegioswiecim.eu\\\/sk\\\/sprievodca\\\/les-pistes-cyclables-les-plus-interessantes-doswiecim-et-de-ses-environs-ou-faire-une-balade-a-velo\\\/#breadcrumb\",\"itemListElement\":[{\"@type\":\"ListItem\",\"position\":1,\"name\":\"Strona g\u0142\u00f3wna\",\"item\":\"https:\\\/\\\/noclegioswiecim.eu\\\/sk\\\/\"},{\"@type\":\"ListItem\",\"position\":2,\"name\":\"Les pistes cyclables les plus int\u00e9ressantes d&#8217;O\u015bwi\u0119cim et de ses environs &#8211; o\u00f9 faire une balade \u00e0 v\u00e9lo ?\"}]},{\"@type\":\"WebSite\",\"@id\":\"https:\\\/\\\/noclegioswiecim.eu\\\/#website\",\"url\":\"https:\\\/\\\/noclegioswiecim.eu\\\/\",\"name\":\"Comfort Apartments\",\"description\":\"Noclegi O\u015bwi\u0119cim \\\/ Booking O\u015bwi\u0119cim\",\"publisher\":{\"@id\":\"https:\\\/\\\/noclegioswiecim.eu\\\/#organization\"},\"potentialAction\":[{\"@type\":\"SearchAction\",\"target\":{\"@type\":\"EntryPoint\",\"urlTemplate\":\"https:\\\/\\\/noclegioswiecim.eu\\\/?s={search_term_string}\"},\"query-input\":{\"@type\":\"PropertyValueSpecification\",\"valueRequired\":true,\"valueName\":\"search_term_string\"}}],\"inLanguage\":\"sk-SK\"},{\"@type\":\"Organization\",\"@id\":\"https:\\\/\\\/noclegioswiecim.eu\\\/#organization\",\"name\":\"Comfort Apartments\",\"url\":\"https:\\\/\\\/noclegioswiecim.eu\\\/\",\"logo\":{\"@type\":\"ImageObject\",\"inLanguage\":\"sk-SK\",\"@id\":\"https:\\\/\\\/noclegioswiecim.eu\\\/#\\\/schema\\\/logo\\\/image\\\/\",\"url\":\"https:\\\/\\\/noclegioswiecim.eu\\\/wp-content\\\/uploads\\\/2023\\\/02\\\/favicona.png\",\"contentUrl\":\"https:\\\/\\\/noclegioswiecim.eu\\\/wp-content\\\/uploads\\\/2023\\\/02\\\/favicona.png\",\"width\":200,\"height\":200,\"caption\":\"Comfort Apartments\"},\"image\":{\"@id\":\"https:\\\/\\\/noclegioswiecim.eu\\\/#\\\/schema\\\/logo\\\/image\\\/\"},\"sameAs\":[\"https:\\\/\\\/www.facebook.com\\\/oswiecimapartments\\\/\",\"https:\\\/\\\/goo.gl\\\/maps\\\/H9x6rxoZWfK3ad1j6\",\"https:\\\/\\\/www.instagram.com\\\/oswiecimapartments\\\/\"]},{\"@type\":\"Person\",\"@id\":\"https:\\\/\\\/noclegioswiecim.eu\\\/#\\\/schema\\\/person\\\/d89109dc869efec6edf36e8afbef6437\",\"name\":\"PXadamCA\",\"image\":{\"@type\":\"ImageObject\",\"inLanguage\":\"sk-SK\",\"@id\":\"https:\\\/\\\/secure.gravatar.com\\\/avatar\\\/adc1dd343d8c5124e40417ce67f1c600f00e279f2aad6a878cce8661419565aa?s=96&d=mm&r=g\",\"url\":\"https:\\\/\\\/secure.gravatar.com\\\/avatar\\\/adc1dd343d8c5124e40417ce67f1c600f00e279f2aad6a878cce8661419565aa?s=96&d=mm&r=g\",\"contentUrl\":\"https:\\\/\\\/secure.gravatar.com\\\/avatar\\\/adc1dd343d8c5124e40417ce67f1c600f00e279f2aad6a878cce8661419565aa?s=96&d=mm&r=g\",\"caption\":\"PXadamCA\"},\"sameAs\":[\"https:\\\/\\\/comfort.proadax-dev.pl\"]}]}<\/script>\n<!-- \/ Yoast SEO plugin. -->","yoast_head_json":{"title":"Les pistes cyclables les plus int\u00e9ressantes d'O\u015bwi\u0119cim et de ses environs - o\u00f9 faire une balade \u00e0 v\u00e9lo ? - Comfort Apartments","description":"O\u015bwi\u0119cim and its surroundings are an excellent place for relaxation for those who prefer active leisure. De magnifiques espaces verts.","robots":{"index":"index","follow":"follow","max-snippet":"max-snippet:-1","max-image-preview":"max-image-preview:large","max-video-preview":"max-video-preview:-1"},"canonical":"https:\/\/noclegioswiecim.eu\/sk\/sprievodca\/les-pistes-cyclables-les-plus-interessantes-doswiecim-et-de-ses-environs-ou-faire-une-balade-a-velo\/","og_locale":"sk_SK","og_type":"article","og_title":"Les pistes cyclables les plus int\u00e9ressantes d'O\u015bwi\u0119cim et de ses environs - o\u00f9 faire une balade \u00e0 v\u00e9lo ? - Comfort Apartments","og_description":"O\u015bwi\u0119cim and its surroundings are an excellent place for relaxation for those who prefer active leisure. De magnifiques espaces verts.","og_url":"https:\/\/noclegioswiecim.eu\/sk\/sprievodca\/les-pistes-cyclables-les-plus-interessantes-doswiecim-et-de-ses-environs-ou-faire-une-balade-a-velo\/","og_site_name":"Comfort Apartments","article_publisher":"https:\/\/www.facebook.com\/oswiecimapartments\/","article_published_time":"2023-04-14T22:00:00+00:00","og_image":[{"width":1167,"height":843,"url":"https:\/\/noclegioswiecim.eu\/wp-content\/uploads\/2023\/07\/noclegi-oswiecim-trasy-rowerowe-w-oswiecimiu.jpg","type":"image\/jpeg"}],"author":"PXadamCA","twitter_card":"summary_large_image","twitter_misc":{"Autor":"PXadamCA","Predpokladan\u00fd \u010das \u010d\u00edtania":"4 min\u00faty"},"schema":{"@context":"https:\/\/schema.org","@graph":[{"@type":"Article","@id":"https:\/\/noclegioswiecim.eu\/sk\/sprievodca\/les-pistes-cyclables-les-plus-interessantes-doswiecim-et-de-ses-environs-ou-faire-une-balade-a-velo\/#article","isPartOf":{"@id":"https:\/\/noclegioswiecim.eu\/sk\/sprievodca\/les-pistes-cyclables-les-plus-interessantes-doswiecim-et-de-ses-environs-ou-faire-une-balade-a-velo\/"},"author":{"name":"PXadamCA","@id":"https:\/\/noclegioswiecim.eu\/#\/schema\/person\/d89109dc869efec6edf36e8afbef6437"},"headline":"Les pistes cyclables les plus int\u00e9ressantes d&#8217;O\u015bwi\u0119cim et de ses environs &#8211; o\u00f9 faire une balade \u00e0 v\u00e9lo ?","datePublished":"2023-04-14T22:00:00+00:00","mainEntityOfPage":{"@id":"https:\/\/noclegioswiecim.eu\/sk\/sprievodca\/les-pistes-cyclables-les-plus-interessantes-doswiecim-et-de-ses-environs-ou-faire-une-balade-a-velo\/"},"wordCount":935,"publisher":{"@id":"https:\/\/noclegioswiecim.eu\/#organization"},"image":{"@id":"https:\/\/noclegioswiecim.eu\/sk\/sprievodca\/les-pistes-cyclables-les-plus-interessantes-doswiecim-et-de-ses-environs-ou-faire-une-balade-a-velo\/#primaryimage"},"thumbnailUrl":"https:\/\/noclegioswiecim.eu\/wp-content\/uploads\/2023\/07\/noclegi-oswiecim-trasy-rowerowe-w-oswiecimiu.jpg","articleSection":["Sprievodca"],"inLanguage":"sk-SK"},{"@type":"WebPage","@id":"https:\/\/noclegioswiecim.eu\/sk\/sprievodca\/les-pistes-cyclables-les-plus-interessantes-doswiecim-et-de-ses-environs-ou-faire-une-balade-a-velo\/","url":"https:\/\/noclegioswiecim.eu\/sk\/sprievodca\/les-pistes-cyclables-les-plus-interessantes-doswiecim-et-de-ses-environs-ou-faire-une-balade-a-velo\/","name":"Les pistes cyclables les plus int\u00e9ressantes d'O\u015bwi\u0119cim et de ses environs - o\u00f9 faire une balade \u00e0 v\u00e9lo ? - Comfort Apartments","isPartOf":{"@id":"https:\/\/noclegioswiecim.eu\/#website"},"primaryImageOfPage":{"@id":"https:\/\/noclegioswiecim.eu\/sk\/sprievodca\/les-pistes-cyclables-les-plus-interessantes-doswiecim-et-de-ses-environs-ou-faire-une-balade-a-velo\/#primaryimage"},"image":{"@id":"https:\/\/noclegioswiecim.eu\/sk\/sprievodca\/les-pistes-cyclables-les-plus-interessantes-doswiecim-et-de-ses-environs-ou-faire-une-balade-a-velo\/#primaryimage"},"thumbnailUrl":"https:\/\/noclegioswiecim.eu\/wp-content\/uploads\/2023\/07\/noclegi-oswiecim-trasy-rowerowe-w-oswiecimiu.jpg","datePublished":"2023-04-14T22:00:00+00:00","description":"O\u015bwi\u0119cim and its surroundings are an excellent place for relaxation for those who prefer active leisure. De magnifiques espaces verts.","breadcrumb":{"@id":"https:\/\/noclegioswiecim.eu\/sk\/sprievodca\/les-pistes-cyclables-les-plus-interessantes-doswiecim-et-de-ses-environs-ou-faire-une-balade-a-velo\/#breadcrumb"},"inLanguage":"sk-SK","potentialAction":[{"@type":"ReadAction","target":["https:\/\/noclegioswiecim.eu\/sk\/sprievodca\/les-pistes-cyclables-les-plus-interessantes-doswiecim-et-de-ses-environs-ou-faire-une-balade-a-velo\/"]}]},{"@type":"ImageObject","inLanguage":"sk-SK","@id":"https:\/\/noclegioswiecim.eu\/sk\/sprievodca\/les-pistes-cyclables-les-plus-interessantes-doswiecim-et-de-ses-environs-ou-faire-une-balade-a-velo\/#primaryimage","url":"https:\/\/noclegioswiecim.eu\/wp-content\/uploads\/2023\/07\/noclegi-oswiecim-trasy-rowerowe-w-oswiecimiu.jpg","contentUrl":"https:\/\/noclegioswiecim.eu\/wp-content\/uploads\/2023\/07\/noclegi-oswiecim-trasy-rowerowe-w-oswiecimiu.jpg","width":1167,"height":843},{"@type":"BreadcrumbList","@id":"https:\/\/noclegioswiecim.eu\/sk\/sprievodca\/les-pistes-cyclables-les-plus-interessantes-doswiecim-et-de-ses-environs-ou-faire-une-balade-a-velo\/#breadcrumb","itemListElement":[{"@type":"ListItem","position":1,"name":"Strona g\u0142\u00f3wna","item":"https:\/\/noclegioswiecim.eu\/sk\/"},{"@type":"ListItem","position":2,"name":"Les pistes cyclables les plus int\u00e9ressantes d&#8217;O\u015bwi\u0119cim et de ses environs &#8211; o\u00f9 faire une balade \u00e0 v\u00e9lo ?"}]},{"@type":"WebSite","@id":"https:\/\/noclegioswiecim.eu\/#website","url":"https:\/\/noclegioswiecim.eu\/","name":"Comfort Apartments","description":"Noclegi O\u015bwi\u0119cim \/ Booking O\u015bwi\u0119cim","publisher":{"@id":"https:\/\/noclegioswiecim.eu\/#organization"},"potentialAction":[{"@type":"SearchAction","target":{"@type":"EntryPoint","urlTemplate":"https:\/\/noclegioswiecim.eu\/?s={search_term_string}"},"query-input":{"@type":"PropertyValueSpecification","valueRequired":true,"valueName":"search_term_string"}}],"inLanguage":"sk-SK"},{"@type":"Organization","@id":"https:\/\/noclegioswiecim.eu\/#organization","name":"Comfort Apartments","url":"https:\/\/noclegioswiecim.eu\/","logo":{"@type":"ImageObject","inLanguage":"sk-SK","@id":"https:\/\/noclegioswiecim.eu\/#\/schema\/logo\/image\/","url":"https:\/\/noclegioswiecim.eu\/wp-content\/uploads\/2023\/02\/favicona.png","contentUrl":"https:\/\/noclegioswiecim.eu\/wp-content\/uploads\/2023\/02\/favicona.png","width":200,"height":200,"caption":"Comfort Apartments"},"image":{"@id":"https:\/\/noclegioswiecim.eu\/#\/schema\/logo\/image\/"},"sameAs":["https:\/\/www.facebook.com\/oswiecimapartments\/","https:\/\/goo.gl\/maps\/H9x6rxoZWfK3ad1j6","https:\/\/www.instagram.com\/oswiecimapartments\/"]},{"@type":"Person","@id":"https:\/\/noclegioswiecim.eu\/#\/schema\/person\/d89109dc869efec6edf36e8afbef6437","name":"PXadamCA","image":{"@type":"ImageObject","inLanguage":"sk-SK","@id":"https:\/\/secure.gravatar.com\/avatar\/adc1dd343d8c5124e40417ce67f1c600f00e279f2aad6a878cce8661419565aa?s=96&d=mm&r=g","url":"https:\/\/secure.gravatar.com\/avatar\/adc1dd343d8c5124e40417ce67f1c600f00e279f2aad6a878cce8661419565aa?s=96&d=mm&r=g","contentUrl":"https:\/\/secure.gravatar.com\/avatar\/adc1dd343d8c5124e40417ce67f1c600f00e279f2aad6a878cce8661419565aa?s=96&d=mm&r=g","caption":"PXadamCA"},"sameAs":["https:\/\/comfort.proadax-dev.pl"]}]}},"_links":{"self":[{"href":"https:\/\/noclegioswiecim.eu\/sk\/wp-json\/wp\/v2\/posts\/4050","targetHints":{"allow":["GET"]}}],"collection":[{"href":"https:\/\/noclegioswiecim.eu\/sk\/wp-json\/wp\/v2\/posts"}],"about":[{"href":"https:\/\/noclegioswiecim.eu\/sk\/wp-json\/wp\/v2\/types\/post"}],"author":[{"embeddable":true,"href":"https:\/\/noclegioswiecim.eu\/sk\/wp-json\/wp\/v2\/users\/1"}],"replies":[{"embeddable":true,"href":"https:\/\/noclegioswiecim.eu\/sk\/wp-json\/wp\/v2\/comments?post=4050"}],"version-history":[{"count":0,"href":"https:\/\/noclegioswiecim.eu\/sk\/wp-json\/wp\/v2\/posts\/4050\/revisions"}],"wp:featuredmedia":[{"embeddable":true,"href":"https:\/\/noclegioswiecim.eu\/sk\/wp-json\/wp\/v2\/media\/4051"}],"wp:attachment":[{"href":"https:\/\/noclegioswiecim.eu\/sk\/wp-json\/wp\/v2\/media?parent=4050"}],"wp:term":[{"taxonomy":"category","embeddable":true,"href":"https:\/\/noclegioswiecim.eu\/sk\/wp-json\/wp\/v2\/categories?post=4050"},{"taxonomy":"post_tag","embeddable":true,"href":"https:\/\/noclegioswiecim.eu\/sk\/wp-json\/wp\/v2\/tags?post=4050"}],"curies":[{"name":"wp","href":"https:\/\/api.w.org\/{rel}","templated":true}]}}