{"id":2850,"date":"2023-06-15T00:00:00","date_gmt":"2023-06-14T22:00:00","guid":{"rendered":"https:\/\/noclegioswiecim.eu\/bez-kategorii\/kupaliska-v-osviencime-a-okoli-kam-ist-k-vode\/"},"modified":"2024-03-20T14:11:08","modified_gmt":"2024-03-20T13:11:08","slug":"kupaliska-v-osviencime-a-okoli-kam-ist-k-vode","status":"publish","type":"post","link":"https:\/\/noclegioswiecim.eu\/sk\/sprievodca\/kupaliska-v-osviencime-a-okoli-kam-ist-k-vode\/","title":{"rendered":"K\u00fapalisk\u00e1 v Osvien\u010dime a okol\u00ed &#8211; kam \u00eds\u0165 k vode?"},"content":{"rendered":"<p>Dovolenka pri vode je skvel\u00fd sp\u00f4sob, ako str\u00e1vi\u0165 \u010das s rodinou alebo priate\u013emi. Pri oddychu v Osvien\u010dime sa nemus\u00edte b\u00e1\u0165 nudy. Malopo\u013esko je osobit\u00fd regi\u00f3n Po\u013eska &#8211; ka\u017ed\u00fd si tu n\u00e1jde atrakcie ide\u00e1lne prisp\u00f4soben\u00e9 jeho individu\u00e1lnym potreb\u00e1m. Ak\u00e9 k\u00fapalisk\u00e1 s\u00fa k dispoz\u00edcii v Osvien\u010dime a okol\u00ed?<\/p>\n<p>\u0164a\u017eko si predstavi\u0165 letn\u00fa dovolenku bez oddychu pri vode, ktor\u00fd nielen ochlad\u00ed v hor\u00facich d\u0148och, ale umo\u017en\u00ed v\u00e1m aj spoji\u0165 p\u00f4\u017eitok z leniv\u00e9ho odpo\u010dinku na deke alebo le\u017eadle s chv\u00ed\u013eami intenz\u00edvnej aktivity. Pl\u00e1vanie je pr\u00edjemn\u00fd \u0161port, ale je d\u00f4le\u017eit\u00e9 si uvedomi\u0165, \u017ee voda je \u017eivel, ktor\u00fd neodp\u00fa\u0161\u0165a chyby, ktor\u00fdch sa dop\u00fa\u0161\u0165ame. Ak chcete vyu\u017ei\u0165 leto a u\u017ei\u0165 si dovolenku pri vode, najlep\u0161ie je vyu\u017ei\u0165 str\u00e1\u017een\u00e9 k\u00fapalisk\u00e1 alebo baz\u00e9ny.<\/p>\n<h2>Kde str\u00e1vi\u0165 \u010das na vode v Osvien\u010dime?<\/h2>\n<p>Pri pl\u00e1novan\u00ed dovolenky v Osvien\u010dime je vhodn\u00e9 rezervova\u0165 si ubytovanie na Booking O\u015bwi\u0119cim vopred, aby v\u00e1s po pr\u00edchode ne\u010dakalo \u017eiadne nepr\u00edjemn\u00e9 prekvapenie. Noclegi O\u015bwi\u0119cim m\u00e1 \u0161irok\u00fa ponuku pre ka\u017ed\u00fd rozpo\u010det. Rezerv\u00e1ciou ubytovania online m\u00f4\u017eete nielen r\u00fdchlo n\u00e1js\u0165 ubytovanie prisp\u00f4soben\u00e9 va\u0161im potreb\u00e1m a o\u010dak\u00e1vaniam, ale aj u\u0161etri\u0165 ve\u013ea pe\u0148az\u00ed.<\/p>\n<p>Byty O\u015bwi\u0119cim, hotel O\u015bwi\u0119cim a chaty O\u015bwi\u0119cim a \u010fal\u0161ie typy ubytovania v\u00e1m umo\u017enia vybra\u0165 si mo\u017enos\u0165, ktor\u00e1 najlep\u0161ie vyhovuje va\u0161im individu\u00e1lnym potreb\u00e1m a o\u010dak\u00e1vaniam p\u00e1rov, rod\u00edn, skup\u00edn priate\u013eov a in\u00fdch skup\u00edn turistov.<\/p>\n<p>V Osvien\u010dime a jeho okol\u00ed m\u00e1me k dispoz\u00edcii a\u017e \u0161tyri k\u00fapalisk\u00e1, a to:<\/p>\n<ul>\n<li>K\u00fapalisko \u0141ysina &#8211; <strong>vodn\u00e1 n\u00e1dr\u017e \u0141ysina<\/strong>,<\/li>\n<li>K\u00fapalisko: Centrum vo\u013en\u00e9ho \u010dasu Paprocany &#8211; <strong>jazero Paprocany<\/strong>,<\/li>\n<li>K\u00fapalisko Centra rekre\u00e1cie a vodn\u00fdch \u0161portov v Kani\u00f3we &#8211; <strong>Kani\u00f3wsk\u00fd po\u017eiarny rybn\u00edk<\/strong>,<\/li>\n<li>K\u00fapalisko Chechlo &#8211; <strong>potok Chechlo<\/strong>.<\/li>\n<\/ul>\n<p>Voda v t\u00fdchto miestach sa <strong>systematicky testuje<\/strong>, tak\u017ee si m\u00f4\u017eete by\u0165 ist\u00ed, \u017ee va\u0161a dovolenka bude bezpe\u010dn\u00e1 a neskon\u010d\u00ed sa nepr\u00edjemn\u00fdm prekvapen\u00edm.<\/p>\n<h2>K\u00fapalisk\u00e1 v Osvien\u010dime a okol\u00ed str\u00e1\u017een\u00e9 plav\u010d\u00edkom<\/h2>\n<p><strong>K\u00fapalisko \u0141ysina (<\/strong>Bieru\u0144, \u0141ysinowa) bolo zalo\u017een\u00e9 na vodnej n\u00e1dr\u017ei \u0141ysina. M\u00e1me tu nielen vyhraden\u00fd <strong>priestor vo vode<\/strong> a<strong> priestor na pl\u00e1\u017ei<\/strong> na rekre\u00e1ciu a \u0161port, ale aj potrebn\u00e9 z\u00e1zemie, ako s\u00fa toalety, sprchy a \u0161atne. O bezpe\u010dnos\u0165 k\u00fapaj\u00facich sa star\u00e1 <strong>plav\u010d\u00edk<\/strong>.<\/p>\n<p><strong>O\u015brodek Wypoczynkowy Paprocany &#8211; Jazero Paprocany <\/strong>(Tychy, Parkowa) je \u010fal\u0161\u00edm miestom, kde m\u00f4\u017eete relaxova\u0165 pri vode. M\u00f4\u017eete tu <strong>kotvi\u0165 vodn\u00e9 n\u00e1radie<\/strong>, vyu\u017e\u00edva\u0165 m\u00f3lo a pr\u00edstavisko, ako aj vyhraden\u00fd <strong>priestor vo vode<\/strong>, <strong>pl\u00e1\u017eov\u00fd priestor ur\u010den\u00fd \u0161peci\u00e1lne pre deti<\/strong>, toalety, \u0161atne a sprchy. Str\u00e1nka je pr\u00edstupn\u00e1 pre osoby so zdravotn\u00fdm postihnut\u00edm. O bezpe\u010dnos\u0165 k\u00fapaj\u00facich sa star\u00e1 <strong>plav\u010d\u00edk<\/strong>.<\/p>\n<p><strong>K\u00fapalisko v Centre rekre\u00e1cie a vodn\u00fdch \u0161portov v Kani\u00f3we<\/strong> (Kani\u00f3w, Malinowa) v\u00e1m tie\u017e umo\u017en\u00ed naplno si vychutna\u0165 relax pri vode. K\u00fapalisko je oploten\u00e9. K dispoz\u00edcii je m\u00f3lo <strong>a pr\u00edstavisko<\/strong>, <strong>vodn\u00e1 plocha<\/strong> a <strong>pl\u00e1\u017eov\u00e1 plocha na \u0161port a rekre\u00e1ciu<\/strong>, <strong>samostatn\u00e1 detsk\u00e1<\/strong> \u010das\u0165, \u0161atne, sprchy a toalety. Priestor bol prisp\u00f4soben\u00fd potreb\u00e1m os\u00f4b so zdravotn\u00fdm postihnut\u00edm. Na bezpe\u010dnos\u0165 k\u00fapaj\u00facich sa dohliada <strong>plav\u010d\u00edk<\/strong>.<\/p>\n<p><strong>K\u0105pielisko Chech\u0142o<\/strong> (Trzebinia) je miestom pr\u00edjemn\u00e9ho a bezpe\u010dn\u00e9ho oddychu vo vode a na pl\u00e1\u017ei. <strong>K\u00fapalisko str\u00e1\u017ei<\/strong> plav\u010d\u00edk a je vybaven\u00e9 potrebnou infra\u0161trukt\u00farou. V are\u00e1li k\u00fapaliska m\u00f4\u017eete kotvi\u0165 vodn\u00e9 zariadenia a okrem in\u00e9ho pou\u017e\u00edva\u0165. z <strong>detsk\u00e9ho ihriska<\/strong>.<\/p>\n<h3>Mo\u017enos\u0165 v pr\u00edpade nepriazniv\u00e9ho po\u010dasia&#8230;<\/h3>\n<p>V pr\u00edpade nepriazniv\u00e9ho po\u010dasia sa o vodn\u00fa z\u00e1bavu postar\u00e1 <strong>kryt\u00fd baz\u00e9n v Osvien\u010dime<\/strong>. MOSiR Osvien\u010dim pon\u00faka atrakcie pre mal\u00fdch aj ve\u013ek\u00fdch turistov. Patria medzi ne. ve\u013ek\u00fd plaveck\u00fd baz\u00e9n, \u0161portov\u00fd baz\u00e9n a rekrea\u010dn\u00fd baz\u00e9n.<\/p>\n<h3>N\u00e1dych luxusu a exotiky&#8230;.<\/h3>\n<p>T\u00ed, ktor\u00ed sn\u00edvaj\u00fa o n\u00e1dychu luxusu a exotiky, by si ur\u010dite mali pozrie\u0165 ponuku atrakci\u00ed <strong>rezortu MOLO Resort Osiek<\/strong>. Pri le\u0148o\u0161en\u00ed pri kr\u00e1snom baz\u00e9ne sa budete c\u00edti\u0165 ako na exotickej dovolenke. M\u00f4\u017eete si tu u\u017ei\u0165 mno\u017estvo atrakci\u00ed pre cel\u00fa rodinu, napr\u00edklad tobog\u00e1ny a detsk\u00e9 baz\u00e9ny. Vstupn\u00e9 je spoplatnen\u00e9.<\/p>\n<h3>Vodn\u00e9 atrakcie obklopen\u00e9 horsk\u00fdmi \u017eeleznicami&#8230;.<\/h3>\n<p>\u010eal\u0161\u00edm tipom pre milovn\u00edkov vodnej rekre\u00e1cie je  <strong>Vodn\u00e1 z\u00f3na Energylandia. Rodinn\u00fd z\u00e1bavn\u00fd park Energylandia  <\/strong>pon\u00faka vodn\u00e9 aktivity pre deti v\u0161etk\u00fdch vekov\u00fdch kateg\u00f3ri\u00ed, ml\u00e1de\u017e aj dospel\u00fdch a zaru\u010duje skvel\u00fa z\u00e1bavu po cel\u00fd de\u0148!<\/p>\n<p>V Osvien\u010dime a okol\u00ed je mo\u017en\u00e9 relaxova\u0165 aj na <strong>rieke So\u0142a<\/strong>, ale nie s\u00fa tu \u017eiadne str\u00e1\u017een\u00e9 k\u00fapalisk\u00e1. Dbajte na vlastn\u00fa bezpe\u010dnos\u0165, ale rad\u0161ej si vychutnajte kr\u00e1snu pr\u00edrodu, pozorujte tu hniezdiace vt\u00e1ky a vychutnajte si prech\u00e1dzky v n\u00e1dhernej divo\u010dine.<\/p>\n<h2>Zhrnutie<\/h2>\n<p>V Osvien\u010dime a jeho okol\u00ed \u010dakaj\u00fa na turistov r\u00f4zne atrakcie. Okrem kr\u00e1snych pamiatok a oblast\u00ed ide\u00e1lnych na pe\u0161iu turistiku a cykloturistiku pon\u00faka <strong>Mal\u00fd Beskyd<\/strong> aj mo\u017enos\u0165 oddychu pri vode. V Po\u013esku je len m\u00e1lo miest, kde m\u00f4\u017eete spoji\u0165 o\u010dak\u00e1vania milovn\u00edkov vody a h\u00f4r a ma\u0165 istotu, \u017ee ka\u017ed\u00fd \u00fa\u010dastn\u00edk v\u00fdletu bude spokojn\u00fd. Dovolenka v Osvien\u010dime to umo\u017e\u0148uje! V oblasti n\u00e1jdete turistick\u00e9 trasy, chodn\u00edky pre pe\u0161\u00edch, cyklotrasy, ako aj vodn\u00e9 n\u00e1dr\u017ee, rieky a \u0161portov\u00e9 a rekrea\u010dn\u00e9 zariadenia, ktor\u00e9 zabezpe\u010dia, aby ka\u017ed\u00fd \u00fa\u010dastn\u00edk v\u00fdletu \u010do najlep\u0161ie vyu\u017eil svoj vo\u013en\u00fd \u010das.<\/p>\n","protected":false},"excerpt":{"rendered":"<p>Dovolenka pri vode je skvel\u00fd sp\u00f4sob, ako str\u00e1vi\u0165 \u010das s [&hellip;]<\/p>\n","protected":false},"author":1,"featured_media":2851,"comment_status":"closed","ping_status":"closed","sticky":false,"template":"","format":"standard","meta":{"footnotes":""},"categories":[77],"tags":[],"class_list":["post-2850","post","type-post","status-publish","format-standard","has-post-thumbnail","hentry","category-sprievodca"],"yoast_head":"<!-- This site is optimized with the Yoast SEO plugin v27.5 - https:\/\/yoast.com\/product\/yoast-seo-wordpress\/ -->\n<title>K\u00fapalisk\u00e1 v Osvien\u010dime a okol\u00ed - kam \u00eds\u0165 k vode? - Comfort Apartments<\/title>\n<meta name=\"description\" content=\"Dovolenka pri vode je skvel\u00fd sp\u00f4sob, ako str\u00e1vi\u0165 \u010das s rodinou alebo priate\u013emi. Malopo\u013esko je osobitn\u00fd regi\u00f3n Po\u013eska.\" \/>\n<meta name=\"robots\" content=\"index, follow, max-snippet:-1, max-image-preview:large, max-video-preview:-1\" \/>\n<link rel=\"canonical\" href=\"https:\/\/noclegioswiecim.eu\/sk\/?p=2850\" \/>\n<meta property=\"og:locale\" content=\"sk_SK\" \/>\n<meta property=\"og:type\" content=\"article\" \/>\n<meta property=\"og:title\" content=\"K\u00fapalisk\u00e1 v Osvien\u010dime a okol\u00ed - kam \u00eds\u0165 k vode? - Comfort Apartments\" \/>\n<meta property=\"og:description\" content=\"Dovolenka pri vode je skvel\u00fd sp\u00f4sob, ako str\u00e1vi\u0165 \u010das s rodinou alebo priate\u013emi. Malopo\u013esko je osobitn\u00fd regi\u00f3n Po\u013eska.\" \/>\n<meta property=\"og:url\" content=\"https:\/\/noclegioswiecim.eu\/sk\/?p=2850\" \/>\n<meta property=\"og:site_name\" content=\"Comfort Apartments\" \/>\n<meta property=\"article:publisher\" content=\"https:\/\/www.facebook.com\/oswiecimapartments\/\" \/>\n<meta property=\"article:published_time\" content=\"2023-06-14T22:00:00+00:00\" \/>\n<meta property=\"article:modified_time\" content=\"2024-03-20T13:11:08+00:00\" \/>\n<meta property=\"og:image\" content=\"https:\/\/noclegioswiecim.eu\/wp-content\/uploads\/2023\/07\/kapieliska-w-oswiecimiu-i-okolicy.jpg\" \/>\n\t<meta property=\"og:image:width\" content=\"1167\" \/>\n\t<meta property=\"og:image:height\" content=\"843\" \/>\n\t<meta property=\"og:image:type\" content=\"image\/jpeg\" \/>\n<meta name=\"author\" content=\"PXadamCA\" \/>\n<meta name=\"twitter:card\" content=\"summary_large_image\" \/>\n<meta name=\"twitter:label1\" content=\"Autor\" \/>\n\t<meta name=\"twitter:data1\" content=\"PXadamCA\" \/>\n\t<meta name=\"twitter:label2\" content=\"Predpokladan\u00fd \u010das \u010d\u00edtania\" \/>\n\t<meta name=\"twitter:data2\" content=\"5 min\u00fat\" \/>\n<script type=\"application\/ld+json\" class=\"yoast-schema-graph\">{\"@context\":\"https:\\\/\\\/schema.org\",\"@graph\":[{\"@type\":\"Article\",\"@id\":\"https:\\\/\\\/noclegioswiecim.eu\\\/sk\\\/?p=2850#article\",\"isPartOf\":{\"@id\":\"https:\\\/\\\/noclegioswiecim.eu\\\/sk\\\/?p=2850\"},\"author\":{\"name\":\"PXadamCA\",\"@id\":\"https:\\\/\\\/noclegioswiecim.eu\\\/#\\\/schema\\\/person\\\/d89109dc869efec6edf36e8afbef6437\"},\"headline\":\"K\u00fapalisk\u00e1 v Osvien\u010dime a okol\u00ed &#8211; kam \u00eds\u0165 k vode?\",\"datePublished\":\"2023-06-14T22:00:00+00:00\",\"dateModified\":\"2024-03-20T13:11:08+00:00\",\"mainEntityOfPage\":{\"@id\":\"https:\\\/\\\/noclegioswiecim.eu\\\/sk\\\/?p=2850\"},\"wordCount\":1017,\"publisher\":{\"@id\":\"https:\\\/\\\/noclegioswiecim.eu\\\/#organization\"},\"image\":{\"@id\":\"https:\\\/\\\/noclegioswiecim.eu\\\/sk\\\/?p=2850#primaryimage\"},\"thumbnailUrl\":\"https:\\\/\\\/noclegioswiecim.eu\\\/wp-content\\\/uploads\\\/2023\\\/07\\\/kapieliska-w-oswiecimiu-i-okolicy.jpg\",\"articleSection\":[\"Sprievodca\"],\"inLanguage\":\"sk-SK\"},{\"@type\":\"WebPage\",\"@id\":\"https:\\\/\\\/noclegioswiecim.eu\\\/sk\\\/?p=2850\",\"url\":\"https:\\\/\\\/noclegioswiecim.eu\\\/sk\\\/?p=2850\",\"name\":\"K\u00fapalisk\u00e1 v Osvien\u010dime a okol\u00ed - kam \u00eds\u0165 k vode? - Comfort Apartments\",\"isPartOf\":{\"@id\":\"https:\\\/\\\/noclegioswiecim.eu\\\/#website\"},\"primaryImageOfPage\":{\"@id\":\"https:\\\/\\\/noclegioswiecim.eu\\\/sk\\\/?p=2850#primaryimage\"},\"image\":{\"@id\":\"https:\\\/\\\/noclegioswiecim.eu\\\/sk\\\/?p=2850#primaryimage\"},\"thumbnailUrl\":\"https:\\\/\\\/noclegioswiecim.eu\\\/wp-content\\\/uploads\\\/2023\\\/07\\\/kapieliska-w-oswiecimiu-i-okolicy.jpg\",\"datePublished\":\"2023-06-14T22:00:00+00:00\",\"dateModified\":\"2024-03-20T13:11:08+00:00\",\"description\":\"Dovolenka pri vode je skvel\u00fd sp\u00f4sob, ako str\u00e1vi\u0165 \u010das s rodinou alebo priate\u013emi. Malopo\u013esko je osobitn\u00fd regi\u00f3n Po\u013eska.\",\"breadcrumb\":{\"@id\":\"https:\\\/\\\/noclegioswiecim.eu\\\/sk\\\/?p=2850#breadcrumb\"},\"inLanguage\":\"sk-SK\",\"potentialAction\":[{\"@type\":\"ReadAction\",\"target\":[\"https:\\\/\\\/noclegioswiecim.eu\\\/sk\\\/?p=2850\"]}]},{\"@type\":\"ImageObject\",\"inLanguage\":\"sk-SK\",\"@id\":\"https:\\\/\\\/noclegioswiecim.eu\\\/sk\\\/?p=2850#primaryimage\",\"url\":\"https:\\\/\\\/noclegioswiecim.eu\\\/wp-content\\\/uploads\\\/2023\\\/07\\\/kapieliska-w-oswiecimiu-i-okolicy.jpg\",\"contentUrl\":\"https:\\\/\\\/noclegioswiecim.eu\\\/wp-content\\\/uploads\\\/2023\\\/07\\\/kapieliska-w-oswiecimiu-i-okolicy.jpg\",\"width\":1167,\"height\":843},{\"@type\":\"BreadcrumbList\",\"@id\":\"https:\\\/\\\/noclegioswiecim.eu\\\/sk\\\/?p=2850#breadcrumb\",\"itemListElement\":[{\"@type\":\"ListItem\",\"position\":1,\"name\":\"Strona g\u0142\u00f3wna\",\"item\":\"https:\\\/\\\/noclegioswiecim.eu\\\/sk\\\/\"},{\"@type\":\"ListItem\",\"position\":2,\"name\":\"K\u00fapalisk\u00e1 v Osvien\u010dime a okol\u00ed &#8211; kam \u00eds\u0165 k vode?\"}]},{\"@type\":\"WebSite\",\"@id\":\"https:\\\/\\\/noclegioswiecim.eu\\\/#website\",\"url\":\"https:\\\/\\\/noclegioswiecim.eu\\\/\",\"name\":\"Comfort Apartments\",\"description\":\"Noclegi O\u015bwi\u0119cim \\\/ Booking O\u015bwi\u0119cim\",\"publisher\":{\"@id\":\"https:\\\/\\\/noclegioswiecim.eu\\\/#organization\"},\"potentialAction\":[{\"@type\":\"SearchAction\",\"target\":{\"@type\":\"EntryPoint\",\"urlTemplate\":\"https:\\\/\\\/noclegioswiecim.eu\\\/?s={search_term_string}\"},\"query-input\":{\"@type\":\"PropertyValueSpecification\",\"valueRequired\":true,\"valueName\":\"search_term_string\"}}],\"inLanguage\":\"sk-SK\"},{\"@type\":\"Organization\",\"@id\":\"https:\\\/\\\/noclegioswiecim.eu\\\/#organization\",\"name\":\"Comfort Apartments\",\"url\":\"https:\\\/\\\/noclegioswiecim.eu\\\/\",\"logo\":{\"@type\":\"ImageObject\",\"inLanguage\":\"sk-SK\",\"@id\":\"https:\\\/\\\/noclegioswiecim.eu\\\/#\\\/schema\\\/logo\\\/image\\\/\",\"url\":\"https:\\\/\\\/noclegioswiecim.eu\\\/wp-content\\\/uploads\\\/2023\\\/02\\\/favicona.png\",\"contentUrl\":\"https:\\\/\\\/noclegioswiecim.eu\\\/wp-content\\\/uploads\\\/2023\\\/02\\\/favicona.png\",\"width\":200,\"height\":200,\"caption\":\"Comfort Apartments\"},\"image\":{\"@id\":\"https:\\\/\\\/noclegioswiecim.eu\\\/#\\\/schema\\\/logo\\\/image\\\/\"},\"sameAs\":[\"https:\\\/\\\/www.facebook.com\\\/oswiecimapartments\\\/\",\"https:\\\/\\\/goo.gl\\\/maps\\\/H9x6rxoZWfK3ad1j6\",\"https:\\\/\\\/www.instagram.com\\\/oswiecimapartments\\\/\"]},{\"@type\":\"Person\",\"@id\":\"https:\\\/\\\/noclegioswiecim.eu\\\/#\\\/schema\\\/person\\\/d89109dc869efec6edf36e8afbef6437\",\"name\":\"PXadamCA\",\"image\":{\"@type\":\"ImageObject\",\"inLanguage\":\"sk-SK\",\"@id\":\"https:\\\/\\\/secure.gravatar.com\\\/avatar\\\/adc1dd343d8c5124e40417ce67f1c600f00e279f2aad6a878cce8661419565aa?s=96&d=mm&r=g\",\"url\":\"https:\\\/\\\/secure.gravatar.com\\\/avatar\\\/adc1dd343d8c5124e40417ce67f1c600f00e279f2aad6a878cce8661419565aa?s=96&d=mm&r=g\",\"contentUrl\":\"https:\\\/\\\/secure.gravatar.com\\\/avatar\\\/adc1dd343d8c5124e40417ce67f1c600f00e279f2aad6a878cce8661419565aa?s=96&d=mm&r=g\",\"caption\":\"PXadamCA\"},\"sameAs\":[\"https:\\\/\\\/comfort.proadax-dev.pl\"]}]}<\/script>\n<!-- \/ Yoast SEO plugin. -->","yoast_head_json":{"title":"K\u00fapalisk\u00e1 v Osvien\u010dime a okol\u00ed - kam \u00eds\u0165 k vode? - Comfort Apartments","description":"Dovolenka pri vode je skvel\u00fd sp\u00f4sob, ako str\u00e1vi\u0165 \u010das s rodinou alebo priate\u013emi. Malopo\u013esko je osobitn\u00fd regi\u00f3n Po\u013eska.","robots":{"index":"index","follow":"follow","max-snippet":"max-snippet:-1","max-image-preview":"max-image-preview:large","max-video-preview":"max-video-preview:-1"},"canonical":"https:\/\/noclegioswiecim.eu\/sk\/?p=2850","og_locale":"sk_SK","og_type":"article","og_title":"K\u00fapalisk\u00e1 v Osvien\u010dime a okol\u00ed - kam \u00eds\u0165 k vode? - Comfort Apartments","og_description":"Dovolenka pri vode je skvel\u00fd sp\u00f4sob, ako str\u00e1vi\u0165 \u010das s rodinou alebo priate\u013emi. Malopo\u013esko je osobitn\u00fd regi\u00f3n Po\u013eska.","og_url":"https:\/\/noclegioswiecim.eu\/sk\/?p=2850","og_site_name":"Comfort Apartments","article_publisher":"https:\/\/www.facebook.com\/oswiecimapartments\/","article_published_time":"2023-06-14T22:00:00+00:00","article_modified_time":"2024-03-20T13:11:08+00:00","og_image":[{"width":1167,"height":843,"url":"https:\/\/noclegioswiecim.eu\/wp-content\/uploads\/2023\/07\/kapieliska-w-oswiecimiu-i-okolicy.jpg","type":"image\/jpeg"}],"author":"PXadamCA","twitter_card":"summary_large_image","twitter_misc":{"Autor":"PXadamCA","Predpokladan\u00fd \u010das \u010d\u00edtania":"5 min\u00fat"},"schema":{"@context":"https:\/\/schema.org","@graph":[{"@type":"Article","@id":"https:\/\/noclegioswiecim.eu\/sk\/?p=2850#article","isPartOf":{"@id":"https:\/\/noclegioswiecim.eu\/sk\/?p=2850"},"author":{"name":"PXadamCA","@id":"https:\/\/noclegioswiecim.eu\/#\/schema\/person\/d89109dc869efec6edf36e8afbef6437"},"headline":"K\u00fapalisk\u00e1 v Osvien\u010dime a okol\u00ed &#8211; kam \u00eds\u0165 k vode?","datePublished":"2023-06-14T22:00:00+00:00","dateModified":"2024-03-20T13:11:08+00:00","mainEntityOfPage":{"@id":"https:\/\/noclegioswiecim.eu\/sk\/?p=2850"},"wordCount":1017,"publisher":{"@id":"https:\/\/noclegioswiecim.eu\/#organization"},"image":{"@id":"https:\/\/noclegioswiecim.eu\/sk\/?p=2850#primaryimage"},"thumbnailUrl":"https:\/\/noclegioswiecim.eu\/wp-content\/uploads\/2023\/07\/kapieliska-w-oswiecimiu-i-okolicy.jpg","articleSection":["Sprievodca"],"inLanguage":"sk-SK"},{"@type":"WebPage","@id":"https:\/\/noclegioswiecim.eu\/sk\/?p=2850","url":"https:\/\/noclegioswiecim.eu\/sk\/?p=2850","name":"K\u00fapalisk\u00e1 v Osvien\u010dime a okol\u00ed - kam \u00eds\u0165 k vode? - Comfort Apartments","isPartOf":{"@id":"https:\/\/noclegioswiecim.eu\/#website"},"primaryImageOfPage":{"@id":"https:\/\/noclegioswiecim.eu\/sk\/?p=2850#primaryimage"},"image":{"@id":"https:\/\/noclegioswiecim.eu\/sk\/?p=2850#primaryimage"},"thumbnailUrl":"https:\/\/noclegioswiecim.eu\/wp-content\/uploads\/2023\/07\/kapieliska-w-oswiecimiu-i-okolicy.jpg","datePublished":"2023-06-14T22:00:00+00:00","dateModified":"2024-03-20T13:11:08+00:00","description":"Dovolenka pri vode je skvel\u00fd sp\u00f4sob, ako str\u00e1vi\u0165 \u010das s rodinou alebo priate\u013emi. Malopo\u013esko je osobitn\u00fd regi\u00f3n Po\u013eska.","breadcrumb":{"@id":"https:\/\/noclegioswiecim.eu\/sk\/?p=2850#breadcrumb"},"inLanguage":"sk-SK","potentialAction":[{"@type":"ReadAction","target":["https:\/\/noclegioswiecim.eu\/sk\/?p=2850"]}]},{"@type":"ImageObject","inLanguage":"sk-SK","@id":"https:\/\/noclegioswiecim.eu\/sk\/?p=2850#primaryimage","url":"https:\/\/noclegioswiecim.eu\/wp-content\/uploads\/2023\/07\/kapieliska-w-oswiecimiu-i-okolicy.jpg","contentUrl":"https:\/\/noclegioswiecim.eu\/wp-content\/uploads\/2023\/07\/kapieliska-w-oswiecimiu-i-okolicy.jpg","width":1167,"height":843},{"@type":"BreadcrumbList","@id":"https:\/\/noclegioswiecim.eu\/sk\/?p=2850#breadcrumb","itemListElement":[{"@type":"ListItem","position":1,"name":"Strona g\u0142\u00f3wna","item":"https:\/\/noclegioswiecim.eu\/sk\/"},{"@type":"ListItem","position":2,"name":"K\u00fapalisk\u00e1 v Osvien\u010dime a okol\u00ed &#8211; kam \u00eds\u0165 k vode?"}]},{"@type":"WebSite","@id":"https:\/\/noclegioswiecim.eu\/#website","url":"https:\/\/noclegioswiecim.eu\/","name":"Comfort Apartments","description":"Noclegi O\u015bwi\u0119cim \/ Booking O\u015bwi\u0119cim","publisher":{"@id":"https:\/\/noclegioswiecim.eu\/#organization"},"potentialAction":[{"@type":"SearchAction","target":{"@type":"EntryPoint","urlTemplate":"https:\/\/noclegioswiecim.eu\/?s={search_term_string}"},"query-input":{"@type":"PropertyValueSpecification","valueRequired":true,"valueName":"search_term_string"}}],"inLanguage":"sk-SK"},{"@type":"Organization","@id":"https:\/\/noclegioswiecim.eu\/#organization","name":"Comfort Apartments","url":"https:\/\/noclegioswiecim.eu\/","logo":{"@type":"ImageObject","inLanguage":"sk-SK","@id":"https:\/\/noclegioswiecim.eu\/#\/schema\/logo\/image\/","url":"https:\/\/noclegioswiecim.eu\/wp-content\/uploads\/2023\/02\/favicona.png","contentUrl":"https:\/\/noclegioswiecim.eu\/wp-content\/uploads\/2023\/02\/favicona.png","width":200,"height":200,"caption":"Comfort Apartments"},"image":{"@id":"https:\/\/noclegioswiecim.eu\/#\/schema\/logo\/image\/"},"sameAs":["https:\/\/www.facebook.com\/oswiecimapartments\/","https:\/\/goo.gl\/maps\/H9x6rxoZWfK3ad1j6","https:\/\/www.instagram.com\/oswiecimapartments\/"]},{"@type":"Person","@id":"https:\/\/noclegioswiecim.eu\/#\/schema\/person\/d89109dc869efec6edf36e8afbef6437","name":"PXadamCA","image":{"@type":"ImageObject","inLanguage":"sk-SK","@id":"https:\/\/secure.gravatar.com\/avatar\/adc1dd343d8c5124e40417ce67f1c600f00e279f2aad6a878cce8661419565aa?s=96&d=mm&r=g","url":"https:\/\/secure.gravatar.com\/avatar\/adc1dd343d8c5124e40417ce67f1c600f00e279f2aad6a878cce8661419565aa?s=96&d=mm&r=g","contentUrl":"https:\/\/secure.gravatar.com\/avatar\/adc1dd343d8c5124e40417ce67f1c600f00e279f2aad6a878cce8661419565aa?s=96&d=mm&r=g","caption":"PXadamCA"},"sameAs":["https:\/\/comfort.proadax-dev.pl"]}]}},"_links":{"self":[{"href":"https:\/\/noclegioswiecim.eu\/sk\/wp-json\/wp\/v2\/posts\/2850","targetHints":{"allow":["GET"]}}],"collection":[{"href":"https:\/\/noclegioswiecim.eu\/sk\/wp-json\/wp\/v2\/posts"}],"about":[{"href":"https:\/\/noclegioswiecim.eu\/sk\/wp-json\/wp\/v2\/types\/post"}],"author":[{"embeddable":true,"href":"https:\/\/noclegioswiecim.eu\/sk\/wp-json\/wp\/v2\/users\/1"}],"replies":[{"embeddable":true,"href":"https:\/\/noclegioswiecim.eu\/sk\/wp-json\/wp\/v2\/comments?post=2850"}],"version-history":[{"count":1,"href":"https:\/\/noclegioswiecim.eu\/sk\/wp-json\/wp\/v2\/posts\/2850\/revisions"}],"predecessor-version":[{"id":2852,"href":"https:\/\/noclegioswiecim.eu\/sk\/wp-json\/wp\/v2\/posts\/2850\/revisions\/2852"}],"wp:featuredmedia":[{"embeddable":true,"href":"https:\/\/noclegioswiecim.eu\/sk\/wp-json\/wp\/v2\/media\/2851"}],"wp:attachment":[{"href":"https:\/\/noclegioswiecim.eu\/sk\/wp-json\/wp\/v2\/media?parent=2850"}],"wp:term":[{"taxonomy":"category","embeddable":true,"href":"https:\/\/noclegioswiecim.eu\/sk\/wp-json\/wp\/v2\/categories?post=2850"},{"taxonomy":"post_tag","embeddable":true,"href":"https:\/\/noclegioswiecim.eu\/sk\/wp-json\/wp\/v2\/tags?post=2850"}],"curies":[{"name":"wp","href":"https:\/\/api.w.org\/{rel}","templated":true}]}}