{"id":2764,"date":"2023-07-13T10:20:30","date_gmt":"2023-07-13T08:20:30","guid":{"rendered":"https:\/\/noclegioswiecim.eu\/bez-kategorii\/muzeum-jana-pavla-ii\/"},"modified":"2024-03-20T14:10:24","modified_gmt":"2024-03-20T13:10:24","slug":"muzeum-jana-pavla-ii","status":"publish","type":"post","link":"https:\/\/noclegioswiecim.eu\/sk\/zaujimavosti\/muzeum-jana-pavla-ii\/","title":{"rendered":"M\u00fazeum J\u00e1na Pavla II."},"content":{"rendered":"<p><strong>Vzdialenos\u0165 od zariadenia: <\/strong>Vzdialenos\u0165 od zariadenia: 32,5 km<\/p>\n<p>Poslan\u00edm m\u00fazea je <strong>pripom\u00edna\u0165 a \u0161\u00edri\u0165<\/strong> \u017eivot a u\u010denie <strong>Sv\u00e4t\u00e9ho Otca J\u00e1na Pavla II.<\/strong>, ktor\u00e9ho pontifik\u00e1t a posolstvo m\u00e1 v <strong>po\u013eskom n\u00e1rodnom dedi\u010dstve jedine\u010dn\u00e9 miesto<\/strong>. M\u00fazeum sa sna\u017e\u00ed uk\u00e1za\u0165 \u010fal\u0161\u00edm gener\u00e1ci\u00e1m osobu <strong>J\u00e1na Pavla II.<\/strong> &#8211; ako vzor \u0161\u013eachetn\u00e9ho, m\u00fadreho, otvoren\u00e9ho vo\u010di in\u00fdm \u013eu\u010fom, po\u017e\u00edvaj\u00faceho autoritu a re\u0161pekt.<\/p>\n<p>K poslaniu m\u00fazea patr\u00ed aj <strong>podpora rodiny<\/strong> ako z\u00e1kladn\u00e9ho a nenahradite\u013en\u00e9ho spolo\u010denstva, ktor\u00e9 formuje identitu, hodnotov\u00fd syst\u00e9m a ob\u010dianske postoje \u010dloveka, ako aj akt\u00edvna \u00fa\u010das\u0165 na budovan\u00ed spolo\u010dnosti zalo\u017eenej na <strong>kres\u0165ansk\u00fdch hodnot\u00e1ch.<\/strong><\/p>\n<p>M\u00fazeum vo Wadowiciach je jedn\u00fdm z najd\u00f4le\u017eitej\u0161\u00edch bodov na mape miest spojen\u00fdch s po\u013esk\u00fdm p\u00e1pe\u017eom. Je to jedno z najnav\u0161tevovanej\u0161\u00edch m\u00faze\u00ed v Po\u013esku. Odtia\u013e sa J\u00e1n Pavol II. vydal na cestu svetom, aby prin\u00e1\u0161al radostn\u00fa zves\u0165, n\u00e1dej a pokoj. Jeho \u017eivot, jeho aktivity in\u0161piruj\u00fa a posil\u0148uj\u00fa mili\u00f3ny \u013eud\u00ed na celom svete, vr\u00e1tane t\u00fdch, ktor\u00ed prich\u00e1dzaj\u00fa do jeho rodn\u00e9ho domu.<\/p>\n<p><strong>\u010eal\u0161ie inform\u00e1cie:<\/strong> <a href=\"https:\/\/domjp2.pl\/\">www.domjp2.pl<\/a><\/p>\n<p>&nbsp;<\/p>\n","protected":false},"excerpt":{"rendered":"<p>Vzdialenos\u0165: 32,5 km<\/p>\n","protected":false},"author":2,"featured_media":2771,"comment_status":"open","ping_status":"open","sticky":false,"template":"","format":"standard","meta":{"footnotes":""},"categories":[63],"tags":[],"class_list":["post-2764","post","type-post","status-publish","format-standard","has-post-thumbnail","hentry","category-zaujimavosti"],"yoast_head":"<!-- This site is optimized with the Yoast SEO plugin v27.5 - https:\/\/yoast.com\/product\/yoast-seo-wordpress\/ -->\n<title>M\u00fazeum J\u00e1na Pavla II. - Comfort Apartments<\/title>\n<meta name=\"description\" content=\"M\u00fazeum vo Wadowiciach je jedn\u00fdm z najd\u00f4le\u017eitej\u0161\u00edch bodov na mape miest spojen\u00fdch s po\u013esk\u00fdm p\u00e1pe\u017eom a z\u00e1rove\u0148 jedn\u00fdm z najnav\u0161tevovanej\u0161\u00edch.\" \/>\n<meta name=\"robots\" content=\"index, follow, max-snippet:-1, max-image-preview:large, max-video-preview:-1\" \/>\n<link rel=\"canonical\" href=\"https:\/\/noclegioswiecim.eu\/sk\/?p=2764\" \/>\n<meta property=\"og:locale\" content=\"sk_SK\" \/>\n<meta property=\"og:type\" content=\"article\" \/>\n<meta property=\"og:title\" content=\"M\u00fazeum J\u00e1na Pavla II. - Comfort Apartments\" \/>\n<meta property=\"og:description\" content=\"M\u00fazeum vo Wadowiciach je jedn\u00fdm z najd\u00f4le\u017eitej\u0161\u00edch bodov na mape miest spojen\u00fdch s po\u013esk\u00fdm p\u00e1pe\u017eom a z\u00e1rove\u0148 jedn\u00fdm z najnav\u0161tevovanej\u0161\u00edch.\" \/>\n<meta property=\"og:url\" content=\"https:\/\/noclegioswiecim.eu\/sk\/?p=2764\" \/>\n<meta property=\"og:site_name\" content=\"Comfort Apartments\" \/>\n<meta property=\"article:publisher\" content=\"https:\/\/www.facebook.com\/oswiecimapartments\/\" \/>\n<meta property=\"article:published_time\" content=\"2023-07-13T08:20:30+00:00\" \/>\n<meta property=\"article:modified_time\" content=\"2024-03-20T13:10:24+00:00\" \/>\n<meta property=\"og:image\" content=\"https:\/\/noclegioswiecim.eu\/wp-content\/uploads\/2023\/07\/muzeum-20-1.jpg\" \/>\n\t<meta property=\"og:image:width\" content=\"1900\" \/>\n\t<meta property=\"og:image:height\" content=\"1210\" \/>\n\t<meta property=\"og:image:type\" content=\"image\/jpeg\" \/>\n<meta name=\"author\" content=\"Patrycja\" \/>\n<meta name=\"twitter:card\" content=\"summary_large_image\" \/>\n<meta name=\"twitter:label1\" content=\"Autor\" \/>\n\t<meta name=\"twitter:data1\" content=\"Patrycja\" \/>\n\t<meta name=\"twitter:label2\" content=\"Predpokladan\u00fd \u010das \u010d\u00edtania\" \/>\n\t<meta name=\"twitter:data2\" content=\"1 min\u00fata\" \/>\n<script type=\"application\/ld+json\" class=\"yoast-schema-graph\">{\"@context\":\"https:\\\/\\\/schema.org\",\"@graph\":[{\"@type\":\"Article\",\"@id\":\"https:\\\/\\\/noclegioswiecim.eu\\\/sk\\\/?p=2764#article\",\"isPartOf\":{\"@id\":\"https:\\\/\\\/noclegioswiecim.eu\\\/sk\\\/?p=2764\"},\"author\":{\"name\":\"Patrycja\",\"@id\":\"https:\\\/\\\/noclegioswiecim.eu\\\/#\\\/schema\\\/person\\\/feafb30ea03805a331616c6bfd80e947\"},\"headline\":\"M\u00fazeum J\u00e1na Pavla II.\",\"datePublished\":\"2023-07-13T08:20:30+00:00\",\"dateModified\":\"2024-03-20T13:10:24+00:00\",\"mainEntityOfPage\":{\"@id\":\"https:\\\/\\\/noclegioswiecim.eu\\\/sk\\\/?p=2764\"},\"wordCount\":226,\"commentCount\":0,\"publisher\":{\"@id\":\"https:\\\/\\\/noclegioswiecim.eu\\\/#organization\"},\"image\":{\"@id\":\"https:\\\/\\\/noclegioswiecim.eu\\\/sk\\\/?p=2764#primaryimage\"},\"thumbnailUrl\":\"https:\\\/\\\/noclegioswiecim.eu\\\/wp-content\\\/uploads\\\/2023\\\/07\\\/muzeum-20-1.jpg\",\"articleSection\":[\"Zauj\u00edmavosti\"],\"inLanguage\":\"sk-SK\",\"potentialAction\":[{\"@type\":\"CommentAction\",\"name\":\"Comment\",\"target\":[\"https:\\\/\\\/noclegioswiecim.eu\\\/sk\\\/?p=2764#respond\"]}]},{\"@type\":\"WebPage\",\"@id\":\"https:\\\/\\\/noclegioswiecim.eu\\\/sk\\\/?p=2764\",\"url\":\"https:\\\/\\\/noclegioswiecim.eu\\\/sk\\\/?p=2764\",\"name\":\"M\u00fazeum J\u00e1na Pavla II. - Comfort Apartments\",\"isPartOf\":{\"@id\":\"https:\\\/\\\/noclegioswiecim.eu\\\/#website\"},\"primaryImageOfPage\":{\"@id\":\"https:\\\/\\\/noclegioswiecim.eu\\\/sk\\\/?p=2764#primaryimage\"},\"image\":{\"@id\":\"https:\\\/\\\/noclegioswiecim.eu\\\/sk\\\/?p=2764#primaryimage\"},\"thumbnailUrl\":\"https:\\\/\\\/noclegioswiecim.eu\\\/wp-content\\\/uploads\\\/2023\\\/07\\\/muzeum-20-1.jpg\",\"datePublished\":\"2023-07-13T08:20:30+00:00\",\"dateModified\":\"2024-03-20T13:10:24+00:00\",\"description\":\"M\u00fazeum vo Wadowiciach je jedn\u00fdm z najd\u00f4le\u017eitej\u0161\u00edch bodov na mape miest spojen\u00fdch s po\u013esk\u00fdm p\u00e1pe\u017eom a z\u00e1rove\u0148 jedn\u00fdm z najnav\u0161tevovanej\u0161\u00edch.\",\"breadcrumb\":{\"@id\":\"https:\\\/\\\/noclegioswiecim.eu\\\/sk\\\/?p=2764#breadcrumb\"},\"inLanguage\":\"sk-SK\",\"potentialAction\":[{\"@type\":\"ReadAction\",\"target\":[\"https:\\\/\\\/noclegioswiecim.eu\\\/sk\\\/?p=2764\"]}]},{\"@type\":\"ImageObject\",\"inLanguage\":\"sk-SK\",\"@id\":\"https:\\\/\\\/noclegioswiecim.eu\\\/sk\\\/?p=2764#primaryimage\",\"url\":\"https:\\\/\\\/noclegioswiecim.eu\\\/wp-content\\\/uploads\\\/2023\\\/07\\\/muzeum-20-1.jpg\",\"contentUrl\":\"https:\\\/\\\/noclegioswiecim.eu\\\/wp-content\\\/uploads\\\/2023\\\/07\\\/muzeum-20-1.jpg\",\"width\":1900,\"height\":1210},{\"@type\":\"BreadcrumbList\",\"@id\":\"https:\\\/\\\/noclegioswiecim.eu\\\/sk\\\/?p=2764#breadcrumb\",\"itemListElement\":[{\"@type\":\"ListItem\",\"position\":1,\"name\":\"Strona g\u0142\u00f3wna\",\"item\":\"https:\\\/\\\/noclegioswiecim.eu\\\/sk\\\/\"},{\"@type\":\"ListItem\",\"position\":2,\"name\":\"M\u00fazeum J\u00e1na Pavla II.\"}]},{\"@type\":\"WebSite\",\"@id\":\"https:\\\/\\\/noclegioswiecim.eu\\\/#website\",\"url\":\"https:\\\/\\\/noclegioswiecim.eu\\\/\",\"name\":\"Comfort Apartments\",\"description\":\"Noclegi O\u015bwi\u0119cim \\\/ Booking O\u015bwi\u0119cim\",\"publisher\":{\"@id\":\"https:\\\/\\\/noclegioswiecim.eu\\\/#organization\"},\"potentialAction\":[{\"@type\":\"SearchAction\",\"target\":{\"@type\":\"EntryPoint\",\"urlTemplate\":\"https:\\\/\\\/noclegioswiecim.eu\\\/?s={search_term_string}\"},\"query-input\":{\"@type\":\"PropertyValueSpecification\",\"valueRequired\":true,\"valueName\":\"search_term_string\"}}],\"inLanguage\":\"sk-SK\"},{\"@type\":\"Organization\",\"@id\":\"https:\\\/\\\/noclegioswiecim.eu\\\/#organization\",\"name\":\"Comfort Apartments\",\"url\":\"https:\\\/\\\/noclegioswiecim.eu\\\/\",\"logo\":{\"@type\":\"ImageObject\",\"inLanguage\":\"sk-SK\",\"@id\":\"https:\\\/\\\/noclegioswiecim.eu\\\/#\\\/schema\\\/logo\\\/image\\\/\",\"url\":\"https:\\\/\\\/noclegioswiecim.eu\\\/wp-content\\\/uploads\\\/2023\\\/02\\\/favicona.png\",\"contentUrl\":\"https:\\\/\\\/noclegioswiecim.eu\\\/wp-content\\\/uploads\\\/2023\\\/02\\\/favicona.png\",\"width\":200,\"height\":200,\"caption\":\"Comfort Apartments\"},\"image\":{\"@id\":\"https:\\\/\\\/noclegioswiecim.eu\\\/#\\\/schema\\\/logo\\\/image\\\/\"},\"sameAs\":[\"https:\\\/\\\/www.facebook.com\\\/oswiecimapartments\\\/\",\"https:\\\/\\\/goo.gl\\\/maps\\\/H9x6rxoZWfK3ad1j6\",\"https:\\\/\\\/www.instagram.com\\\/oswiecimapartments\\\/\"]},{\"@type\":\"Person\",\"@id\":\"https:\\\/\\\/noclegioswiecim.eu\\\/#\\\/schema\\\/person\\\/feafb30ea03805a331616c6bfd80e947\",\"name\":\"Patrycja\",\"image\":{\"@type\":\"ImageObject\",\"inLanguage\":\"sk-SK\",\"@id\":\"https:\\\/\\\/secure.gravatar.com\\\/avatar\\\/7c37283748b62bb21affee70f751e75b04d527b2d023e14cdffee17064819ea3?s=96&d=mm&r=g\",\"url\":\"https:\\\/\\\/secure.gravatar.com\\\/avatar\\\/7c37283748b62bb21affee70f751e75b04d527b2d023e14cdffee17064819ea3?s=96&d=mm&r=g\",\"contentUrl\":\"https:\\\/\\\/secure.gravatar.com\\\/avatar\\\/7c37283748b62bb21affee70f751e75b04d527b2d023e14cdffee17064819ea3?s=96&d=mm&r=g\",\"caption\":\"Patrycja\"}}]}<\/script>\n<!-- \/ Yoast SEO plugin. -->","yoast_head_json":{"title":"M\u00fazeum J\u00e1na Pavla II. - Comfort Apartments","description":"M\u00fazeum vo Wadowiciach je jedn\u00fdm z najd\u00f4le\u017eitej\u0161\u00edch bodov na mape miest spojen\u00fdch s po\u013esk\u00fdm p\u00e1pe\u017eom a z\u00e1rove\u0148 jedn\u00fdm z najnav\u0161tevovanej\u0161\u00edch.","robots":{"index":"index","follow":"follow","max-snippet":"max-snippet:-1","max-image-preview":"max-image-preview:large","max-video-preview":"max-video-preview:-1"},"canonical":"https:\/\/noclegioswiecim.eu\/sk\/?p=2764","og_locale":"sk_SK","og_type":"article","og_title":"M\u00fazeum J\u00e1na Pavla II. - Comfort Apartments","og_description":"M\u00fazeum vo Wadowiciach je jedn\u00fdm z najd\u00f4le\u017eitej\u0161\u00edch bodov na mape miest spojen\u00fdch s po\u013esk\u00fdm p\u00e1pe\u017eom a z\u00e1rove\u0148 jedn\u00fdm z najnav\u0161tevovanej\u0161\u00edch.","og_url":"https:\/\/noclegioswiecim.eu\/sk\/?p=2764","og_site_name":"Comfort Apartments","article_publisher":"https:\/\/www.facebook.com\/oswiecimapartments\/","article_published_time":"2023-07-13T08:20:30+00:00","article_modified_time":"2024-03-20T13:10:24+00:00","og_image":[{"width":1900,"height":1210,"url":"https:\/\/noclegioswiecim.eu\/wp-content\/uploads\/2023\/07\/muzeum-20-1.jpg","type":"image\/jpeg"}],"author":"Patrycja","twitter_card":"summary_large_image","twitter_misc":{"Autor":"Patrycja","Predpokladan\u00fd \u010das \u010d\u00edtania":"1 min\u00fata"},"schema":{"@context":"https:\/\/schema.org","@graph":[{"@type":"Article","@id":"https:\/\/noclegioswiecim.eu\/sk\/?p=2764#article","isPartOf":{"@id":"https:\/\/noclegioswiecim.eu\/sk\/?p=2764"},"author":{"name":"Patrycja","@id":"https:\/\/noclegioswiecim.eu\/#\/schema\/person\/feafb30ea03805a331616c6bfd80e947"},"headline":"M\u00fazeum J\u00e1na Pavla II.","datePublished":"2023-07-13T08:20:30+00:00","dateModified":"2024-03-20T13:10:24+00:00","mainEntityOfPage":{"@id":"https:\/\/noclegioswiecim.eu\/sk\/?p=2764"},"wordCount":226,"commentCount":0,"publisher":{"@id":"https:\/\/noclegioswiecim.eu\/#organization"},"image":{"@id":"https:\/\/noclegioswiecim.eu\/sk\/?p=2764#primaryimage"},"thumbnailUrl":"https:\/\/noclegioswiecim.eu\/wp-content\/uploads\/2023\/07\/muzeum-20-1.jpg","articleSection":["Zauj\u00edmavosti"],"inLanguage":"sk-SK","potentialAction":[{"@type":"CommentAction","name":"Comment","target":["https:\/\/noclegioswiecim.eu\/sk\/?p=2764#respond"]}]},{"@type":"WebPage","@id":"https:\/\/noclegioswiecim.eu\/sk\/?p=2764","url":"https:\/\/noclegioswiecim.eu\/sk\/?p=2764","name":"M\u00fazeum J\u00e1na Pavla II. - Comfort Apartments","isPartOf":{"@id":"https:\/\/noclegioswiecim.eu\/#website"},"primaryImageOfPage":{"@id":"https:\/\/noclegioswiecim.eu\/sk\/?p=2764#primaryimage"},"image":{"@id":"https:\/\/noclegioswiecim.eu\/sk\/?p=2764#primaryimage"},"thumbnailUrl":"https:\/\/noclegioswiecim.eu\/wp-content\/uploads\/2023\/07\/muzeum-20-1.jpg","datePublished":"2023-07-13T08:20:30+00:00","dateModified":"2024-03-20T13:10:24+00:00","description":"M\u00fazeum vo Wadowiciach je jedn\u00fdm z najd\u00f4le\u017eitej\u0161\u00edch bodov na mape miest spojen\u00fdch s po\u013esk\u00fdm p\u00e1pe\u017eom a z\u00e1rove\u0148 jedn\u00fdm z najnav\u0161tevovanej\u0161\u00edch.","breadcrumb":{"@id":"https:\/\/noclegioswiecim.eu\/sk\/?p=2764#breadcrumb"},"inLanguage":"sk-SK","potentialAction":[{"@type":"ReadAction","target":["https:\/\/noclegioswiecim.eu\/sk\/?p=2764"]}]},{"@type":"ImageObject","inLanguage":"sk-SK","@id":"https:\/\/noclegioswiecim.eu\/sk\/?p=2764#primaryimage","url":"https:\/\/noclegioswiecim.eu\/wp-content\/uploads\/2023\/07\/muzeum-20-1.jpg","contentUrl":"https:\/\/noclegioswiecim.eu\/wp-content\/uploads\/2023\/07\/muzeum-20-1.jpg","width":1900,"height":1210},{"@type":"BreadcrumbList","@id":"https:\/\/noclegioswiecim.eu\/sk\/?p=2764#breadcrumb","itemListElement":[{"@type":"ListItem","position":1,"name":"Strona g\u0142\u00f3wna","item":"https:\/\/noclegioswiecim.eu\/sk\/"},{"@type":"ListItem","position":2,"name":"M\u00fazeum J\u00e1na Pavla II."}]},{"@type":"WebSite","@id":"https:\/\/noclegioswiecim.eu\/#website","url":"https:\/\/noclegioswiecim.eu\/","name":"Comfort Apartments","description":"Noclegi O\u015bwi\u0119cim \/ Booking O\u015bwi\u0119cim","publisher":{"@id":"https:\/\/noclegioswiecim.eu\/#organization"},"potentialAction":[{"@type":"SearchAction","target":{"@type":"EntryPoint","urlTemplate":"https:\/\/noclegioswiecim.eu\/?s={search_term_string}"},"query-input":{"@type":"PropertyValueSpecification","valueRequired":true,"valueName":"search_term_string"}}],"inLanguage":"sk-SK"},{"@type":"Organization","@id":"https:\/\/noclegioswiecim.eu\/#organization","name":"Comfort Apartments","url":"https:\/\/noclegioswiecim.eu\/","logo":{"@type":"ImageObject","inLanguage":"sk-SK","@id":"https:\/\/noclegioswiecim.eu\/#\/schema\/logo\/image\/","url":"https:\/\/noclegioswiecim.eu\/wp-content\/uploads\/2023\/02\/favicona.png","contentUrl":"https:\/\/noclegioswiecim.eu\/wp-content\/uploads\/2023\/02\/favicona.png","width":200,"height":200,"caption":"Comfort Apartments"},"image":{"@id":"https:\/\/noclegioswiecim.eu\/#\/schema\/logo\/image\/"},"sameAs":["https:\/\/www.facebook.com\/oswiecimapartments\/","https:\/\/goo.gl\/maps\/H9x6rxoZWfK3ad1j6","https:\/\/www.instagram.com\/oswiecimapartments\/"]},{"@type":"Person","@id":"https:\/\/noclegioswiecim.eu\/#\/schema\/person\/feafb30ea03805a331616c6bfd80e947","name":"Patrycja","image":{"@type":"ImageObject","inLanguage":"sk-SK","@id":"https:\/\/secure.gravatar.com\/avatar\/7c37283748b62bb21affee70f751e75b04d527b2d023e14cdffee17064819ea3?s=96&d=mm&r=g","url":"https:\/\/secure.gravatar.com\/avatar\/7c37283748b62bb21affee70f751e75b04d527b2d023e14cdffee17064819ea3?s=96&d=mm&r=g","contentUrl":"https:\/\/secure.gravatar.com\/avatar\/7c37283748b62bb21affee70f751e75b04d527b2d023e14cdffee17064819ea3?s=96&d=mm&r=g","caption":"Patrycja"}}]}},"_links":{"self":[{"href":"https:\/\/noclegioswiecim.eu\/sk\/wp-json\/wp\/v2\/posts\/2764","targetHints":{"allow":["GET"]}}],"collection":[{"href":"https:\/\/noclegioswiecim.eu\/sk\/wp-json\/wp\/v2\/posts"}],"about":[{"href":"https:\/\/noclegioswiecim.eu\/sk\/wp-json\/wp\/v2\/types\/post"}],"author":[{"embeddable":true,"href":"https:\/\/noclegioswiecim.eu\/sk\/wp-json\/wp\/v2\/users\/2"}],"replies":[{"embeddable":true,"href":"https:\/\/noclegioswiecim.eu\/sk\/wp-json\/wp\/v2\/comments?post=2764"}],"version-history":[{"count":1,"href":"https:\/\/noclegioswiecim.eu\/sk\/wp-json\/wp\/v2\/posts\/2764\/revisions"}],"predecessor-version":[{"id":2775,"href":"https:\/\/noclegioswiecim.eu\/sk\/wp-json\/wp\/v2\/posts\/2764\/revisions\/2775"}],"wp:featuredmedia":[{"embeddable":true,"href":"https:\/\/noclegioswiecim.eu\/sk\/wp-json\/wp\/v2\/media\/2771"}],"wp:attachment":[{"href":"https:\/\/noclegioswiecim.eu\/sk\/wp-json\/wp\/v2\/media?parent=2764"}],"wp:term":[{"taxonomy":"category","embeddable":true,"href":"https:\/\/noclegioswiecim.eu\/sk\/wp-json\/wp\/v2\/categories?post=2764"},{"taxonomy":"post_tag","embeddable":true,"href":"https:\/\/noclegioswiecim.eu\/sk\/wp-json\/wp\/v2\/tags?post=2764"}],"curies":[{"name":"wp","href":"https:\/\/api.w.org\/{rel}","templated":true}]}}