{"id":2761,"date":"2023-07-13T10:06:45","date_gmt":"2023-07-13T08:06:45","guid":{"rendered":"https:\/\/noclegioswiecim.eu\/bez-kategorii\/muzeum-na-zamku-auschwitz\/"},"modified":"2024-03-20T14:10:24","modified_gmt":"2024-03-20T13:10:24","slug":"muzeum-na-zamku-auschwitz","status":"publish","type":"post","link":"https:\/\/noclegioswiecim.eu\/sk\/zaujimavosti\/muzeum-na-zamku-auschwitz\/","title":{"rendered":"M\u00fazeum na z\u00e1mku Auschwitz"},"content":{"rendered":"<p><strong>Vzdialenos\u0165 od zariadenia:<\/strong> Vzdialenos\u0165 od zariadenia: 3 km<\/p>\n<p><strong>Hradn\u00e9 m\u00fazeum<\/strong>, ktor\u00e9 sa nach\u00e1dza k\u00fasok od <strong>hlavn\u00e9ho n\u00e1mestia<\/strong>. N\u00e1v\u0161tevu preto m\u00f4\u017eete spoji\u0165 s prech\u00e1dzkou po centre mesta. Je to skvel\u00fd n\u00e1pad pre ka\u017ed\u00e9ho, kto r\u00e1d objavuje nov\u00e9 miesta a spozn\u00e1va ich pr\u00edbehy. V tomto m\u00fazeu sa dozviete, ako sa \u017eilo v Osvien\u010dime v prv\u00fdch d\u0148och jeho vzniku, ktor\u00e9 sl\u00e1vne osobnosti poch\u00e1dzali z t\u00fdchto kon\u010d\u00edn, a tie\u017e sa presved\u010d\u00edte, \u017ee mesto sp\u00e1jan\u00e9 predov\u0161etk\u00fdm s M\u00fazeom Auschwitz-Birkenau m\u00e1 v skuto\u010dnosti ove\u013ea viac \u010do pon\u00faknu\u0165.<\/p>\n<p><strong>\u010eal\u0161ie inform\u00e1cie:<\/strong><a href=\"https:\/\/muzeum-zamek.pl\/\"> www.muzeum-zamek.pl<\/a><\/p>\n","protected":false},"excerpt":{"rendered":"<p>Vzdialenos\u0165: 3 km<\/p>\n","protected":false},"author":2,"featured_media":2773,"comment_status":"open","ping_status":"open","sticky":false,"template":"","format":"standard","meta":{"footnotes":""},"categories":[63],"tags":[],"class_list":["post-2761","post","type-post","status-publish","format-standard","has-post-thumbnail","hentry","category-zaujimavosti"],"yoast_head":"<!-- This site is optimized with the Yoast SEO plugin v27.5 - https:\/\/yoast.com\/product\/yoast-seo-wordpress\/ -->\n<title>M\u00fazeum na z\u00e1mku Auschwitz - Comfort Apartments<\/title>\n<meta name=\"description\" content=\"Hradn\u00e9 m\u00fazeum, ktor\u00e9 sa nach\u00e1dza k\u00fasok od hlavn\u00e9ho n\u00e1mestia. N\u00e1v\u0161tevu je preto mo\u017en\u00e9 spoji\u0165 s prech\u00e1dzkou v centre mesta\" \/>\n<meta name=\"robots\" content=\"index, follow, max-snippet:-1, max-image-preview:large, max-video-preview:-1\" \/>\n<link rel=\"canonical\" href=\"https:\/\/noclegioswiecim.eu\/sk\/?p=2761\" \/>\n<meta property=\"og:locale\" content=\"sk_SK\" \/>\n<meta property=\"og:type\" content=\"article\" \/>\n<meta property=\"og:title\" content=\"M\u00fazeum na z\u00e1mku Auschwitz - Comfort Apartments\" \/>\n<meta property=\"og:description\" content=\"Hradn\u00e9 m\u00fazeum, ktor\u00e9 sa nach\u00e1dza k\u00fasok od hlavn\u00e9ho n\u00e1mestia. N\u00e1v\u0161tevu je preto mo\u017en\u00e9 spoji\u0165 s prech\u00e1dzkou v centre mesta\" \/>\n<meta property=\"og:url\" content=\"https:\/\/noclegioswiecim.eu\/sk\/?p=2761\" \/>\n<meta property=\"og:site_name\" content=\"Comfort Apartments\" \/>\n<meta property=\"article:publisher\" content=\"https:\/\/www.facebook.com\/oswiecimapartments\/\" \/>\n<meta property=\"article:published_time\" content=\"2023-07-13T08:06:45+00:00\" \/>\n<meta property=\"article:modified_time\" content=\"2024-03-20T13:10:24+00:00\" \/>\n<meta property=\"og:image\" content=\"https:\/\/noclegioswiecim.eu\/wp-content\/uploads\/2023\/07\/Zamek-Oswiecim-29-of-49-scaled-1-e1689235551747-1.jpg\" \/>\n\t<meta property=\"og:image:width\" content=\"1900\" \/>\n\t<meta property=\"og:image:height\" content=\"1267\" \/>\n\t<meta property=\"og:image:type\" content=\"image\/jpeg\" \/>\n<meta name=\"author\" content=\"Patrycja\" \/>\n<meta name=\"twitter:card\" content=\"summary_large_image\" \/>\n<meta name=\"twitter:label1\" content=\"Autor\" \/>\n\t<meta name=\"twitter:data1\" content=\"Patrycja\" \/>\n\t<meta name=\"twitter:label2\" content=\"Predpokladan\u00fd \u010das \u010d\u00edtania\" \/>\n\t<meta name=\"twitter:data2\" content=\"1 min\u00fata\" \/>\n<script type=\"application\/ld+json\" class=\"yoast-schema-graph\">{\"@context\":\"https:\\\/\\\/schema.org\",\"@graph\":[{\"@type\":\"Article\",\"@id\":\"https:\\\/\\\/noclegioswiecim.eu\\\/sk\\\/?p=2761#article\",\"isPartOf\":{\"@id\":\"https:\\\/\\\/noclegioswiecim.eu\\\/sk\\\/?p=2761\"},\"author\":{\"name\":\"Patrycja\",\"@id\":\"https:\\\/\\\/noclegioswiecim.eu\\\/#\\\/schema\\\/person\\\/feafb30ea03805a331616c6bfd80e947\"},\"headline\":\"M\u00fazeum na z\u00e1mku Auschwitz\",\"datePublished\":\"2023-07-13T08:06:45+00:00\",\"dateModified\":\"2024-03-20T13:10:24+00:00\",\"mainEntityOfPage\":{\"@id\":\"https:\\\/\\\/noclegioswiecim.eu\\\/sk\\\/?p=2761\"},\"wordCount\":124,\"commentCount\":0,\"publisher\":{\"@id\":\"https:\\\/\\\/noclegioswiecim.eu\\\/#organization\"},\"image\":{\"@id\":\"https:\\\/\\\/noclegioswiecim.eu\\\/sk\\\/?p=2761#primaryimage\"},\"thumbnailUrl\":\"https:\\\/\\\/noclegioswiecim.eu\\\/wp-content\\\/uploads\\\/2023\\\/07\\\/Zamek-Oswiecim-29-of-49-scaled-1-e1689235551747-1.jpg\",\"articleSection\":[\"Zauj\u00edmavosti\"],\"inLanguage\":\"sk-SK\",\"potentialAction\":[{\"@type\":\"CommentAction\",\"name\":\"Comment\",\"target\":[\"https:\\\/\\\/noclegioswiecim.eu\\\/sk\\\/?p=2761#respond\"]}]},{\"@type\":\"WebPage\",\"@id\":\"https:\\\/\\\/noclegioswiecim.eu\\\/sk\\\/?p=2761\",\"url\":\"https:\\\/\\\/noclegioswiecim.eu\\\/sk\\\/?p=2761\",\"name\":\"M\u00fazeum na z\u00e1mku Auschwitz - Comfort Apartments\",\"isPartOf\":{\"@id\":\"https:\\\/\\\/noclegioswiecim.eu\\\/#website\"},\"primaryImageOfPage\":{\"@id\":\"https:\\\/\\\/noclegioswiecim.eu\\\/sk\\\/?p=2761#primaryimage\"},\"image\":{\"@id\":\"https:\\\/\\\/noclegioswiecim.eu\\\/sk\\\/?p=2761#primaryimage\"},\"thumbnailUrl\":\"https:\\\/\\\/noclegioswiecim.eu\\\/wp-content\\\/uploads\\\/2023\\\/07\\\/Zamek-Oswiecim-29-of-49-scaled-1-e1689235551747-1.jpg\",\"datePublished\":\"2023-07-13T08:06:45+00:00\",\"dateModified\":\"2024-03-20T13:10:24+00:00\",\"description\":\"Hradn\u00e9 m\u00fazeum, ktor\u00e9 sa nach\u00e1dza k\u00fasok od hlavn\u00e9ho n\u00e1mestia. N\u00e1v\u0161tevu je preto mo\u017en\u00e9 spoji\u0165 s prech\u00e1dzkou v centre mesta\",\"breadcrumb\":{\"@id\":\"https:\\\/\\\/noclegioswiecim.eu\\\/sk\\\/?p=2761#breadcrumb\"},\"inLanguage\":\"sk-SK\",\"potentialAction\":[{\"@type\":\"ReadAction\",\"target\":[\"https:\\\/\\\/noclegioswiecim.eu\\\/sk\\\/?p=2761\"]}]},{\"@type\":\"ImageObject\",\"inLanguage\":\"sk-SK\",\"@id\":\"https:\\\/\\\/noclegioswiecim.eu\\\/sk\\\/?p=2761#primaryimage\",\"url\":\"https:\\\/\\\/noclegioswiecim.eu\\\/wp-content\\\/uploads\\\/2023\\\/07\\\/Zamek-Oswiecim-29-of-49-scaled-1-e1689235551747-1.jpg\",\"contentUrl\":\"https:\\\/\\\/noclegioswiecim.eu\\\/wp-content\\\/uploads\\\/2023\\\/07\\\/Zamek-Oswiecim-29-of-49-scaled-1-e1689235551747-1.jpg\",\"width\":1900,\"height\":1267},{\"@type\":\"BreadcrumbList\",\"@id\":\"https:\\\/\\\/noclegioswiecim.eu\\\/sk\\\/?p=2761#breadcrumb\",\"itemListElement\":[{\"@type\":\"ListItem\",\"position\":1,\"name\":\"Strona g\u0142\u00f3wna\",\"item\":\"https:\\\/\\\/noclegioswiecim.eu\\\/sk\\\/\"},{\"@type\":\"ListItem\",\"position\":2,\"name\":\"M\u00fazeum na z\u00e1mku Auschwitz\"}]},{\"@type\":\"WebSite\",\"@id\":\"https:\\\/\\\/noclegioswiecim.eu\\\/#website\",\"url\":\"https:\\\/\\\/noclegioswiecim.eu\\\/\",\"name\":\"Comfort Apartments\",\"description\":\"Noclegi O\u015bwi\u0119cim \\\/ Booking O\u015bwi\u0119cim\",\"publisher\":{\"@id\":\"https:\\\/\\\/noclegioswiecim.eu\\\/#organization\"},\"potentialAction\":[{\"@type\":\"SearchAction\",\"target\":{\"@type\":\"EntryPoint\",\"urlTemplate\":\"https:\\\/\\\/noclegioswiecim.eu\\\/?s={search_term_string}\"},\"query-input\":{\"@type\":\"PropertyValueSpecification\",\"valueRequired\":true,\"valueName\":\"search_term_string\"}}],\"inLanguage\":\"sk-SK\"},{\"@type\":\"Organization\",\"@id\":\"https:\\\/\\\/noclegioswiecim.eu\\\/#organization\",\"name\":\"Comfort Apartments\",\"url\":\"https:\\\/\\\/noclegioswiecim.eu\\\/\",\"logo\":{\"@type\":\"ImageObject\",\"inLanguage\":\"sk-SK\",\"@id\":\"https:\\\/\\\/noclegioswiecim.eu\\\/#\\\/schema\\\/logo\\\/image\\\/\",\"url\":\"https:\\\/\\\/noclegioswiecim.eu\\\/wp-content\\\/uploads\\\/2023\\\/02\\\/favicona.png\",\"contentUrl\":\"https:\\\/\\\/noclegioswiecim.eu\\\/wp-content\\\/uploads\\\/2023\\\/02\\\/favicona.png\",\"width\":200,\"height\":200,\"caption\":\"Comfort Apartments\"},\"image\":{\"@id\":\"https:\\\/\\\/noclegioswiecim.eu\\\/#\\\/schema\\\/logo\\\/image\\\/\"},\"sameAs\":[\"https:\\\/\\\/www.facebook.com\\\/oswiecimapartments\\\/\",\"https:\\\/\\\/goo.gl\\\/maps\\\/H9x6rxoZWfK3ad1j6\",\"https:\\\/\\\/www.instagram.com\\\/oswiecimapartments\\\/\"]},{\"@type\":\"Person\",\"@id\":\"https:\\\/\\\/noclegioswiecim.eu\\\/#\\\/schema\\\/person\\\/feafb30ea03805a331616c6bfd80e947\",\"name\":\"Patrycja\",\"image\":{\"@type\":\"ImageObject\",\"inLanguage\":\"sk-SK\",\"@id\":\"https:\\\/\\\/secure.gravatar.com\\\/avatar\\\/7c37283748b62bb21affee70f751e75b04d527b2d023e14cdffee17064819ea3?s=96&d=mm&r=g\",\"url\":\"https:\\\/\\\/secure.gravatar.com\\\/avatar\\\/7c37283748b62bb21affee70f751e75b04d527b2d023e14cdffee17064819ea3?s=96&d=mm&r=g\",\"contentUrl\":\"https:\\\/\\\/secure.gravatar.com\\\/avatar\\\/7c37283748b62bb21affee70f751e75b04d527b2d023e14cdffee17064819ea3?s=96&d=mm&r=g\",\"caption\":\"Patrycja\"}}]}<\/script>\n<!-- \/ Yoast SEO plugin. -->","yoast_head_json":{"title":"M\u00fazeum na z\u00e1mku Auschwitz - Comfort Apartments","description":"Hradn\u00e9 m\u00fazeum, ktor\u00e9 sa nach\u00e1dza k\u00fasok od hlavn\u00e9ho n\u00e1mestia. N\u00e1v\u0161tevu je preto mo\u017en\u00e9 spoji\u0165 s prech\u00e1dzkou v centre mesta","robots":{"index":"index","follow":"follow","max-snippet":"max-snippet:-1","max-image-preview":"max-image-preview:large","max-video-preview":"max-video-preview:-1"},"canonical":"https:\/\/noclegioswiecim.eu\/sk\/?p=2761","og_locale":"sk_SK","og_type":"article","og_title":"M\u00fazeum na z\u00e1mku Auschwitz - Comfort Apartments","og_description":"Hradn\u00e9 m\u00fazeum, ktor\u00e9 sa nach\u00e1dza k\u00fasok od hlavn\u00e9ho n\u00e1mestia. N\u00e1v\u0161tevu je preto mo\u017en\u00e9 spoji\u0165 s prech\u00e1dzkou v centre mesta","og_url":"https:\/\/noclegioswiecim.eu\/sk\/?p=2761","og_site_name":"Comfort Apartments","article_publisher":"https:\/\/www.facebook.com\/oswiecimapartments\/","article_published_time":"2023-07-13T08:06:45+00:00","article_modified_time":"2024-03-20T13:10:24+00:00","og_image":[{"width":1900,"height":1267,"url":"https:\/\/noclegioswiecim.eu\/wp-content\/uploads\/2023\/07\/Zamek-Oswiecim-29-of-49-scaled-1-e1689235551747-1.jpg","type":"image\/jpeg"}],"author":"Patrycja","twitter_card":"summary_large_image","twitter_misc":{"Autor":"Patrycja","Predpokladan\u00fd \u010das \u010d\u00edtania":"1 min\u00fata"},"schema":{"@context":"https:\/\/schema.org","@graph":[{"@type":"Article","@id":"https:\/\/noclegioswiecim.eu\/sk\/?p=2761#article","isPartOf":{"@id":"https:\/\/noclegioswiecim.eu\/sk\/?p=2761"},"author":{"name":"Patrycja","@id":"https:\/\/noclegioswiecim.eu\/#\/schema\/person\/feafb30ea03805a331616c6bfd80e947"},"headline":"M\u00fazeum na z\u00e1mku Auschwitz","datePublished":"2023-07-13T08:06:45+00:00","dateModified":"2024-03-20T13:10:24+00:00","mainEntityOfPage":{"@id":"https:\/\/noclegioswiecim.eu\/sk\/?p=2761"},"wordCount":124,"commentCount":0,"publisher":{"@id":"https:\/\/noclegioswiecim.eu\/#organization"},"image":{"@id":"https:\/\/noclegioswiecim.eu\/sk\/?p=2761#primaryimage"},"thumbnailUrl":"https:\/\/noclegioswiecim.eu\/wp-content\/uploads\/2023\/07\/Zamek-Oswiecim-29-of-49-scaled-1-e1689235551747-1.jpg","articleSection":["Zauj\u00edmavosti"],"inLanguage":"sk-SK","potentialAction":[{"@type":"CommentAction","name":"Comment","target":["https:\/\/noclegioswiecim.eu\/sk\/?p=2761#respond"]}]},{"@type":"WebPage","@id":"https:\/\/noclegioswiecim.eu\/sk\/?p=2761","url":"https:\/\/noclegioswiecim.eu\/sk\/?p=2761","name":"M\u00fazeum na z\u00e1mku Auschwitz - Comfort Apartments","isPartOf":{"@id":"https:\/\/noclegioswiecim.eu\/#website"},"primaryImageOfPage":{"@id":"https:\/\/noclegioswiecim.eu\/sk\/?p=2761#primaryimage"},"image":{"@id":"https:\/\/noclegioswiecim.eu\/sk\/?p=2761#primaryimage"},"thumbnailUrl":"https:\/\/noclegioswiecim.eu\/wp-content\/uploads\/2023\/07\/Zamek-Oswiecim-29-of-49-scaled-1-e1689235551747-1.jpg","datePublished":"2023-07-13T08:06:45+00:00","dateModified":"2024-03-20T13:10:24+00:00","description":"Hradn\u00e9 m\u00fazeum, ktor\u00e9 sa nach\u00e1dza k\u00fasok od hlavn\u00e9ho n\u00e1mestia. N\u00e1v\u0161tevu je preto mo\u017en\u00e9 spoji\u0165 s prech\u00e1dzkou v centre mesta","breadcrumb":{"@id":"https:\/\/noclegioswiecim.eu\/sk\/?p=2761#breadcrumb"},"inLanguage":"sk-SK","potentialAction":[{"@type":"ReadAction","target":["https:\/\/noclegioswiecim.eu\/sk\/?p=2761"]}]},{"@type":"ImageObject","inLanguage":"sk-SK","@id":"https:\/\/noclegioswiecim.eu\/sk\/?p=2761#primaryimage","url":"https:\/\/noclegioswiecim.eu\/wp-content\/uploads\/2023\/07\/Zamek-Oswiecim-29-of-49-scaled-1-e1689235551747-1.jpg","contentUrl":"https:\/\/noclegioswiecim.eu\/wp-content\/uploads\/2023\/07\/Zamek-Oswiecim-29-of-49-scaled-1-e1689235551747-1.jpg","width":1900,"height":1267},{"@type":"BreadcrumbList","@id":"https:\/\/noclegioswiecim.eu\/sk\/?p=2761#breadcrumb","itemListElement":[{"@type":"ListItem","position":1,"name":"Strona g\u0142\u00f3wna","item":"https:\/\/noclegioswiecim.eu\/sk\/"},{"@type":"ListItem","position":2,"name":"M\u00fazeum na z\u00e1mku Auschwitz"}]},{"@type":"WebSite","@id":"https:\/\/noclegioswiecim.eu\/#website","url":"https:\/\/noclegioswiecim.eu\/","name":"Comfort Apartments","description":"Noclegi O\u015bwi\u0119cim \/ Booking O\u015bwi\u0119cim","publisher":{"@id":"https:\/\/noclegioswiecim.eu\/#organization"},"potentialAction":[{"@type":"SearchAction","target":{"@type":"EntryPoint","urlTemplate":"https:\/\/noclegioswiecim.eu\/?s={search_term_string}"},"query-input":{"@type":"PropertyValueSpecification","valueRequired":true,"valueName":"search_term_string"}}],"inLanguage":"sk-SK"},{"@type":"Organization","@id":"https:\/\/noclegioswiecim.eu\/#organization","name":"Comfort Apartments","url":"https:\/\/noclegioswiecim.eu\/","logo":{"@type":"ImageObject","inLanguage":"sk-SK","@id":"https:\/\/noclegioswiecim.eu\/#\/schema\/logo\/image\/","url":"https:\/\/noclegioswiecim.eu\/wp-content\/uploads\/2023\/02\/favicona.png","contentUrl":"https:\/\/noclegioswiecim.eu\/wp-content\/uploads\/2023\/02\/favicona.png","width":200,"height":200,"caption":"Comfort Apartments"},"image":{"@id":"https:\/\/noclegioswiecim.eu\/#\/schema\/logo\/image\/"},"sameAs":["https:\/\/www.facebook.com\/oswiecimapartments\/","https:\/\/goo.gl\/maps\/H9x6rxoZWfK3ad1j6","https:\/\/www.instagram.com\/oswiecimapartments\/"]},{"@type":"Person","@id":"https:\/\/noclegioswiecim.eu\/#\/schema\/person\/feafb30ea03805a331616c6bfd80e947","name":"Patrycja","image":{"@type":"ImageObject","inLanguage":"sk-SK","@id":"https:\/\/secure.gravatar.com\/avatar\/7c37283748b62bb21affee70f751e75b04d527b2d023e14cdffee17064819ea3?s=96&d=mm&r=g","url":"https:\/\/secure.gravatar.com\/avatar\/7c37283748b62bb21affee70f751e75b04d527b2d023e14cdffee17064819ea3?s=96&d=mm&r=g","contentUrl":"https:\/\/secure.gravatar.com\/avatar\/7c37283748b62bb21affee70f751e75b04d527b2d023e14cdffee17064819ea3?s=96&d=mm&r=g","caption":"Patrycja"}}]}},"_links":{"self":[{"href":"https:\/\/noclegioswiecim.eu\/sk\/wp-json\/wp\/v2\/posts\/2761","targetHints":{"allow":["GET"]}}],"collection":[{"href":"https:\/\/noclegioswiecim.eu\/sk\/wp-json\/wp\/v2\/posts"}],"about":[{"href":"https:\/\/noclegioswiecim.eu\/sk\/wp-json\/wp\/v2\/types\/post"}],"author":[{"embeddable":true,"href":"https:\/\/noclegioswiecim.eu\/sk\/wp-json\/wp\/v2\/users\/2"}],"replies":[{"embeddable":true,"href":"https:\/\/noclegioswiecim.eu\/sk\/wp-json\/wp\/v2\/comments?post=2761"}],"version-history":[{"count":1,"href":"https:\/\/noclegioswiecim.eu\/sk\/wp-json\/wp\/v2\/posts\/2761\/revisions"}],"predecessor-version":[{"id":2777,"href":"https:\/\/noclegioswiecim.eu\/sk\/wp-json\/wp\/v2\/posts\/2761\/revisions\/2777"}],"wp:featuredmedia":[{"embeddable":true,"href":"https:\/\/noclegioswiecim.eu\/sk\/wp-json\/wp\/v2\/media\/2773"}],"wp:attachment":[{"href":"https:\/\/noclegioswiecim.eu\/sk\/wp-json\/wp\/v2\/media?parent=2761"}],"wp:term":[{"taxonomy":"category","embeddable":true,"href":"https:\/\/noclegioswiecim.eu\/sk\/wp-json\/wp\/v2\/categories?post=2761"},{"taxonomy":"post_tag","embeddable":true,"href":"https:\/\/noclegioswiecim.eu\/sk\/wp-json\/wp\/v2\/tags?post=2761"}],"curies":[{"name":"wp","href":"https:\/\/api.w.org\/{rel}","templated":true}]}}