{"id":2744,"date":"2023-07-13T12:13:31","date_gmt":"2023-07-13T10:13:31","guid":{"rendered":"https:\/\/noclegioswiecim.eu\/bez-kategorii\/kocierz-lesny-vodny-park\/"},"modified":"2024-03-20T14:10:22","modified_gmt":"2024-03-20T13:10:22","slug":"kocierz-lesny-vodny-park","status":"publish","type":"post","link":"https:\/\/noclegioswiecim.eu\/sk\/zaujimavosti\/kocierz-lesny-vodny-park\/","title":{"rendered":"Kocierz &#8211; lesn\u00fd vodn\u00fd park"},"content":{"rendered":"<p><strong>Vzdialenos\u0165 od zariadenia: <\/strong>37 km<\/p>\n<ul>\n<li class=\"p1\">Baz\u00e9n v srdci lesov<\/li>\n<li class=\"p1\">Vodn\u00e9 ihrisko pre deti, ktor\u00e9 okrem in\u00e9ho n\u00e1jdu aj bato\u013eat\u00e1. Ve\u013erybie \u0161m\u00fdka\u010dky, D\u00fahov\u00fd tunel, Vodn\u00fd hr\u00edb, Za\u010darovan\u00e9 vedr\u00e1<\/li>\n<li class=\"p1\">2 diapozit\u00edvy<\/li>\n<li class=\"p1\">Chladiaca z\u00f3na od Aperol Spritz<\/li>\n<li class=\"p1\">Gastro z\u00f3na s ob\u010derstven\u00edm, lahodnou k\u00e1vou, zmrzlinou a osvie\u017euj\u00facimi n\u00e1pojmi<\/li>\n<li class=\"p1\">Dawid alebo DJ so saxof\u00f3nom &#8211; ve\u013ea dobrej hudby a e\u0161te viac pozit\u00edvnej energie<\/li>\n<li class=\"p1\">Farebn\u00e1 anim\u00e1cia pre deti (9. j\u00fala, nede\u013ea)<\/li>\n<li class=\"p1\">S\u00fa\u0165a\u017ee a mno\u017estvo dobr\u00f4t pre v\u0161etky deti<\/li>\n<\/ul>\n<p><strong>Otvorenie aquaparku z\u00e1vis\u00ed od poveternostn\u00fdch podmienok<\/strong>. V pr\u00edpade nepriazniv\u00fdch poveternostn\u00fdch podmienok si vyhradzujeme pr\u00e1vo uzavrie\u0165 aquapark v z\u00e1ujme bezpe\u010dnosti jeho pou\u017e\u00edvate\u013eov. V takejto situ\u00e1cii sa n\u00e1klady na letenky neprepl\u00e1caj\u00fa. Po\u010det sol\u00e1ri\u00ed je obmedzen\u00fd.<\/p>\n<p><strong>\u010eal\u0161ie inform\u00e1cie:<\/strong> <a href=\"https:\/\/kocierz.pl\/sport-i-rozrywka\/aquapark\">www.kocierz.pl\/sport-i-rozrywka\/aquapark<\/a><\/p>\n","protected":false},"excerpt":{"rendered":"<p>Vzdialenos\u0165: 37 km<\/p>\n","protected":false},"author":2,"featured_media":2747,"comment_status":"open","ping_status":"open","sticky":false,"template":"","format":"standard","meta":{"footnotes":""},"categories":[63],"tags":[],"class_list":["post-2744","post","type-post","status-publish","format-standard","has-post-thumbnail","hentry","category-zaujimavosti"],"yoast_head":"<!-- This site is optimized with the Yoast SEO plugin v27.5 - https:\/\/yoast.com\/product\/yoast-seo-wordpress\/ -->\n<title>Kocierz - lesn\u00fd vodn\u00fd park - Comfort Apartments<\/title>\n<meta name=\"description\" content=\"Lesn\u00fd vodn\u00fd park v Kocierzu - ide\u00e1lny na letn\u00e9 hor\u00fa\u010davy! Baz\u00e9n v srdci lesov a vodn\u00e9 ihrisko pre deti.\" \/>\n<meta name=\"robots\" content=\"index, follow, max-snippet:-1, max-image-preview:large, max-video-preview:-1\" \/>\n<link rel=\"canonical\" href=\"https:\/\/noclegioswiecim.eu\/sk\/?p=2744\" \/>\n<meta property=\"og:locale\" content=\"sk_SK\" \/>\n<meta property=\"og:type\" content=\"article\" \/>\n<meta property=\"og:title\" content=\"Kocierz - lesn\u00fd vodn\u00fd park - Comfort Apartments\" \/>\n<meta property=\"og:description\" content=\"Lesn\u00fd vodn\u00fd park v Kocierzu - ide\u00e1lny na letn\u00e9 hor\u00fa\u010davy! Baz\u00e9n v srdci lesov a vodn\u00e9 ihrisko pre deti.\" \/>\n<meta property=\"og:url\" content=\"https:\/\/noclegioswiecim.eu\/sk\/?p=2744\" \/>\n<meta property=\"og:site_name\" content=\"Comfort Apartments\" \/>\n<meta property=\"article:publisher\" content=\"https:\/\/www.facebook.com\/oswiecimapartments\/\" \/>\n<meta property=\"article:published_time\" content=\"2023-07-13T10:13:31+00:00\" \/>\n<meta property=\"article:modified_time\" content=\"2024-03-20T13:10:22+00:00\" \/>\n<meta property=\"og:image\" content=\"https:\/\/noclegioswiecim.eu\/wp-content\/uploads\/2023\/07\/kocierz-08-17-web-m-9-_2.jpg\" \/>\n\t<meta property=\"og:image:width\" content=\"1900\" \/>\n\t<meta property=\"og:image:height\" content=\"1265\" \/>\n\t<meta property=\"og:image:type\" content=\"image\/jpeg\" \/>\n<meta name=\"author\" content=\"Patrycja\" \/>\n<meta name=\"twitter:card\" content=\"summary_large_image\" \/>\n<meta name=\"twitter:label1\" content=\"Autor\" \/>\n\t<meta name=\"twitter:data1\" content=\"Patrycja\" \/>\n\t<meta name=\"twitter:label2\" content=\"Predpokladan\u00fd \u010das \u010d\u00edtania\" \/>\n\t<meta name=\"twitter:data2\" content=\"1 min\u00fata\" \/>\n<script type=\"application\/ld+json\" class=\"yoast-schema-graph\">{\"@context\":\"https:\\\/\\\/schema.org\",\"@graph\":[{\"@type\":\"Article\",\"@id\":\"https:\\\/\\\/noclegioswiecim.eu\\\/sk\\\/?p=2744#article\",\"isPartOf\":{\"@id\":\"https:\\\/\\\/noclegioswiecim.eu\\\/sk\\\/?p=2744\"},\"author\":{\"name\":\"Patrycja\",\"@id\":\"https:\\\/\\\/noclegioswiecim.eu\\\/#\\\/schema\\\/person\\\/feafb30ea03805a331616c6bfd80e947\"},\"headline\":\"Kocierz &#8211; lesn\u00fd vodn\u00fd park\",\"datePublished\":\"2023-07-13T10:13:31+00:00\",\"dateModified\":\"2024-03-20T13:10:22+00:00\",\"mainEntityOfPage\":{\"@id\":\"https:\\\/\\\/noclegioswiecim.eu\\\/sk\\\/?p=2744\"},\"wordCount\":162,\"commentCount\":0,\"publisher\":{\"@id\":\"https:\\\/\\\/noclegioswiecim.eu\\\/#organization\"},\"image\":{\"@id\":\"https:\\\/\\\/noclegioswiecim.eu\\\/sk\\\/?p=2744#primaryimage\"},\"thumbnailUrl\":\"https:\\\/\\\/noclegioswiecim.eu\\\/wp-content\\\/uploads\\\/2023\\\/07\\\/kocierz-08-17-web-m-9-_2.jpg\",\"articleSection\":[\"Zauj\u00edmavosti\"],\"inLanguage\":\"sk-SK\",\"potentialAction\":[{\"@type\":\"CommentAction\",\"name\":\"Comment\",\"target\":[\"https:\\\/\\\/noclegioswiecim.eu\\\/sk\\\/?p=2744#respond\"]}]},{\"@type\":\"WebPage\",\"@id\":\"https:\\\/\\\/noclegioswiecim.eu\\\/sk\\\/?p=2744\",\"url\":\"https:\\\/\\\/noclegioswiecim.eu\\\/sk\\\/?p=2744\",\"name\":\"Kocierz - lesn\u00fd vodn\u00fd park - Comfort Apartments\",\"isPartOf\":{\"@id\":\"https:\\\/\\\/noclegioswiecim.eu\\\/#website\"},\"primaryImageOfPage\":{\"@id\":\"https:\\\/\\\/noclegioswiecim.eu\\\/sk\\\/?p=2744#primaryimage\"},\"image\":{\"@id\":\"https:\\\/\\\/noclegioswiecim.eu\\\/sk\\\/?p=2744#primaryimage\"},\"thumbnailUrl\":\"https:\\\/\\\/noclegioswiecim.eu\\\/wp-content\\\/uploads\\\/2023\\\/07\\\/kocierz-08-17-web-m-9-_2.jpg\",\"datePublished\":\"2023-07-13T10:13:31+00:00\",\"dateModified\":\"2024-03-20T13:10:22+00:00\",\"description\":\"Lesn\u00fd vodn\u00fd park v Kocierzu - ide\u00e1lny na letn\u00e9 hor\u00fa\u010davy! Baz\u00e9n v srdci lesov a vodn\u00e9 ihrisko pre deti.\",\"breadcrumb\":{\"@id\":\"https:\\\/\\\/noclegioswiecim.eu\\\/sk\\\/?p=2744#breadcrumb\"},\"inLanguage\":\"sk-SK\",\"potentialAction\":[{\"@type\":\"ReadAction\",\"target\":[\"https:\\\/\\\/noclegioswiecim.eu\\\/sk\\\/?p=2744\"]}]},{\"@type\":\"ImageObject\",\"inLanguage\":\"sk-SK\",\"@id\":\"https:\\\/\\\/noclegioswiecim.eu\\\/sk\\\/?p=2744#primaryimage\",\"url\":\"https:\\\/\\\/noclegioswiecim.eu\\\/wp-content\\\/uploads\\\/2023\\\/07\\\/kocierz-08-17-web-m-9-_2.jpg\",\"contentUrl\":\"https:\\\/\\\/noclegioswiecim.eu\\\/wp-content\\\/uploads\\\/2023\\\/07\\\/kocierz-08-17-web-m-9-_2.jpg\",\"width\":1900,\"height\":1265},{\"@type\":\"BreadcrumbList\",\"@id\":\"https:\\\/\\\/noclegioswiecim.eu\\\/sk\\\/?p=2744#breadcrumb\",\"itemListElement\":[{\"@type\":\"ListItem\",\"position\":1,\"name\":\"Strona g\u0142\u00f3wna\",\"item\":\"https:\\\/\\\/noclegioswiecim.eu\\\/sk\\\/\"},{\"@type\":\"ListItem\",\"position\":2,\"name\":\"Kocierz &#8211; lesn\u00fd vodn\u00fd park\"}]},{\"@type\":\"WebSite\",\"@id\":\"https:\\\/\\\/noclegioswiecim.eu\\\/#website\",\"url\":\"https:\\\/\\\/noclegioswiecim.eu\\\/\",\"name\":\"Comfort Apartments\",\"description\":\"Noclegi O\u015bwi\u0119cim \\\/ Booking O\u015bwi\u0119cim\",\"publisher\":{\"@id\":\"https:\\\/\\\/noclegioswiecim.eu\\\/#organization\"},\"potentialAction\":[{\"@type\":\"SearchAction\",\"target\":{\"@type\":\"EntryPoint\",\"urlTemplate\":\"https:\\\/\\\/noclegioswiecim.eu\\\/?s={search_term_string}\"},\"query-input\":{\"@type\":\"PropertyValueSpecification\",\"valueRequired\":true,\"valueName\":\"search_term_string\"}}],\"inLanguage\":\"sk-SK\"},{\"@type\":\"Organization\",\"@id\":\"https:\\\/\\\/noclegioswiecim.eu\\\/#organization\",\"name\":\"Comfort Apartments\",\"url\":\"https:\\\/\\\/noclegioswiecim.eu\\\/\",\"logo\":{\"@type\":\"ImageObject\",\"inLanguage\":\"sk-SK\",\"@id\":\"https:\\\/\\\/noclegioswiecim.eu\\\/#\\\/schema\\\/logo\\\/image\\\/\",\"url\":\"https:\\\/\\\/noclegioswiecim.eu\\\/wp-content\\\/uploads\\\/2023\\\/02\\\/favicona.png\",\"contentUrl\":\"https:\\\/\\\/noclegioswiecim.eu\\\/wp-content\\\/uploads\\\/2023\\\/02\\\/favicona.png\",\"width\":200,\"height\":200,\"caption\":\"Comfort Apartments\"},\"image\":{\"@id\":\"https:\\\/\\\/noclegioswiecim.eu\\\/#\\\/schema\\\/logo\\\/image\\\/\"},\"sameAs\":[\"https:\\\/\\\/www.facebook.com\\\/oswiecimapartments\\\/\",\"https:\\\/\\\/goo.gl\\\/maps\\\/H9x6rxoZWfK3ad1j6\",\"https:\\\/\\\/www.instagram.com\\\/oswiecimapartments\\\/\"]},{\"@type\":\"Person\",\"@id\":\"https:\\\/\\\/noclegioswiecim.eu\\\/#\\\/schema\\\/person\\\/feafb30ea03805a331616c6bfd80e947\",\"name\":\"Patrycja\",\"image\":{\"@type\":\"ImageObject\",\"inLanguage\":\"sk-SK\",\"@id\":\"https:\\\/\\\/secure.gravatar.com\\\/avatar\\\/7c37283748b62bb21affee70f751e75b04d527b2d023e14cdffee17064819ea3?s=96&d=mm&r=g\",\"url\":\"https:\\\/\\\/secure.gravatar.com\\\/avatar\\\/7c37283748b62bb21affee70f751e75b04d527b2d023e14cdffee17064819ea3?s=96&d=mm&r=g\",\"contentUrl\":\"https:\\\/\\\/secure.gravatar.com\\\/avatar\\\/7c37283748b62bb21affee70f751e75b04d527b2d023e14cdffee17064819ea3?s=96&d=mm&r=g\",\"caption\":\"Patrycja\"}}]}<\/script>\n<!-- \/ Yoast SEO plugin. -->","yoast_head_json":{"title":"Kocierz - lesn\u00fd vodn\u00fd park - Comfort Apartments","description":"Lesn\u00fd vodn\u00fd park v Kocierzu - ide\u00e1lny na letn\u00e9 hor\u00fa\u010davy! Baz\u00e9n v srdci lesov a vodn\u00e9 ihrisko pre deti.","robots":{"index":"index","follow":"follow","max-snippet":"max-snippet:-1","max-image-preview":"max-image-preview:large","max-video-preview":"max-video-preview:-1"},"canonical":"https:\/\/noclegioswiecim.eu\/sk\/?p=2744","og_locale":"sk_SK","og_type":"article","og_title":"Kocierz - lesn\u00fd vodn\u00fd park - Comfort Apartments","og_description":"Lesn\u00fd vodn\u00fd park v Kocierzu - ide\u00e1lny na letn\u00e9 hor\u00fa\u010davy! Baz\u00e9n v srdci lesov a vodn\u00e9 ihrisko pre deti.","og_url":"https:\/\/noclegioswiecim.eu\/sk\/?p=2744","og_site_name":"Comfort Apartments","article_publisher":"https:\/\/www.facebook.com\/oswiecimapartments\/","article_published_time":"2023-07-13T10:13:31+00:00","article_modified_time":"2024-03-20T13:10:22+00:00","og_image":[{"width":1900,"height":1265,"url":"https:\/\/noclegioswiecim.eu\/wp-content\/uploads\/2023\/07\/kocierz-08-17-web-m-9-_2.jpg","type":"image\/jpeg"}],"author":"Patrycja","twitter_card":"summary_large_image","twitter_misc":{"Autor":"Patrycja","Predpokladan\u00fd \u010das \u010d\u00edtania":"1 min\u00fata"},"schema":{"@context":"https:\/\/schema.org","@graph":[{"@type":"Article","@id":"https:\/\/noclegioswiecim.eu\/sk\/?p=2744#article","isPartOf":{"@id":"https:\/\/noclegioswiecim.eu\/sk\/?p=2744"},"author":{"name":"Patrycja","@id":"https:\/\/noclegioswiecim.eu\/#\/schema\/person\/feafb30ea03805a331616c6bfd80e947"},"headline":"Kocierz &#8211; lesn\u00fd vodn\u00fd park","datePublished":"2023-07-13T10:13:31+00:00","dateModified":"2024-03-20T13:10:22+00:00","mainEntityOfPage":{"@id":"https:\/\/noclegioswiecim.eu\/sk\/?p=2744"},"wordCount":162,"commentCount":0,"publisher":{"@id":"https:\/\/noclegioswiecim.eu\/#organization"},"image":{"@id":"https:\/\/noclegioswiecim.eu\/sk\/?p=2744#primaryimage"},"thumbnailUrl":"https:\/\/noclegioswiecim.eu\/wp-content\/uploads\/2023\/07\/kocierz-08-17-web-m-9-_2.jpg","articleSection":["Zauj\u00edmavosti"],"inLanguage":"sk-SK","potentialAction":[{"@type":"CommentAction","name":"Comment","target":["https:\/\/noclegioswiecim.eu\/sk\/?p=2744#respond"]}]},{"@type":"WebPage","@id":"https:\/\/noclegioswiecim.eu\/sk\/?p=2744","url":"https:\/\/noclegioswiecim.eu\/sk\/?p=2744","name":"Kocierz - lesn\u00fd vodn\u00fd park - Comfort Apartments","isPartOf":{"@id":"https:\/\/noclegioswiecim.eu\/#website"},"primaryImageOfPage":{"@id":"https:\/\/noclegioswiecim.eu\/sk\/?p=2744#primaryimage"},"image":{"@id":"https:\/\/noclegioswiecim.eu\/sk\/?p=2744#primaryimage"},"thumbnailUrl":"https:\/\/noclegioswiecim.eu\/wp-content\/uploads\/2023\/07\/kocierz-08-17-web-m-9-_2.jpg","datePublished":"2023-07-13T10:13:31+00:00","dateModified":"2024-03-20T13:10:22+00:00","description":"Lesn\u00fd vodn\u00fd park v Kocierzu - ide\u00e1lny na letn\u00e9 hor\u00fa\u010davy! Baz\u00e9n v srdci lesov a vodn\u00e9 ihrisko pre deti.","breadcrumb":{"@id":"https:\/\/noclegioswiecim.eu\/sk\/?p=2744#breadcrumb"},"inLanguage":"sk-SK","potentialAction":[{"@type":"ReadAction","target":["https:\/\/noclegioswiecim.eu\/sk\/?p=2744"]}]},{"@type":"ImageObject","inLanguage":"sk-SK","@id":"https:\/\/noclegioswiecim.eu\/sk\/?p=2744#primaryimage","url":"https:\/\/noclegioswiecim.eu\/wp-content\/uploads\/2023\/07\/kocierz-08-17-web-m-9-_2.jpg","contentUrl":"https:\/\/noclegioswiecim.eu\/wp-content\/uploads\/2023\/07\/kocierz-08-17-web-m-9-_2.jpg","width":1900,"height":1265},{"@type":"BreadcrumbList","@id":"https:\/\/noclegioswiecim.eu\/sk\/?p=2744#breadcrumb","itemListElement":[{"@type":"ListItem","position":1,"name":"Strona g\u0142\u00f3wna","item":"https:\/\/noclegioswiecim.eu\/sk\/"},{"@type":"ListItem","position":2,"name":"Kocierz &#8211; lesn\u00fd vodn\u00fd park"}]},{"@type":"WebSite","@id":"https:\/\/noclegioswiecim.eu\/#website","url":"https:\/\/noclegioswiecim.eu\/","name":"Comfort Apartments","description":"Noclegi O\u015bwi\u0119cim \/ Booking O\u015bwi\u0119cim","publisher":{"@id":"https:\/\/noclegioswiecim.eu\/#organization"},"potentialAction":[{"@type":"SearchAction","target":{"@type":"EntryPoint","urlTemplate":"https:\/\/noclegioswiecim.eu\/?s={search_term_string}"},"query-input":{"@type":"PropertyValueSpecification","valueRequired":true,"valueName":"search_term_string"}}],"inLanguage":"sk-SK"},{"@type":"Organization","@id":"https:\/\/noclegioswiecim.eu\/#organization","name":"Comfort Apartments","url":"https:\/\/noclegioswiecim.eu\/","logo":{"@type":"ImageObject","inLanguage":"sk-SK","@id":"https:\/\/noclegioswiecim.eu\/#\/schema\/logo\/image\/","url":"https:\/\/noclegioswiecim.eu\/wp-content\/uploads\/2023\/02\/favicona.png","contentUrl":"https:\/\/noclegioswiecim.eu\/wp-content\/uploads\/2023\/02\/favicona.png","width":200,"height":200,"caption":"Comfort Apartments"},"image":{"@id":"https:\/\/noclegioswiecim.eu\/#\/schema\/logo\/image\/"},"sameAs":["https:\/\/www.facebook.com\/oswiecimapartments\/","https:\/\/goo.gl\/maps\/H9x6rxoZWfK3ad1j6","https:\/\/www.instagram.com\/oswiecimapartments\/"]},{"@type":"Person","@id":"https:\/\/noclegioswiecim.eu\/#\/schema\/person\/feafb30ea03805a331616c6bfd80e947","name":"Patrycja","image":{"@type":"ImageObject","inLanguage":"sk-SK","@id":"https:\/\/secure.gravatar.com\/avatar\/7c37283748b62bb21affee70f751e75b04d527b2d023e14cdffee17064819ea3?s=96&d=mm&r=g","url":"https:\/\/secure.gravatar.com\/avatar\/7c37283748b62bb21affee70f751e75b04d527b2d023e14cdffee17064819ea3?s=96&d=mm&r=g","contentUrl":"https:\/\/secure.gravatar.com\/avatar\/7c37283748b62bb21affee70f751e75b04d527b2d023e14cdffee17064819ea3?s=96&d=mm&r=g","caption":"Patrycja"}}]}},"_links":{"self":[{"href":"https:\/\/noclegioswiecim.eu\/sk\/wp-json\/wp\/v2\/posts\/2744","targetHints":{"allow":["GET"]}}],"collection":[{"href":"https:\/\/noclegioswiecim.eu\/sk\/wp-json\/wp\/v2\/posts"}],"about":[{"href":"https:\/\/noclegioswiecim.eu\/sk\/wp-json\/wp\/v2\/types\/post"}],"author":[{"embeddable":true,"href":"https:\/\/noclegioswiecim.eu\/sk\/wp-json\/wp\/v2\/users\/2"}],"replies":[{"embeddable":true,"href":"https:\/\/noclegioswiecim.eu\/sk\/wp-json\/wp\/v2\/comments?post=2744"}],"version-history":[{"count":1,"href":"https:\/\/noclegioswiecim.eu\/sk\/wp-json\/wp\/v2\/posts\/2744\/revisions"}],"predecessor-version":[{"id":2751,"href":"https:\/\/noclegioswiecim.eu\/sk\/wp-json\/wp\/v2\/posts\/2744\/revisions\/2751"}],"wp:featuredmedia":[{"embeddable":true,"href":"https:\/\/noclegioswiecim.eu\/sk\/wp-json\/wp\/v2\/media\/2747"}],"wp:attachment":[{"href":"https:\/\/noclegioswiecim.eu\/sk\/wp-json\/wp\/v2\/media?parent=2744"}],"wp:term":[{"taxonomy":"category","embeddable":true,"href":"https:\/\/noclegioswiecim.eu\/sk\/wp-json\/wp\/v2\/categories?post=2744"},{"taxonomy":"post_tag","embeddable":true,"href":"https:\/\/noclegioswiecim.eu\/sk\/wp-json\/wp\/v2\/tags?post=2744"}],"curies":[{"name":"wp","href":"https:\/\/api.w.org\/{rel}","templated":true}]}}