{"id":2716,"date":"2023-07-13T12:23:00","date_gmt":"2023-07-13T10:23:00","guid":{"rendered":"https:\/\/noclegioswiecim.eu\/bez-kategorii\/solna-bana-wieliczka\/"},"modified":"2024-03-20T14:10:22","modified_gmt":"2024-03-20T13:10:22","slug":"solna-bana-wieliczka","status":"publish","type":"post","link":"https:\/\/noclegioswiecim.eu\/sk\/zaujimavosti\/solna-bana-wieliczka\/","title":{"rendered":"So\u013en\u00e1 ba\u0148a Wieliczka"},"content":{"rendered":"<p><strong>Vzdialenos\u0165 od zariadenia: <\/strong>69 km<\/p>\n<p class=\"kswAboutMine-title font-weight-normal\"><strong>Vedeli ste, \u017ee ba\u0148a je tak\u00e1 obrovsk\u00e1, \u017ee sa daj\u00fa presk\u00fama\u0165 len 2 % so\u013en\u00e9ho labyrintu?<\/strong><\/p>\n<p><strong>Kri\u0161t\u00e1\u013eov\u00e9 jaskyne, ktor\u00e9<\/strong> svojou kr\u00e1sou vyr\u00e1\u017eaj\u00fa dych, s\u00fa svetov\u00fdm unik\u00e1tom a neocenite\u013en\u00fdm pr\u00edrodn\u00fdm objektom v so\u013enej bani Wieliczka. Je to miesto, ktor\u00e9 je rozpr\u00e1vkov\u00e9 a z\u00e1rove\u0148 ve\u013emi jemn\u00e9.<\/p>\n<p>\u010co zostalo z miest, z ktor\u00fdch sa so\u013e \u0165a\u017eila? Komory ohromuj\u00face svojou ve\u013ekos\u0165ou, tvarom a charakterom. Ka\u017ed\u00fd z nich je kr\u00e1sny a v\u00fdnimo\u010dn\u00fd. Ka\u017ed\u00fd z nich m\u00e1 jedine\u010dn\u00fd pr\u00edbeh. Nen\u00e1jdete dve rovnak\u00e9 jamy, hoci ich je v bani takmer 2 500.<\/p>\n<p><strong>\u010eal\u0161ie inform\u00e1cie:<\/strong> <a href=\"https:\/\/www.kopalnia.pl\/\">www.kopalnia.pl<\/a><\/p>\n","protected":false},"excerpt":{"rendered":"<p>Vzdialenos\u0165: 69 km<\/p>\n","protected":false},"author":2,"featured_media":2723,"comment_status":"open","ping_status":"open","sticky":false,"template":"","format":"standard","meta":{"footnotes":""},"categories":[63],"tags":[],"class_list":["post-2716","post","type-post","status-publish","format-standard","has-post-thumbnail","hentry","category-zaujimavosti"],"yoast_head":"<!-- This site is optimized with the Yoast SEO plugin v27.5 - https:\/\/yoast.com\/product\/yoast-seo-wordpress\/ -->\n<title>So\u013en\u00e1 ba\u0148a Wieliczka - Comfort Apartments<\/title>\n<meta name=\"description\" content=\"Vedeli ste, \u017ee so\u013en\u00e1 ba\u0148a Wieliczka je tak\u00e1 obrovsk\u00e1, \u017ee m\u00f4\u017eete nav\u0161t\u00edvi\u0165 len 2 % so\u013en\u00e9ho labyrintu?\" \/>\n<meta name=\"robots\" content=\"index, follow, max-snippet:-1, max-image-preview:large, max-video-preview:-1\" \/>\n<link rel=\"canonical\" href=\"https:\/\/noclegioswiecim.eu\/sk\/?p=2716\" \/>\n<meta property=\"og:locale\" content=\"sk_SK\" \/>\n<meta property=\"og:type\" content=\"article\" \/>\n<meta property=\"og:title\" content=\"So\u013en\u00e1 ba\u0148a Wieliczka - Comfort Apartments\" \/>\n<meta property=\"og:description\" content=\"Vedeli ste, \u017ee so\u013en\u00e1 ba\u0148a Wieliczka je tak\u00e1 obrovsk\u00e1, \u017ee m\u00f4\u017eete nav\u0161t\u00edvi\u0165 len 2 % so\u013en\u00e9ho labyrintu?\" \/>\n<meta property=\"og:url\" content=\"https:\/\/noclegioswiecim.eu\/sk\/?p=2716\" \/>\n<meta property=\"og:site_name\" content=\"Comfort Apartments\" \/>\n<meta property=\"article:publisher\" content=\"https:\/\/www.facebook.com\/oswiecimapartments\/\" \/>\n<meta property=\"article:published_time\" content=\"2023-07-13T10:23:00+00:00\" \/>\n<meta property=\"article:modified_time\" content=\"2024-03-20T13:10:22+00:00\" \/>\n<meta property=\"og:image\" content=\"https:\/\/noclegioswiecim.eu\/wp-content\/uploads\/2023\/07\/1575px_trasa-turystyczna-galeria5-kopalnia-soli-wieliczka-08012020.jpg\" \/>\n\t<meta property=\"og:image:width\" content=\"1900\" \/>\n\t<meta property=\"og:image:height\" content=\"1267\" \/>\n\t<meta property=\"og:image:type\" content=\"image\/jpeg\" \/>\n<meta name=\"author\" content=\"Patrycja\" \/>\n<meta name=\"twitter:card\" content=\"summary_large_image\" \/>\n<meta name=\"twitter:label1\" content=\"Autor\" \/>\n\t<meta name=\"twitter:data1\" content=\"Patrycja\" \/>\n\t<meta name=\"twitter:label2\" content=\"Predpokladan\u00fd \u010das \u010d\u00edtania\" \/>\n\t<meta name=\"twitter:data2\" content=\"1 min\u00fata\" \/>\n<script type=\"application\/ld+json\" class=\"yoast-schema-graph\">{\"@context\":\"https:\\\/\\\/schema.org\",\"@graph\":[{\"@type\":\"Article\",\"@id\":\"https:\\\/\\\/noclegioswiecim.eu\\\/sk\\\/?p=2716#article\",\"isPartOf\":{\"@id\":\"https:\\\/\\\/noclegioswiecim.eu\\\/sk\\\/?p=2716\"},\"author\":{\"name\":\"Patrycja\",\"@id\":\"https:\\\/\\\/noclegioswiecim.eu\\\/#\\\/schema\\\/person\\\/feafb30ea03805a331616c6bfd80e947\"},\"headline\":\"So\u013en\u00e1 ba\u0148a Wieliczka\",\"datePublished\":\"2023-07-13T10:23:00+00:00\",\"dateModified\":\"2024-03-20T13:10:22+00:00\",\"mainEntityOfPage\":{\"@id\":\"https:\\\/\\\/noclegioswiecim.eu\\\/sk\\\/?p=2716\"},\"wordCount\":128,\"commentCount\":0,\"publisher\":{\"@id\":\"https:\\\/\\\/noclegioswiecim.eu\\\/#organization\"},\"image\":{\"@id\":\"https:\\\/\\\/noclegioswiecim.eu\\\/sk\\\/?p=2716#primaryimage\"},\"thumbnailUrl\":\"https:\\\/\\\/noclegioswiecim.eu\\\/wp-content\\\/uploads\\\/2023\\\/07\\\/1575px_trasa-turystyczna-galeria5-kopalnia-soli-wieliczka-08012020.jpg\",\"articleSection\":[\"Zauj\u00edmavosti\"],\"inLanguage\":\"sk-SK\",\"potentialAction\":[{\"@type\":\"CommentAction\",\"name\":\"Comment\",\"target\":[\"https:\\\/\\\/noclegioswiecim.eu\\\/sk\\\/?p=2716#respond\"]}]},{\"@type\":\"WebPage\",\"@id\":\"https:\\\/\\\/noclegioswiecim.eu\\\/sk\\\/?p=2716\",\"url\":\"https:\\\/\\\/noclegioswiecim.eu\\\/sk\\\/?p=2716\",\"name\":\"So\u013en\u00e1 ba\u0148a Wieliczka - Comfort Apartments\",\"isPartOf\":{\"@id\":\"https:\\\/\\\/noclegioswiecim.eu\\\/#website\"},\"primaryImageOfPage\":{\"@id\":\"https:\\\/\\\/noclegioswiecim.eu\\\/sk\\\/?p=2716#primaryimage\"},\"image\":{\"@id\":\"https:\\\/\\\/noclegioswiecim.eu\\\/sk\\\/?p=2716#primaryimage\"},\"thumbnailUrl\":\"https:\\\/\\\/noclegioswiecim.eu\\\/wp-content\\\/uploads\\\/2023\\\/07\\\/1575px_trasa-turystyczna-galeria5-kopalnia-soli-wieliczka-08012020.jpg\",\"datePublished\":\"2023-07-13T10:23:00+00:00\",\"dateModified\":\"2024-03-20T13:10:22+00:00\",\"description\":\"Vedeli ste, \u017ee so\u013en\u00e1 ba\u0148a Wieliczka je tak\u00e1 obrovsk\u00e1, \u017ee m\u00f4\u017eete nav\u0161t\u00edvi\u0165 len 2 % so\u013en\u00e9ho labyrintu?\",\"breadcrumb\":{\"@id\":\"https:\\\/\\\/noclegioswiecim.eu\\\/sk\\\/?p=2716#breadcrumb\"},\"inLanguage\":\"sk-SK\",\"potentialAction\":[{\"@type\":\"ReadAction\",\"target\":[\"https:\\\/\\\/noclegioswiecim.eu\\\/sk\\\/?p=2716\"]}]},{\"@type\":\"ImageObject\",\"inLanguage\":\"sk-SK\",\"@id\":\"https:\\\/\\\/noclegioswiecim.eu\\\/sk\\\/?p=2716#primaryimage\",\"url\":\"https:\\\/\\\/noclegioswiecim.eu\\\/wp-content\\\/uploads\\\/2023\\\/07\\\/1575px_trasa-turystyczna-galeria5-kopalnia-soli-wieliczka-08012020.jpg\",\"contentUrl\":\"https:\\\/\\\/noclegioswiecim.eu\\\/wp-content\\\/uploads\\\/2023\\\/07\\\/1575px_trasa-turystyczna-galeria5-kopalnia-soli-wieliczka-08012020.jpg\",\"width\":1900,\"height\":1267},{\"@type\":\"BreadcrumbList\",\"@id\":\"https:\\\/\\\/noclegioswiecim.eu\\\/sk\\\/?p=2716#breadcrumb\",\"itemListElement\":[{\"@type\":\"ListItem\",\"position\":1,\"name\":\"Strona g\u0142\u00f3wna\",\"item\":\"https:\\\/\\\/noclegioswiecim.eu\\\/sk\\\/\"},{\"@type\":\"ListItem\",\"position\":2,\"name\":\"So\u013en\u00e1 ba\u0148a Wieliczka\"}]},{\"@type\":\"WebSite\",\"@id\":\"https:\\\/\\\/noclegioswiecim.eu\\\/#website\",\"url\":\"https:\\\/\\\/noclegioswiecim.eu\\\/\",\"name\":\"Comfort Apartments\",\"description\":\"Noclegi O\u015bwi\u0119cim \\\/ Booking O\u015bwi\u0119cim\",\"publisher\":{\"@id\":\"https:\\\/\\\/noclegioswiecim.eu\\\/#organization\"},\"potentialAction\":[{\"@type\":\"SearchAction\",\"target\":{\"@type\":\"EntryPoint\",\"urlTemplate\":\"https:\\\/\\\/noclegioswiecim.eu\\\/?s={search_term_string}\"},\"query-input\":{\"@type\":\"PropertyValueSpecification\",\"valueRequired\":true,\"valueName\":\"search_term_string\"}}],\"inLanguage\":\"sk-SK\"},{\"@type\":\"Organization\",\"@id\":\"https:\\\/\\\/noclegioswiecim.eu\\\/#organization\",\"name\":\"Comfort Apartments\",\"url\":\"https:\\\/\\\/noclegioswiecim.eu\\\/\",\"logo\":{\"@type\":\"ImageObject\",\"inLanguage\":\"sk-SK\",\"@id\":\"https:\\\/\\\/noclegioswiecim.eu\\\/#\\\/schema\\\/logo\\\/image\\\/\",\"url\":\"https:\\\/\\\/noclegioswiecim.eu\\\/wp-content\\\/uploads\\\/2023\\\/02\\\/favicona.png\",\"contentUrl\":\"https:\\\/\\\/noclegioswiecim.eu\\\/wp-content\\\/uploads\\\/2023\\\/02\\\/favicona.png\",\"width\":200,\"height\":200,\"caption\":\"Comfort Apartments\"},\"image\":{\"@id\":\"https:\\\/\\\/noclegioswiecim.eu\\\/#\\\/schema\\\/logo\\\/image\\\/\"},\"sameAs\":[\"https:\\\/\\\/www.facebook.com\\\/oswiecimapartments\\\/\",\"https:\\\/\\\/goo.gl\\\/maps\\\/H9x6rxoZWfK3ad1j6\",\"https:\\\/\\\/www.instagram.com\\\/oswiecimapartments\\\/\"]},{\"@type\":\"Person\",\"@id\":\"https:\\\/\\\/noclegioswiecim.eu\\\/#\\\/schema\\\/person\\\/feafb30ea03805a331616c6bfd80e947\",\"name\":\"Patrycja\",\"image\":{\"@type\":\"ImageObject\",\"inLanguage\":\"sk-SK\",\"@id\":\"https:\\\/\\\/secure.gravatar.com\\\/avatar\\\/7c37283748b62bb21affee70f751e75b04d527b2d023e14cdffee17064819ea3?s=96&d=mm&r=g\",\"url\":\"https:\\\/\\\/secure.gravatar.com\\\/avatar\\\/7c37283748b62bb21affee70f751e75b04d527b2d023e14cdffee17064819ea3?s=96&d=mm&r=g\",\"contentUrl\":\"https:\\\/\\\/secure.gravatar.com\\\/avatar\\\/7c37283748b62bb21affee70f751e75b04d527b2d023e14cdffee17064819ea3?s=96&d=mm&r=g\",\"caption\":\"Patrycja\"}}]}<\/script>\n<!-- \/ Yoast SEO plugin. -->","yoast_head_json":{"title":"So\u013en\u00e1 ba\u0148a Wieliczka - Comfort Apartments","description":"Vedeli ste, \u017ee so\u013en\u00e1 ba\u0148a Wieliczka je tak\u00e1 obrovsk\u00e1, \u017ee m\u00f4\u017eete nav\u0161t\u00edvi\u0165 len 2 % so\u013en\u00e9ho labyrintu?","robots":{"index":"index","follow":"follow","max-snippet":"max-snippet:-1","max-image-preview":"max-image-preview:large","max-video-preview":"max-video-preview:-1"},"canonical":"https:\/\/noclegioswiecim.eu\/sk\/?p=2716","og_locale":"sk_SK","og_type":"article","og_title":"So\u013en\u00e1 ba\u0148a Wieliczka - Comfort Apartments","og_description":"Vedeli ste, \u017ee so\u013en\u00e1 ba\u0148a Wieliczka je tak\u00e1 obrovsk\u00e1, \u017ee m\u00f4\u017eete nav\u0161t\u00edvi\u0165 len 2 % so\u013en\u00e9ho labyrintu?","og_url":"https:\/\/noclegioswiecim.eu\/sk\/?p=2716","og_site_name":"Comfort Apartments","article_publisher":"https:\/\/www.facebook.com\/oswiecimapartments\/","article_published_time":"2023-07-13T10:23:00+00:00","article_modified_time":"2024-03-20T13:10:22+00:00","og_image":[{"width":1900,"height":1267,"url":"https:\/\/noclegioswiecim.eu\/wp-content\/uploads\/2023\/07\/1575px_trasa-turystyczna-galeria5-kopalnia-soli-wieliczka-08012020.jpg","type":"image\/jpeg"}],"author":"Patrycja","twitter_card":"summary_large_image","twitter_misc":{"Autor":"Patrycja","Predpokladan\u00fd \u010das \u010d\u00edtania":"1 min\u00fata"},"schema":{"@context":"https:\/\/schema.org","@graph":[{"@type":"Article","@id":"https:\/\/noclegioswiecim.eu\/sk\/?p=2716#article","isPartOf":{"@id":"https:\/\/noclegioswiecim.eu\/sk\/?p=2716"},"author":{"name":"Patrycja","@id":"https:\/\/noclegioswiecim.eu\/#\/schema\/person\/feafb30ea03805a331616c6bfd80e947"},"headline":"So\u013en\u00e1 ba\u0148a Wieliczka","datePublished":"2023-07-13T10:23:00+00:00","dateModified":"2024-03-20T13:10:22+00:00","mainEntityOfPage":{"@id":"https:\/\/noclegioswiecim.eu\/sk\/?p=2716"},"wordCount":128,"commentCount":0,"publisher":{"@id":"https:\/\/noclegioswiecim.eu\/#organization"},"image":{"@id":"https:\/\/noclegioswiecim.eu\/sk\/?p=2716#primaryimage"},"thumbnailUrl":"https:\/\/noclegioswiecim.eu\/wp-content\/uploads\/2023\/07\/1575px_trasa-turystyczna-galeria5-kopalnia-soli-wieliczka-08012020.jpg","articleSection":["Zauj\u00edmavosti"],"inLanguage":"sk-SK","potentialAction":[{"@type":"CommentAction","name":"Comment","target":["https:\/\/noclegioswiecim.eu\/sk\/?p=2716#respond"]}]},{"@type":"WebPage","@id":"https:\/\/noclegioswiecim.eu\/sk\/?p=2716","url":"https:\/\/noclegioswiecim.eu\/sk\/?p=2716","name":"So\u013en\u00e1 ba\u0148a Wieliczka - Comfort Apartments","isPartOf":{"@id":"https:\/\/noclegioswiecim.eu\/#website"},"primaryImageOfPage":{"@id":"https:\/\/noclegioswiecim.eu\/sk\/?p=2716#primaryimage"},"image":{"@id":"https:\/\/noclegioswiecim.eu\/sk\/?p=2716#primaryimage"},"thumbnailUrl":"https:\/\/noclegioswiecim.eu\/wp-content\/uploads\/2023\/07\/1575px_trasa-turystyczna-galeria5-kopalnia-soli-wieliczka-08012020.jpg","datePublished":"2023-07-13T10:23:00+00:00","dateModified":"2024-03-20T13:10:22+00:00","description":"Vedeli ste, \u017ee so\u013en\u00e1 ba\u0148a Wieliczka je tak\u00e1 obrovsk\u00e1, \u017ee m\u00f4\u017eete nav\u0161t\u00edvi\u0165 len 2 % so\u013en\u00e9ho labyrintu?","breadcrumb":{"@id":"https:\/\/noclegioswiecim.eu\/sk\/?p=2716#breadcrumb"},"inLanguage":"sk-SK","potentialAction":[{"@type":"ReadAction","target":["https:\/\/noclegioswiecim.eu\/sk\/?p=2716"]}]},{"@type":"ImageObject","inLanguage":"sk-SK","@id":"https:\/\/noclegioswiecim.eu\/sk\/?p=2716#primaryimage","url":"https:\/\/noclegioswiecim.eu\/wp-content\/uploads\/2023\/07\/1575px_trasa-turystyczna-galeria5-kopalnia-soli-wieliczka-08012020.jpg","contentUrl":"https:\/\/noclegioswiecim.eu\/wp-content\/uploads\/2023\/07\/1575px_trasa-turystyczna-galeria5-kopalnia-soli-wieliczka-08012020.jpg","width":1900,"height":1267},{"@type":"BreadcrumbList","@id":"https:\/\/noclegioswiecim.eu\/sk\/?p=2716#breadcrumb","itemListElement":[{"@type":"ListItem","position":1,"name":"Strona g\u0142\u00f3wna","item":"https:\/\/noclegioswiecim.eu\/sk\/"},{"@type":"ListItem","position":2,"name":"So\u013en\u00e1 ba\u0148a Wieliczka"}]},{"@type":"WebSite","@id":"https:\/\/noclegioswiecim.eu\/#website","url":"https:\/\/noclegioswiecim.eu\/","name":"Comfort Apartments","description":"Noclegi O\u015bwi\u0119cim \/ Booking O\u015bwi\u0119cim","publisher":{"@id":"https:\/\/noclegioswiecim.eu\/#organization"},"potentialAction":[{"@type":"SearchAction","target":{"@type":"EntryPoint","urlTemplate":"https:\/\/noclegioswiecim.eu\/?s={search_term_string}"},"query-input":{"@type":"PropertyValueSpecification","valueRequired":true,"valueName":"search_term_string"}}],"inLanguage":"sk-SK"},{"@type":"Organization","@id":"https:\/\/noclegioswiecim.eu\/#organization","name":"Comfort Apartments","url":"https:\/\/noclegioswiecim.eu\/","logo":{"@type":"ImageObject","inLanguage":"sk-SK","@id":"https:\/\/noclegioswiecim.eu\/#\/schema\/logo\/image\/","url":"https:\/\/noclegioswiecim.eu\/wp-content\/uploads\/2023\/02\/favicona.png","contentUrl":"https:\/\/noclegioswiecim.eu\/wp-content\/uploads\/2023\/02\/favicona.png","width":200,"height":200,"caption":"Comfort Apartments"},"image":{"@id":"https:\/\/noclegioswiecim.eu\/#\/schema\/logo\/image\/"},"sameAs":["https:\/\/www.facebook.com\/oswiecimapartments\/","https:\/\/goo.gl\/maps\/H9x6rxoZWfK3ad1j6","https:\/\/www.instagram.com\/oswiecimapartments\/"]},{"@type":"Person","@id":"https:\/\/noclegioswiecim.eu\/#\/schema\/person\/feafb30ea03805a331616c6bfd80e947","name":"Patrycja","image":{"@type":"ImageObject","inLanguage":"sk-SK","@id":"https:\/\/secure.gravatar.com\/avatar\/7c37283748b62bb21affee70f751e75b04d527b2d023e14cdffee17064819ea3?s=96&d=mm&r=g","url":"https:\/\/secure.gravatar.com\/avatar\/7c37283748b62bb21affee70f751e75b04d527b2d023e14cdffee17064819ea3?s=96&d=mm&r=g","contentUrl":"https:\/\/secure.gravatar.com\/avatar\/7c37283748b62bb21affee70f751e75b04d527b2d023e14cdffee17064819ea3?s=96&d=mm&r=g","caption":"Patrycja"}}]}},"_links":{"self":[{"href":"https:\/\/noclegioswiecim.eu\/sk\/wp-json\/wp\/v2\/posts\/2716","targetHints":{"allow":["GET"]}}],"collection":[{"href":"https:\/\/noclegioswiecim.eu\/sk\/wp-json\/wp\/v2\/posts"}],"about":[{"href":"https:\/\/noclegioswiecim.eu\/sk\/wp-json\/wp\/v2\/types\/post"}],"author":[{"embeddable":true,"href":"https:\/\/noclegioswiecim.eu\/sk\/wp-json\/wp\/v2\/users\/2"}],"replies":[{"embeddable":true,"href":"https:\/\/noclegioswiecim.eu\/sk\/wp-json\/wp\/v2\/comments?post=2716"}],"version-history":[{"count":1,"href":"https:\/\/noclegioswiecim.eu\/sk\/wp-json\/wp\/v2\/posts\/2716\/revisions"}],"predecessor-version":[{"id":2726,"href":"https:\/\/noclegioswiecim.eu\/sk\/wp-json\/wp\/v2\/posts\/2716\/revisions\/2726"}],"wp:featuredmedia":[{"embeddable":true,"href":"https:\/\/noclegioswiecim.eu\/sk\/wp-json\/wp\/v2\/media\/2723"}],"wp:attachment":[{"href":"https:\/\/noclegioswiecim.eu\/sk\/wp-json\/wp\/v2\/media?parent=2716"}],"wp:term":[{"taxonomy":"category","embeddable":true,"href":"https:\/\/noclegioswiecim.eu\/sk\/wp-json\/wp\/v2\/categories?post=2716"},{"taxonomy":"post_tag","embeddable":true,"href":"https:\/\/noclegioswiecim.eu\/sk\/wp-json\/wp\/v2\/tags?post=2716"}],"curies":[{"name":"wp","href":"https:\/\/api.w.org\/{rel}","templated":true}]}}