{"id":2652,"date":"2023-07-13T13:37:32","date_gmt":"2023-07-13T11:37:32","guid":{"rendered":"https:\/\/noclegioswiecim.eu\/bez-kategorii\/zakopane-termalne-kupele-zakopane\/"},"modified":"2024-03-20T14:09:00","modified_gmt":"2024-03-20T13:09:00","slug":"zakopane-termalne-kupele-zakopane","status":"publish","type":"post","link":"https:\/\/noclegioswiecim.eu\/sk\/zaujimavosti\/zakopane-termalne-kupele-zakopane\/","title":{"rendered":"Zakopan\u00e9 &#8211; term\u00e1lne k\u00fapele Zakopan\u00e9"},"content":{"rendered":"<div><strong>Vzdialenos\u0165 od zariadenia:<\/strong> 144 km<\/div>\n<div><\/div>\n<div><strong>Term\u00e1lne baz\u00e9ny v srdci Tatier!<\/strong><\/div>\n<div>1510 m\u00b2 naplnen\u00fdch pr\u00edrodnou lie\u010divou vodou bohatou na cenn\u00e9 miner\u00e1ly, ako je v\u00e1pnik, sod\u00edk, s\u00edra, hor\u010d\u00edk, drasl\u00edk a krem\u00edk. Z\u00e1bavn\u00e1 a relaxa\u010dn\u00e1 z\u00f3na s rekrea\u010dn\u00fdmi baz\u00e9nmi vybaven\u00fdmi v\u00edrivkami, bi\u010dmi, kask\u00e1dami a vodn\u00fdmi gejz\u00edrmi, vodnou hojda\u010dkou, r\u00fdchlou riekou, 25-metrov\u00fdm \u0161portov\u00fdm baz\u00e9nom, 5 toboganmi s celkovou d\u013a\u017ekou takmer 320 m, v\u00edrivkami, detsk\u00fdm baz\u00e9nom a baz\u00e9nom so s\u00edrnou vodou.<\/div>\n<div>\n<p class=\"fs-1 mt-0 mb-3\"><strong>Priestor sauny<\/strong><\/p>\n<p>Miesto pln\u00e9 oddychu a relaxu s oddelen\u00fdmi relaxa\u010dn\u00fdmi miestnos\u0165ami. K dispoz\u00edcii m\u00e1te f\u00ednsku saunu, so\u013en\u00fa saunu, bio saunu, parn\u00fd k\u00fape\u013e a zimn\u00fa kab\u00ednu.<br \/>\nSauna je netextiln\u00fd priestor, do ktor\u00e9ho maj\u00fa pr\u00edstup len dospel\u00ed.<\/p>\n<\/div>\n<p><strong>So\u013en\u00e1 jasky\u0148a<\/strong><\/p>\n<p>Pobyt v so\u013enej jaskyni s graduj\u00facimi so\u013en\u00fdmi ve\u017eami je komplexnou rekrea\u010dnou aktivitou spojenou so zdraviu prospe\u0161n\u00fdmi so\u013en\u00fdmi inhal\u00e1ciami. Negat\u00edvne ionizovan\u00fd vzduch pom\u00e1ha zlep\u0161ova\u0165 zdravie a p\u00f4sob\u00ed ako podporn\u00e1 lie\u010dba mnoh\u00fdch ochoren\u00ed.<\/p>\n<p><strong>\u010eal\u0161ie inform\u00e1cie:<\/strong> <a href=\"https:\/\/www.termy-zakopianskie.pl\/\">www.termy-zakopianskie.pl<\/a><\/p>\n","protected":false},"excerpt":{"rendered":"<p>Vzdialenos\u0165: 144 km<\/p>\n","protected":false},"author":2,"featured_media":2653,"comment_status":"open","ping_status":"open","sticky":false,"template":"","format":"standard","meta":{"footnotes":""},"categories":[63],"tags":[],"class_list":["post-2652","post","type-post","status-publish","format-standard","has-post-thumbnail","hentry","category-zaujimavosti"],"yoast_head":"<!-- This site is optimized with the Yoast SEO plugin v27.5 - https:\/\/yoast.com\/product\/yoast-seo-wordpress\/ -->\n<title>Zakopan\u00e9 - term\u00e1lne k\u00fapele Zakopan\u00e9 - Comfort Apartments<\/title>\n<meta name=\"description\" content=\"Term\u00e1lne baz\u00e9ny v srdci Tatier! 1510 m\u00b2 naplnen\u00fdch pr\u00edrodnou lie\u010divou vodou bohatou na cenn\u00e9 miner\u00e1ly.\" \/>\n<meta name=\"robots\" content=\"index, follow, max-snippet:-1, max-image-preview:large, max-video-preview:-1\" \/>\n<link rel=\"canonical\" href=\"https:\/\/noclegioswiecim.eu\/sk\/?p=2652\" \/>\n<meta property=\"og:locale\" content=\"sk_SK\" \/>\n<meta property=\"og:type\" content=\"article\" \/>\n<meta property=\"og:title\" content=\"Zakopan\u00e9 - term\u00e1lne k\u00fapele Zakopan\u00e9 - Comfort Apartments\" \/>\n<meta property=\"og:description\" content=\"Term\u00e1lne baz\u00e9ny v srdci Tatier! 1510 m\u00b2 naplnen\u00fdch pr\u00edrodnou lie\u010divou vodou bohatou na cenn\u00e9 miner\u00e1ly.\" \/>\n<meta property=\"og:url\" content=\"https:\/\/noclegioswiecim.eu\/sk\/?p=2652\" \/>\n<meta property=\"og:site_name\" content=\"Comfort Apartments\" \/>\n<meta property=\"article:publisher\" content=\"https:\/\/www.facebook.com\/oswiecimapartments\/\" \/>\n<meta property=\"article:published_time\" content=\"2023-07-13T11:37:32+00:00\" \/>\n<meta property=\"article:modified_time\" content=\"2024-03-20T13:09:00+00:00\" \/>\n<meta property=\"og:image\" content=\"https:\/\/noclegioswiecim.eu\/wp-content\/uploads\/2023\/07\/termy-zakopianskie-62.jpg\" \/>\n\t<meta property=\"og:image:width\" content=\"1900\" \/>\n\t<meta property=\"og:image:height\" content=\"1231\" \/>\n\t<meta property=\"og:image:type\" content=\"image\/jpeg\" \/>\n<meta name=\"author\" content=\"Patrycja\" \/>\n<meta name=\"twitter:card\" content=\"summary_large_image\" \/>\n<meta name=\"twitter:label1\" content=\"Autor\" \/>\n\t<meta name=\"twitter:data1\" content=\"Patrycja\" \/>\n\t<meta name=\"twitter:label2\" content=\"Predpokladan\u00fd \u010das \u010d\u00edtania\" \/>\n\t<meta name=\"twitter:data2\" content=\"1 min\u00fata\" \/>\n<script type=\"application\/ld+json\" class=\"yoast-schema-graph\">{\"@context\":\"https:\\\/\\\/schema.org\",\"@graph\":[{\"@type\":\"Article\",\"@id\":\"https:\\\/\\\/noclegioswiecim.eu\\\/sk\\\/?p=2652#article\",\"isPartOf\":{\"@id\":\"https:\\\/\\\/noclegioswiecim.eu\\\/sk\\\/?p=2652\"},\"author\":{\"name\":\"Patrycja\",\"@id\":\"https:\\\/\\\/noclegioswiecim.eu\\\/#\\\/schema\\\/person\\\/feafb30ea03805a331616c6bfd80e947\"},\"headline\":\"Zakopan\u00e9 &#8211; term\u00e1lne k\u00fapele Zakopan\u00e9\",\"datePublished\":\"2023-07-13T11:37:32+00:00\",\"dateModified\":\"2024-03-20T13:09:00+00:00\",\"mainEntityOfPage\":{\"@id\":\"https:\\\/\\\/noclegioswiecim.eu\\\/sk\\\/?p=2652\"},\"wordCount\":210,\"commentCount\":0,\"publisher\":{\"@id\":\"https:\\\/\\\/noclegioswiecim.eu\\\/#organization\"},\"image\":{\"@id\":\"https:\\\/\\\/noclegioswiecim.eu\\\/sk\\\/?p=2652#primaryimage\"},\"thumbnailUrl\":\"https:\\\/\\\/noclegioswiecim.eu\\\/wp-content\\\/uploads\\\/2023\\\/07\\\/termy-zakopianskie-62.jpg\",\"articleSection\":[\"Zauj\u00edmavosti\"],\"inLanguage\":\"sk-SK\",\"potentialAction\":[{\"@type\":\"CommentAction\",\"name\":\"Comment\",\"target\":[\"https:\\\/\\\/noclegioswiecim.eu\\\/sk\\\/?p=2652#respond\"]}]},{\"@type\":\"WebPage\",\"@id\":\"https:\\\/\\\/noclegioswiecim.eu\\\/sk\\\/?p=2652\",\"url\":\"https:\\\/\\\/noclegioswiecim.eu\\\/sk\\\/?p=2652\",\"name\":\"Zakopan\u00e9 - term\u00e1lne k\u00fapele Zakopan\u00e9 - Comfort Apartments\",\"isPartOf\":{\"@id\":\"https:\\\/\\\/noclegioswiecim.eu\\\/#website\"},\"primaryImageOfPage\":{\"@id\":\"https:\\\/\\\/noclegioswiecim.eu\\\/sk\\\/?p=2652#primaryimage\"},\"image\":{\"@id\":\"https:\\\/\\\/noclegioswiecim.eu\\\/sk\\\/?p=2652#primaryimage\"},\"thumbnailUrl\":\"https:\\\/\\\/noclegioswiecim.eu\\\/wp-content\\\/uploads\\\/2023\\\/07\\\/termy-zakopianskie-62.jpg\",\"datePublished\":\"2023-07-13T11:37:32+00:00\",\"dateModified\":\"2024-03-20T13:09:00+00:00\",\"description\":\"Term\u00e1lne baz\u00e9ny v srdci Tatier! 1510 m\u00b2 naplnen\u00fdch pr\u00edrodnou lie\u010divou vodou bohatou na cenn\u00e9 miner\u00e1ly.\",\"breadcrumb\":{\"@id\":\"https:\\\/\\\/noclegioswiecim.eu\\\/sk\\\/?p=2652#breadcrumb\"},\"inLanguage\":\"sk-SK\",\"potentialAction\":[{\"@type\":\"ReadAction\",\"target\":[\"https:\\\/\\\/noclegioswiecim.eu\\\/sk\\\/?p=2652\"]}]},{\"@type\":\"ImageObject\",\"inLanguage\":\"sk-SK\",\"@id\":\"https:\\\/\\\/noclegioswiecim.eu\\\/sk\\\/?p=2652#primaryimage\",\"url\":\"https:\\\/\\\/noclegioswiecim.eu\\\/wp-content\\\/uploads\\\/2023\\\/07\\\/termy-zakopianskie-62.jpg\",\"contentUrl\":\"https:\\\/\\\/noclegioswiecim.eu\\\/wp-content\\\/uploads\\\/2023\\\/07\\\/termy-zakopianskie-62.jpg\",\"width\":1900,\"height\":1231},{\"@type\":\"BreadcrumbList\",\"@id\":\"https:\\\/\\\/noclegioswiecim.eu\\\/sk\\\/?p=2652#breadcrumb\",\"itemListElement\":[{\"@type\":\"ListItem\",\"position\":1,\"name\":\"Strona g\u0142\u00f3wna\",\"item\":\"https:\\\/\\\/noclegioswiecim.eu\\\/sk\\\/\"},{\"@type\":\"ListItem\",\"position\":2,\"name\":\"Zakopan\u00e9 &#8211; term\u00e1lne k\u00fapele Zakopan\u00e9\"}]},{\"@type\":\"WebSite\",\"@id\":\"https:\\\/\\\/noclegioswiecim.eu\\\/#website\",\"url\":\"https:\\\/\\\/noclegioswiecim.eu\\\/\",\"name\":\"Comfort Apartments\",\"description\":\"Noclegi O\u015bwi\u0119cim \\\/ Booking O\u015bwi\u0119cim\",\"publisher\":{\"@id\":\"https:\\\/\\\/noclegioswiecim.eu\\\/#organization\"},\"potentialAction\":[{\"@type\":\"SearchAction\",\"target\":{\"@type\":\"EntryPoint\",\"urlTemplate\":\"https:\\\/\\\/noclegioswiecim.eu\\\/?s={search_term_string}\"},\"query-input\":{\"@type\":\"PropertyValueSpecification\",\"valueRequired\":true,\"valueName\":\"search_term_string\"}}],\"inLanguage\":\"sk-SK\"},{\"@type\":\"Organization\",\"@id\":\"https:\\\/\\\/noclegioswiecim.eu\\\/#organization\",\"name\":\"Comfort Apartments\",\"url\":\"https:\\\/\\\/noclegioswiecim.eu\\\/\",\"logo\":{\"@type\":\"ImageObject\",\"inLanguage\":\"sk-SK\",\"@id\":\"https:\\\/\\\/noclegioswiecim.eu\\\/#\\\/schema\\\/logo\\\/image\\\/\",\"url\":\"https:\\\/\\\/noclegioswiecim.eu\\\/wp-content\\\/uploads\\\/2023\\\/02\\\/favicona.png\",\"contentUrl\":\"https:\\\/\\\/noclegioswiecim.eu\\\/wp-content\\\/uploads\\\/2023\\\/02\\\/favicona.png\",\"width\":200,\"height\":200,\"caption\":\"Comfort Apartments\"},\"image\":{\"@id\":\"https:\\\/\\\/noclegioswiecim.eu\\\/#\\\/schema\\\/logo\\\/image\\\/\"},\"sameAs\":[\"https:\\\/\\\/www.facebook.com\\\/oswiecimapartments\\\/\",\"https:\\\/\\\/goo.gl\\\/maps\\\/H9x6rxoZWfK3ad1j6\",\"https:\\\/\\\/www.instagram.com\\\/oswiecimapartments\\\/\"]},{\"@type\":\"Person\",\"@id\":\"https:\\\/\\\/noclegioswiecim.eu\\\/#\\\/schema\\\/person\\\/feafb30ea03805a331616c6bfd80e947\",\"name\":\"Patrycja\",\"image\":{\"@type\":\"ImageObject\",\"inLanguage\":\"sk-SK\",\"@id\":\"https:\\\/\\\/secure.gravatar.com\\\/avatar\\\/7c37283748b62bb21affee70f751e75b04d527b2d023e14cdffee17064819ea3?s=96&d=mm&r=g\",\"url\":\"https:\\\/\\\/secure.gravatar.com\\\/avatar\\\/7c37283748b62bb21affee70f751e75b04d527b2d023e14cdffee17064819ea3?s=96&d=mm&r=g\",\"contentUrl\":\"https:\\\/\\\/secure.gravatar.com\\\/avatar\\\/7c37283748b62bb21affee70f751e75b04d527b2d023e14cdffee17064819ea3?s=96&d=mm&r=g\",\"caption\":\"Patrycja\"}}]}<\/script>\n<!-- \/ Yoast SEO plugin. -->","yoast_head_json":{"title":"Zakopan\u00e9 - term\u00e1lne k\u00fapele Zakopan\u00e9 - Comfort Apartments","description":"Term\u00e1lne baz\u00e9ny v srdci Tatier! 1510 m\u00b2 naplnen\u00fdch pr\u00edrodnou lie\u010divou vodou bohatou na cenn\u00e9 miner\u00e1ly.","robots":{"index":"index","follow":"follow","max-snippet":"max-snippet:-1","max-image-preview":"max-image-preview:large","max-video-preview":"max-video-preview:-1"},"canonical":"https:\/\/noclegioswiecim.eu\/sk\/?p=2652","og_locale":"sk_SK","og_type":"article","og_title":"Zakopan\u00e9 - term\u00e1lne k\u00fapele Zakopan\u00e9 - Comfort Apartments","og_description":"Term\u00e1lne baz\u00e9ny v srdci Tatier! 1510 m\u00b2 naplnen\u00fdch pr\u00edrodnou lie\u010divou vodou bohatou na cenn\u00e9 miner\u00e1ly.","og_url":"https:\/\/noclegioswiecim.eu\/sk\/?p=2652","og_site_name":"Comfort Apartments","article_publisher":"https:\/\/www.facebook.com\/oswiecimapartments\/","article_published_time":"2023-07-13T11:37:32+00:00","article_modified_time":"2024-03-20T13:09:00+00:00","og_image":[{"width":1900,"height":1231,"url":"https:\/\/noclegioswiecim.eu\/wp-content\/uploads\/2023\/07\/termy-zakopianskie-62.jpg","type":"image\/jpeg"}],"author":"Patrycja","twitter_card":"summary_large_image","twitter_misc":{"Autor":"Patrycja","Predpokladan\u00fd \u010das \u010d\u00edtania":"1 min\u00fata"},"schema":{"@context":"https:\/\/schema.org","@graph":[{"@type":"Article","@id":"https:\/\/noclegioswiecim.eu\/sk\/?p=2652#article","isPartOf":{"@id":"https:\/\/noclegioswiecim.eu\/sk\/?p=2652"},"author":{"name":"Patrycja","@id":"https:\/\/noclegioswiecim.eu\/#\/schema\/person\/feafb30ea03805a331616c6bfd80e947"},"headline":"Zakopan\u00e9 &#8211; term\u00e1lne k\u00fapele Zakopan\u00e9","datePublished":"2023-07-13T11:37:32+00:00","dateModified":"2024-03-20T13:09:00+00:00","mainEntityOfPage":{"@id":"https:\/\/noclegioswiecim.eu\/sk\/?p=2652"},"wordCount":210,"commentCount":0,"publisher":{"@id":"https:\/\/noclegioswiecim.eu\/#organization"},"image":{"@id":"https:\/\/noclegioswiecim.eu\/sk\/?p=2652#primaryimage"},"thumbnailUrl":"https:\/\/noclegioswiecim.eu\/wp-content\/uploads\/2023\/07\/termy-zakopianskie-62.jpg","articleSection":["Zauj\u00edmavosti"],"inLanguage":"sk-SK","potentialAction":[{"@type":"CommentAction","name":"Comment","target":["https:\/\/noclegioswiecim.eu\/sk\/?p=2652#respond"]}]},{"@type":"WebPage","@id":"https:\/\/noclegioswiecim.eu\/sk\/?p=2652","url":"https:\/\/noclegioswiecim.eu\/sk\/?p=2652","name":"Zakopan\u00e9 - term\u00e1lne k\u00fapele Zakopan\u00e9 - Comfort Apartments","isPartOf":{"@id":"https:\/\/noclegioswiecim.eu\/#website"},"primaryImageOfPage":{"@id":"https:\/\/noclegioswiecim.eu\/sk\/?p=2652#primaryimage"},"image":{"@id":"https:\/\/noclegioswiecim.eu\/sk\/?p=2652#primaryimage"},"thumbnailUrl":"https:\/\/noclegioswiecim.eu\/wp-content\/uploads\/2023\/07\/termy-zakopianskie-62.jpg","datePublished":"2023-07-13T11:37:32+00:00","dateModified":"2024-03-20T13:09:00+00:00","description":"Term\u00e1lne baz\u00e9ny v srdci Tatier! 1510 m\u00b2 naplnen\u00fdch pr\u00edrodnou lie\u010divou vodou bohatou na cenn\u00e9 miner\u00e1ly.","breadcrumb":{"@id":"https:\/\/noclegioswiecim.eu\/sk\/?p=2652#breadcrumb"},"inLanguage":"sk-SK","potentialAction":[{"@type":"ReadAction","target":["https:\/\/noclegioswiecim.eu\/sk\/?p=2652"]}]},{"@type":"ImageObject","inLanguage":"sk-SK","@id":"https:\/\/noclegioswiecim.eu\/sk\/?p=2652#primaryimage","url":"https:\/\/noclegioswiecim.eu\/wp-content\/uploads\/2023\/07\/termy-zakopianskie-62.jpg","contentUrl":"https:\/\/noclegioswiecim.eu\/wp-content\/uploads\/2023\/07\/termy-zakopianskie-62.jpg","width":1900,"height":1231},{"@type":"BreadcrumbList","@id":"https:\/\/noclegioswiecim.eu\/sk\/?p=2652#breadcrumb","itemListElement":[{"@type":"ListItem","position":1,"name":"Strona g\u0142\u00f3wna","item":"https:\/\/noclegioswiecim.eu\/sk\/"},{"@type":"ListItem","position":2,"name":"Zakopan\u00e9 &#8211; term\u00e1lne k\u00fapele Zakopan\u00e9"}]},{"@type":"WebSite","@id":"https:\/\/noclegioswiecim.eu\/#website","url":"https:\/\/noclegioswiecim.eu\/","name":"Comfort Apartments","description":"Noclegi O\u015bwi\u0119cim \/ Booking O\u015bwi\u0119cim","publisher":{"@id":"https:\/\/noclegioswiecim.eu\/#organization"},"potentialAction":[{"@type":"SearchAction","target":{"@type":"EntryPoint","urlTemplate":"https:\/\/noclegioswiecim.eu\/?s={search_term_string}"},"query-input":{"@type":"PropertyValueSpecification","valueRequired":true,"valueName":"search_term_string"}}],"inLanguage":"sk-SK"},{"@type":"Organization","@id":"https:\/\/noclegioswiecim.eu\/#organization","name":"Comfort Apartments","url":"https:\/\/noclegioswiecim.eu\/","logo":{"@type":"ImageObject","inLanguage":"sk-SK","@id":"https:\/\/noclegioswiecim.eu\/#\/schema\/logo\/image\/","url":"https:\/\/noclegioswiecim.eu\/wp-content\/uploads\/2023\/02\/favicona.png","contentUrl":"https:\/\/noclegioswiecim.eu\/wp-content\/uploads\/2023\/02\/favicona.png","width":200,"height":200,"caption":"Comfort Apartments"},"image":{"@id":"https:\/\/noclegioswiecim.eu\/#\/schema\/logo\/image\/"},"sameAs":["https:\/\/www.facebook.com\/oswiecimapartments\/","https:\/\/goo.gl\/maps\/H9x6rxoZWfK3ad1j6","https:\/\/www.instagram.com\/oswiecimapartments\/"]},{"@type":"Person","@id":"https:\/\/noclegioswiecim.eu\/#\/schema\/person\/feafb30ea03805a331616c6bfd80e947","name":"Patrycja","image":{"@type":"ImageObject","inLanguage":"sk-SK","@id":"https:\/\/secure.gravatar.com\/avatar\/7c37283748b62bb21affee70f751e75b04d527b2d023e14cdffee17064819ea3?s=96&d=mm&r=g","url":"https:\/\/secure.gravatar.com\/avatar\/7c37283748b62bb21affee70f751e75b04d527b2d023e14cdffee17064819ea3?s=96&d=mm&r=g","contentUrl":"https:\/\/secure.gravatar.com\/avatar\/7c37283748b62bb21affee70f751e75b04d527b2d023e14cdffee17064819ea3?s=96&d=mm&r=g","caption":"Patrycja"}}]}},"_links":{"self":[{"href":"https:\/\/noclegioswiecim.eu\/sk\/wp-json\/wp\/v2\/posts\/2652","targetHints":{"allow":["GET"]}}],"collection":[{"href":"https:\/\/noclegioswiecim.eu\/sk\/wp-json\/wp\/v2\/posts"}],"about":[{"href":"https:\/\/noclegioswiecim.eu\/sk\/wp-json\/wp\/v2\/types\/post"}],"author":[{"embeddable":true,"href":"https:\/\/noclegioswiecim.eu\/sk\/wp-json\/wp\/v2\/users\/2"}],"replies":[{"embeddable":true,"href":"https:\/\/noclegioswiecim.eu\/sk\/wp-json\/wp\/v2\/comments?post=2652"}],"version-history":[{"count":1,"href":"https:\/\/noclegioswiecim.eu\/sk\/wp-json\/wp\/v2\/posts\/2652\/revisions"}],"predecessor-version":[{"id":2654,"href":"https:\/\/noclegioswiecim.eu\/sk\/wp-json\/wp\/v2\/posts\/2652\/revisions\/2654"}],"wp:featuredmedia":[{"embeddable":true,"href":"https:\/\/noclegioswiecim.eu\/sk\/wp-json\/wp\/v2\/media\/2653"}],"wp:attachment":[{"href":"https:\/\/noclegioswiecim.eu\/sk\/wp-json\/wp\/v2\/media?parent=2652"}],"wp:term":[{"taxonomy":"category","embeddable":true,"href":"https:\/\/noclegioswiecim.eu\/sk\/wp-json\/wp\/v2\/categories?post=2652"},{"taxonomy":"post_tag","embeddable":true,"href":"https:\/\/noclegioswiecim.eu\/sk\/wp-json\/wp\/v2\/tags?post=2652"}],"curies":[{"name":"wp","href":"https:\/\/api.w.org\/{rel}","templated":true}]}}