{"id":2521,"date":"2023-07-26T11:20:30","date_gmt":"2023-07-26T09:20:30","guid":{"rendered":"https:\/\/noclegioswiecim.eu\/bez-kategorii\/centrum-svateho-jana-svaty-maximilian-v-harmozi\/"},"modified":"2024-03-20T13:32:20","modified_gmt":"2024-03-20T12:32:20","slug":"centrum-svateho-jana-svaty-maximilian-v-harmozi","status":"publish","type":"post","link":"https:\/\/noclegioswiecim.eu\/sk\/zaujimavosti\/centrum-svateho-jana-svaty-maximilian-v-harmozi\/","title":{"rendered":"Centrum sv\u00e4t\u00e9ho J\u00e1na. Sv\u00e4t\u00fd Maximili\u00e1n v Harm\u00f3\u017ei"},"content":{"rendered":"<p><strong>Vzdialenos\u0165 od miesta <\/strong>: 8 km<\/p>\n<section class=\"elementor-section elementor-top-section elementor-element elementor-element-2866487b elementor-section-boxed elementor-section-height-default elementor-section-height-default\" data-id=\"2866487b\" data-element_type=\"section\">\n<div class=\"elementor-container elementor-column-gap-default\">\n<div class=\"elementor-column elementor-col-100 elementor-top-column elementor-element elementor-element-4d7f16bf\" data-id=\"4d7f16bf\" data-element_type=\"column\">\n<div class=\"elementor-widget-wrap elementor-element-populated\">\n<div class=\"elementor-element elementor-element-707a38c6 elementor-widget elementor-widget-image-text-banner\" data-id=\"707a38c6\" data-element_type=\"widget\" data-widget_type=\"image-text-banner.default\">\n<div class=\"elementor-widget-container\">\n<div class=\"fr-elementor-image-text-banner\">\n<div class=\"main-wrapper\">\n<div class=\"banner-image\">\n<p class=\"additional-desc\">Centrum bolo zriaden\u00e9 ako vot\u00edvny dar v\u010faky za \u017eivot, dielo a mu\u010den\u00edcku smr\u0165 sv\u00e4t\u00e9ho J\u00e1na z Boha. Maximili\u00e1n. Jeho cie\u013eom je \u0161\u00edri\u0165 jeho \u010des\u0165, poznanie jeho charizmy a propagova\u0165 my\u0161lienku &#8222;v\u00ed\u0165aznej L\u00e1sky&#8220;, prostredn\u00edctvom ktorej Boh zv\u00ed\u0165azil v sv. Maximili\u00e1na, aby mohol by\u0165 svedkom tejto l\u00e1sky na n\u00e1mest\u00ed a v bunkri smrti v Osvien\u010dime.<\/p>\n<\/div>\n<\/div>\n<\/div>\n<\/div>\n<\/div>\n<\/div>\n<\/div>\n<\/div>\n<\/section>\n<section class=\"elementor-section elementor-top-section elementor-element elementor-element-19a9d4c6 elementor-section-boxed elementor-section-height-default elementor-section-height-default\" data-id=\"19a9d4c6\" data-element_type=\"section\">\n<div class=\"elementor-container elementor-column-gap-default\">\n<div class=\"elementor-column elementor-col-100 elementor-top-column elementor-element elementor-element-5a23cae2\" data-id=\"5a23cae2\" data-element_type=\"column\">\n<div class=\"elementor-widget-wrap elementor-element-populated\">\n<div class=\"elementor-element elementor-element-13178202 elementor-widget elementor-widget-text-editor\" data-id=\"13178202\" data-element_type=\"widget\" data-widget_type=\"text-editor.default\">\n<div class=\"elementor-widget-container\">\n<p>Je to miesto, ktor\u00e9 sl\u00fa\u017ei na modlitbu, ako aj na posilnenie mieru, l\u00e1sky a zmierenia medzi \u013eu\u010fmi r\u00f4znych n\u00e1rodov a n\u00e1bo\u017eenstiev v duchu sv. Franti\u0161ka. Franti\u0161ka z Assisi a sv\u00e4t\u00e9ho J\u00e1na z Boha. Maximili\u00e1n Kolbe. M\u00f4\u017eete tu za\u017ei\u0165 duchovn\u00fa starostlivos\u0165, dni rozj\u00edmania, rekolekcie alebo sa z\u00fa\u010dastni\u0165 na vedeckom symp\u00f3ziu. Je to aj miesto spomienky a modlitby za t\u00fdch, ktor\u00ed zahynuli v koncentra\u010dnom t\u00e1bore.<\/p>\n<p>Viac inform\u00e1ci\u00ed: <a href=\"http:\/\/www.harmeze.franciszkanie.pl\/centrum\">www.harmeze.franciszkanie.pl\/centrum<\/a><\/p>\n<\/div>\n<\/div>\n<\/div>\n<\/div>\n<\/div>\n<\/section>\n","protected":false},"excerpt":{"rendered":"<p>Vzdialenos\u0165 od miesta: 8 km<\/p>\n","protected":false},"author":2,"featured_media":2523,"comment_status":"closed","ping_status":"closed","sticky":false,"template":"","format":"standard","meta":{"footnotes":""},"categories":[63],"tags":[],"class_list":["post-2521","post","type-post","status-publish","format-standard","has-post-thumbnail","hentry","category-zaujimavosti"],"yoast_head":"<!-- This site is optimized with the Yoast SEO plugin v27.5 - https:\/\/yoast.com\/product\/yoast-seo-wordpress\/ -->\n<title>Centrum sv\u00e4t\u00e9ho J\u00e1na. Sv\u00e4t\u00fd Maximili\u00e1n v Harm\u00f3\u017ei - Comfort Apartments<\/title>\n<meta name=\"description\" content=\"Centrum vzniklo ako vot\u00edvny dar v\u010faky za \u017eivot, dielo a mu\u010den\u00edcku smr\u0165 sv\u00e4t\u00e9ho J\u00e1na z Boha. Maximili\u00e1n. M\u00e1 sl\u00fa\u017ei\u0165 na \u0161\u00edrenie Jeho cti.\" \/>\n<meta name=\"robots\" content=\"index, follow, max-snippet:-1, max-image-preview:large, max-video-preview:-1\" \/>\n<link rel=\"canonical\" href=\"https:\/\/noclegioswiecim.eu\/sk\/?p=2521\" \/>\n<meta property=\"og:locale\" content=\"sk_SK\" \/>\n<meta property=\"og:type\" content=\"article\" \/>\n<meta property=\"og:title\" content=\"Centrum sv\u00e4t\u00e9ho J\u00e1na. Sv\u00e4t\u00fd Maximili\u00e1n v Harm\u00f3\u017ei - Comfort Apartments\" \/>\n<meta property=\"og:description\" content=\"Centrum vzniklo ako vot\u00edvny dar v\u010faky za \u017eivot, dielo a mu\u010den\u00edcku smr\u0165 sv\u00e4t\u00e9ho J\u00e1na z Boha. Maximili\u00e1n. M\u00e1 sl\u00fa\u017ei\u0165 na \u0161\u00edrenie Jeho cti.\" \/>\n<meta property=\"og:url\" content=\"https:\/\/noclegioswiecim.eu\/sk\/?p=2521\" \/>\n<meta property=\"og:site_name\" content=\"Comfort Apartments\" \/>\n<meta property=\"article:publisher\" content=\"https:\/\/www.facebook.com\/oswiecimapartments\/\" \/>\n<meta property=\"article:published_time\" content=\"2023-07-26T09:20:30+00:00\" \/>\n<meta property=\"article:modified_time\" content=\"2024-03-20T12:32:20+00:00\" \/>\n<meta property=\"og:image\" content=\"https:\/\/noclegioswiecim.eu\/wp-content\/uploads\/2023\/07\/FR.PL-PROWINCJA-zdjecia-tytulowe-centrum_2.jpg\" \/>\n\t<meta property=\"og:image:width\" content=\"1696\" \/>\n\t<meta property=\"og:image:height\" content=\"816\" \/>\n\t<meta property=\"og:image:type\" content=\"image\/jpeg\" \/>\n<meta name=\"author\" content=\"Patrycja\" \/>\n<meta name=\"twitter:card\" content=\"summary_large_image\" \/>\n<meta name=\"twitter:label1\" content=\"Autor\" \/>\n\t<meta name=\"twitter:data1\" content=\"Patrycja\" \/>\n\t<meta name=\"twitter:label2\" content=\"Predpokladan\u00fd \u010das \u010d\u00edtania\" \/>\n\t<meta name=\"twitter:data2\" content=\"1 min\u00fata\" \/>\n<script type=\"application\/ld+json\" class=\"yoast-schema-graph\">{\"@context\":\"https:\\\/\\\/schema.org\",\"@graph\":[{\"@type\":\"Article\",\"@id\":\"https:\\\/\\\/noclegioswiecim.eu\\\/sk\\\/?p=2521#article\",\"isPartOf\":{\"@id\":\"https:\\\/\\\/noclegioswiecim.eu\\\/sk\\\/?p=2521\"},\"author\":{\"name\":\"Patrycja\",\"@id\":\"https:\\\/\\\/noclegioswiecim.eu\\\/#\\\/schema\\\/person\\\/feafb30ea03805a331616c6bfd80e947\"},\"headline\":\"Centrum sv\u00e4t\u00e9ho J\u00e1na. Sv\u00e4t\u00fd Maximili\u00e1n v Harm\u00f3\u017ei\",\"datePublished\":\"2023-07-26T09:20:30+00:00\",\"dateModified\":\"2024-03-20T12:32:20+00:00\",\"mainEntityOfPage\":{\"@id\":\"https:\\\/\\\/noclegioswiecim.eu\\\/sk\\\/?p=2521\"},\"wordCount\":180,\"publisher\":{\"@id\":\"https:\\\/\\\/noclegioswiecim.eu\\\/#organization\"},\"image\":{\"@id\":\"https:\\\/\\\/noclegioswiecim.eu\\\/sk\\\/?p=2521#primaryimage\"},\"thumbnailUrl\":\"https:\\\/\\\/noclegioswiecim.eu\\\/wp-content\\\/uploads\\\/2023\\\/07\\\/FR.PL-PROWINCJA-zdjecia-tytulowe-centrum_2.jpg\",\"articleSection\":[\"Zauj\u00edmavosti\"],\"inLanguage\":\"sk-SK\"},{\"@type\":\"WebPage\",\"@id\":\"https:\\\/\\\/noclegioswiecim.eu\\\/sk\\\/?p=2521\",\"url\":\"https:\\\/\\\/noclegioswiecim.eu\\\/sk\\\/?p=2521\",\"name\":\"Centrum sv\u00e4t\u00e9ho J\u00e1na. Sv\u00e4t\u00fd Maximili\u00e1n v Harm\u00f3\u017ei - Comfort Apartments\",\"isPartOf\":{\"@id\":\"https:\\\/\\\/noclegioswiecim.eu\\\/#website\"},\"primaryImageOfPage\":{\"@id\":\"https:\\\/\\\/noclegioswiecim.eu\\\/sk\\\/?p=2521#primaryimage\"},\"image\":{\"@id\":\"https:\\\/\\\/noclegioswiecim.eu\\\/sk\\\/?p=2521#primaryimage\"},\"thumbnailUrl\":\"https:\\\/\\\/noclegioswiecim.eu\\\/wp-content\\\/uploads\\\/2023\\\/07\\\/FR.PL-PROWINCJA-zdjecia-tytulowe-centrum_2.jpg\",\"datePublished\":\"2023-07-26T09:20:30+00:00\",\"dateModified\":\"2024-03-20T12:32:20+00:00\",\"description\":\"Centrum vzniklo ako vot\u00edvny dar v\u010faky za \u017eivot, dielo a mu\u010den\u00edcku smr\u0165 sv\u00e4t\u00e9ho J\u00e1na z Boha. Maximili\u00e1n. M\u00e1 sl\u00fa\u017ei\u0165 na \u0161\u00edrenie Jeho cti.\",\"breadcrumb\":{\"@id\":\"https:\\\/\\\/noclegioswiecim.eu\\\/sk\\\/?p=2521#breadcrumb\"},\"inLanguage\":\"sk-SK\",\"potentialAction\":[{\"@type\":\"ReadAction\",\"target\":[\"https:\\\/\\\/noclegioswiecim.eu\\\/sk\\\/?p=2521\"]}]},{\"@type\":\"ImageObject\",\"inLanguage\":\"sk-SK\",\"@id\":\"https:\\\/\\\/noclegioswiecim.eu\\\/sk\\\/?p=2521#primaryimage\",\"url\":\"https:\\\/\\\/noclegioswiecim.eu\\\/wp-content\\\/uploads\\\/2023\\\/07\\\/FR.PL-PROWINCJA-zdjecia-tytulowe-centrum_2.jpg\",\"contentUrl\":\"https:\\\/\\\/noclegioswiecim.eu\\\/wp-content\\\/uploads\\\/2023\\\/07\\\/FR.PL-PROWINCJA-zdjecia-tytulowe-centrum_2.jpg\",\"width\":1696,\"height\":816},{\"@type\":\"BreadcrumbList\",\"@id\":\"https:\\\/\\\/noclegioswiecim.eu\\\/sk\\\/?p=2521#breadcrumb\",\"itemListElement\":[{\"@type\":\"ListItem\",\"position\":1,\"name\":\"Strona g\u0142\u00f3wna\",\"item\":\"https:\\\/\\\/noclegioswiecim.eu\\\/sk\\\/\"},{\"@type\":\"ListItem\",\"position\":2,\"name\":\"Centrum sv\u00e4t\u00e9ho J\u00e1na. Sv\u00e4t\u00fd Maximili\u00e1n v Harm\u00f3\u017ei\"}]},{\"@type\":\"WebSite\",\"@id\":\"https:\\\/\\\/noclegioswiecim.eu\\\/#website\",\"url\":\"https:\\\/\\\/noclegioswiecim.eu\\\/\",\"name\":\"Comfort Apartments\",\"description\":\"Noclegi O\u015bwi\u0119cim \\\/ Booking O\u015bwi\u0119cim\",\"publisher\":{\"@id\":\"https:\\\/\\\/noclegioswiecim.eu\\\/#organization\"},\"potentialAction\":[{\"@type\":\"SearchAction\",\"target\":{\"@type\":\"EntryPoint\",\"urlTemplate\":\"https:\\\/\\\/noclegioswiecim.eu\\\/?s={search_term_string}\"},\"query-input\":{\"@type\":\"PropertyValueSpecification\",\"valueRequired\":true,\"valueName\":\"search_term_string\"}}],\"inLanguage\":\"sk-SK\"},{\"@type\":\"Organization\",\"@id\":\"https:\\\/\\\/noclegioswiecim.eu\\\/#organization\",\"name\":\"Comfort Apartments\",\"url\":\"https:\\\/\\\/noclegioswiecim.eu\\\/\",\"logo\":{\"@type\":\"ImageObject\",\"inLanguage\":\"sk-SK\",\"@id\":\"https:\\\/\\\/noclegioswiecim.eu\\\/#\\\/schema\\\/logo\\\/image\\\/\",\"url\":\"https:\\\/\\\/noclegioswiecim.eu\\\/wp-content\\\/uploads\\\/2023\\\/02\\\/favicona.png\",\"contentUrl\":\"https:\\\/\\\/noclegioswiecim.eu\\\/wp-content\\\/uploads\\\/2023\\\/02\\\/favicona.png\",\"width\":200,\"height\":200,\"caption\":\"Comfort Apartments\"},\"image\":{\"@id\":\"https:\\\/\\\/noclegioswiecim.eu\\\/#\\\/schema\\\/logo\\\/image\\\/\"},\"sameAs\":[\"https:\\\/\\\/www.facebook.com\\\/oswiecimapartments\\\/\",\"https:\\\/\\\/goo.gl\\\/maps\\\/H9x6rxoZWfK3ad1j6\",\"https:\\\/\\\/www.instagram.com\\\/oswiecimapartments\\\/\"]},{\"@type\":\"Person\",\"@id\":\"https:\\\/\\\/noclegioswiecim.eu\\\/#\\\/schema\\\/person\\\/feafb30ea03805a331616c6bfd80e947\",\"name\":\"Patrycja\",\"image\":{\"@type\":\"ImageObject\",\"inLanguage\":\"sk-SK\",\"@id\":\"https:\\\/\\\/secure.gravatar.com\\\/avatar\\\/7c37283748b62bb21affee70f751e75b04d527b2d023e14cdffee17064819ea3?s=96&d=mm&r=g\",\"url\":\"https:\\\/\\\/secure.gravatar.com\\\/avatar\\\/7c37283748b62bb21affee70f751e75b04d527b2d023e14cdffee17064819ea3?s=96&d=mm&r=g\",\"contentUrl\":\"https:\\\/\\\/secure.gravatar.com\\\/avatar\\\/7c37283748b62bb21affee70f751e75b04d527b2d023e14cdffee17064819ea3?s=96&d=mm&r=g\",\"caption\":\"Patrycja\"}}]}<\/script>\n<!-- \/ Yoast SEO plugin. -->","yoast_head_json":{"title":"Centrum sv\u00e4t\u00e9ho J\u00e1na. Sv\u00e4t\u00fd Maximili\u00e1n v Harm\u00f3\u017ei - Comfort Apartments","description":"Centrum vzniklo ako vot\u00edvny dar v\u010faky za \u017eivot, dielo a mu\u010den\u00edcku smr\u0165 sv\u00e4t\u00e9ho J\u00e1na z Boha. Maximili\u00e1n. M\u00e1 sl\u00fa\u017ei\u0165 na \u0161\u00edrenie Jeho cti.","robots":{"index":"index","follow":"follow","max-snippet":"max-snippet:-1","max-image-preview":"max-image-preview:large","max-video-preview":"max-video-preview:-1"},"canonical":"https:\/\/noclegioswiecim.eu\/sk\/?p=2521","og_locale":"sk_SK","og_type":"article","og_title":"Centrum sv\u00e4t\u00e9ho J\u00e1na. Sv\u00e4t\u00fd Maximili\u00e1n v Harm\u00f3\u017ei - Comfort Apartments","og_description":"Centrum vzniklo ako vot\u00edvny dar v\u010faky za \u017eivot, dielo a mu\u010den\u00edcku smr\u0165 sv\u00e4t\u00e9ho J\u00e1na z Boha. Maximili\u00e1n. M\u00e1 sl\u00fa\u017ei\u0165 na \u0161\u00edrenie Jeho cti.","og_url":"https:\/\/noclegioswiecim.eu\/sk\/?p=2521","og_site_name":"Comfort Apartments","article_publisher":"https:\/\/www.facebook.com\/oswiecimapartments\/","article_published_time":"2023-07-26T09:20:30+00:00","article_modified_time":"2024-03-20T12:32:20+00:00","og_image":[{"width":1696,"height":816,"url":"https:\/\/noclegioswiecim.eu\/wp-content\/uploads\/2023\/07\/FR.PL-PROWINCJA-zdjecia-tytulowe-centrum_2.jpg","type":"image\/jpeg"}],"author":"Patrycja","twitter_card":"summary_large_image","twitter_misc":{"Autor":"Patrycja","Predpokladan\u00fd \u010das \u010d\u00edtania":"1 min\u00fata"},"schema":{"@context":"https:\/\/schema.org","@graph":[{"@type":"Article","@id":"https:\/\/noclegioswiecim.eu\/sk\/?p=2521#article","isPartOf":{"@id":"https:\/\/noclegioswiecim.eu\/sk\/?p=2521"},"author":{"name":"Patrycja","@id":"https:\/\/noclegioswiecim.eu\/#\/schema\/person\/feafb30ea03805a331616c6bfd80e947"},"headline":"Centrum sv\u00e4t\u00e9ho J\u00e1na. Sv\u00e4t\u00fd Maximili\u00e1n v Harm\u00f3\u017ei","datePublished":"2023-07-26T09:20:30+00:00","dateModified":"2024-03-20T12:32:20+00:00","mainEntityOfPage":{"@id":"https:\/\/noclegioswiecim.eu\/sk\/?p=2521"},"wordCount":180,"publisher":{"@id":"https:\/\/noclegioswiecim.eu\/#organization"},"image":{"@id":"https:\/\/noclegioswiecim.eu\/sk\/?p=2521#primaryimage"},"thumbnailUrl":"https:\/\/noclegioswiecim.eu\/wp-content\/uploads\/2023\/07\/FR.PL-PROWINCJA-zdjecia-tytulowe-centrum_2.jpg","articleSection":["Zauj\u00edmavosti"],"inLanguage":"sk-SK"},{"@type":"WebPage","@id":"https:\/\/noclegioswiecim.eu\/sk\/?p=2521","url":"https:\/\/noclegioswiecim.eu\/sk\/?p=2521","name":"Centrum sv\u00e4t\u00e9ho J\u00e1na. Sv\u00e4t\u00fd Maximili\u00e1n v Harm\u00f3\u017ei - Comfort Apartments","isPartOf":{"@id":"https:\/\/noclegioswiecim.eu\/#website"},"primaryImageOfPage":{"@id":"https:\/\/noclegioswiecim.eu\/sk\/?p=2521#primaryimage"},"image":{"@id":"https:\/\/noclegioswiecim.eu\/sk\/?p=2521#primaryimage"},"thumbnailUrl":"https:\/\/noclegioswiecim.eu\/wp-content\/uploads\/2023\/07\/FR.PL-PROWINCJA-zdjecia-tytulowe-centrum_2.jpg","datePublished":"2023-07-26T09:20:30+00:00","dateModified":"2024-03-20T12:32:20+00:00","description":"Centrum vzniklo ako vot\u00edvny dar v\u010faky za \u017eivot, dielo a mu\u010den\u00edcku smr\u0165 sv\u00e4t\u00e9ho J\u00e1na z Boha. Maximili\u00e1n. M\u00e1 sl\u00fa\u017ei\u0165 na \u0161\u00edrenie Jeho cti.","breadcrumb":{"@id":"https:\/\/noclegioswiecim.eu\/sk\/?p=2521#breadcrumb"},"inLanguage":"sk-SK","potentialAction":[{"@type":"ReadAction","target":["https:\/\/noclegioswiecim.eu\/sk\/?p=2521"]}]},{"@type":"ImageObject","inLanguage":"sk-SK","@id":"https:\/\/noclegioswiecim.eu\/sk\/?p=2521#primaryimage","url":"https:\/\/noclegioswiecim.eu\/wp-content\/uploads\/2023\/07\/FR.PL-PROWINCJA-zdjecia-tytulowe-centrum_2.jpg","contentUrl":"https:\/\/noclegioswiecim.eu\/wp-content\/uploads\/2023\/07\/FR.PL-PROWINCJA-zdjecia-tytulowe-centrum_2.jpg","width":1696,"height":816},{"@type":"BreadcrumbList","@id":"https:\/\/noclegioswiecim.eu\/sk\/?p=2521#breadcrumb","itemListElement":[{"@type":"ListItem","position":1,"name":"Strona g\u0142\u00f3wna","item":"https:\/\/noclegioswiecim.eu\/sk\/"},{"@type":"ListItem","position":2,"name":"Centrum sv\u00e4t\u00e9ho J\u00e1na. Sv\u00e4t\u00fd Maximili\u00e1n v Harm\u00f3\u017ei"}]},{"@type":"WebSite","@id":"https:\/\/noclegioswiecim.eu\/#website","url":"https:\/\/noclegioswiecim.eu\/","name":"Comfort Apartments","description":"Noclegi O\u015bwi\u0119cim \/ Booking O\u015bwi\u0119cim","publisher":{"@id":"https:\/\/noclegioswiecim.eu\/#organization"},"potentialAction":[{"@type":"SearchAction","target":{"@type":"EntryPoint","urlTemplate":"https:\/\/noclegioswiecim.eu\/?s={search_term_string}"},"query-input":{"@type":"PropertyValueSpecification","valueRequired":true,"valueName":"search_term_string"}}],"inLanguage":"sk-SK"},{"@type":"Organization","@id":"https:\/\/noclegioswiecim.eu\/#organization","name":"Comfort Apartments","url":"https:\/\/noclegioswiecim.eu\/","logo":{"@type":"ImageObject","inLanguage":"sk-SK","@id":"https:\/\/noclegioswiecim.eu\/#\/schema\/logo\/image\/","url":"https:\/\/noclegioswiecim.eu\/wp-content\/uploads\/2023\/02\/favicona.png","contentUrl":"https:\/\/noclegioswiecim.eu\/wp-content\/uploads\/2023\/02\/favicona.png","width":200,"height":200,"caption":"Comfort Apartments"},"image":{"@id":"https:\/\/noclegioswiecim.eu\/#\/schema\/logo\/image\/"},"sameAs":["https:\/\/www.facebook.com\/oswiecimapartments\/","https:\/\/goo.gl\/maps\/H9x6rxoZWfK3ad1j6","https:\/\/www.instagram.com\/oswiecimapartments\/"]},{"@type":"Person","@id":"https:\/\/noclegioswiecim.eu\/#\/schema\/person\/feafb30ea03805a331616c6bfd80e947","name":"Patrycja","image":{"@type":"ImageObject","inLanguage":"sk-SK","@id":"https:\/\/secure.gravatar.com\/avatar\/7c37283748b62bb21affee70f751e75b04d527b2d023e14cdffee17064819ea3?s=96&d=mm&r=g","url":"https:\/\/secure.gravatar.com\/avatar\/7c37283748b62bb21affee70f751e75b04d527b2d023e14cdffee17064819ea3?s=96&d=mm&r=g","contentUrl":"https:\/\/secure.gravatar.com\/avatar\/7c37283748b62bb21affee70f751e75b04d527b2d023e14cdffee17064819ea3?s=96&d=mm&r=g","caption":"Patrycja"}}]}},"_links":{"self":[{"href":"https:\/\/noclegioswiecim.eu\/sk\/wp-json\/wp\/v2\/posts\/2521","targetHints":{"allow":["GET"]}}],"collection":[{"href":"https:\/\/noclegioswiecim.eu\/sk\/wp-json\/wp\/v2\/posts"}],"about":[{"href":"https:\/\/noclegioswiecim.eu\/sk\/wp-json\/wp\/v2\/types\/post"}],"author":[{"embeddable":true,"href":"https:\/\/noclegioswiecim.eu\/sk\/wp-json\/wp\/v2\/users\/2"}],"replies":[{"embeddable":true,"href":"https:\/\/noclegioswiecim.eu\/sk\/wp-json\/wp\/v2\/comments?post=2521"}],"version-history":[{"count":1,"href":"https:\/\/noclegioswiecim.eu\/sk\/wp-json\/wp\/v2\/posts\/2521\/revisions"}],"predecessor-version":[{"id":2524,"href":"https:\/\/noclegioswiecim.eu\/sk\/wp-json\/wp\/v2\/posts\/2521\/revisions\/2524"}],"wp:featuredmedia":[{"embeddable":true,"href":"https:\/\/noclegioswiecim.eu\/sk\/wp-json\/wp\/v2\/media\/2523"}],"wp:attachment":[{"href":"https:\/\/noclegioswiecim.eu\/sk\/wp-json\/wp\/v2\/media?parent=2521"}],"wp:term":[{"taxonomy":"category","embeddable":true,"href":"https:\/\/noclegioswiecim.eu\/sk\/wp-json\/wp\/v2\/categories?post=2521"},{"taxonomy":"post_tag","embeddable":true,"href":"https:\/\/noclegioswiecim.eu\/sk\/wp-json\/wp\/v2\/tags?post=2521"}],"curies":[{"name":"wp","href":"https:\/\/api.w.org\/{rel}","templated":true}]}}