{"id":2436,"date":"2023-07-26T11:47:10","date_gmt":"2023-07-26T09:47:10","guid":{"rendered":"https:\/\/noclegioswiecim.eu\/bez-kategorii\/hradne-muzeum-v-pszczyne\/"},"modified":"2024-03-20T13:32:16","modified_gmt":"2024-03-20T12:32:16","slug":"hradne-muzeum-v-pszczyne","status":"publish","type":"post","link":"https:\/\/noclegioswiecim.eu\/sk\/zaujimavosti\/hradne-muzeum-v-pszczyne\/","title":{"rendered":"Hradn\u00e9 m\u00fazeum v Pszczyne"},"content":{"rendered":"<p><strong>Vzdialenos\u0165 od zariadenia:<\/strong> Vzdialenos\u0165 od zariadenia: 26,7 km<\/p>\n<p><strong>Hradn\u00e9 m\u00fazeum v Pszczyne<\/strong> je jedine\u010dn\u00fdm miestom na mape Po\u013eska. Zaujme svojou autenticitou a prenesie div\u00e1ka do atmosf\u00e9ry aristokratick\u00e9ho s\u00eddla z prelomu 19. a 20. storo\u010dia, ktor\u00e9ho vzh\u013ead sa dodnes nezmenil. V\u00fdstava historick\u00fdch interi\u00e9rov bola ocenen\u00e1 prest\u00ed\u017enou cenou mimovl\u00e1dnej organiz\u00e1cie Europa Nostra. U\u017e nieko\u013eko rokov m\u00f4\u017eu n\u00e1v\u0161tevn\u00edci m\u00fazea obdivova\u0165 aj zrekon\u0161truovan\u00e9 vojvodsk\u00e9 koniarne, ktor\u00e9 boli kedysi s\u00fa\u010das\u0165ou hradn\u00e9ho komplexu. Dnes sa v nich nach\u00e1dzaj\u00fa st\u00e1le a do\u010dasn\u00e9 v\u00fdstavy, multimedi\u00e1lna kni\u017enica a konzerv\u00e1torsk\u00e9 ateli\u00e9ry.<\/p>\n<p><strong>\u010eal\u0161ie inform\u00e1cie:<\/strong> <a href=\"http:\/\/www.zamek-pszczyna.pl\">www.zamek-pszczyna.pl<\/a><\/p>\n","protected":false},"excerpt":{"rendered":"<p>Vzdialenos\u0165 od zariadenia: Vzdialenos\u0165 od zariadenia: 26,7 km<\/p>\n","protected":false},"author":2,"featured_media":2446,"comment_status":"closed","ping_status":"closed","sticky":false,"template":"","format":"standard","meta":{"footnotes":""},"categories":[63],"tags":[],"class_list":["post-2436","post","type-post","status-publish","format-standard","has-post-thumbnail","hentry","category-zaujimavosti"],"yoast_head":"<!-- This site is optimized with the Yoast SEO plugin v27.5 - https:\/\/yoast.com\/product\/yoast-seo-wordpress\/ -->\n<title>Hradn\u00e9 m\u00fazeum v Pszczyne - Comfort Apartments<\/title>\n<meta name=\"description\" content=\"Hradn\u00e9 m\u00fazeum v Pszczyne je jedine\u010dn\u00fdm miestom na mape Po\u013eska. Zaujme svojou autenticitou a prenesie div\u00e1ka do atmosf\u00e9ry aristokratick\u00e9ho s\u00eddla.\" \/>\n<meta name=\"robots\" content=\"index, follow, max-snippet:-1, max-image-preview:large, max-video-preview:-1\" \/>\n<link rel=\"canonical\" href=\"https:\/\/noclegioswiecim.eu\/sk\/?p=2436\" \/>\n<meta property=\"og:locale\" content=\"sk_SK\" \/>\n<meta property=\"og:type\" content=\"article\" \/>\n<meta property=\"og:title\" content=\"Hradn\u00e9 m\u00fazeum v Pszczyne - Comfort Apartments\" \/>\n<meta property=\"og:description\" content=\"Hradn\u00e9 m\u00fazeum v Pszczyne je jedine\u010dn\u00fdm miestom na mape Po\u013eska. Zaujme svojou autenticitou a prenesie div\u00e1ka do atmosf\u00e9ry aristokratick\u00e9ho s\u00eddla.\" \/>\n<meta property=\"og:url\" content=\"https:\/\/noclegioswiecim.eu\/sk\/?p=2436\" \/>\n<meta property=\"og:site_name\" content=\"Comfort Apartments\" \/>\n<meta property=\"article:publisher\" content=\"https:\/\/www.facebook.com\/oswiecimapartments\/\" \/>\n<meta property=\"article:published_time\" content=\"2023-07-26T09:47:10+00:00\" \/>\n<meta property=\"article:modified_time\" content=\"2024-03-20T12:32:16+00:00\" \/>\n<meta property=\"og:image\" content=\"https:\/\/noclegioswiecim.eu\/wp-content\/uploads\/2023\/07\/Muzeum-Zamkowe-w-Pszczynie-1.png\" \/>\n\t<meta property=\"og:image:width\" content=\"1920\" \/>\n\t<meta property=\"og:image:height\" content=\"800\" \/>\n\t<meta property=\"og:image:type\" content=\"image\/png\" \/>\n<meta name=\"author\" content=\"Patrycja\" \/>\n<meta name=\"twitter:card\" content=\"summary_large_image\" \/>\n<meta name=\"twitter:label1\" content=\"Autor\" \/>\n\t<meta name=\"twitter:data1\" content=\"Patrycja\" \/>\n\t<meta name=\"twitter:label2\" content=\"Predpokladan\u00fd \u010das \u010d\u00edtania\" \/>\n\t<meta name=\"twitter:data2\" content=\"1 min\u00fata\" \/>\n<script type=\"application\/ld+json\" class=\"yoast-schema-graph\">{\"@context\":\"https:\\\/\\\/schema.org\",\"@graph\":[{\"@type\":\"Article\",\"@id\":\"https:\\\/\\\/noclegioswiecim.eu\\\/sk\\\/?p=2436#article\",\"isPartOf\":{\"@id\":\"https:\\\/\\\/noclegioswiecim.eu\\\/sk\\\/?p=2436\"},\"author\":{\"name\":\"Patrycja\",\"@id\":\"https:\\\/\\\/noclegioswiecim.eu\\\/#\\\/schema\\\/person\\\/feafb30ea03805a331616c6bfd80e947\"},\"headline\":\"Hradn\u00e9 m\u00fazeum v Pszczyne\",\"datePublished\":\"2023-07-26T09:47:10+00:00\",\"dateModified\":\"2024-03-20T12:32:16+00:00\",\"mainEntityOfPage\":{\"@id\":\"https:\\\/\\\/noclegioswiecim.eu\\\/sk\\\/?p=2436\"},\"wordCount\":125,\"publisher\":{\"@id\":\"https:\\\/\\\/noclegioswiecim.eu\\\/#organization\"},\"image\":{\"@id\":\"https:\\\/\\\/noclegioswiecim.eu\\\/sk\\\/?p=2436#primaryimage\"},\"thumbnailUrl\":\"https:\\\/\\\/noclegioswiecim.eu\\\/wp-content\\\/uploads\\\/2023\\\/07\\\/Muzeum-Zamkowe-w-Pszczynie-1.png\",\"articleSection\":[\"Zauj\u00edmavosti\"],\"inLanguage\":\"sk-SK\"},{\"@type\":\"WebPage\",\"@id\":\"https:\\\/\\\/noclegioswiecim.eu\\\/sk\\\/?p=2436\",\"url\":\"https:\\\/\\\/noclegioswiecim.eu\\\/sk\\\/?p=2436\",\"name\":\"Hradn\u00e9 m\u00fazeum v Pszczyne - Comfort Apartments\",\"isPartOf\":{\"@id\":\"https:\\\/\\\/noclegioswiecim.eu\\\/#website\"},\"primaryImageOfPage\":{\"@id\":\"https:\\\/\\\/noclegioswiecim.eu\\\/sk\\\/?p=2436#primaryimage\"},\"image\":{\"@id\":\"https:\\\/\\\/noclegioswiecim.eu\\\/sk\\\/?p=2436#primaryimage\"},\"thumbnailUrl\":\"https:\\\/\\\/noclegioswiecim.eu\\\/wp-content\\\/uploads\\\/2023\\\/07\\\/Muzeum-Zamkowe-w-Pszczynie-1.png\",\"datePublished\":\"2023-07-26T09:47:10+00:00\",\"dateModified\":\"2024-03-20T12:32:16+00:00\",\"description\":\"Hradn\u00e9 m\u00fazeum v Pszczyne je jedine\u010dn\u00fdm miestom na mape Po\u013eska. Zaujme svojou autenticitou a prenesie div\u00e1ka do atmosf\u00e9ry aristokratick\u00e9ho s\u00eddla.\",\"breadcrumb\":{\"@id\":\"https:\\\/\\\/noclegioswiecim.eu\\\/sk\\\/?p=2436#breadcrumb\"},\"inLanguage\":\"sk-SK\",\"potentialAction\":[{\"@type\":\"ReadAction\",\"target\":[\"https:\\\/\\\/noclegioswiecim.eu\\\/sk\\\/?p=2436\"]}]},{\"@type\":\"ImageObject\",\"inLanguage\":\"sk-SK\",\"@id\":\"https:\\\/\\\/noclegioswiecim.eu\\\/sk\\\/?p=2436#primaryimage\",\"url\":\"https:\\\/\\\/noclegioswiecim.eu\\\/wp-content\\\/uploads\\\/2023\\\/07\\\/Muzeum-Zamkowe-w-Pszczynie-1.png\",\"contentUrl\":\"https:\\\/\\\/noclegioswiecim.eu\\\/wp-content\\\/uploads\\\/2023\\\/07\\\/Muzeum-Zamkowe-w-Pszczynie-1.png\",\"width\":1920,\"height\":800},{\"@type\":\"BreadcrumbList\",\"@id\":\"https:\\\/\\\/noclegioswiecim.eu\\\/sk\\\/?p=2436#breadcrumb\",\"itemListElement\":[{\"@type\":\"ListItem\",\"position\":1,\"name\":\"Strona g\u0142\u00f3wna\",\"item\":\"https:\\\/\\\/noclegioswiecim.eu\\\/sk\\\/\"},{\"@type\":\"ListItem\",\"position\":2,\"name\":\"Hradn\u00e9 m\u00fazeum v Pszczyne\"}]},{\"@type\":\"WebSite\",\"@id\":\"https:\\\/\\\/noclegioswiecim.eu\\\/#website\",\"url\":\"https:\\\/\\\/noclegioswiecim.eu\\\/\",\"name\":\"Comfort Apartments\",\"description\":\"Noclegi O\u015bwi\u0119cim \\\/ Booking O\u015bwi\u0119cim\",\"publisher\":{\"@id\":\"https:\\\/\\\/noclegioswiecim.eu\\\/#organization\"},\"potentialAction\":[{\"@type\":\"SearchAction\",\"target\":{\"@type\":\"EntryPoint\",\"urlTemplate\":\"https:\\\/\\\/noclegioswiecim.eu\\\/?s={search_term_string}\"},\"query-input\":{\"@type\":\"PropertyValueSpecification\",\"valueRequired\":true,\"valueName\":\"search_term_string\"}}],\"inLanguage\":\"sk-SK\"},{\"@type\":\"Organization\",\"@id\":\"https:\\\/\\\/noclegioswiecim.eu\\\/#organization\",\"name\":\"Comfort Apartments\",\"url\":\"https:\\\/\\\/noclegioswiecim.eu\\\/\",\"logo\":{\"@type\":\"ImageObject\",\"inLanguage\":\"sk-SK\",\"@id\":\"https:\\\/\\\/noclegioswiecim.eu\\\/#\\\/schema\\\/logo\\\/image\\\/\",\"url\":\"https:\\\/\\\/noclegioswiecim.eu\\\/wp-content\\\/uploads\\\/2023\\\/02\\\/favicona.png\",\"contentUrl\":\"https:\\\/\\\/noclegioswiecim.eu\\\/wp-content\\\/uploads\\\/2023\\\/02\\\/favicona.png\",\"width\":200,\"height\":200,\"caption\":\"Comfort Apartments\"},\"image\":{\"@id\":\"https:\\\/\\\/noclegioswiecim.eu\\\/#\\\/schema\\\/logo\\\/image\\\/\"},\"sameAs\":[\"https:\\\/\\\/www.facebook.com\\\/oswiecimapartments\\\/\",\"https:\\\/\\\/goo.gl\\\/maps\\\/H9x6rxoZWfK3ad1j6\",\"https:\\\/\\\/www.instagram.com\\\/oswiecimapartments\\\/\"]},{\"@type\":\"Person\",\"@id\":\"https:\\\/\\\/noclegioswiecim.eu\\\/#\\\/schema\\\/person\\\/feafb30ea03805a331616c6bfd80e947\",\"name\":\"Patrycja\",\"image\":{\"@type\":\"ImageObject\",\"inLanguage\":\"sk-SK\",\"@id\":\"https:\\\/\\\/secure.gravatar.com\\\/avatar\\\/7c37283748b62bb21affee70f751e75b04d527b2d023e14cdffee17064819ea3?s=96&d=mm&r=g\",\"url\":\"https:\\\/\\\/secure.gravatar.com\\\/avatar\\\/7c37283748b62bb21affee70f751e75b04d527b2d023e14cdffee17064819ea3?s=96&d=mm&r=g\",\"contentUrl\":\"https:\\\/\\\/secure.gravatar.com\\\/avatar\\\/7c37283748b62bb21affee70f751e75b04d527b2d023e14cdffee17064819ea3?s=96&d=mm&r=g\",\"caption\":\"Patrycja\"}}]}<\/script>\n<!-- \/ Yoast SEO plugin. -->","yoast_head_json":{"title":"Hradn\u00e9 m\u00fazeum v Pszczyne - Comfort Apartments","description":"Hradn\u00e9 m\u00fazeum v Pszczyne je jedine\u010dn\u00fdm miestom na mape Po\u013eska. Zaujme svojou autenticitou a prenesie div\u00e1ka do atmosf\u00e9ry aristokratick\u00e9ho s\u00eddla.","robots":{"index":"index","follow":"follow","max-snippet":"max-snippet:-1","max-image-preview":"max-image-preview:large","max-video-preview":"max-video-preview:-1"},"canonical":"https:\/\/noclegioswiecim.eu\/sk\/?p=2436","og_locale":"sk_SK","og_type":"article","og_title":"Hradn\u00e9 m\u00fazeum v Pszczyne - Comfort Apartments","og_description":"Hradn\u00e9 m\u00fazeum v Pszczyne je jedine\u010dn\u00fdm miestom na mape Po\u013eska. Zaujme svojou autenticitou a prenesie div\u00e1ka do atmosf\u00e9ry aristokratick\u00e9ho s\u00eddla.","og_url":"https:\/\/noclegioswiecim.eu\/sk\/?p=2436","og_site_name":"Comfort Apartments","article_publisher":"https:\/\/www.facebook.com\/oswiecimapartments\/","article_published_time":"2023-07-26T09:47:10+00:00","article_modified_time":"2024-03-20T12:32:16+00:00","og_image":[{"width":1920,"height":800,"url":"https:\/\/noclegioswiecim.eu\/wp-content\/uploads\/2023\/07\/Muzeum-Zamkowe-w-Pszczynie-1.png","type":"image\/png"}],"author":"Patrycja","twitter_card":"summary_large_image","twitter_misc":{"Autor":"Patrycja","Predpokladan\u00fd \u010das \u010d\u00edtania":"1 min\u00fata"},"schema":{"@context":"https:\/\/schema.org","@graph":[{"@type":"Article","@id":"https:\/\/noclegioswiecim.eu\/sk\/?p=2436#article","isPartOf":{"@id":"https:\/\/noclegioswiecim.eu\/sk\/?p=2436"},"author":{"name":"Patrycja","@id":"https:\/\/noclegioswiecim.eu\/#\/schema\/person\/feafb30ea03805a331616c6bfd80e947"},"headline":"Hradn\u00e9 m\u00fazeum v Pszczyne","datePublished":"2023-07-26T09:47:10+00:00","dateModified":"2024-03-20T12:32:16+00:00","mainEntityOfPage":{"@id":"https:\/\/noclegioswiecim.eu\/sk\/?p=2436"},"wordCount":125,"publisher":{"@id":"https:\/\/noclegioswiecim.eu\/#organization"},"image":{"@id":"https:\/\/noclegioswiecim.eu\/sk\/?p=2436#primaryimage"},"thumbnailUrl":"https:\/\/noclegioswiecim.eu\/wp-content\/uploads\/2023\/07\/Muzeum-Zamkowe-w-Pszczynie-1.png","articleSection":["Zauj\u00edmavosti"],"inLanguage":"sk-SK"},{"@type":"WebPage","@id":"https:\/\/noclegioswiecim.eu\/sk\/?p=2436","url":"https:\/\/noclegioswiecim.eu\/sk\/?p=2436","name":"Hradn\u00e9 m\u00fazeum v Pszczyne - Comfort Apartments","isPartOf":{"@id":"https:\/\/noclegioswiecim.eu\/#website"},"primaryImageOfPage":{"@id":"https:\/\/noclegioswiecim.eu\/sk\/?p=2436#primaryimage"},"image":{"@id":"https:\/\/noclegioswiecim.eu\/sk\/?p=2436#primaryimage"},"thumbnailUrl":"https:\/\/noclegioswiecim.eu\/wp-content\/uploads\/2023\/07\/Muzeum-Zamkowe-w-Pszczynie-1.png","datePublished":"2023-07-26T09:47:10+00:00","dateModified":"2024-03-20T12:32:16+00:00","description":"Hradn\u00e9 m\u00fazeum v Pszczyne je jedine\u010dn\u00fdm miestom na mape Po\u013eska. Zaujme svojou autenticitou a prenesie div\u00e1ka do atmosf\u00e9ry aristokratick\u00e9ho s\u00eddla.","breadcrumb":{"@id":"https:\/\/noclegioswiecim.eu\/sk\/?p=2436#breadcrumb"},"inLanguage":"sk-SK","potentialAction":[{"@type":"ReadAction","target":["https:\/\/noclegioswiecim.eu\/sk\/?p=2436"]}]},{"@type":"ImageObject","inLanguage":"sk-SK","@id":"https:\/\/noclegioswiecim.eu\/sk\/?p=2436#primaryimage","url":"https:\/\/noclegioswiecim.eu\/wp-content\/uploads\/2023\/07\/Muzeum-Zamkowe-w-Pszczynie-1.png","contentUrl":"https:\/\/noclegioswiecim.eu\/wp-content\/uploads\/2023\/07\/Muzeum-Zamkowe-w-Pszczynie-1.png","width":1920,"height":800},{"@type":"BreadcrumbList","@id":"https:\/\/noclegioswiecim.eu\/sk\/?p=2436#breadcrumb","itemListElement":[{"@type":"ListItem","position":1,"name":"Strona g\u0142\u00f3wna","item":"https:\/\/noclegioswiecim.eu\/sk\/"},{"@type":"ListItem","position":2,"name":"Hradn\u00e9 m\u00fazeum v Pszczyne"}]},{"@type":"WebSite","@id":"https:\/\/noclegioswiecim.eu\/#website","url":"https:\/\/noclegioswiecim.eu\/","name":"Comfort Apartments","description":"Noclegi O\u015bwi\u0119cim \/ Booking O\u015bwi\u0119cim","publisher":{"@id":"https:\/\/noclegioswiecim.eu\/#organization"},"potentialAction":[{"@type":"SearchAction","target":{"@type":"EntryPoint","urlTemplate":"https:\/\/noclegioswiecim.eu\/?s={search_term_string}"},"query-input":{"@type":"PropertyValueSpecification","valueRequired":true,"valueName":"search_term_string"}}],"inLanguage":"sk-SK"},{"@type":"Organization","@id":"https:\/\/noclegioswiecim.eu\/#organization","name":"Comfort Apartments","url":"https:\/\/noclegioswiecim.eu\/","logo":{"@type":"ImageObject","inLanguage":"sk-SK","@id":"https:\/\/noclegioswiecim.eu\/#\/schema\/logo\/image\/","url":"https:\/\/noclegioswiecim.eu\/wp-content\/uploads\/2023\/02\/favicona.png","contentUrl":"https:\/\/noclegioswiecim.eu\/wp-content\/uploads\/2023\/02\/favicona.png","width":200,"height":200,"caption":"Comfort Apartments"},"image":{"@id":"https:\/\/noclegioswiecim.eu\/#\/schema\/logo\/image\/"},"sameAs":["https:\/\/www.facebook.com\/oswiecimapartments\/","https:\/\/goo.gl\/maps\/H9x6rxoZWfK3ad1j6","https:\/\/www.instagram.com\/oswiecimapartments\/"]},{"@type":"Person","@id":"https:\/\/noclegioswiecim.eu\/#\/schema\/person\/feafb30ea03805a331616c6bfd80e947","name":"Patrycja","image":{"@type":"ImageObject","inLanguage":"sk-SK","@id":"https:\/\/secure.gravatar.com\/avatar\/7c37283748b62bb21affee70f751e75b04d527b2d023e14cdffee17064819ea3?s=96&d=mm&r=g","url":"https:\/\/secure.gravatar.com\/avatar\/7c37283748b62bb21affee70f751e75b04d527b2d023e14cdffee17064819ea3?s=96&d=mm&r=g","contentUrl":"https:\/\/secure.gravatar.com\/avatar\/7c37283748b62bb21affee70f751e75b04d527b2d023e14cdffee17064819ea3?s=96&d=mm&r=g","caption":"Patrycja"}}]}},"_links":{"self":[{"href":"https:\/\/noclegioswiecim.eu\/sk\/wp-json\/wp\/v2\/posts\/2436","targetHints":{"allow":["GET"]}}],"collection":[{"href":"https:\/\/noclegioswiecim.eu\/sk\/wp-json\/wp\/v2\/posts"}],"about":[{"href":"https:\/\/noclegioswiecim.eu\/sk\/wp-json\/wp\/v2\/types\/post"}],"author":[{"embeddable":true,"href":"https:\/\/noclegioswiecim.eu\/sk\/wp-json\/wp\/v2\/users\/2"}],"replies":[{"embeddable":true,"href":"https:\/\/noclegioswiecim.eu\/sk\/wp-json\/wp\/v2\/comments?post=2436"}],"version-history":[{"count":1,"href":"https:\/\/noclegioswiecim.eu\/sk\/wp-json\/wp\/v2\/posts\/2436\/revisions"}],"predecessor-version":[{"id":2448,"href":"https:\/\/noclegioswiecim.eu\/sk\/wp-json\/wp\/v2\/posts\/2436\/revisions\/2448"}],"wp:featuredmedia":[{"embeddable":true,"href":"https:\/\/noclegioswiecim.eu\/sk\/wp-json\/wp\/v2\/media\/2446"}],"wp:attachment":[{"href":"https:\/\/noclegioswiecim.eu\/sk\/wp-json\/wp\/v2\/media?parent=2436"}],"wp:term":[{"taxonomy":"category","embeddable":true,"href":"https:\/\/noclegioswiecim.eu\/sk\/wp-json\/wp\/v2\/categories?post=2436"},{"taxonomy":"post_tag","embeddable":true,"href":"https:\/\/noclegioswiecim.eu\/sk\/wp-json\/wp\/v2\/tags?post=2436"}],"curies":[{"name":"wp","href":"https:\/\/api.w.org\/{rel}","templated":true}]}}