{"id":4692,"date":"2023-07-13T11:04:48","date_gmt":"2023-07-13T09:04:48","guid":{"rendered":"https:\/\/noclegioswiecim.eu\/geen-onderdeel-van-een-categorie\/czarny-gron-skien\/"},"modified":"2024-03-28T14:48:59","modified_gmt":"2024-03-28T13:48:59","slug":"czarny-gron-skien","status":"publish","type":"post","link":"https:\/\/noclegioswiecim.eu\/nl\/attracties\/czarny-gron-skien\/","title":{"rendered":"Czarny Gro\u0144 &#8211; ski\u00ebn"},"content":{"rendered":"<p><strong>Afstand vanaf de woning:<\/strong> 37 km<\/p>\n<p>Iemand interesse in ski\u00ebn? Het resort Czarny Gro\u0144 biedt een van de meest interessante routes in het Beskidgebergte. Zowel beginners als meer gevorderden zullen hier iets voor zichzelf vinden. De hoge standaard en het prachtige uitzicht op de omliggende bergen maken het een ideale plek voor ski\u00ebrs.<\/p>\n<p><strong>Meer informatie:<\/strong> <a href=\"https:\/\/www.czarnygron.pl\/resort\/atrakcje\/stacja-narciarska\">www.czarnygron.pl\/resort\/atrakcje\/stacja-narciarska<\/a><\/p>\n","protected":false},"excerpt":{"rendered":"<p>Afstand: 37 km<\/p>\n","protected":false},"author":2,"featured_media":4693,"comment_status":"open","ping_status":"open","sticky":false,"template":"","format":"standard","meta":{"footnotes":""},"categories":[178],"tags":[],"class_list":["post-4692","post","type-post","status-publish","format-standard","has-post-thumbnail","hentry","category-attracties"],"yoast_head":"<!-- This site is optimized with the Yoast SEO plugin v27.5 - https:\/\/yoast.com\/product\/yoast-seo-wordpress\/ -->\n<title>Czarny Gro\u0144 - ski\u00ebn - Comfort Apartments<\/title>\n<meta name=\"description\" content=\"Iemand interesse in ski\u00ebn? Het resort Czarny Gro\u0144 biedt een van de meest interessante routes in het Beskidgebergte. Hoge standaard en een prachtig uitzicht op de omliggende bergen.\" \/>\n<meta name=\"robots\" content=\"index, follow, max-snippet:-1, max-image-preview:large, max-video-preview:-1\" \/>\n<link rel=\"canonical\" href=\"https:\/\/noclegioswiecim.eu\/nl\/attracties\/czarny-gron-skien\/\" \/>\n<meta property=\"og:locale\" content=\"nl_NL\" \/>\n<meta property=\"og:type\" content=\"article\" \/>\n<meta property=\"og:title\" content=\"Czarny Gro\u0144 - ski\u00ebn - Comfort Apartments\" \/>\n<meta property=\"og:description\" content=\"Iemand interesse in ski\u00ebn? Het resort Czarny Gro\u0144 biedt een van de meest interessante routes in het Beskidgebergte. Hoge standaard en een prachtig uitzicht op de omliggende bergen.\" \/>\n<meta property=\"og:url\" content=\"https:\/\/noclegioswiecim.eu\/nl\/attracties\/czarny-gron-skien\/\" \/>\n<meta property=\"og:site_name\" content=\"Comfort Apartments\" \/>\n<meta property=\"article:publisher\" content=\"https:\/\/www.facebook.com\/oswiecimapartments\/\" \/>\n<meta property=\"article:published_time\" content=\"2023-07-13T09:04:48+00:00\" \/>\n<meta property=\"article:modified_time\" content=\"2024-03-28T13:48:59+00:00\" \/>\n<meta property=\"og:image\" content=\"https:\/\/noclegioswiecim.eu\/wp-content\/uploads\/2023\/07\/zima_Czarny_Gron_Beskid.jpg\" \/>\n\t<meta property=\"og:image:width\" content=\"1900\" \/>\n\t<meta property=\"og:image:height\" content=\"1225\" \/>\n\t<meta property=\"og:image:type\" content=\"image\/jpeg\" \/>\n<meta name=\"author\" content=\"Patrycja\" \/>\n<meta name=\"twitter:card\" content=\"summary_large_image\" \/>\n<meta name=\"twitter:label1\" content=\"Geschreven door\" \/>\n\t<meta name=\"twitter:data1\" content=\"Patrycja\" \/>\n<script type=\"application\/ld+json\" class=\"yoast-schema-graph\">{\"@context\":\"https:\\\/\\\/schema.org\",\"@graph\":[{\"@type\":\"Article\",\"@id\":\"https:\\\/\\\/noclegioswiecim.eu\\\/nl\\\/attracties\\\/czarny-gron-skien\\\/#article\",\"isPartOf\":{\"@id\":\"https:\\\/\\\/noclegioswiecim.eu\\\/nl\\\/attracties\\\/czarny-gron-skien\\\/\"},\"author\":{\"name\":\"Patrycja\",\"@id\":\"https:\\\/\\\/noclegioswiecim.eu\\\/#\\\/schema\\\/person\\\/feafb30ea03805a331616c6bfd80e947\"},\"headline\":\"Czarny Gro\u0144 &#8211; ski\u00ebn\",\"datePublished\":\"2023-07-13T09:04:48+00:00\",\"dateModified\":\"2024-03-28T13:48:59+00:00\",\"mainEntityOfPage\":{\"@id\":\"https:\\\/\\\/noclegioswiecim.eu\\\/nl\\\/attracties\\\/czarny-gron-skien\\\/\"},\"wordCount\":67,\"commentCount\":0,\"publisher\":{\"@id\":\"https:\\\/\\\/noclegioswiecim.eu\\\/#organization\"},\"image\":{\"@id\":\"https:\\\/\\\/noclegioswiecim.eu\\\/nl\\\/attracties\\\/czarny-gron-skien\\\/#primaryimage\"},\"thumbnailUrl\":\"https:\\\/\\\/noclegioswiecim.eu\\\/wp-content\\\/uploads\\\/2023\\\/07\\\/zima_Czarny_Gron_Beskid.jpg\",\"articleSection\":[\"Attracties\"],\"inLanguage\":\"nl-NL\",\"potentialAction\":[{\"@type\":\"CommentAction\",\"name\":\"Comment\",\"target\":[\"https:\\\/\\\/noclegioswiecim.eu\\\/nl\\\/attracties\\\/czarny-gron-skien\\\/#respond\"]}]},{\"@type\":\"WebPage\",\"@id\":\"https:\\\/\\\/noclegioswiecim.eu\\\/nl\\\/attracties\\\/czarny-gron-skien\\\/\",\"url\":\"https:\\\/\\\/noclegioswiecim.eu\\\/nl\\\/attracties\\\/czarny-gron-skien\\\/\",\"name\":\"Czarny Gro\u0144 - ski\u00ebn - Comfort Apartments\",\"isPartOf\":{\"@id\":\"https:\\\/\\\/noclegioswiecim.eu\\\/#website\"},\"primaryImageOfPage\":{\"@id\":\"https:\\\/\\\/noclegioswiecim.eu\\\/nl\\\/attracties\\\/czarny-gron-skien\\\/#primaryimage\"},\"image\":{\"@id\":\"https:\\\/\\\/noclegioswiecim.eu\\\/nl\\\/attracties\\\/czarny-gron-skien\\\/#primaryimage\"},\"thumbnailUrl\":\"https:\\\/\\\/noclegioswiecim.eu\\\/wp-content\\\/uploads\\\/2023\\\/07\\\/zima_Czarny_Gron_Beskid.jpg\",\"datePublished\":\"2023-07-13T09:04:48+00:00\",\"dateModified\":\"2024-03-28T13:48:59+00:00\",\"description\":\"Iemand interesse in ski\u00ebn? Het resort Czarny Gro\u0144 biedt een van de meest interessante routes in het Beskidgebergte. Hoge standaard en een prachtig uitzicht op de omliggende bergen.\",\"breadcrumb\":{\"@id\":\"https:\\\/\\\/noclegioswiecim.eu\\\/nl\\\/attracties\\\/czarny-gron-skien\\\/#breadcrumb\"},\"inLanguage\":\"nl-NL\",\"potentialAction\":[{\"@type\":\"ReadAction\",\"target\":[\"https:\\\/\\\/noclegioswiecim.eu\\\/nl\\\/attracties\\\/czarny-gron-skien\\\/\"]}]},{\"@type\":\"ImageObject\",\"inLanguage\":\"nl-NL\",\"@id\":\"https:\\\/\\\/noclegioswiecim.eu\\\/nl\\\/attracties\\\/czarny-gron-skien\\\/#primaryimage\",\"url\":\"https:\\\/\\\/noclegioswiecim.eu\\\/wp-content\\\/uploads\\\/2023\\\/07\\\/zima_Czarny_Gron_Beskid.jpg\",\"contentUrl\":\"https:\\\/\\\/noclegioswiecim.eu\\\/wp-content\\\/uploads\\\/2023\\\/07\\\/zima_Czarny_Gron_Beskid.jpg\",\"width\":1900,\"height\":1225},{\"@type\":\"BreadcrumbList\",\"@id\":\"https:\\\/\\\/noclegioswiecim.eu\\\/nl\\\/attracties\\\/czarny-gron-skien\\\/#breadcrumb\",\"itemListElement\":[{\"@type\":\"ListItem\",\"position\":1,\"name\":\"Strona g\u0142\u00f3wna\",\"item\":\"https:\\\/\\\/noclegioswiecim.eu\\\/nl\\\/\"},{\"@type\":\"ListItem\",\"position\":2,\"name\":\"Czarny Gro\u0144 &#8211; ski\u00ebn\"}]},{\"@type\":\"WebSite\",\"@id\":\"https:\\\/\\\/noclegioswiecim.eu\\\/#website\",\"url\":\"https:\\\/\\\/noclegioswiecim.eu\\\/\",\"name\":\"Comfort Apartments\",\"description\":\"Noclegi O\u015bwi\u0119cim \\\/ Booking O\u015bwi\u0119cim\",\"publisher\":{\"@id\":\"https:\\\/\\\/noclegioswiecim.eu\\\/#organization\"},\"potentialAction\":[{\"@type\":\"SearchAction\",\"target\":{\"@type\":\"EntryPoint\",\"urlTemplate\":\"https:\\\/\\\/noclegioswiecim.eu\\\/?s={search_term_string}\"},\"query-input\":{\"@type\":\"PropertyValueSpecification\",\"valueRequired\":true,\"valueName\":\"search_term_string\"}}],\"inLanguage\":\"nl-NL\"},{\"@type\":\"Organization\",\"@id\":\"https:\\\/\\\/noclegioswiecim.eu\\\/#organization\",\"name\":\"Comfort Apartments\",\"url\":\"https:\\\/\\\/noclegioswiecim.eu\\\/\",\"logo\":{\"@type\":\"ImageObject\",\"inLanguage\":\"nl-NL\",\"@id\":\"https:\\\/\\\/noclegioswiecim.eu\\\/#\\\/schema\\\/logo\\\/image\\\/\",\"url\":\"https:\\\/\\\/noclegioswiecim.eu\\\/wp-content\\\/uploads\\\/2023\\\/02\\\/favicona.png\",\"contentUrl\":\"https:\\\/\\\/noclegioswiecim.eu\\\/wp-content\\\/uploads\\\/2023\\\/02\\\/favicona.png\",\"width\":200,\"height\":200,\"caption\":\"Comfort Apartments\"},\"image\":{\"@id\":\"https:\\\/\\\/noclegioswiecim.eu\\\/#\\\/schema\\\/logo\\\/image\\\/\"},\"sameAs\":[\"https:\\\/\\\/www.facebook.com\\\/oswiecimapartments\\\/\",\"https:\\\/\\\/goo.gl\\\/maps\\\/H9x6rxoZWfK3ad1j6\",\"https:\\\/\\\/www.instagram.com\\\/oswiecimapartments\\\/\"]},{\"@type\":\"Person\",\"@id\":\"https:\\\/\\\/noclegioswiecim.eu\\\/#\\\/schema\\\/person\\\/feafb30ea03805a331616c6bfd80e947\",\"name\":\"Patrycja\",\"image\":{\"@type\":\"ImageObject\",\"inLanguage\":\"nl-NL\",\"@id\":\"https:\\\/\\\/secure.gravatar.com\\\/avatar\\\/7c37283748b62bb21affee70f751e75b04d527b2d023e14cdffee17064819ea3?s=96&d=mm&r=g\",\"url\":\"https:\\\/\\\/secure.gravatar.com\\\/avatar\\\/7c37283748b62bb21affee70f751e75b04d527b2d023e14cdffee17064819ea3?s=96&d=mm&r=g\",\"contentUrl\":\"https:\\\/\\\/secure.gravatar.com\\\/avatar\\\/7c37283748b62bb21affee70f751e75b04d527b2d023e14cdffee17064819ea3?s=96&d=mm&r=g\",\"caption\":\"Patrycja\"}}]}<\/script>\n<!-- \/ Yoast SEO plugin. -->","yoast_head_json":{"title":"Czarny Gro\u0144 - ski\u00ebn - Comfort Apartments","description":"Iemand interesse in ski\u00ebn? Het resort Czarny Gro\u0144 biedt een van de meest interessante routes in het Beskidgebergte. Hoge standaard en een prachtig uitzicht op de omliggende bergen.","robots":{"index":"index","follow":"follow","max-snippet":"max-snippet:-1","max-image-preview":"max-image-preview:large","max-video-preview":"max-video-preview:-1"},"canonical":"https:\/\/noclegioswiecim.eu\/nl\/attracties\/czarny-gron-skien\/","og_locale":"nl_NL","og_type":"article","og_title":"Czarny Gro\u0144 - ski\u00ebn - Comfort Apartments","og_description":"Iemand interesse in ski\u00ebn? Het resort Czarny Gro\u0144 biedt een van de meest interessante routes in het Beskidgebergte. Hoge standaard en een prachtig uitzicht op de omliggende bergen.","og_url":"https:\/\/noclegioswiecim.eu\/nl\/attracties\/czarny-gron-skien\/","og_site_name":"Comfort Apartments","article_publisher":"https:\/\/www.facebook.com\/oswiecimapartments\/","article_published_time":"2023-07-13T09:04:48+00:00","article_modified_time":"2024-03-28T13:48:59+00:00","og_image":[{"width":1900,"height":1225,"url":"https:\/\/noclegioswiecim.eu\/wp-content\/uploads\/2023\/07\/zima_Czarny_Gron_Beskid.jpg","type":"image\/jpeg"}],"author":"Patrycja","twitter_card":"summary_large_image","twitter_misc":{"Geschreven door":"Patrycja"},"schema":{"@context":"https:\/\/schema.org","@graph":[{"@type":"Article","@id":"https:\/\/noclegioswiecim.eu\/nl\/attracties\/czarny-gron-skien\/#article","isPartOf":{"@id":"https:\/\/noclegioswiecim.eu\/nl\/attracties\/czarny-gron-skien\/"},"author":{"name":"Patrycja","@id":"https:\/\/noclegioswiecim.eu\/#\/schema\/person\/feafb30ea03805a331616c6bfd80e947"},"headline":"Czarny Gro\u0144 &#8211; ski\u00ebn","datePublished":"2023-07-13T09:04:48+00:00","dateModified":"2024-03-28T13:48:59+00:00","mainEntityOfPage":{"@id":"https:\/\/noclegioswiecim.eu\/nl\/attracties\/czarny-gron-skien\/"},"wordCount":67,"commentCount":0,"publisher":{"@id":"https:\/\/noclegioswiecim.eu\/#organization"},"image":{"@id":"https:\/\/noclegioswiecim.eu\/nl\/attracties\/czarny-gron-skien\/#primaryimage"},"thumbnailUrl":"https:\/\/noclegioswiecim.eu\/wp-content\/uploads\/2023\/07\/zima_Czarny_Gron_Beskid.jpg","articleSection":["Attracties"],"inLanguage":"nl-NL","potentialAction":[{"@type":"CommentAction","name":"Comment","target":["https:\/\/noclegioswiecim.eu\/nl\/attracties\/czarny-gron-skien\/#respond"]}]},{"@type":"WebPage","@id":"https:\/\/noclegioswiecim.eu\/nl\/attracties\/czarny-gron-skien\/","url":"https:\/\/noclegioswiecim.eu\/nl\/attracties\/czarny-gron-skien\/","name":"Czarny Gro\u0144 - ski\u00ebn - Comfort Apartments","isPartOf":{"@id":"https:\/\/noclegioswiecim.eu\/#website"},"primaryImageOfPage":{"@id":"https:\/\/noclegioswiecim.eu\/nl\/attracties\/czarny-gron-skien\/#primaryimage"},"image":{"@id":"https:\/\/noclegioswiecim.eu\/nl\/attracties\/czarny-gron-skien\/#primaryimage"},"thumbnailUrl":"https:\/\/noclegioswiecim.eu\/wp-content\/uploads\/2023\/07\/zima_Czarny_Gron_Beskid.jpg","datePublished":"2023-07-13T09:04:48+00:00","dateModified":"2024-03-28T13:48:59+00:00","description":"Iemand interesse in ski\u00ebn? Het resort Czarny Gro\u0144 biedt een van de meest interessante routes in het Beskidgebergte. Hoge standaard en een prachtig uitzicht op de omliggende bergen.","breadcrumb":{"@id":"https:\/\/noclegioswiecim.eu\/nl\/attracties\/czarny-gron-skien\/#breadcrumb"},"inLanguage":"nl-NL","potentialAction":[{"@type":"ReadAction","target":["https:\/\/noclegioswiecim.eu\/nl\/attracties\/czarny-gron-skien\/"]}]},{"@type":"ImageObject","inLanguage":"nl-NL","@id":"https:\/\/noclegioswiecim.eu\/nl\/attracties\/czarny-gron-skien\/#primaryimage","url":"https:\/\/noclegioswiecim.eu\/wp-content\/uploads\/2023\/07\/zima_Czarny_Gron_Beskid.jpg","contentUrl":"https:\/\/noclegioswiecim.eu\/wp-content\/uploads\/2023\/07\/zima_Czarny_Gron_Beskid.jpg","width":1900,"height":1225},{"@type":"BreadcrumbList","@id":"https:\/\/noclegioswiecim.eu\/nl\/attracties\/czarny-gron-skien\/#breadcrumb","itemListElement":[{"@type":"ListItem","position":1,"name":"Strona g\u0142\u00f3wna","item":"https:\/\/noclegioswiecim.eu\/nl\/"},{"@type":"ListItem","position":2,"name":"Czarny Gro\u0144 &#8211; ski\u00ebn"}]},{"@type":"WebSite","@id":"https:\/\/noclegioswiecim.eu\/#website","url":"https:\/\/noclegioswiecim.eu\/","name":"Comfort Apartments","description":"Noclegi O\u015bwi\u0119cim \/ Booking O\u015bwi\u0119cim","publisher":{"@id":"https:\/\/noclegioswiecim.eu\/#organization"},"potentialAction":[{"@type":"SearchAction","target":{"@type":"EntryPoint","urlTemplate":"https:\/\/noclegioswiecim.eu\/?s={search_term_string}"},"query-input":{"@type":"PropertyValueSpecification","valueRequired":true,"valueName":"search_term_string"}}],"inLanguage":"nl-NL"},{"@type":"Organization","@id":"https:\/\/noclegioswiecim.eu\/#organization","name":"Comfort Apartments","url":"https:\/\/noclegioswiecim.eu\/","logo":{"@type":"ImageObject","inLanguage":"nl-NL","@id":"https:\/\/noclegioswiecim.eu\/#\/schema\/logo\/image\/","url":"https:\/\/noclegioswiecim.eu\/wp-content\/uploads\/2023\/02\/favicona.png","contentUrl":"https:\/\/noclegioswiecim.eu\/wp-content\/uploads\/2023\/02\/favicona.png","width":200,"height":200,"caption":"Comfort Apartments"},"image":{"@id":"https:\/\/noclegioswiecim.eu\/#\/schema\/logo\/image\/"},"sameAs":["https:\/\/www.facebook.com\/oswiecimapartments\/","https:\/\/goo.gl\/maps\/H9x6rxoZWfK3ad1j6","https:\/\/www.instagram.com\/oswiecimapartments\/"]},{"@type":"Person","@id":"https:\/\/noclegioswiecim.eu\/#\/schema\/person\/feafb30ea03805a331616c6bfd80e947","name":"Patrycja","image":{"@type":"ImageObject","inLanguage":"nl-NL","@id":"https:\/\/secure.gravatar.com\/avatar\/7c37283748b62bb21affee70f751e75b04d527b2d023e14cdffee17064819ea3?s=96&d=mm&r=g","url":"https:\/\/secure.gravatar.com\/avatar\/7c37283748b62bb21affee70f751e75b04d527b2d023e14cdffee17064819ea3?s=96&d=mm&r=g","contentUrl":"https:\/\/secure.gravatar.com\/avatar\/7c37283748b62bb21affee70f751e75b04d527b2d023e14cdffee17064819ea3?s=96&d=mm&r=g","caption":"Patrycja"}}]}},"_links":{"self":[{"href":"https:\/\/noclegioswiecim.eu\/nl\/wp-json\/wp\/v2\/posts\/4692","targetHints":{"allow":["GET"]}}],"collection":[{"href":"https:\/\/noclegioswiecim.eu\/nl\/wp-json\/wp\/v2\/posts"}],"about":[{"href":"https:\/\/noclegioswiecim.eu\/nl\/wp-json\/wp\/v2\/types\/post"}],"author":[{"embeddable":true,"href":"https:\/\/noclegioswiecim.eu\/nl\/wp-json\/wp\/v2\/users\/2"}],"replies":[{"embeddable":true,"href":"https:\/\/noclegioswiecim.eu\/nl\/wp-json\/wp\/v2\/comments?post=4692"}],"version-history":[{"count":1,"href":"https:\/\/noclegioswiecim.eu\/nl\/wp-json\/wp\/v2\/posts\/4692\/revisions"}],"predecessor-version":[{"id":4694,"href":"https:\/\/noclegioswiecim.eu\/nl\/wp-json\/wp\/v2\/posts\/4692\/revisions\/4694"}],"wp:featuredmedia":[{"embeddable":true,"href":"https:\/\/noclegioswiecim.eu\/nl\/wp-json\/wp\/v2\/media\/4693"}],"wp:attachment":[{"href":"https:\/\/noclegioswiecim.eu\/nl\/wp-json\/wp\/v2\/media?parent=4692"}],"wp:term":[{"taxonomy":"category","embeddable":true,"href":"https:\/\/noclegioswiecim.eu\/nl\/wp-json\/wp\/v2\/categories?post=4692"},{"taxonomy":"post_tag","embeddable":true,"href":"https:\/\/noclegioswiecim.eu\/nl\/wp-json\/wp\/v2\/tags?post=4692"}],"curies":[{"name":"wp","href":"https:\/\/api.w.org\/{rel}","templated":true}]}}