{"id":4254,"date":"2023-07-13T10:20:30","date_gmt":"2023-07-13T08:20:30","guid":{"rendered":"https:\/\/noclegioswiecim.eu\/non-categorizzato\/museo-giovanni-paolo-ii\/"},"modified":"2024-03-25T09:57:20","modified_gmt":"2024-03-25T08:57:20","slug":"museo-giovanni-paolo-ii","status":"publish","type":"post","link":"https:\/\/noclegioswiecim.eu\/it\/attrazioni\/museo-giovanni-paolo-ii\/","title":{"rendered":"Museo Giovanni Paolo II"},"content":{"rendered":"<p><strong>Distanza dalla struttura:<\/strong> 32,5 km<\/p>\n<p>La missione del Museo \u00e8 <strong>quella di commemorare e diffondere<\/strong> la conoscenza della vita e degli insegnamenti <strong>del Santo Padre Giovanni Paolo II<\/strong>, il cui pontificato e messaggio occupano un posto unico <strong>nel patrimonio nazionale polacco.<\/strong> Il museo cerca di mostrare alle prossime generazioni la persona di <strong>Giovanni Paolo II<\/strong> &#8211; come modello di uomo nobile, saggio, aperto agli altri, che gode di autorit\u00e0 e rispetto.<\/p>\n<p>La missione del Museo comprende anche <strong>il sostegno alla famiglia come<\/strong> comunit\u00e0 fondamentale e insostituibile che plasma l&#8217;identit\u00e0 umana, il suo sistema di valori e l&#8217;atteggiamento civico, nonch\u00e9 la partecipazione attiva alla costruzione <strong>di una societ\u00e0 basata sui valori cristiani.<\/strong><\/p>\n<p>Il Museo Wadowice \u00e8 uno dei punti pi\u00f9 importanti sulla mappa dei luoghi legati al Papa polacco. \u00c8 uno dei musei pi\u00f9 visitati in Polonia. Da qui Giovanni Paolo II si \u00e8 messo in viaggio per il mondo, portando la Buona Novella, la speranza e la pace. La sua vita e le sue attivit\u00e0 ispirano e rafforzano milioni di persone in tutto il mondo, compresi coloro che vengono a casa della sua famiglia.<\/p>\n<p><strong>Maggiori informazioni:<\/strong> <a href=\"https:\/\/domjp2.pl\/\">www.domjp2.pl<\/a><\/p>\n<p>&nbsp;<\/p>\n","protected":false},"excerpt":{"rendered":"<p>Distanza: 32,5 km<\/p>\n","protected":false},"author":2,"featured_media":4255,"comment_status":"open","ping_status":"open","sticky":false,"template":"","format":"standard","meta":{"footnotes":""},"categories":[150],"tags":[],"class_list":["post-4254","post","type-post","status-publish","format-standard","has-post-thumbnail","hentry","category-attrazioni"],"yoast_head":"<!-- This site is optimized with the Yoast SEO plugin v27.5 - https:\/\/yoast.com\/product\/yoast-seo-wordpress\/ -->\n<title>Museo Giovanni Paolo II - Comfort Apartments<\/title>\n<meta name=\"description\" content=\"Il Museo Wadowice \u00e8 uno dei punti pi\u00f9 importanti sulla mappa dei luoghi legati al Papa polacco ed anche uno dei pi\u00f9 visitati.\" \/>\n<meta name=\"robots\" content=\"index, follow, max-snippet:-1, max-image-preview:large, max-video-preview:-1\" \/>\n<link rel=\"canonical\" href=\"https:\/\/noclegioswiecim.eu\/it\/attrazioni\/museo-giovanni-paolo-ii\/\" \/>\n<meta property=\"og:locale\" content=\"it_IT\" \/>\n<meta property=\"og:type\" content=\"article\" \/>\n<meta property=\"og:title\" content=\"Museo Giovanni Paolo II - Comfort Apartments\" \/>\n<meta property=\"og:description\" content=\"Il Museo Wadowice \u00e8 uno dei punti pi\u00f9 importanti sulla mappa dei luoghi legati al Papa polacco ed anche uno dei pi\u00f9 visitati.\" \/>\n<meta property=\"og:url\" content=\"https:\/\/noclegioswiecim.eu\/it\/attrazioni\/museo-giovanni-paolo-ii\/\" \/>\n<meta property=\"og:site_name\" content=\"Comfort Apartments\" \/>\n<meta property=\"article:publisher\" content=\"https:\/\/www.facebook.com\/oswiecimapartments\/\" \/>\n<meta property=\"article:published_time\" content=\"2023-07-13T08:20:30+00:00\" \/>\n<meta property=\"article:modified_time\" content=\"2024-03-25T08:57:20+00:00\" \/>\n<meta property=\"og:image\" content=\"https:\/\/noclegioswiecim.eu\/wp-content\/uploads\/2023\/07\/muzeum-20-1.jpg\" \/>\n\t<meta property=\"og:image:width\" content=\"1900\" \/>\n\t<meta property=\"og:image:height\" content=\"1210\" \/>\n\t<meta property=\"og:image:type\" content=\"image\/jpeg\" \/>\n<meta name=\"author\" content=\"Patrycja\" \/>\n<meta name=\"twitter:card\" content=\"summary_large_image\" \/>\n<meta name=\"twitter:label1\" content=\"Scritto da\" \/>\n\t<meta name=\"twitter:data1\" content=\"Patrycja\" \/>\n\t<meta name=\"twitter:label2\" content=\"Tempo di lettura stimato\" \/>\n\t<meta name=\"twitter:data2\" content=\"1 minuto\" \/>\n<script type=\"application\/ld+json\" class=\"yoast-schema-graph\">{\"@context\":\"https:\\\/\\\/schema.org\",\"@graph\":[{\"@type\":\"Article\",\"@id\":\"https:\\\/\\\/noclegioswiecim.eu\\\/it\\\/attrazioni\\\/museo-giovanni-paolo-ii\\\/#article\",\"isPartOf\":{\"@id\":\"https:\\\/\\\/noclegioswiecim.eu\\\/it\\\/attrazioni\\\/museo-giovanni-paolo-ii\\\/\"},\"author\":{\"name\":\"Patrycja\",\"@id\":\"https:\\\/\\\/noclegioswiecim.eu\\\/#\\\/schema\\\/person\\\/feafb30ea03805a331616c6bfd80e947\"},\"headline\":\"Museo Giovanni Paolo II\",\"datePublished\":\"2023-07-13T08:20:30+00:00\",\"dateModified\":\"2024-03-25T08:57:20+00:00\",\"mainEntityOfPage\":{\"@id\":\"https:\\\/\\\/noclegioswiecim.eu\\\/it\\\/attrazioni\\\/museo-giovanni-paolo-ii\\\/\"},\"wordCount\":191,\"commentCount\":0,\"publisher\":{\"@id\":\"https:\\\/\\\/noclegioswiecim.eu\\\/#organization\"},\"image\":{\"@id\":\"https:\\\/\\\/noclegioswiecim.eu\\\/it\\\/attrazioni\\\/museo-giovanni-paolo-ii\\\/#primaryimage\"},\"thumbnailUrl\":\"https:\\\/\\\/noclegioswiecim.eu\\\/wp-content\\\/uploads\\\/2023\\\/07\\\/muzeum-20-1.jpg\",\"articleSection\":[\"Attrazioni\"],\"inLanguage\":\"it-IT\",\"potentialAction\":[{\"@type\":\"CommentAction\",\"name\":\"Comment\",\"target\":[\"https:\\\/\\\/noclegioswiecim.eu\\\/it\\\/attrazioni\\\/museo-giovanni-paolo-ii\\\/#respond\"]}]},{\"@type\":\"WebPage\",\"@id\":\"https:\\\/\\\/noclegioswiecim.eu\\\/it\\\/attrazioni\\\/museo-giovanni-paolo-ii\\\/\",\"url\":\"https:\\\/\\\/noclegioswiecim.eu\\\/it\\\/attrazioni\\\/museo-giovanni-paolo-ii\\\/\",\"name\":\"Museo Giovanni Paolo II - Comfort Apartments\",\"isPartOf\":{\"@id\":\"https:\\\/\\\/noclegioswiecim.eu\\\/#website\"},\"primaryImageOfPage\":{\"@id\":\"https:\\\/\\\/noclegioswiecim.eu\\\/it\\\/attrazioni\\\/museo-giovanni-paolo-ii\\\/#primaryimage\"},\"image\":{\"@id\":\"https:\\\/\\\/noclegioswiecim.eu\\\/it\\\/attrazioni\\\/museo-giovanni-paolo-ii\\\/#primaryimage\"},\"thumbnailUrl\":\"https:\\\/\\\/noclegioswiecim.eu\\\/wp-content\\\/uploads\\\/2023\\\/07\\\/muzeum-20-1.jpg\",\"datePublished\":\"2023-07-13T08:20:30+00:00\",\"dateModified\":\"2024-03-25T08:57:20+00:00\",\"description\":\"Il Museo Wadowice \u00e8 uno dei punti pi\u00f9 importanti sulla mappa dei luoghi legati al Papa polacco ed anche uno dei pi\u00f9 visitati.\",\"breadcrumb\":{\"@id\":\"https:\\\/\\\/noclegioswiecim.eu\\\/it\\\/attrazioni\\\/museo-giovanni-paolo-ii\\\/#breadcrumb\"},\"inLanguage\":\"it-IT\",\"potentialAction\":[{\"@type\":\"ReadAction\",\"target\":[\"https:\\\/\\\/noclegioswiecim.eu\\\/it\\\/attrazioni\\\/museo-giovanni-paolo-ii\\\/\"]}]},{\"@type\":\"ImageObject\",\"inLanguage\":\"it-IT\",\"@id\":\"https:\\\/\\\/noclegioswiecim.eu\\\/it\\\/attrazioni\\\/museo-giovanni-paolo-ii\\\/#primaryimage\",\"url\":\"https:\\\/\\\/noclegioswiecim.eu\\\/wp-content\\\/uploads\\\/2023\\\/07\\\/muzeum-20-1.jpg\",\"contentUrl\":\"https:\\\/\\\/noclegioswiecim.eu\\\/wp-content\\\/uploads\\\/2023\\\/07\\\/muzeum-20-1.jpg\",\"width\":1900,\"height\":1210},{\"@type\":\"BreadcrumbList\",\"@id\":\"https:\\\/\\\/noclegioswiecim.eu\\\/it\\\/attrazioni\\\/museo-giovanni-paolo-ii\\\/#breadcrumb\",\"itemListElement\":[{\"@type\":\"ListItem\",\"position\":1,\"name\":\"Strona g\u0142\u00f3wna\",\"item\":\"https:\\\/\\\/noclegioswiecim.eu\\\/it\\\/\"},{\"@type\":\"ListItem\",\"position\":2,\"name\":\"Museo Giovanni Paolo II\"}]},{\"@type\":\"WebSite\",\"@id\":\"https:\\\/\\\/noclegioswiecim.eu\\\/#website\",\"url\":\"https:\\\/\\\/noclegioswiecim.eu\\\/\",\"name\":\"Comfort Apartments\",\"description\":\"Noclegi O\u015bwi\u0119cim \\\/ Booking O\u015bwi\u0119cim\",\"publisher\":{\"@id\":\"https:\\\/\\\/noclegioswiecim.eu\\\/#organization\"},\"potentialAction\":[{\"@type\":\"SearchAction\",\"target\":{\"@type\":\"EntryPoint\",\"urlTemplate\":\"https:\\\/\\\/noclegioswiecim.eu\\\/?s={search_term_string}\"},\"query-input\":{\"@type\":\"PropertyValueSpecification\",\"valueRequired\":true,\"valueName\":\"search_term_string\"}}],\"inLanguage\":\"it-IT\"},{\"@type\":\"Organization\",\"@id\":\"https:\\\/\\\/noclegioswiecim.eu\\\/#organization\",\"name\":\"Comfort Apartments\",\"url\":\"https:\\\/\\\/noclegioswiecim.eu\\\/\",\"logo\":{\"@type\":\"ImageObject\",\"inLanguage\":\"it-IT\",\"@id\":\"https:\\\/\\\/noclegioswiecim.eu\\\/#\\\/schema\\\/logo\\\/image\\\/\",\"url\":\"https:\\\/\\\/noclegioswiecim.eu\\\/wp-content\\\/uploads\\\/2023\\\/02\\\/favicona.png\",\"contentUrl\":\"https:\\\/\\\/noclegioswiecim.eu\\\/wp-content\\\/uploads\\\/2023\\\/02\\\/favicona.png\",\"width\":200,\"height\":200,\"caption\":\"Comfort Apartments\"},\"image\":{\"@id\":\"https:\\\/\\\/noclegioswiecim.eu\\\/#\\\/schema\\\/logo\\\/image\\\/\"},\"sameAs\":[\"https:\\\/\\\/www.facebook.com\\\/oswiecimapartments\\\/\",\"https:\\\/\\\/goo.gl\\\/maps\\\/H9x6rxoZWfK3ad1j6\",\"https:\\\/\\\/www.instagram.com\\\/oswiecimapartments\\\/\"]},{\"@type\":\"Person\",\"@id\":\"https:\\\/\\\/noclegioswiecim.eu\\\/#\\\/schema\\\/person\\\/feafb30ea03805a331616c6bfd80e947\",\"name\":\"Patrycja\",\"image\":{\"@type\":\"ImageObject\",\"inLanguage\":\"it-IT\",\"@id\":\"https:\\\/\\\/secure.gravatar.com\\\/avatar\\\/7c37283748b62bb21affee70f751e75b04d527b2d023e14cdffee17064819ea3?s=96&d=mm&r=g\",\"url\":\"https:\\\/\\\/secure.gravatar.com\\\/avatar\\\/7c37283748b62bb21affee70f751e75b04d527b2d023e14cdffee17064819ea3?s=96&d=mm&r=g\",\"contentUrl\":\"https:\\\/\\\/secure.gravatar.com\\\/avatar\\\/7c37283748b62bb21affee70f751e75b04d527b2d023e14cdffee17064819ea3?s=96&d=mm&r=g\",\"caption\":\"Patrycja\"}}]}<\/script>\n<!-- \/ Yoast SEO plugin. -->","yoast_head_json":{"title":"Museo Giovanni Paolo II - Comfort Apartments","description":"Il Museo Wadowice \u00e8 uno dei punti pi\u00f9 importanti sulla mappa dei luoghi legati al Papa polacco ed anche uno dei pi\u00f9 visitati.","robots":{"index":"index","follow":"follow","max-snippet":"max-snippet:-1","max-image-preview":"max-image-preview:large","max-video-preview":"max-video-preview:-1"},"canonical":"https:\/\/noclegioswiecim.eu\/it\/attrazioni\/museo-giovanni-paolo-ii\/","og_locale":"it_IT","og_type":"article","og_title":"Museo Giovanni Paolo II - Comfort Apartments","og_description":"Il Museo Wadowice \u00e8 uno dei punti pi\u00f9 importanti sulla mappa dei luoghi legati al Papa polacco ed anche uno dei pi\u00f9 visitati.","og_url":"https:\/\/noclegioswiecim.eu\/it\/attrazioni\/museo-giovanni-paolo-ii\/","og_site_name":"Comfort Apartments","article_publisher":"https:\/\/www.facebook.com\/oswiecimapartments\/","article_published_time":"2023-07-13T08:20:30+00:00","article_modified_time":"2024-03-25T08:57:20+00:00","og_image":[{"width":1900,"height":1210,"url":"https:\/\/noclegioswiecim.eu\/wp-content\/uploads\/2023\/07\/muzeum-20-1.jpg","type":"image\/jpeg"}],"author":"Patrycja","twitter_card":"summary_large_image","twitter_misc":{"Scritto da":"Patrycja","Tempo di lettura stimato":"1 minuto"},"schema":{"@context":"https:\/\/schema.org","@graph":[{"@type":"Article","@id":"https:\/\/noclegioswiecim.eu\/it\/attrazioni\/museo-giovanni-paolo-ii\/#article","isPartOf":{"@id":"https:\/\/noclegioswiecim.eu\/it\/attrazioni\/museo-giovanni-paolo-ii\/"},"author":{"name":"Patrycja","@id":"https:\/\/noclegioswiecim.eu\/#\/schema\/person\/feafb30ea03805a331616c6bfd80e947"},"headline":"Museo Giovanni Paolo II","datePublished":"2023-07-13T08:20:30+00:00","dateModified":"2024-03-25T08:57:20+00:00","mainEntityOfPage":{"@id":"https:\/\/noclegioswiecim.eu\/it\/attrazioni\/museo-giovanni-paolo-ii\/"},"wordCount":191,"commentCount":0,"publisher":{"@id":"https:\/\/noclegioswiecim.eu\/#organization"},"image":{"@id":"https:\/\/noclegioswiecim.eu\/it\/attrazioni\/museo-giovanni-paolo-ii\/#primaryimage"},"thumbnailUrl":"https:\/\/noclegioswiecim.eu\/wp-content\/uploads\/2023\/07\/muzeum-20-1.jpg","articleSection":["Attrazioni"],"inLanguage":"it-IT","potentialAction":[{"@type":"CommentAction","name":"Comment","target":["https:\/\/noclegioswiecim.eu\/it\/attrazioni\/museo-giovanni-paolo-ii\/#respond"]}]},{"@type":"WebPage","@id":"https:\/\/noclegioswiecim.eu\/it\/attrazioni\/museo-giovanni-paolo-ii\/","url":"https:\/\/noclegioswiecim.eu\/it\/attrazioni\/museo-giovanni-paolo-ii\/","name":"Museo Giovanni Paolo II - Comfort Apartments","isPartOf":{"@id":"https:\/\/noclegioswiecim.eu\/#website"},"primaryImageOfPage":{"@id":"https:\/\/noclegioswiecim.eu\/it\/attrazioni\/museo-giovanni-paolo-ii\/#primaryimage"},"image":{"@id":"https:\/\/noclegioswiecim.eu\/it\/attrazioni\/museo-giovanni-paolo-ii\/#primaryimage"},"thumbnailUrl":"https:\/\/noclegioswiecim.eu\/wp-content\/uploads\/2023\/07\/muzeum-20-1.jpg","datePublished":"2023-07-13T08:20:30+00:00","dateModified":"2024-03-25T08:57:20+00:00","description":"Il Museo Wadowice \u00e8 uno dei punti pi\u00f9 importanti sulla mappa dei luoghi legati al Papa polacco ed anche uno dei pi\u00f9 visitati.","breadcrumb":{"@id":"https:\/\/noclegioswiecim.eu\/it\/attrazioni\/museo-giovanni-paolo-ii\/#breadcrumb"},"inLanguage":"it-IT","potentialAction":[{"@type":"ReadAction","target":["https:\/\/noclegioswiecim.eu\/it\/attrazioni\/museo-giovanni-paolo-ii\/"]}]},{"@type":"ImageObject","inLanguage":"it-IT","@id":"https:\/\/noclegioswiecim.eu\/it\/attrazioni\/museo-giovanni-paolo-ii\/#primaryimage","url":"https:\/\/noclegioswiecim.eu\/wp-content\/uploads\/2023\/07\/muzeum-20-1.jpg","contentUrl":"https:\/\/noclegioswiecim.eu\/wp-content\/uploads\/2023\/07\/muzeum-20-1.jpg","width":1900,"height":1210},{"@type":"BreadcrumbList","@id":"https:\/\/noclegioswiecim.eu\/it\/attrazioni\/museo-giovanni-paolo-ii\/#breadcrumb","itemListElement":[{"@type":"ListItem","position":1,"name":"Strona g\u0142\u00f3wna","item":"https:\/\/noclegioswiecim.eu\/it\/"},{"@type":"ListItem","position":2,"name":"Museo Giovanni Paolo II"}]},{"@type":"WebSite","@id":"https:\/\/noclegioswiecim.eu\/#website","url":"https:\/\/noclegioswiecim.eu\/","name":"Comfort Apartments","description":"Noclegi O\u015bwi\u0119cim \/ Booking O\u015bwi\u0119cim","publisher":{"@id":"https:\/\/noclegioswiecim.eu\/#organization"},"potentialAction":[{"@type":"SearchAction","target":{"@type":"EntryPoint","urlTemplate":"https:\/\/noclegioswiecim.eu\/?s={search_term_string}"},"query-input":{"@type":"PropertyValueSpecification","valueRequired":true,"valueName":"search_term_string"}}],"inLanguage":"it-IT"},{"@type":"Organization","@id":"https:\/\/noclegioswiecim.eu\/#organization","name":"Comfort Apartments","url":"https:\/\/noclegioswiecim.eu\/","logo":{"@type":"ImageObject","inLanguage":"it-IT","@id":"https:\/\/noclegioswiecim.eu\/#\/schema\/logo\/image\/","url":"https:\/\/noclegioswiecim.eu\/wp-content\/uploads\/2023\/02\/favicona.png","contentUrl":"https:\/\/noclegioswiecim.eu\/wp-content\/uploads\/2023\/02\/favicona.png","width":200,"height":200,"caption":"Comfort Apartments"},"image":{"@id":"https:\/\/noclegioswiecim.eu\/#\/schema\/logo\/image\/"},"sameAs":["https:\/\/www.facebook.com\/oswiecimapartments\/","https:\/\/goo.gl\/maps\/H9x6rxoZWfK3ad1j6","https:\/\/www.instagram.com\/oswiecimapartments\/"]},{"@type":"Person","@id":"https:\/\/noclegioswiecim.eu\/#\/schema\/person\/feafb30ea03805a331616c6bfd80e947","name":"Patrycja","image":{"@type":"ImageObject","inLanguage":"it-IT","@id":"https:\/\/secure.gravatar.com\/avatar\/7c37283748b62bb21affee70f751e75b04d527b2d023e14cdffee17064819ea3?s=96&d=mm&r=g","url":"https:\/\/secure.gravatar.com\/avatar\/7c37283748b62bb21affee70f751e75b04d527b2d023e14cdffee17064819ea3?s=96&d=mm&r=g","contentUrl":"https:\/\/secure.gravatar.com\/avatar\/7c37283748b62bb21affee70f751e75b04d527b2d023e14cdffee17064819ea3?s=96&d=mm&r=g","caption":"Patrycja"}}]}},"_links":{"self":[{"href":"https:\/\/noclegioswiecim.eu\/it\/wp-json\/wp\/v2\/posts\/4254","targetHints":{"allow":["GET"]}}],"collection":[{"href":"https:\/\/noclegioswiecim.eu\/it\/wp-json\/wp\/v2\/posts"}],"about":[{"href":"https:\/\/noclegioswiecim.eu\/it\/wp-json\/wp\/v2\/types\/post"}],"author":[{"embeddable":true,"href":"https:\/\/noclegioswiecim.eu\/it\/wp-json\/wp\/v2\/users\/2"}],"replies":[{"embeddable":true,"href":"https:\/\/noclegioswiecim.eu\/it\/wp-json\/wp\/v2\/comments?post=4254"}],"version-history":[{"count":1,"href":"https:\/\/noclegioswiecim.eu\/it\/wp-json\/wp\/v2\/posts\/4254\/revisions"}],"predecessor-version":[{"id":4256,"href":"https:\/\/noclegioswiecim.eu\/it\/wp-json\/wp\/v2\/posts\/4254\/revisions\/4256"}],"wp:featuredmedia":[{"embeddable":true,"href":"https:\/\/noclegioswiecim.eu\/it\/wp-json\/wp\/v2\/media\/4255"}],"wp:attachment":[{"href":"https:\/\/noclegioswiecim.eu\/it\/wp-json\/wp\/v2\/media?parent=4254"}],"wp:term":[{"taxonomy":"category","embeddable":true,"href":"https:\/\/noclegioswiecim.eu\/it\/wp-json\/wp\/v2\/categories?post=4254"},{"taxonomy":"post_tag","embeddable":true,"href":"https:\/\/noclegioswiecim.eu\/it\/wp-json\/wp\/v2\/tags?post=4254"}],"curies":[{"name":"wp","href":"https:\/\/api.w.org\/{rel}","templated":true}]}}