{"id":4177,"date":"2023-08-03T10:57:07","date_gmt":"2023-08-03T08:57:07","guid":{"rendered":"https:\/\/noclegioswiecim.eu\/non-categorizzato\/percorsi-ciclabili\/"},"modified":"2023-08-03T10:57:07","modified_gmt":"2023-08-03T08:57:07","slug":"percorsi-ciclabili","status":"publish","type":"post","link":"https:\/\/noclegioswiecim.eu\/it\/attrazioni\/percorsi-ciclabili\/","title":{"rendered":"Percorsi ciclabili"},"content":{"rendered":"<p>O\u015bwi\u0119cim e i suoi dintorni offrono varie opportunit\u00e0 per attivit\u00e0 ricreative attive, compreso il ciclismo. Grazie all&#8217;infrastruttura ben sviluppata, i ciclisti possono esplorare molti percorsi, come la pista ciclabile <strong>Wis\u0142a<\/strong>, <strong>VeloMetropolis\/EuroVelo4<\/strong> e l&#8217;imminente <strong>percorso VeloSkawa<\/strong>. L&#8217;applicazione <strong>Ma\u0142opolska Bicycle<\/strong> consente la navigazione e l&#8217;accesso a un database di percorsi ciclabili.<\/p>\n<p>Tra gli itinerari interessanti figurano il circuito circolare di Trzebinia con attrazioni naturali e culturali, il percorso facile dal bacino idrico di Chech\u0142o a Ruda attraverso la foresta di Dulowska e il percorso <strong>Brzeszcze Na Rowerze,<\/strong> <strong>adatto ai principianti.<\/strong><\/p>\n<p>Nella stessa citt\u00e0 di O\u015bwi\u0119cim ci sono molte comode piste ciclabili, tra cui:<\/p>\n<ul>\n<li>Ciclabile della Vistola, lunga 230 km,<\/li>\n<li>Greenways &#8211; una pista ciclabile verde lunga 22,5 km a O\u015bwi\u0119cim,<\/li>\n<li>Itinerario intorno a O\u015bwi\u0119cim, lungo 19,6 km<\/li>\n<\/ul>\n<p><strong>Maggiori informazioni:<\/strong><\/p>\n<p><a href=\"https:\/\/www.it.oswiecim.pl\/Trasy-rowerowe-1804.html\">www.it.oswiecim.pl\/Trasy-rowerowe-1804.html<\/a><\/p>\n<p><a href=\"http:\/\/www.traseo.pl\/trasy\/kategoria\/rower-szosowy\/city\/oswiecim\">www.traseo.pl\/trasy\/kategoria\/rower-szosowy\/city\/oswiecim<\/a><\/p>\n<p><a href=\"https:\/\/narowery.visitmalopolska.pl\/pl_PL\/oswiecim-i-okolice\">www.narowery.visitmalopolska.pl\/pl_PL\/oswiecim-i-okolice<\/a><\/p>\n","protected":false},"excerpt":{"rendered":"<p>Scopri i percorsi ciclabili a O\u015bwi\u0119cim!<\/p>\n","protected":false},"author":2,"featured_media":4178,"comment_status":"open","ping_status":"open","sticky":false,"template":"","format":"standard","meta":{"footnotes":""},"categories":[150],"tags":[],"class_list":["post-4177","post","type-post","status-publish","format-standard","has-post-thumbnail","hentry","category-attrazioni"],"yoast_head":"<!-- This site is optimized with the Yoast SEO plugin v27.5 - https:\/\/yoast.com\/product\/yoast-seo-wordpress\/ -->\n<title>Percorsi ciclabili - Comfort Apartments<\/title>\n<meta name=\"robots\" content=\"index, follow, max-snippet:-1, max-image-preview:large, max-video-preview:-1\" \/>\n<link rel=\"canonical\" href=\"https:\/\/noclegioswiecim.eu\/non-categorizzato\/percorsi-ciclabili\/\" \/>\n<meta property=\"og:locale\" content=\"it_IT\" \/>\n<meta property=\"og:type\" content=\"article\" \/>\n<meta property=\"og:title\" content=\"Percorsi ciclabili - Comfort Apartments\" \/>\n<meta property=\"og:description\" content=\"Scopri i percorsi ciclabili a O\u015bwi\u0119cim!\" \/>\n<meta property=\"og:url\" content=\"https:\/\/noclegioswiecim.eu\/non-categorizzato\/percorsi-ciclabili\/\" \/>\n<meta property=\"og:site_name\" content=\"Comfort Apartments\" \/>\n<meta property=\"article:publisher\" content=\"https:\/\/www.facebook.com\/oswiecimapartments\/\" \/>\n<meta property=\"article:published_time\" content=\"2023-08-03T08:57:07+00:00\" \/>\n<meta name=\"author\" content=\"Patrycja\" \/>\n<meta name=\"twitter:card\" content=\"summary_large_image\" \/>\n<meta name=\"twitter:label1\" content=\"Scritto da\" \/>\n\t<meta name=\"twitter:data1\" content=\"Patrycja\" \/>\n\t<meta name=\"twitter:label2\" content=\"Tempo di lettura stimato\" \/>\n\t<meta name=\"twitter:data2\" content=\"1 minuto\" \/>\n<script type=\"application\/ld+json\" class=\"yoast-schema-graph\">{\"@context\":\"https:\\\/\\\/schema.org\",\"@graph\":[{\"@type\":\"Article\",\"@id\":\"https:\\\/\\\/noclegioswiecim.eu\\\/non-categorizzato\\\/percorsi-ciclabili\\\/#article\",\"isPartOf\":{\"@id\":\"https:\\\/\\\/noclegioswiecim.eu\\\/non-categorizzato\\\/percorsi-ciclabili\\\/\"},\"author\":{\"name\":\"Patrycja\",\"@id\":\"https:\\\/\\\/noclegioswiecim.eu\\\/#\\\/schema\\\/person\\\/feafb30ea03805a331616c6bfd80e947\"},\"headline\":\"Percorsi ciclabili\",\"datePublished\":\"2023-08-03T08:57:07+00:00\",\"mainEntityOfPage\":{\"@id\":\"https:\\\/\\\/noclegioswiecim.eu\\\/non-categorizzato\\\/percorsi-ciclabili\\\/\"},\"wordCount\":163,\"commentCount\":0,\"publisher\":{\"@id\":\"https:\\\/\\\/noclegioswiecim.eu\\\/#organization\"},\"image\":{\"@id\":\"https:\\\/\\\/noclegioswiecim.eu\\\/non-categorizzato\\\/percorsi-ciclabili\\\/#primaryimage\"},\"thumbnailUrl\":\"https:\\\/\\\/noclegioswiecim.eu\\\/wp-content\\\/uploads\\\/2023\\\/08\\\/Projekt-bez-nazwy.png\",\"articleSection\":[\"Attrazioni\"],\"inLanguage\":\"it-IT\",\"potentialAction\":[{\"@type\":\"CommentAction\",\"name\":\"Comment\",\"target\":[\"https:\\\/\\\/noclegioswiecim.eu\\\/non-categorizzato\\\/percorsi-ciclabili\\\/#respond\"]}]},{\"@type\":\"WebPage\",\"@id\":\"https:\\\/\\\/noclegioswiecim.eu\\\/non-categorizzato\\\/percorsi-ciclabili\\\/\",\"url\":\"https:\\\/\\\/noclegioswiecim.eu\\\/non-categorizzato\\\/percorsi-ciclabili\\\/\",\"name\":\"Percorsi ciclabili - Comfort Apartments\",\"isPartOf\":{\"@id\":\"https:\\\/\\\/noclegioswiecim.eu\\\/#website\"},\"primaryImageOfPage\":{\"@id\":\"https:\\\/\\\/noclegioswiecim.eu\\\/non-categorizzato\\\/percorsi-ciclabili\\\/#primaryimage\"},\"image\":{\"@id\":\"https:\\\/\\\/noclegioswiecim.eu\\\/non-categorizzato\\\/percorsi-ciclabili\\\/#primaryimage\"},\"thumbnailUrl\":\"https:\\\/\\\/noclegioswiecim.eu\\\/wp-content\\\/uploads\\\/2023\\\/08\\\/Projekt-bez-nazwy.png\",\"datePublished\":\"2023-08-03T08:57:07+00:00\",\"breadcrumb\":{\"@id\":\"https:\\\/\\\/noclegioswiecim.eu\\\/non-categorizzato\\\/percorsi-ciclabili\\\/#breadcrumb\"},\"inLanguage\":\"it-IT\",\"potentialAction\":[{\"@type\":\"ReadAction\",\"target\":[\"https:\\\/\\\/noclegioswiecim.eu\\\/non-categorizzato\\\/percorsi-ciclabili\\\/\"]}]},{\"@type\":\"ImageObject\",\"inLanguage\":\"it-IT\",\"@id\":\"https:\\\/\\\/noclegioswiecim.eu\\\/non-categorizzato\\\/percorsi-ciclabili\\\/#primaryimage\",\"url\":\"https:\\\/\\\/noclegioswiecim.eu\\\/wp-content\\\/uploads\\\/2023\\\/08\\\/Projekt-bez-nazwy.png\",\"contentUrl\":\"https:\\\/\\\/noclegioswiecim.eu\\\/wp-content\\\/uploads\\\/2023\\\/08\\\/Projekt-bez-nazwy.png\",\"width\":1920,\"height\":1080},{\"@type\":\"BreadcrumbList\",\"@id\":\"https:\\\/\\\/noclegioswiecim.eu\\\/non-categorizzato\\\/percorsi-ciclabili\\\/#breadcrumb\",\"itemListElement\":[{\"@type\":\"ListItem\",\"position\":1,\"name\":\"Strona g\u0142\u00f3wna\",\"item\":\"https:\\\/\\\/noclegioswiecim.eu\\\/it\\\/\"},{\"@type\":\"ListItem\",\"position\":2,\"name\":\"Percorsi ciclabili\"}]},{\"@type\":\"WebSite\",\"@id\":\"https:\\\/\\\/noclegioswiecim.eu\\\/#website\",\"url\":\"https:\\\/\\\/noclegioswiecim.eu\\\/\",\"name\":\"Comfort Apartments\",\"description\":\"Noclegi O\u015bwi\u0119cim \\\/ Booking O\u015bwi\u0119cim\",\"publisher\":{\"@id\":\"https:\\\/\\\/noclegioswiecim.eu\\\/#organization\"},\"potentialAction\":[{\"@type\":\"SearchAction\",\"target\":{\"@type\":\"EntryPoint\",\"urlTemplate\":\"https:\\\/\\\/noclegioswiecim.eu\\\/?s={search_term_string}\"},\"query-input\":{\"@type\":\"PropertyValueSpecification\",\"valueRequired\":true,\"valueName\":\"search_term_string\"}}],\"inLanguage\":\"it-IT\"},{\"@type\":\"Organization\",\"@id\":\"https:\\\/\\\/noclegioswiecim.eu\\\/#organization\",\"name\":\"Comfort Apartments\",\"url\":\"https:\\\/\\\/noclegioswiecim.eu\\\/\",\"logo\":{\"@type\":\"ImageObject\",\"inLanguage\":\"it-IT\",\"@id\":\"https:\\\/\\\/noclegioswiecim.eu\\\/#\\\/schema\\\/logo\\\/image\\\/\",\"url\":\"https:\\\/\\\/noclegioswiecim.eu\\\/wp-content\\\/uploads\\\/2023\\\/02\\\/favicona.png\",\"contentUrl\":\"https:\\\/\\\/noclegioswiecim.eu\\\/wp-content\\\/uploads\\\/2023\\\/02\\\/favicona.png\",\"width\":200,\"height\":200,\"caption\":\"Comfort Apartments\"},\"image\":{\"@id\":\"https:\\\/\\\/noclegioswiecim.eu\\\/#\\\/schema\\\/logo\\\/image\\\/\"},\"sameAs\":[\"https:\\\/\\\/www.facebook.com\\\/oswiecimapartments\\\/\",\"https:\\\/\\\/goo.gl\\\/maps\\\/H9x6rxoZWfK3ad1j6\",\"https:\\\/\\\/www.instagram.com\\\/oswiecimapartments\\\/\"]},{\"@type\":\"Person\",\"@id\":\"https:\\\/\\\/noclegioswiecim.eu\\\/#\\\/schema\\\/person\\\/feafb30ea03805a331616c6bfd80e947\",\"name\":\"Patrycja\",\"image\":{\"@type\":\"ImageObject\",\"inLanguage\":\"it-IT\",\"@id\":\"https:\\\/\\\/secure.gravatar.com\\\/avatar\\\/7c37283748b62bb21affee70f751e75b04d527b2d023e14cdffee17064819ea3?s=96&d=mm&r=g\",\"url\":\"https:\\\/\\\/secure.gravatar.com\\\/avatar\\\/7c37283748b62bb21affee70f751e75b04d527b2d023e14cdffee17064819ea3?s=96&d=mm&r=g\",\"contentUrl\":\"https:\\\/\\\/secure.gravatar.com\\\/avatar\\\/7c37283748b62bb21affee70f751e75b04d527b2d023e14cdffee17064819ea3?s=96&d=mm&r=g\",\"caption\":\"Patrycja\"}}]}<\/script>\n<!-- \/ Yoast SEO plugin. -->","yoast_head_json":{"title":"Percorsi ciclabili - Comfort Apartments","robots":{"index":"index","follow":"follow","max-snippet":"max-snippet:-1","max-image-preview":"max-image-preview:large","max-video-preview":"max-video-preview:-1"},"canonical":"https:\/\/noclegioswiecim.eu\/non-categorizzato\/percorsi-ciclabili\/","og_locale":"it_IT","og_type":"article","og_title":"Percorsi ciclabili - Comfort Apartments","og_description":"Scopri i percorsi ciclabili a O\u015bwi\u0119cim!","og_url":"https:\/\/noclegioswiecim.eu\/non-categorizzato\/percorsi-ciclabili\/","og_site_name":"Comfort Apartments","article_publisher":"https:\/\/www.facebook.com\/oswiecimapartments\/","article_published_time":"2023-08-03T08:57:07+00:00","author":"Patrycja","twitter_card":"summary_large_image","twitter_misc":{"Scritto da":"Patrycja","Tempo di lettura stimato":"1 minuto"},"schema":{"@context":"https:\/\/schema.org","@graph":[{"@type":"Article","@id":"https:\/\/noclegioswiecim.eu\/non-categorizzato\/percorsi-ciclabili\/#article","isPartOf":{"@id":"https:\/\/noclegioswiecim.eu\/non-categorizzato\/percorsi-ciclabili\/"},"author":{"name":"Patrycja","@id":"https:\/\/noclegioswiecim.eu\/#\/schema\/person\/feafb30ea03805a331616c6bfd80e947"},"headline":"Percorsi ciclabili","datePublished":"2023-08-03T08:57:07+00:00","mainEntityOfPage":{"@id":"https:\/\/noclegioswiecim.eu\/non-categorizzato\/percorsi-ciclabili\/"},"wordCount":163,"commentCount":0,"publisher":{"@id":"https:\/\/noclegioswiecim.eu\/#organization"},"image":{"@id":"https:\/\/noclegioswiecim.eu\/non-categorizzato\/percorsi-ciclabili\/#primaryimage"},"thumbnailUrl":"https:\/\/noclegioswiecim.eu\/wp-content\/uploads\/2023\/08\/Projekt-bez-nazwy.png","articleSection":["Attrazioni"],"inLanguage":"it-IT","potentialAction":[{"@type":"CommentAction","name":"Comment","target":["https:\/\/noclegioswiecim.eu\/non-categorizzato\/percorsi-ciclabili\/#respond"]}]},{"@type":"WebPage","@id":"https:\/\/noclegioswiecim.eu\/non-categorizzato\/percorsi-ciclabili\/","url":"https:\/\/noclegioswiecim.eu\/non-categorizzato\/percorsi-ciclabili\/","name":"Percorsi ciclabili - Comfort Apartments","isPartOf":{"@id":"https:\/\/noclegioswiecim.eu\/#website"},"primaryImageOfPage":{"@id":"https:\/\/noclegioswiecim.eu\/non-categorizzato\/percorsi-ciclabili\/#primaryimage"},"image":{"@id":"https:\/\/noclegioswiecim.eu\/non-categorizzato\/percorsi-ciclabili\/#primaryimage"},"thumbnailUrl":"https:\/\/noclegioswiecim.eu\/wp-content\/uploads\/2023\/08\/Projekt-bez-nazwy.png","datePublished":"2023-08-03T08:57:07+00:00","breadcrumb":{"@id":"https:\/\/noclegioswiecim.eu\/non-categorizzato\/percorsi-ciclabili\/#breadcrumb"},"inLanguage":"it-IT","potentialAction":[{"@type":"ReadAction","target":["https:\/\/noclegioswiecim.eu\/non-categorizzato\/percorsi-ciclabili\/"]}]},{"@type":"ImageObject","inLanguage":"it-IT","@id":"https:\/\/noclegioswiecim.eu\/non-categorizzato\/percorsi-ciclabili\/#primaryimage","url":"https:\/\/noclegioswiecim.eu\/wp-content\/uploads\/2023\/08\/Projekt-bez-nazwy.png","contentUrl":"https:\/\/noclegioswiecim.eu\/wp-content\/uploads\/2023\/08\/Projekt-bez-nazwy.png","width":1920,"height":1080},{"@type":"BreadcrumbList","@id":"https:\/\/noclegioswiecim.eu\/non-categorizzato\/percorsi-ciclabili\/#breadcrumb","itemListElement":[{"@type":"ListItem","position":1,"name":"Strona g\u0142\u00f3wna","item":"https:\/\/noclegioswiecim.eu\/it\/"},{"@type":"ListItem","position":2,"name":"Percorsi ciclabili"}]},{"@type":"WebSite","@id":"https:\/\/noclegioswiecim.eu\/#website","url":"https:\/\/noclegioswiecim.eu\/","name":"Comfort Apartments","description":"Noclegi O\u015bwi\u0119cim \/ Booking O\u015bwi\u0119cim","publisher":{"@id":"https:\/\/noclegioswiecim.eu\/#organization"},"potentialAction":[{"@type":"SearchAction","target":{"@type":"EntryPoint","urlTemplate":"https:\/\/noclegioswiecim.eu\/?s={search_term_string}"},"query-input":{"@type":"PropertyValueSpecification","valueRequired":true,"valueName":"search_term_string"}}],"inLanguage":"it-IT"},{"@type":"Organization","@id":"https:\/\/noclegioswiecim.eu\/#organization","name":"Comfort Apartments","url":"https:\/\/noclegioswiecim.eu\/","logo":{"@type":"ImageObject","inLanguage":"it-IT","@id":"https:\/\/noclegioswiecim.eu\/#\/schema\/logo\/image\/","url":"https:\/\/noclegioswiecim.eu\/wp-content\/uploads\/2023\/02\/favicona.png","contentUrl":"https:\/\/noclegioswiecim.eu\/wp-content\/uploads\/2023\/02\/favicona.png","width":200,"height":200,"caption":"Comfort Apartments"},"image":{"@id":"https:\/\/noclegioswiecim.eu\/#\/schema\/logo\/image\/"},"sameAs":["https:\/\/www.facebook.com\/oswiecimapartments\/","https:\/\/goo.gl\/maps\/H9x6rxoZWfK3ad1j6","https:\/\/www.instagram.com\/oswiecimapartments\/"]},{"@type":"Person","@id":"https:\/\/noclegioswiecim.eu\/#\/schema\/person\/feafb30ea03805a331616c6bfd80e947","name":"Patrycja","image":{"@type":"ImageObject","inLanguage":"it-IT","@id":"https:\/\/secure.gravatar.com\/avatar\/7c37283748b62bb21affee70f751e75b04d527b2d023e14cdffee17064819ea3?s=96&d=mm&r=g","url":"https:\/\/secure.gravatar.com\/avatar\/7c37283748b62bb21affee70f751e75b04d527b2d023e14cdffee17064819ea3?s=96&d=mm&r=g","contentUrl":"https:\/\/secure.gravatar.com\/avatar\/7c37283748b62bb21affee70f751e75b04d527b2d023e14cdffee17064819ea3?s=96&d=mm&r=g","caption":"Patrycja"}}]}},"_links":{"self":[{"href":"https:\/\/noclegioswiecim.eu\/it\/wp-json\/wp\/v2\/posts\/4177","targetHints":{"allow":["GET"]}}],"collection":[{"href":"https:\/\/noclegioswiecim.eu\/it\/wp-json\/wp\/v2\/posts"}],"about":[{"href":"https:\/\/noclegioswiecim.eu\/it\/wp-json\/wp\/v2\/types\/post"}],"author":[{"embeddable":true,"href":"https:\/\/noclegioswiecim.eu\/it\/wp-json\/wp\/v2\/users\/2"}],"replies":[{"embeddable":true,"href":"https:\/\/noclegioswiecim.eu\/it\/wp-json\/wp\/v2\/comments?post=4177"}],"version-history":[{"count":0,"href":"https:\/\/noclegioswiecim.eu\/it\/wp-json\/wp\/v2\/posts\/4177\/revisions"}],"wp:featuredmedia":[{"embeddable":true,"href":"https:\/\/noclegioswiecim.eu\/it\/wp-json\/wp\/v2\/media\/4178"}],"wp:attachment":[{"href":"https:\/\/noclegioswiecim.eu\/it\/wp-json\/wp\/v2\/media?parent=4177"}],"wp:term":[{"taxonomy":"category","embeddable":true,"href":"https:\/\/noclegioswiecim.eu\/it\/wp-json\/wp\/v2\/categories?post=4177"},{"taxonomy":"post_tag","embeddable":true,"href":"https:\/\/noclegioswiecim.eu\/it\/wp-json\/wp\/v2\/tags?post=4177"}],"curies":[{"name":"wp","href":"https:\/\/api.w.org\/{rel}","templated":true}]}}