{"id":3951,"date":"2022-06-15T00:00:00","date_gmt":"2022-06-14T22:00:00","guid":{"rendered":"https:\/\/noclegioswiecim.eu\/non-categorizzato\/sentieri-del-papa-sulle-orme-di-giovanni-paolo-ii\/"},"modified":"2024-03-22T11:07:25","modified_gmt":"2024-03-22T10:07:25","slug":"sentieri-del-papa-sulle-orme-di-giovanni-paolo-ii","status":"publish","type":"post","link":"https:\/\/noclegioswiecim.eu\/it\/guida\/sentieri-del-papa-sulle-orme-di-giovanni-paolo-ii\/","title":{"rendered":"Sentieri del Papa. Sulle orme di Giovanni Paolo II."},"content":{"rendered":"<p>La bellezza della natura polacca \u00e8 stata pi\u00f9 volte ricordata da Karol Wojtyla e successivamente dal Papa polacco Giovanni Paolo II, che ha viaggiato per anni attraverso la Polonia in solitudine e in compagnia di giovani. Vale la pena ripercorrere le strade percorse da Papa Giovanni Paolo II per scoprire luoghi straordinari che non solo affascinano per la loro bellezza, ma hanno anche un grande significato storico. Quali sono i percorsi del Papa? Noi ci proviamo!<\/p>\n<p>Tutto il mondo conosce il Papa polacco. <strong>Giovanni Paolo II<\/strong> \u00e8 stato indubbiamente un Papa la cui vita \u00e8 diventata un&#8217;ispirazione non solo per i giovani, anche se \u00e8 ai giovani che associamo <strong>Karol Wojtyla<\/strong>, che, per chi lo ha conosciuto personalmente, \u00e8 sempre rimasto &#8220;Wujek&#8221;. Per commemorare la vita e le peregrinazioni del Papa polacco, sono stati tracciati i percorsi lungo i quali egli ha spesso vagato nelle varie fasi della sua vita. La &#8220;Via del Papa&#8221; \u00e8 il nome generale di diversi sentieri escursionistici che conducono a luoghi spesso visitati da Giovanni Paolo II.<\/p>\n<p>Alcuni dei sentieri del Papa si trovano nelle vicinanze di <strong>O\u015bwi\u0119cim<\/strong>, quindi quando vi trovate nella regione di <strong>Ma\u0142opolska<\/strong>, vale la pena di prenotare un <strong>alloggio<\/strong> a O\u015bwi\u0119cim e di partire sulle orme del Papa polacco, che amava e rispettava la natura polacca e amava stare con persone che sapevano percepire la sua bellezza unica.<\/p>\n<h2>Itinerari papali in Polonia<\/h2>\n<p>I sentieri del Papa fanno <strong>parte dei sentieri della PTTK<\/strong> che Karol Wojtyla ha percorso spesso in giovent\u00f9 e per tutta la vita, viaggiando da solo e con i giovani che lo circondavano, con i quali ha sempre avuto un ottimo contatto, sia come sacerdote che come vescovo, cardinale e capo della Chiesa. Nei dintorni di O\u015bwi\u0119cim ci sono tre percorsi attraverso i quali possiamo conoscere meglio il Papa polacco e i luoghi importanti che ha visitato in diverse fasi della sua vita.<\/p>\n<h3>Il sentiero di Wadowice di Karol Wojty\u0142a<\/h3>\n<p>\u00c8 qui, a <strong>Wadowice<\/strong>, che inizia la storia di Karol Wojtyla. La citt\u00e0 natale del Papa polacco \u00e8 un luogo sulla mappa della Polonia da non perdere quando si visita la <strong>Ma\u0142opolska occidentale<\/strong>. L&#8217;<strong>itinerario di Karol Wojty\u0142a a Wadowice<\/strong> \u00e8 stato tracciato nel 2005, tenendo conto dei luoghi legati all&#8217;infanzia e alla giovinezza di Karol Wojty\u0142a, nonch\u00e9 dei luoghi particolarmente importanti per uno dei polacchi pi\u00f9 famosi. Sul sentiero di Karol Wojtyla possiamo visitare ben 13 luoghi unici. A rendere le cose pi\u00f9 interessanti per i turisti c&#8217;\u00e8 la possibilit\u00e0 di effettuare le visite utilizzando un&#8217;applicazione mobile. Sul sentiero di Karol Wojtyla visiteremo, tra l&#8217;altro, alcuni luoghi:<\/p>\n<ul>\n<li><strong>Museo della Famiglia Casa del Santo Padre Giovanni Paolo II<\/strong>,<\/li>\n<li><strong>Museo della citt\u00e0<\/strong>,<\/li>\n<li>Piazza del Mercato &#8211; Piazza Giovanni Paolo II,<\/li>\n<li>L<strong>O &#8211; l&#8217;ex Palestra delle Scienze Umane. M. Wadowity<\/strong>,<\/li>\n<li>Monastero dei Carmelitani Scalzi &#8211; Santuario di San Giovanni Battista. San Giuseppe,<\/li>\n<li>L&#8217;<strong>ex pasticceria Hagenhuber<\/strong>,<\/li>\n<li>L&#8217;ex centro comunitario &#8220;Sokol&#8221;.<\/li>\n<\/ul>\n<p>La lunghezza del sentiero Karol Wojtyla a Wadowice \u00e8 di poco pi\u00f9 di 4 km. La <strong>prenotazione di O\u015bwi\u0119cim<\/strong> permette di trovare <strong>un hotel O\u015bwi\u0119cim<\/strong> o un <strong>appartamento O\u015bwi\u0119cim<\/strong> che si adatti perfettamente alle esigenze individuali dei turisti, diventando la base perfetta per esplorare la zona. Da O\u015bwi\u0119cim \u00e8 possibile raggiungere <strong>Wadowice<\/strong> e altre destinazioni turistiche degne di nota in modo rapido e senza problemi.<\/p>\n<h3>Malopolska Sentiero del Papa di Giovanni Paolo II<\/h3>\n<p>L&#8217;<strong>itinerario Ma\u0142opolska Papa Giovanni Paolo II <\/strong>\u00e8 stato tracciato nel 2003. Da esso si dipartono percorsi collaterali. <strong>Il principale sentiero Ma\u0142opolska Papa Giovanni Paolo II<\/strong> \u00e8 lungo 231 km e conduce da Kalwaria Zebrzydowska a Stary S\u0105cz. Un&#8217;escursione lungo questo sentiero \u00e8 un&#8217;occasione unica per visitare numerosi monumenti sacri e sperimentare la bellezza delle montagne polacche. Il percorso della Via Malopolska principale intitolata a Giovanni Paolo II comprende:<\/p>\n<ul>\n<li><strong>Il santuario della Passione e il santuario mariano di Kalwaria Zebrzydowska<\/strong>,<\/li>\n<li>Monte \u017bar,<\/li>\n<li>Wadowice,<\/li>\n<li><strong>Giovanni Paolo II: la crescita di Giovanni Paolo II<\/strong>,<\/li>\n<li><strong>Cappella Papale di Leskowiec<\/strong>,<\/li>\n<li>Lud\u017amierz con il Santuario della Madonna di Podhale,<\/li>\n<li><strong>Kro\u015bcienko nad Dunajcem<\/strong>,<\/li>\n<li>Santuario di Santa Maria della Croce. Kinga e l&#8217;altare papale.<\/li>\n<\/ul>\n<p>L&#8217;itinerario Giovanni Paolo II Ma\u0142opolska permette ai visitatori di scoprire la bellezza di regioni uniche, tra cui Beskid <strong>Ma\u0142y<\/strong>, Beskid <strong>\u015aredni<\/strong>, Beskid <strong>\u017bywiecki<\/strong> e Beskid <strong>S\u0105decki<\/strong>.<\/p>\n<p>L&#8217;Itinerario Malopolska Papa Giovanni Paolo II comprende 10 percorsi che si discostano dal percorso principale e che permettono ai visitatori di conoscere meglio la zona, offrendo la possibilit\u00e0 di adattare il livello di difficolt\u00e0 e la lunghezza del percorso alle esigenze individuali.<\/p>\n<h3>Il Sentiero del Papa a Kozy<\/h3>\n<p>Il <strong>Sentiero papale, tracciato nel comune di Kozy<\/strong>, \u00e8 una commemorazione delle numerose escursioni di Giovanni Paolo II nei <strong>Beskid Ma\u0142y<\/strong>. All&#8217;inizio del percorso c&#8217;\u00e8  <strong>Chiesa dei Santi App. San Simone e San Giuda Taddeo in Kozy<\/strong>da dove iniziamo un&#8217;escursione lungo un percorso non molto lungo, ma estremamente bello e interessante. L&#8217;itinerario escursionistico comprende anche:<\/p>\n<ul>\n<li>Cava,<\/li>\n<li><strong>Il santuario della Vergine<\/strong>,<\/li>\n<li><strong>U Passo Panienki<\/strong>,<\/li>\n<li>Magurka Wilkowicka.<\/li>\n<\/ul>\n<h2>Sintesi<\/h2>\n<p>Camminare sulle orme di Giovanni Paolo II non \u00e8 solo un&#8217;esperienza molto emozionante, ma anche estremamente piacevole, che permette di entrare in contatto con una natura meravigliosa, visitare monumenti interessanti e conoscere meglio la vita del Papa polacco. Lungo i percorsi segnalati sono presenti numerosi pannelli informativi e cartelli che conducono a luoghi particolarmente amati e frequentati da Giovanni Paolo II.<\/p>\n","protected":false},"excerpt":{"rendered":"<p>La bellezza della natura polacca \u00e8 stata pi\u00f9 volte ricordata [&hellip;]<\/p>\n","protected":false},"author":1,"featured_media":3955,"comment_status":"closed","ping_status":"closed","sticky":false,"template":"","format":"standard","meta":{"footnotes":""},"categories":[151],"tags":[],"class_list":["post-3951","post","type-post","status-publish","format-standard","has-post-thumbnail","hentry","category-guida"],"yoast_head":"<!-- This site is optimized with the Yoast SEO plugin v27.5 - https:\/\/yoast.com\/product\/yoast-seo-wordpress\/ -->\n<title>Sentieri del Papa. Sulle orme di Giovanni Paolo II. - Comfort Apartments<\/title>\n<meta name=\"description\" content=\"Durante il soggiorno nella regione di Ma\u0142opolska, vale la pena di prenotare un alloggio a O\u015bwi\u0119cim e di mettersi sulle tracce del Papa polacco, che amava e rispettava la natura polacca.\" \/>\n<meta name=\"robots\" content=\"index, follow, max-snippet:-1, max-image-preview:large, max-video-preview:-1\" \/>\n<link rel=\"canonical\" href=\"https:\/\/noclegioswiecim.eu\/it\/?p=3951\" \/>\n<meta property=\"og:locale\" content=\"it_IT\" \/>\n<meta property=\"og:type\" content=\"article\" \/>\n<meta property=\"og:title\" content=\"Sentieri del Papa. Sulle orme di Giovanni Paolo II. - Comfort Apartments\" \/>\n<meta property=\"og:description\" content=\"Durante il soggiorno nella regione di Ma\u0142opolska, vale la pena di prenotare un alloggio a O\u015bwi\u0119cim e di mettersi sulle tracce del Papa polacco, che amava e rispettava la natura polacca.\" \/>\n<meta property=\"og:url\" content=\"https:\/\/noclegioswiecim.eu\/it\/?p=3951\" \/>\n<meta property=\"og:site_name\" content=\"Comfort Apartments\" \/>\n<meta property=\"article:publisher\" content=\"https:\/\/www.facebook.com\/oswiecimapartments\/\" \/>\n<meta property=\"article:published_time\" content=\"2022-06-14T22:00:00+00:00\" \/>\n<meta property=\"article:modified_time\" content=\"2024-03-22T10:07:25+00:00\" \/>\n<meta property=\"og:image\" content=\"https:\/\/noclegioswiecim.eu\/wp-content\/uploads\/2023\/07\/noclegi-oswiecim-w-slad-za-janem-pawlem-ii.png\" \/>\n\t<meta property=\"og:image:width\" content=\"1167\" \/>\n\t<meta property=\"og:image:height\" content=\"843\" \/>\n\t<meta property=\"og:image:type\" content=\"image\/png\" \/>\n<meta name=\"author\" content=\"PXadamCA\" \/>\n<meta name=\"twitter:card\" content=\"summary_large_image\" \/>\n<meta name=\"twitter:label1\" content=\"Scritto da\" \/>\n\t<meta name=\"twitter:data1\" content=\"PXadamCA\" \/>\n\t<meta name=\"twitter:label2\" content=\"Tempo di lettura stimato\" \/>\n\t<meta name=\"twitter:data2\" content=\"4 minuti\" \/>\n<script type=\"application\/ld+json\" class=\"yoast-schema-graph\">{\"@context\":\"https:\\\/\\\/schema.org\",\"@graph\":[{\"@type\":\"Article\",\"@id\":\"https:\\\/\\\/noclegioswiecim.eu\\\/it\\\/?p=3951#article\",\"isPartOf\":{\"@id\":\"https:\\\/\\\/noclegioswiecim.eu\\\/it\\\/?p=3951\"},\"author\":{\"name\":\"PXadamCA\",\"@id\":\"https:\\\/\\\/noclegioswiecim.eu\\\/#\\\/schema\\\/person\\\/d89109dc869efec6edf36e8afbef6437\"},\"headline\":\"Sentieri del Papa. Sulle orme di Giovanni Paolo II.\",\"datePublished\":\"2022-06-14T22:00:00+00:00\",\"dateModified\":\"2024-03-22T10:07:25+00:00\",\"mainEntityOfPage\":{\"@id\":\"https:\\\/\\\/noclegioswiecim.eu\\\/it\\\/?p=3951\"},\"wordCount\":900,\"publisher\":{\"@id\":\"https:\\\/\\\/noclegioswiecim.eu\\\/#organization\"},\"image\":{\"@id\":\"https:\\\/\\\/noclegioswiecim.eu\\\/it\\\/?p=3951#primaryimage\"},\"thumbnailUrl\":\"https:\\\/\\\/noclegioswiecim.eu\\\/wp-content\\\/uploads\\\/2023\\\/07\\\/noclegi-oswiecim-w-slad-za-janem-pawlem-ii.png\",\"articleSection\":[\"Guida\"],\"inLanguage\":\"it-IT\"},{\"@type\":\"WebPage\",\"@id\":\"https:\\\/\\\/noclegioswiecim.eu\\\/it\\\/?p=3951\",\"url\":\"https:\\\/\\\/noclegioswiecim.eu\\\/it\\\/?p=3951\",\"name\":\"Sentieri del Papa. Sulle orme di Giovanni Paolo II. - Comfort Apartments\",\"isPartOf\":{\"@id\":\"https:\\\/\\\/noclegioswiecim.eu\\\/#website\"},\"primaryImageOfPage\":{\"@id\":\"https:\\\/\\\/noclegioswiecim.eu\\\/it\\\/?p=3951#primaryimage\"},\"image\":{\"@id\":\"https:\\\/\\\/noclegioswiecim.eu\\\/it\\\/?p=3951#primaryimage\"},\"thumbnailUrl\":\"https:\\\/\\\/noclegioswiecim.eu\\\/wp-content\\\/uploads\\\/2023\\\/07\\\/noclegi-oswiecim-w-slad-za-janem-pawlem-ii.png\",\"datePublished\":\"2022-06-14T22:00:00+00:00\",\"dateModified\":\"2024-03-22T10:07:25+00:00\",\"description\":\"Durante il soggiorno nella regione di Ma\u0142opolska, vale la pena di prenotare un alloggio a O\u015bwi\u0119cim e di mettersi sulle tracce del Papa polacco, che amava e rispettava la natura polacca.\",\"breadcrumb\":{\"@id\":\"https:\\\/\\\/noclegioswiecim.eu\\\/it\\\/?p=3951#breadcrumb\"},\"inLanguage\":\"it-IT\",\"potentialAction\":[{\"@type\":\"ReadAction\",\"target\":[\"https:\\\/\\\/noclegioswiecim.eu\\\/it\\\/?p=3951\"]}]},{\"@type\":\"ImageObject\",\"inLanguage\":\"it-IT\",\"@id\":\"https:\\\/\\\/noclegioswiecim.eu\\\/it\\\/?p=3951#primaryimage\",\"url\":\"https:\\\/\\\/noclegioswiecim.eu\\\/wp-content\\\/uploads\\\/2023\\\/07\\\/noclegi-oswiecim-w-slad-za-janem-pawlem-ii.png\",\"contentUrl\":\"https:\\\/\\\/noclegioswiecim.eu\\\/wp-content\\\/uploads\\\/2023\\\/07\\\/noclegi-oswiecim-w-slad-za-janem-pawlem-ii.png\",\"width\":1167,\"height\":843},{\"@type\":\"BreadcrumbList\",\"@id\":\"https:\\\/\\\/noclegioswiecim.eu\\\/it\\\/?p=3951#breadcrumb\",\"itemListElement\":[{\"@type\":\"ListItem\",\"position\":1,\"name\":\"Strona g\u0142\u00f3wna\",\"item\":\"https:\\\/\\\/noclegioswiecim.eu\\\/it\\\/\"},{\"@type\":\"ListItem\",\"position\":2,\"name\":\"Sentieri del Papa. Sulle orme di Giovanni Paolo II.\"}]},{\"@type\":\"WebSite\",\"@id\":\"https:\\\/\\\/noclegioswiecim.eu\\\/#website\",\"url\":\"https:\\\/\\\/noclegioswiecim.eu\\\/\",\"name\":\"Comfort Apartments\",\"description\":\"Noclegi O\u015bwi\u0119cim \\\/ Booking O\u015bwi\u0119cim\",\"publisher\":{\"@id\":\"https:\\\/\\\/noclegioswiecim.eu\\\/#organization\"},\"potentialAction\":[{\"@type\":\"SearchAction\",\"target\":{\"@type\":\"EntryPoint\",\"urlTemplate\":\"https:\\\/\\\/noclegioswiecim.eu\\\/?s={search_term_string}\"},\"query-input\":{\"@type\":\"PropertyValueSpecification\",\"valueRequired\":true,\"valueName\":\"search_term_string\"}}],\"inLanguage\":\"it-IT\"},{\"@type\":\"Organization\",\"@id\":\"https:\\\/\\\/noclegioswiecim.eu\\\/#organization\",\"name\":\"Comfort Apartments\",\"url\":\"https:\\\/\\\/noclegioswiecim.eu\\\/\",\"logo\":{\"@type\":\"ImageObject\",\"inLanguage\":\"it-IT\",\"@id\":\"https:\\\/\\\/noclegioswiecim.eu\\\/#\\\/schema\\\/logo\\\/image\\\/\",\"url\":\"https:\\\/\\\/noclegioswiecim.eu\\\/wp-content\\\/uploads\\\/2023\\\/02\\\/favicona.png\",\"contentUrl\":\"https:\\\/\\\/noclegioswiecim.eu\\\/wp-content\\\/uploads\\\/2023\\\/02\\\/favicona.png\",\"width\":200,\"height\":200,\"caption\":\"Comfort Apartments\"},\"image\":{\"@id\":\"https:\\\/\\\/noclegioswiecim.eu\\\/#\\\/schema\\\/logo\\\/image\\\/\"},\"sameAs\":[\"https:\\\/\\\/www.facebook.com\\\/oswiecimapartments\\\/\",\"https:\\\/\\\/goo.gl\\\/maps\\\/H9x6rxoZWfK3ad1j6\",\"https:\\\/\\\/www.instagram.com\\\/oswiecimapartments\\\/\"]},{\"@type\":\"Person\",\"@id\":\"https:\\\/\\\/noclegioswiecim.eu\\\/#\\\/schema\\\/person\\\/d89109dc869efec6edf36e8afbef6437\",\"name\":\"PXadamCA\",\"image\":{\"@type\":\"ImageObject\",\"inLanguage\":\"it-IT\",\"@id\":\"https:\\\/\\\/secure.gravatar.com\\\/avatar\\\/adc1dd343d8c5124e40417ce67f1c600f00e279f2aad6a878cce8661419565aa?s=96&d=mm&r=g\",\"url\":\"https:\\\/\\\/secure.gravatar.com\\\/avatar\\\/adc1dd343d8c5124e40417ce67f1c600f00e279f2aad6a878cce8661419565aa?s=96&d=mm&r=g\",\"contentUrl\":\"https:\\\/\\\/secure.gravatar.com\\\/avatar\\\/adc1dd343d8c5124e40417ce67f1c600f00e279f2aad6a878cce8661419565aa?s=96&d=mm&r=g\",\"caption\":\"PXadamCA\"},\"sameAs\":[\"https:\\\/\\\/comfort.proadax-dev.pl\"]}]}<\/script>\n<!-- \/ Yoast SEO plugin. -->","yoast_head_json":{"title":"Sentieri del Papa. Sulle orme di Giovanni Paolo II. - Comfort Apartments","description":"Durante il soggiorno nella regione di Ma\u0142opolska, vale la pena di prenotare un alloggio a O\u015bwi\u0119cim e di mettersi sulle tracce del Papa polacco, che amava e rispettava la natura polacca.","robots":{"index":"index","follow":"follow","max-snippet":"max-snippet:-1","max-image-preview":"max-image-preview:large","max-video-preview":"max-video-preview:-1"},"canonical":"https:\/\/noclegioswiecim.eu\/it\/?p=3951","og_locale":"it_IT","og_type":"article","og_title":"Sentieri del Papa. Sulle orme di Giovanni Paolo II. - Comfort Apartments","og_description":"Durante il soggiorno nella regione di Ma\u0142opolska, vale la pena di prenotare un alloggio a O\u015bwi\u0119cim e di mettersi sulle tracce del Papa polacco, che amava e rispettava la natura polacca.","og_url":"https:\/\/noclegioswiecim.eu\/it\/?p=3951","og_site_name":"Comfort Apartments","article_publisher":"https:\/\/www.facebook.com\/oswiecimapartments\/","article_published_time":"2022-06-14T22:00:00+00:00","article_modified_time":"2024-03-22T10:07:25+00:00","og_image":[{"width":1167,"height":843,"url":"https:\/\/noclegioswiecim.eu\/wp-content\/uploads\/2023\/07\/noclegi-oswiecim-w-slad-za-janem-pawlem-ii.png","type":"image\/png"}],"author":"PXadamCA","twitter_card":"summary_large_image","twitter_misc":{"Scritto da":"PXadamCA","Tempo di lettura stimato":"4 minuti"},"schema":{"@context":"https:\/\/schema.org","@graph":[{"@type":"Article","@id":"https:\/\/noclegioswiecim.eu\/it\/?p=3951#article","isPartOf":{"@id":"https:\/\/noclegioswiecim.eu\/it\/?p=3951"},"author":{"name":"PXadamCA","@id":"https:\/\/noclegioswiecim.eu\/#\/schema\/person\/d89109dc869efec6edf36e8afbef6437"},"headline":"Sentieri del Papa. Sulle orme di Giovanni Paolo II.","datePublished":"2022-06-14T22:00:00+00:00","dateModified":"2024-03-22T10:07:25+00:00","mainEntityOfPage":{"@id":"https:\/\/noclegioswiecim.eu\/it\/?p=3951"},"wordCount":900,"publisher":{"@id":"https:\/\/noclegioswiecim.eu\/#organization"},"image":{"@id":"https:\/\/noclegioswiecim.eu\/it\/?p=3951#primaryimage"},"thumbnailUrl":"https:\/\/noclegioswiecim.eu\/wp-content\/uploads\/2023\/07\/noclegi-oswiecim-w-slad-za-janem-pawlem-ii.png","articleSection":["Guida"],"inLanguage":"it-IT"},{"@type":"WebPage","@id":"https:\/\/noclegioswiecim.eu\/it\/?p=3951","url":"https:\/\/noclegioswiecim.eu\/it\/?p=3951","name":"Sentieri del Papa. Sulle orme di Giovanni Paolo II. - Comfort Apartments","isPartOf":{"@id":"https:\/\/noclegioswiecim.eu\/#website"},"primaryImageOfPage":{"@id":"https:\/\/noclegioswiecim.eu\/it\/?p=3951#primaryimage"},"image":{"@id":"https:\/\/noclegioswiecim.eu\/it\/?p=3951#primaryimage"},"thumbnailUrl":"https:\/\/noclegioswiecim.eu\/wp-content\/uploads\/2023\/07\/noclegi-oswiecim-w-slad-za-janem-pawlem-ii.png","datePublished":"2022-06-14T22:00:00+00:00","dateModified":"2024-03-22T10:07:25+00:00","description":"Durante il soggiorno nella regione di Ma\u0142opolska, vale la pena di prenotare un alloggio a O\u015bwi\u0119cim e di mettersi sulle tracce del Papa polacco, che amava e rispettava la natura polacca.","breadcrumb":{"@id":"https:\/\/noclegioswiecim.eu\/it\/?p=3951#breadcrumb"},"inLanguage":"it-IT","potentialAction":[{"@type":"ReadAction","target":["https:\/\/noclegioswiecim.eu\/it\/?p=3951"]}]},{"@type":"ImageObject","inLanguage":"it-IT","@id":"https:\/\/noclegioswiecim.eu\/it\/?p=3951#primaryimage","url":"https:\/\/noclegioswiecim.eu\/wp-content\/uploads\/2023\/07\/noclegi-oswiecim-w-slad-za-janem-pawlem-ii.png","contentUrl":"https:\/\/noclegioswiecim.eu\/wp-content\/uploads\/2023\/07\/noclegi-oswiecim-w-slad-za-janem-pawlem-ii.png","width":1167,"height":843},{"@type":"BreadcrumbList","@id":"https:\/\/noclegioswiecim.eu\/it\/?p=3951#breadcrumb","itemListElement":[{"@type":"ListItem","position":1,"name":"Strona g\u0142\u00f3wna","item":"https:\/\/noclegioswiecim.eu\/it\/"},{"@type":"ListItem","position":2,"name":"Sentieri del Papa. Sulle orme di Giovanni Paolo II."}]},{"@type":"WebSite","@id":"https:\/\/noclegioswiecim.eu\/#website","url":"https:\/\/noclegioswiecim.eu\/","name":"Comfort Apartments","description":"Noclegi O\u015bwi\u0119cim \/ Booking O\u015bwi\u0119cim","publisher":{"@id":"https:\/\/noclegioswiecim.eu\/#organization"},"potentialAction":[{"@type":"SearchAction","target":{"@type":"EntryPoint","urlTemplate":"https:\/\/noclegioswiecim.eu\/?s={search_term_string}"},"query-input":{"@type":"PropertyValueSpecification","valueRequired":true,"valueName":"search_term_string"}}],"inLanguage":"it-IT"},{"@type":"Organization","@id":"https:\/\/noclegioswiecim.eu\/#organization","name":"Comfort Apartments","url":"https:\/\/noclegioswiecim.eu\/","logo":{"@type":"ImageObject","inLanguage":"it-IT","@id":"https:\/\/noclegioswiecim.eu\/#\/schema\/logo\/image\/","url":"https:\/\/noclegioswiecim.eu\/wp-content\/uploads\/2023\/02\/favicona.png","contentUrl":"https:\/\/noclegioswiecim.eu\/wp-content\/uploads\/2023\/02\/favicona.png","width":200,"height":200,"caption":"Comfort Apartments"},"image":{"@id":"https:\/\/noclegioswiecim.eu\/#\/schema\/logo\/image\/"},"sameAs":["https:\/\/www.facebook.com\/oswiecimapartments\/","https:\/\/goo.gl\/maps\/H9x6rxoZWfK3ad1j6","https:\/\/www.instagram.com\/oswiecimapartments\/"]},{"@type":"Person","@id":"https:\/\/noclegioswiecim.eu\/#\/schema\/person\/d89109dc869efec6edf36e8afbef6437","name":"PXadamCA","image":{"@type":"ImageObject","inLanguage":"it-IT","@id":"https:\/\/secure.gravatar.com\/avatar\/adc1dd343d8c5124e40417ce67f1c600f00e279f2aad6a878cce8661419565aa?s=96&d=mm&r=g","url":"https:\/\/secure.gravatar.com\/avatar\/adc1dd343d8c5124e40417ce67f1c600f00e279f2aad6a878cce8661419565aa?s=96&d=mm&r=g","contentUrl":"https:\/\/secure.gravatar.com\/avatar\/adc1dd343d8c5124e40417ce67f1c600f00e279f2aad6a878cce8661419565aa?s=96&d=mm&r=g","caption":"PXadamCA"},"sameAs":["https:\/\/comfort.proadax-dev.pl"]}]}},"_links":{"self":[{"href":"https:\/\/noclegioswiecim.eu\/it\/wp-json\/wp\/v2\/posts\/3951","targetHints":{"allow":["GET"]}}],"collection":[{"href":"https:\/\/noclegioswiecim.eu\/it\/wp-json\/wp\/v2\/posts"}],"about":[{"href":"https:\/\/noclegioswiecim.eu\/it\/wp-json\/wp\/v2\/types\/post"}],"author":[{"embeddable":true,"href":"https:\/\/noclegioswiecim.eu\/it\/wp-json\/wp\/v2\/users\/1"}],"replies":[{"embeddable":true,"href":"https:\/\/noclegioswiecim.eu\/it\/wp-json\/wp\/v2\/comments?post=3951"}],"version-history":[{"count":1,"href":"https:\/\/noclegioswiecim.eu\/it\/wp-json\/wp\/v2\/posts\/3951\/revisions"}],"predecessor-version":[{"id":3960,"href":"https:\/\/noclegioswiecim.eu\/it\/wp-json\/wp\/v2\/posts\/3951\/revisions\/3960"}],"wp:featuredmedia":[{"embeddable":true,"href":"https:\/\/noclegioswiecim.eu\/it\/wp-json\/wp\/v2\/media\/3955"}],"wp:attachment":[{"href":"https:\/\/noclegioswiecim.eu\/it\/wp-json\/wp\/v2\/media?parent=3951"}],"wp:term":[{"taxonomy":"category","embeddable":true,"href":"https:\/\/noclegioswiecim.eu\/it\/wp-json\/wp\/v2\/categories?post=3951"},{"taxonomy":"post_tag","embeddable":true,"href":"https:\/\/noclegioswiecim.eu\/it\/wp-json\/wp\/v2\/tags?post=3951"}],"curies":[{"name":"wp","href":"https:\/\/api.w.org\/{rel}","templated":true}]}}