{"id":3935,"date":"2022-08-15T00:00:00","date_gmt":"2022-08-14T22:00:00","guid":{"rendered":"https:\/\/noclegioswiecim.eu\/non-categorizzato\/la-minoranza-ebraica-di-oswiecim-scoprite-la-sua-storia\/"},"modified":"2024-03-22T11:07:24","modified_gmt":"2024-03-22T10:07:24","slug":"la-minoranza-ebraica-di-oswiecim-scoprite-la-sua-storia","status":"publish","type":"post","link":"https:\/\/noclegioswiecim.eu\/it\/guida\/la-minoranza-ebraica-di-oswiecim-scoprite-la-sua-storia\/","title":{"rendered":"La minoranza ebraica di O\u015bwi\u0119cim: scoprite la sua storia!"},"content":{"rendered":"<p>La minoranza ebraica ha abitato a lungo il territorio polacco. Il primo documento che conferma la concessione di privilegi e indipendenza giuridica agli ebrei \u00e8 lo Statuto di Kalisz del XIII secolo. Gli ebrei abitavano varie regioni della Polonia, come testimoniano i cimiteri e le sinagoghe ebraiche tuttora esistenti; a <strong>O\u015bwi\u0119cim<\/strong>, prima della Seconda Guerra Mondiale, la popolazione ebraica costituiva pi\u00f9 della met\u00e0 degli abitanti della citt\u00e0.<\/p>\n<p>Vale la pena di fare un viaggio sulle tracce degli ebrei di O\u015bwi\u0119cim e conoscere la storia di questa minoranza nazionale, che un tempo costituiva una parte consistente della comunit\u00e0 in molte citt\u00e0 e villaggi polacchi. Dovremmo prepararci all&#8217;incontro con la storia prenotando un <strong>hotel a O\u015bwi\u0119cim<\/strong> o un <strong>appartamento a O\u015bwi\u0119cim<\/strong> e preparando un itinerario seguendo le tracce della minoranza ebraica. Un soggiorno pi\u00f9 lungo a O\u015bwi\u0119cim non solo vi permetter\u00e0 di visitare i luoghi della storia della minoranza ebraica, ma sar\u00e0 anche un&#8217;occasione per approfittare delle attrazioni turistiche circostanti e rilassarsi nei dintorni della splendida natura. La <strong>prenotazione di O\u015bwi\u0119cim<\/strong> vi permette di prenotare un alloggio perfettamente adatto alle vostre esigenze senza dovervi muovere da casa.<\/p>\n<p>&nbsp;<\/p>\n<h2>Storia degli ebrei di O\u015bwi\u0119cim<\/h2>\n<p>L&#8217;insediamento ebraico in Polonia \u00e8 iniziato molto tempo fa. Per molti secoli, gli ebrei hanno risieduto, tra l&#8217;altro, in altri luoghi. nella regione di <strong>Malopolska<\/strong>, dove passavano importanti rotte commerciali. Le tracce della presenza della minoranza ebraica sono visibili in molte citt\u00e0, paesi e villaggi polacchi. Dal 1989 si \u00e8 assistito a una rinascita della vita ebraica in Polonia.<\/p>\n<p>Ma torniamo indietro nel tempo per ripercorrere la storia della minoranza ebraica, che un tempo costituiva una parte consistente della popolazione polacca. Una delle citt\u00e0 in cui vivevano molti ebrei \u00e8 O\u015bwi\u0119cim. La citt\u00e0 \u00e8 principalmente associata alla Seconda Guerra Mondiale e alla politica di Endl\u00f6sung di Hitler, che port\u00f2 allo sterminio di massa dei rappresentanti di questa nazionalit\u00e0 e di altre minoranze, non risparmiando nemmeno i polacchi. Le prove dei crimini nazisti si trovano al <strong>Memoriale e Museo di Auschwitz-Birkenau<\/strong>, dove i tedeschi privarono della dignit\u00e0 e della vita circa 1-1,35 milioni di ebrei, circa 75.000 polacchi e circa 20.000 rom.<\/p>\n<p>Prima della Seconda guerra mondiale, gli ebrei costituivano circa il 10% della popolazione totale della Polonia, conducendo una vita tranquilla e arricchendo culturalmente le aree in cui vivevano. Gli ebrei arrivarono a Oswiecim nel XVI secolo. Un documento che conferma l&#8217;insediamento ebraico \u00e8 l&#8217;Inventario di tutte le percentuali di O\u015bwi\u0119cim del 1549: in quell&#8217;occasione, i vecchi privilegi concessi agli ebrei furono confermati da Casimiro Jagellone. Le fonti storiche affermano che inizialmente la minoranza ebraica viveva nelle vicinanze del castello, per poi stabilirsi gradualmente anche in altre zone della citt\u00e0.<\/p>\n<p>Per molti secoli, la minoranza ebraica ha contribuito, tra l&#8217;altro, al allo sviluppo economico di O\u015bwi\u0119cim e dei suoi dintorni, oltre ad arricchire culturalmente la Ma\u0142opolska. Durante la Prima Guerra Mondiale, gli ebrei che vivevano ad Auschwitz furono coinvolti, tra le altre cose, in un&#8217;attivit\u00e0 di ricerca e sviluppo. nel promuovere l&#8217;idea delle Legioni polacche. Il periodo tra le due guerre fu un&#8217;epoca di fiorente vita culturale e sportiva per la comunit\u00e0 ebraica di O\u015bwi\u0119cim. La vita pacifica della comunit\u00e0 polacca ed ebraica fu interrotta dalla Seconda Guerra Mondiale.<\/p>\n<p>&nbsp;<\/p>\n<h2>La minoranza ebraica &#8211; monumenti e siti importanti per conoscere la storia degli ebrei di O\u015bwi\u0119cim<\/h2>\n<p>Nell&#8217;area di O\u015bwi\u0119cim si trovano molti souvenir legati alla minoranza ebraica. L&#8217;elenco delle attrazioni da vedere comprende:<\/p>\n<ul>\n<li><strong>Sinagoga Chevra Lomdei Mishnayot<\/strong> (Associazione degli studenti di <strong>Mishnah<\/strong> ebraica),<\/li>\n<li><strong>Parco commemorativo della Grande Sinagoga,<\/strong><\/li>\n<li><strong>Cimitero ebraico<\/strong>.<\/li>\n<\/ul>\n<p>Un luogo obbligatorio da visitare se si vuole conoscere la storia degli ebrei di <strong>O\u015bwi\u0119cim<\/strong> \u00e8 il <strong>Museo ebraico di O\u015bwi\u0119cim<\/strong>, dove si possono ammirare numerose mostre, tra cui le seguenti. da documenti e fotografie. Il museo dispone anche di collezioni multimediali. I visitatori possono utilizzare l&#8217;app: OSZPICIN Guida alla storia ebraica di O\u015bwi\u0119cim. All&#8217;interno del Museo Ebraico di Auschwitz si trova il <strong>Caf\u00e9 Bergson<\/strong>, allestito nella casa dell&#8217;ultimo abitante ebreo della citt\u00e0, dove si possono degustare prodotti regionali e tradizionali, oltre a entrare in contatto con la cultura locale.<\/p>\n<p>Il rapporto tra le comunit\u00e0 ebraiche e cattoliche di O\u015bwi\u0119cim \u00e8 illustrato ai turisti dalla mostra &#8220;Storie di O\u015bwi\u0119cim&#8221;. La <strong>storia di Jakob Haberfeld<\/strong> \u00e8 stata creata per coloro che desiderano saperne di pi\u00f9 sulla storia della famiglia ebraica pi\u00f9 influente di Oswiecim. Il museo si trova sul sito dell&#8217;ex <strong>fabbrica di vodka e liquori Steam<\/strong>, che fungeva anche da pub musicale.<\/p>\n<p>&nbsp;<\/p>\n<h2>Sintesi<\/h2>\n<p>La citt\u00e0 di Oswiecim era abitata da una minoranza ebraica fin dal XVI secolo. All&#8217;interno della citt\u00e0 e nei suoi immediati dintorni, \u00e8 possibile conoscere la storia degli ebrei di Auschwitz e percepire l&#8217;enormit\u00e0 della tragedia che si \u00e8 consumata nei campi di concentramento allestiti dai tedeschi. Quando si pianifica un soggiorno a Oswiecim, \u00e8 necessario prenotare <strong>un alloggio<\/strong> a <strong>Oswiecim<\/strong> in anticipo per poter sfruttare appieno il potenziale storico e turistico della zona, che abbonda di numerosi monumenti, luoghi di eccezionale bellezza naturale, e permette anche di usufruire di molte attivit\u00e0 di intrattenimento moderne.<\/p>\n","protected":false},"excerpt":{"rendered":"<p>La minoranza ebraica ha abitato a lungo il territorio polacco. [&hellip;]<\/p>\n","protected":false},"author":1,"featured_media":3940,"comment_status":"closed","ping_status":"closed","sticky":false,"template":"","format":"standard","meta":{"footnotes":""},"categories":[151],"tags":[],"class_list":["post-3935","post","type-post","status-publish","format-standard","has-post-thumbnail","hentry","category-guida"],"yoast_head":"<!-- This site is optimized with the Yoast SEO plugin v27.5 - https:\/\/yoast.com\/product\/yoast-seo-wordpress\/ -->\n<title>La minoranza ebraica di O\u015bwi\u0119cim: scoprite la sua storia! - Comfort Apartments<\/title>\n<meta name=\"description\" content=\"Per molti secoli, gli ebrei hanno risieduto, tra l&#039;altro, in altri luoghi. nella regione di Malopolska, dove passavano importanti rotte commerciali.\" \/>\n<meta name=\"robots\" content=\"index, follow, max-snippet:-1, max-image-preview:large, max-video-preview:-1\" \/>\n<link rel=\"canonical\" href=\"https:\/\/noclegioswiecim.eu\/it\/?p=3935\" \/>\n<meta property=\"og:locale\" content=\"it_IT\" \/>\n<meta property=\"og:type\" content=\"article\" \/>\n<meta property=\"og:title\" content=\"La minoranza ebraica di O\u015bwi\u0119cim: scoprite la sua storia! - Comfort Apartments\" \/>\n<meta property=\"og:description\" content=\"Per molti secoli, gli ebrei hanno risieduto, tra l&#039;altro, in altri luoghi. nella regione di Malopolska, dove passavano importanti rotte commerciali.\" \/>\n<meta property=\"og:url\" content=\"https:\/\/noclegioswiecim.eu\/it\/?p=3935\" \/>\n<meta property=\"og:site_name\" content=\"Comfort Apartments\" \/>\n<meta property=\"article:publisher\" content=\"https:\/\/www.facebook.com\/oswiecimapartments\/\" \/>\n<meta property=\"article:published_time\" content=\"2022-08-14T22:00:00+00:00\" \/>\n<meta property=\"article:modified_time\" content=\"2024-03-22T10:07:24+00:00\" \/>\n<meta property=\"og:image\" content=\"https:\/\/noclegioswiecim.eu\/wp-content\/uploads\/2023\/07\/Noclegi-oswiecim-mniejszosc-zydowska.jpg\" \/>\n\t<meta property=\"og:image:width\" content=\"1167\" \/>\n\t<meta property=\"og:image:height\" content=\"843\" \/>\n\t<meta property=\"og:image:type\" content=\"image\/jpeg\" \/>\n<meta name=\"author\" content=\"PXadamCA\" \/>\n<meta name=\"twitter:card\" content=\"summary_large_image\" \/>\n<meta name=\"twitter:label1\" content=\"Scritto da\" \/>\n\t<meta name=\"twitter:data1\" content=\"PXadamCA\" \/>\n\t<meta name=\"twitter:label2\" content=\"Tempo di lettura stimato\" \/>\n\t<meta name=\"twitter:data2\" content=\"4 minuti\" \/>\n<script type=\"application\/ld+json\" class=\"yoast-schema-graph\">{\"@context\":\"https:\\\/\\\/schema.org\",\"@graph\":[{\"@type\":\"Article\",\"@id\":\"https:\\\/\\\/noclegioswiecim.eu\\\/it\\\/?p=3935#article\",\"isPartOf\":{\"@id\":\"https:\\\/\\\/noclegioswiecim.eu\\\/it\\\/?p=3935\"},\"author\":{\"name\":\"PXadamCA\",\"@id\":\"https:\\\/\\\/noclegioswiecim.eu\\\/#\\\/schema\\\/person\\\/d89109dc869efec6edf36e8afbef6437\"},\"headline\":\"La minoranza ebraica di O\u015bwi\u0119cim: scoprite la sua storia!\",\"datePublished\":\"2022-08-14T22:00:00+00:00\",\"dateModified\":\"2024-03-22T10:07:24+00:00\",\"mainEntityOfPage\":{\"@id\":\"https:\\\/\\\/noclegioswiecim.eu\\\/it\\\/?p=3935\"},\"wordCount\":881,\"publisher\":{\"@id\":\"https:\\\/\\\/noclegioswiecim.eu\\\/#organization\"},\"image\":{\"@id\":\"https:\\\/\\\/noclegioswiecim.eu\\\/it\\\/?p=3935#primaryimage\"},\"thumbnailUrl\":\"https:\\\/\\\/noclegioswiecim.eu\\\/wp-content\\\/uploads\\\/2023\\\/07\\\/Noclegi-oswiecim-mniejszosc-zydowska.jpg\",\"articleSection\":[\"Guida\"],\"inLanguage\":\"it-IT\"},{\"@type\":\"WebPage\",\"@id\":\"https:\\\/\\\/noclegioswiecim.eu\\\/it\\\/?p=3935\",\"url\":\"https:\\\/\\\/noclegioswiecim.eu\\\/it\\\/?p=3935\",\"name\":\"La minoranza ebraica di O\u015bwi\u0119cim: scoprite la sua storia! - Comfort Apartments\",\"isPartOf\":{\"@id\":\"https:\\\/\\\/noclegioswiecim.eu\\\/#website\"},\"primaryImageOfPage\":{\"@id\":\"https:\\\/\\\/noclegioswiecim.eu\\\/it\\\/?p=3935#primaryimage\"},\"image\":{\"@id\":\"https:\\\/\\\/noclegioswiecim.eu\\\/it\\\/?p=3935#primaryimage\"},\"thumbnailUrl\":\"https:\\\/\\\/noclegioswiecim.eu\\\/wp-content\\\/uploads\\\/2023\\\/07\\\/Noclegi-oswiecim-mniejszosc-zydowska.jpg\",\"datePublished\":\"2022-08-14T22:00:00+00:00\",\"dateModified\":\"2024-03-22T10:07:24+00:00\",\"description\":\"Per molti secoli, gli ebrei hanno risieduto, tra l'altro, in altri luoghi. nella regione di Malopolska, dove passavano importanti rotte commerciali.\",\"breadcrumb\":{\"@id\":\"https:\\\/\\\/noclegioswiecim.eu\\\/it\\\/?p=3935#breadcrumb\"},\"inLanguage\":\"it-IT\",\"potentialAction\":[{\"@type\":\"ReadAction\",\"target\":[\"https:\\\/\\\/noclegioswiecim.eu\\\/it\\\/?p=3935\"]}]},{\"@type\":\"ImageObject\",\"inLanguage\":\"it-IT\",\"@id\":\"https:\\\/\\\/noclegioswiecim.eu\\\/it\\\/?p=3935#primaryimage\",\"url\":\"https:\\\/\\\/noclegioswiecim.eu\\\/wp-content\\\/uploads\\\/2023\\\/07\\\/Noclegi-oswiecim-mniejszosc-zydowska.jpg\",\"contentUrl\":\"https:\\\/\\\/noclegioswiecim.eu\\\/wp-content\\\/uploads\\\/2023\\\/07\\\/Noclegi-oswiecim-mniejszosc-zydowska.jpg\",\"width\":1167,\"height\":843},{\"@type\":\"BreadcrumbList\",\"@id\":\"https:\\\/\\\/noclegioswiecim.eu\\\/it\\\/?p=3935#breadcrumb\",\"itemListElement\":[{\"@type\":\"ListItem\",\"position\":1,\"name\":\"Strona g\u0142\u00f3wna\",\"item\":\"https:\\\/\\\/noclegioswiecim.eu\\\/it\\\/\"},{\"@type\":\"ListItem\",\"position\":2,\"name\":\"La minoranza ebraica di O\u015bwi\u0119cim: scoprite la sua storia!\"}]},{\"@type\":\"WebSite\",\"@id\":\"https:\\\/\\\/noclegioswiecim.eu\\\/#website\",\"url\":\"https:\\\/\\\/noclegioswiecim.eu\\\/\",\"name\":\"Comfort Apartments\",\"description\":\"Noclegi O\u015bwi\u0119cim \\\/ Booking O\u015bwi\u0119cim\",\"publisher\":{\"@id\":\"https:\\\/\\\/noclegioswiecim.eu\\\/#organization\"},\"potentialAction\":[{\"@type\":\"SearchAction\",\"target\":{\"@type\":\"EntryPoint\",\"urlTemplate\":\"https:\\\/\\\/noclegioswiecim.eu\\\/?s={search_term_string}\"},\"query-input\":{\"@type\":\"PropertyValueSpecification\",\"valueRequired\":true,\"valueName\":\"search_term_string\"}}],\"inLanguage\":\"it-IT\"},{\"@type\":\"Organization\",\"@id\":\"https:\\\/\\\/noclegioswiecim.eu\\\/#organization\",\"name\":\"Comfort Apartments\",\"url\":\"https:\\\/\\\/noclegioswiecim.eu\\\/\",\"logo\":{\"@type\":\"ImageObject\",\"inLanguage\":\"it-IT\",\"@id\":\"https:\\\/\\\/noclegioswiecim.eu\\\/#\\\/schema\\\/logo\\\/image\\\/\",\"url\":\"https:\\\/\\\/noclegioswiecim.eu\\\/wp-content\\\/uploads\\\/2023\\\/02\\\/favicona.png\",\"contentUrl\":\"https:\\\/\\\/noclegioswiecim.eu\\\/wp-content\\\/uploads\\\/2023\\\/02\\\/favicona.png\",\"width\":200,\"height\":200,\"caption\":\"Comfort Apartments\"},\"image\":{\"@id\":\"https:\\\/\\\/noclegioswiecim.eu\\\/#\\\/schema\\\/logo\\\/image\\\/\"},\"sameAs\":[\"https:\\\/\\\/www.facebook.com\\\/oswiecimapartments\\\/\",\"https:\\\/\\\/goo.gl\\\/maps\\\/H9x6rxoZWfK3ad1j6\",\"https:\\\/\\\/www.instagram.com\\\/oswiecimapartments\\\/\"]},{\"@type\":\"Person\",\"@id\":\"https:\\\/\\\/noclegioswiecim.eu\\\/#\\\/schema\\\/person\\\/d89109dc869efec6edf36e8afbef6437\",\"name\":\"PXadamCA\",\"image\":{\"@type\":\"ImageObject\",\"inLanguage\":\"it-IT\",\"@id\":\"https:\\\/\\\/secure.gravatar.com\\\/avatar\\\/adc1dd343d8c5124e40417ce67f1c600f00e279f2aad6a878cce8661419565aa?s=96&d=mm&r=g\",\"url\":\"https:\\\/\\\/secure.gravatar.com\\\/avatar\\\/adc1dd343d8c5124e40417ce67f1c600f00e279f2aad6a878cce8661419565aa?s=96&d=mm&r=g\",\"contentUrl\":\"https:\\\/\\\/secure.gravatar.com\\\/avatar\\\/adc1dd343d8c5124e40417ce67f1c600f00e279f2aad6a878cce8661419565aa?s=96&d=mm&r=g\",\"caption\":\"PXadamCA\"},\"sameAs\":[\"https:\\\/\\\/comfort.proadax-dev.pl\"]}]}<\/script>\n<!-- \/ Yoast SEO plugin. -->","yoast_head_json":{"title":"La minoranza ebraica di O\u015bwi\u0119cim: scoprite la sua storia! - Comfort Apartments","description":"Per molti secoli, gli ebrei hanno risieduto, tra l'altro, in altri luoghi. nella regione di Malopolska, dove passavano importanti rotte commerciali.","robots":{"index":"index","follow":"follow","max-snippet":"max-snippet:-1","max-image-preview":"max-image-preview:large","max-video-preview":"max-video-preview:-1"},"canonical":"https:\/\/noclegioswiecim.eu\/it\/?p=3935","og_locale":"it_IT","og_type":"article","og_title":"La minoranza ebraica di O\u015bwi\u0119cim: scoprite la sua storia! - Comfort Apartments","og_description":"Per molti secoli, gli ebrei hanno risieduto, tra l'altro, in altri luoghi. nella regione di Malopolska, dove passavano importanti rotte commerciali.","og_url":"https:\/\/noclegioswiecim.eu\/it\/?p=3935","og_site_name":"Comfort Apartments","article_publisher":"https:\/\/www.facebook.com\/oswiecimapartments\/","article_published_time":"2022-08-14T22:00:00+00:00","article_modified_time":"2024-03-22T10:07:24+00:00","og_image":[{"width":1167,"height":843,"url":"https:\/\/noclegioswiecim.eu\/wp-content\/uploads\/2023\/07\/Noclegi-oswiecim-mniejszosc-zydowska.jpg","type":"image\/jpeg"}],"author":"PXadamCA","twitter_card":"summary_large_image","twitter_misc":{"Scritto da":"PXadamCA","Tempo di lettura stimato":"4 minuti"},"schema":{"@context":"https:\/\/schema.org","@graph":[{"@type":"Article","@id":"https:\/\/noclegioswiecim.eu\/it\/?p=3935#article","isPartOf":{"@id":"https:\/\/noclegioswiecim.eu\/it\/?p=3935"},"author":{"name":"PXadamCA","@id":"https:\/\/noclegioswiecim.eu\/#\/schema\/person\/d89109dc869efec6edf36e8afbef6437"},"headline":"La minoranza ebraica di O\u015bwi\u0119cim: scoprite la sua storia!","datePublished":"2022-08-14T22:00:00+00:00","dateModified":"2024-03-22T10:07:24+00:00","mainEntityOfPage":{"@id":"https:\/\/noclegioswiecim.eu\/it\/?p=3935"},"wordCount":881,"publisher":{"@id":"https:\/\/noclegioswiecim.eu\/#organization"},"image":{"@id":"https:\/\/noclegioswiecim.eu\/it\/?p=3935#primaryimage"},"thumbnailUrl":"https:\/\/noclegioswiecim.eu\/wp-content\/uploads\/2023\/07\/Noclegi-oswiecim-mniejszosc-zydowska.jpg","articleSection":["Guida"],"inLanguage":"it-IT"},{"@type":"WebPage","@id":"https:\/\/noclegioswiecim.eu\/it\/?p=3935","url":"https:\/\/noclegioswiecim.eu\/it\/?p=3935","name":"La minoranza ebraica di O\u015bwi\u0119cim: scoprite la sua storia! - Comfort Apartments","isPartOf":{"@id":"https:\/\/noclegioswiecim.eu\/#website"},"primaryImageOfPage":{"@id":"https:\/\/noclegioswiecim.eu\/it\/?p=3935#primaryimage"},"image":{"@id":"https:\/\/noclegioswiecim.eu\/it\/?p=3935#primaryimage"},"thumbnailUrl":"https:\/\/noclegioswiecim.eu\/wp-content\/uploads\/2023\/07\/Noclegi-oswiecim-mniejszosc-zydowska.jpg","datePublished":"2022-08-14T22:00:00+00:00","dateModified":"2024-03-22T10:07:24+00:00","description":"Per molti secoli, gli ebrei hanno risieduto, tra l'altro, in altri luoghi. nella regione di Malopolska, dove passavano importanti rotte commerciali.","breadcrumb":{"@id":"https:\/\/noclegioswiecim.eu\/it\/?p=3935#breadcrumb"},"inLanguage":"it-IT","potentialAction":[{"@type":"ReadAction","target":["https:\/\/noclegioswiecim.eu\/it\/?p=3935"]}]},{"@type":"ImageObject","inLanguage":"it-IT","@id":"https:\/\/noclegioswiecim.eu\/it\/?p=3935#primaryimage","url":"https:\/\/noclegioswiecim.eu\/wp-content\/uploads\/2023\/07\/Noclegi-oswiecim-mniejszosc-zydowska.jpg","contentUrl":"https:\/\/noclegioswiecim.eu\/wp-content\/uploads\/2023\/07\/Noclegi-oswiecim-mniejszosc-zydowska.jpg","width":1167,"height":843},{"@type":"BreadcrumbList","@id":"https:\/\/noclegioswiecim.eu\/it\/?p=3935#breadcrumb","itemListElement":[{"@type":"ListItem","position":1,"name":"Strona g\u0142\u00f3wna","item":"https:\/\/noclegioswiecim.eu\/it\/"},{"@type":"ListItem","position":2,"name":"La minoranza ebraica di O\u015bwi\u0119cim: scoprite la sua storia!"}]},{"@type":"WebSite","@id":"https:\/\/noclegioswiecim.eu\/#website","url":"https:\/\/noclegioswiecim.eu\/","name":"Comfort Apartments","description":"Noclegi O\u015bwi\u0119cim \/ Booking O\u015bwi\u0119cim","publisher":{"@id":"https:\/\/noclegioswiecim.eu\/#organization"},"potentialAction":[{"@type":"SearchAction","target":{"@type":"EntryPoint","urlTemplate":"https:\/\/noclegioswiecim.eu\/?s={search_term_string}"},"query-input":{"@type":"PropertyValueSpecification","valueRequired":true,"valueName":"search_term_string"}}],"inLanguage":"it-IT"},{"@type":"Organization","@id":"https:\/\/noclegioswiecim.eu\/#organization","name":"Comfort Apartments","url":"https:\/\/noclegioswiecim.eu\/","logo":{"@type":"ImageObject","inLanguage":"it-IT","@id":"https:\/\/noclegioswiecim.eu\/#\/schema\/logo\/image\/","url":"https:\/\/noclegioswiecim.eu\/wp-content\/uploads\/2023\/02\/favicona.png","contentUrl":"https:\/\/noclegioswiecim.eu\/wp-content\/uploads\/2023\/02\/favicona.png","width":200,"height":200,"caption":"Comfort Apartments"},"image":{"@id":"https:\/\/noclegioswiecim.eu\/#\/schema\/logo\/image\/"},"sameAs":["https:\/\/www.facebook.com\/oswiecimapartments\/","https:\/\/goo.gl\/maps\/H9x6rxoZWfK3ad1j6","https:\/\/www.instagram.com\/oswiecimapartments\/"]},{"@type":"Person","@id":"https:\/\/noclegioswiecim.eu\/#\/schema\/person\/d89109dc869efec6edf36e8afbef6437","name":"PXadamCA","image":{"@type":"ImageObject","inLanguage":"it-IT","@id":"https:\/\/secure.gravatar.com\/avatar\/adc1dd343d8c5124e40417ce67f1c600f00e279f2aad6a878cce8661419565aa?s=96&d=mm&r=g","url":"https:\/\/secure.gravatar.com\/avatar\/adc1dd343d8c5124e40417ce67f1c600f00e279f2aad6a878cce8661419565aa?s=96&d=mm&r=g","contentUrl":"https:\/\/secure.gravatar.com\/avatar\/adc1dd343d8c5124e40417ce67f1c600f00e279f2aad6a878cce8661419565aa?s=96&d=mm&r=g","caption":"PXadamCA"},"sameAs":["https:\/\/comfort.proadax-dev.pl"]}]}},"_links":{"self":[{"href":"https:\/\/noclegioswiecim.eu\/it\/wp-json\/wp\/v2\/posts\/3935","targetHints":{"allow":["GET"]}}],"collection":[{"href":"https:\/\/noclegioswiecim.eu\/it\/wp-json\/wp\/v2\/posts"}],"about":[{"href":"https:\/\/noclegioswiecim.eu\/it\/wp-json\/wp\/v2\/types\/post"}],"author":[{"embeddable":true,"href":"https:\/\/noclegioswiecim.eu\/it\/wp-json\/wp\/v2\/users\/1"}],"replies":[{"embeddable":true,"href":"https:\/\/noclegioswiecim.eu\/it\/wp-json\/wp\/v2\/comments?post=3935"}],"version-history":[{"count":1,"href":"https:\/\/noclegioswiecim.eu\/it\/wp-json\/wp\/v2\/posts\/3935\/revisions"}],"predecessor-version":[{"id":3943,"href":"https:\/\/noclegioswiecim.eu\/it\/wp-json\/wp\/v2\/posts\/3935\/revisions\/3943"}],"wp:featuredmedia":[{"embeddable":true,"href":"https:\/\/noclegioswiecim.eu\/it\/wp-json\/wp\/v2\/media\/3940"}],"wp:attachment":[{"href":"https:\/\/noclegioswiecim.eu\/it\/wp-json\/wp\/v2\/media?parent=3935"}],"wp:term":[{"taxonomy":"category","embeddable":true,"href":"https:\/\/noclegioswiecim.eu\/it\/wp-json\/wp\/v2\/categories?post=3935"},{"taxonomy":"post_tag","embeddable":true,"href":"https:\/\/noclegioswiecim.eu\/it\/wp-json\/wp\/v2\/tags?post=3935"}],"curies":[{"name":"wp","href":"https:\/\/api.w.org\/{rel}","templated":true}]}}