{"id":3919,"date":"2021-12-15T00:00:00","date_gmt":"2021-12-14T23:00:00","guid":{"rendered":"https:\/\/noclegioswiecim.eu\/non-categorizzato\/museo-del-castello-di-auschwitz-perche-vale-la-pena-visitarlo\/"},"modified":"2024-07-26T10:49:54","modified_gmt":"2024-07-26T08:49:54","slug":"museo-del-castello-di-auschwitz-perche-vale-la-pena-visitarlo","status":"publish","type":"post","link":"https:\/\/noclegioswiecim.eu\/it\/guida\/museo-del-castello-di-auschwitz-perche-vale-la-pena-visitarlo\/","title":{"rendered":"Museo del Castello di O\u015bwi\u0119cim. Perch\u00e9 vale la pena visitarlo?"},"content":{"rendered":"<p>Quasi 800 anni di tradizione borghese, passati di mano in mano, con grandi politiche e dispute dinastiche sullo sfondo: ecco come si pu\u00f2 riassumere in poche parole la storia del castello di O\u015bwi\u0119cim. Nel 2010. L&#8217;edificio pi\u00f9 importante della citt\u00e0 \u00e8 diventato la sede del <strong>Museo del Castello di<\/strong> Auschwitz. Questo ha aumentato il prestigio del sito e ha dato alla citt\u00e0 un nuovo impulso di sviluppo con eventi culturali e mostre storiche. Di conseguenza, \u00e8 una vera delizia per i turisti provenienti dalla Polonia e da altri Paesi del mondo. Cos&#8217;altro nasconde il castello che non abbiamo menzionato sopra? Lo leggerete&#8230; qui di seguito.<\/p>\n<h2>Museo del Castello di <strong>O\u015bwi\u0119cim<\/strong> &#8211; un luogo storico di ispirazione<\/h2>\n<p>La storia del castello \u00e8 indissolubilmente legata alla fondazione di <strong>Auschwitz<\/strong>. Le pi\u00f9 antiche testimonianze della zona risalgono all&#8217;XI secolo, quando esisteva un piccolo insediamento agricolo composto da capanne di legno. I primi documenti sull&#8217;esistenza della citt\u00e0 e del castello risalgono al 1179, quando la castellania di O\u015bwi\u0119cim fu separata dalla giurisdizione di Cracovia a favore dei duchi di Opole e Racib\u00f3rz. Erano tempi incerti a causa della divisione della Polonia e della dinamica rivalit\u00e0 tra i singoli principi e i successivi eredi per la supremazia. Negli anni successivi il castello fu rafforzato e ampliato con nuovi elementi che svolgevano funzioni di difesa e militari. A ci\u00f2 si alternarono incendi e conseguenti distruzioni. La citt\u00e0 e il castello cominciarono ad acquisire importanza all&#8217;inizio del XIV secolo, quando la <strong>Ducato di O\u015bwi\u0119cim<\/strong>. Da allora sono arrivati i tempi d&#8217;oro e gli amministratori successivi &#8211; gli starost reali &#8211; ne hanno curato lo sviluppo. Il Settecento e l&#8217;Ottocento furono un periodo di catastrofi naturali (alluvioni), distruzioni, incuria e declino delle condizioni tecniche dell&#8217;edificio, che cambi\u00f2 spesso proprietario e fu infine utilizzato come deposito commerciale. Solo all&#8217;inizio della Negli anni &#8217;70. Dopo l&#8217;acquisto dell&#8217;edificio da parte del nuovo proprietario, Karol Kaszny, il castello fu riparato e ricostruito, in modo da poter ospitare camere d&#8217;albergo e un wine e beer bar. Nel 1926. il castello diventa propriet\u00e0 delle autorit\u00e0 pubbliche &#8211; il Dipartimento distrettuale di Bia\u0142a Krakowska (l&#8217;attuale Bielsko-Bia\u0142a). Da allora fino al 2010. \u00e8 la sede di vari uffici e amministrazioni a livello regionale o locale. Anche durante la Seconda Guerra Mondiale, le autorit\u00e0 di occupazione del Terzo Reich erano di stanza qui. Tra il 2004 e il 2006 \u00e8 stata effettuata un&#8217;importante ristrutturazione del castello e sono stati restaurati gli interni e gli edifici pi\u00f9 importanti. Dal 1\u00b0 gennaio 2010. \u00e8 diventata la sede di un&#8217;istituzione culturale chiamata <strong>Museo del Castello di O\u015bwi\u0119cim<\/strong>, con un&#8217;ampia gamma di mostre che ogni anno attirano i turisti come una calamita.<\/p>\n<h3>Cosa c&#8217;\u00e8 di interessante nel castello?<\/h3>\n<p>Nel castello stesso, i visitatori possono ammirare mostre permanenti sulla storia dell&#8217;<strong>area di O\u015bwi\u0119cim<\/strong> e sul patrimonio culturale locale. Questi sono:<\/p>\n<ul>\n<li>&#8220;Archeologia,<\/li>\n<li>&#8220;Interni borghesi,<\/li>\n<li>&#8220;Nella citt\u00e0 reale di Oswiecim&#8221;.<\/li>\n<\/ul>\n<p>Naturalmente non mancano mostre temporanee uniche e molto interessanti che trattano temi di rilevanza sociale: tenetevi aggiornati <a href=\"https:\/\/www.muzeum-zamek.pl\/wystawy\/czasowe\">qui<\/a>.<\/p>\n<p>Il museo \u00e8 aperto tutto l&#8217;anno, ad eccezione dei giorni festivi e di alcuni giorni della settimana: da ottobre a maggio il sabato e negli altri mesi il luned\u00ec. Vale la pena ricordare che il marted\u00ec \u00e8 possibile visitare gratuitamente la mostra permanente del castello e salire sulla torre. Il prezzo del biglietto normale \u00e8 di 10 sterline, il biglietto ridotto \u00e8 di 6 sterline e il biglietto famiglia per cinque persone \u00e8 di 24 sterline. A pagamento, \u00e8 possibile noleggiare un&#8217;audioguida che narra in 5 lingue. Ulteriori informazioni utili, tra cui le prenotazioni e le regole del tour per i gruppi organizzati, sono disponibili <a href=\"https:\/\/www.muzeum-zamek.pl\/godziny-otwarcia\">qui<\/a>.<\/p>\n<h2>Vedere il municipio, la torre e i tunnel segreti&#8230;.<\/h2>\n<h3>Municipio<\/h3>\n<p>Il <strong>Museo del Castello di O\u015bwi\u0119cim <\/strong>comprende anche il Municipio, risalente al XIX secolo. e restaurato dopo un incendio nel 1863. edificio dell&#8217;autorit\u00e0 comunale. Attualmente si trova al numero 2 della piazza principale. \u00c8 possibile ammirare la mostra permanente &#8220;Negli spazi della storia. La storia della citt\u00e0 di Oswiecim&#8221;. \u00c8 un&#8217;occasione per vivere un&#8217;affascinante avventura in interni stilizzati con molti reperti di epoche diverse. <a href=\"https:\/\/www.muzeum-zamek.pl\/ratusz-godziny-otwarcia\">Qui<\/a> vi aspetta una manciata di informazioni pratiche.<\/p>\n<h3>Torre di difesa<\/h3>\n<p>Un altro tesoro del museo \u00e8 una torre di difesa medievale in mattoni, risalente al periodo a cavallo tra il XIII e il XIV secolo. \u00c8 l&#8217;edificio pi\u00f9 antico della collina del castello e uno dei pi\u00f9 antichi del suo genere nella Piccola Polonia, che ancora oggi domina l&#8217;area circostante, ricordando l&#8217;et\u00e0 d&#8217;oro del Commonwealth polacco-lituano. Vale sicuramente la pena di salire in cima e godersi la splendida vista, in particolare il panorama della citt\u00e0 o le cime dei Monti Beschidi.<\/p>\n<h3>Gallerie<\/h3>\n<p>Se amate scoprire i misteri di antichi edifici e fortificazioni, dovete recarvi nei tunnel del castello che corrono sotto la collina del castello. La pi\u00f9 antica, chiamata Galleria Lunga o Galleria Austriaca, fu scavata alla fine del XVIII secolo, mentre quelle pi\u00f9 giovani furono scavate durante l&#8217;occupazione nazista. Volete sapere a cosa servivano, dove portano e cos&#8217;altro nascondono? Vi invitiamo a fare un giro.<\/p>\n<h2>Attrazioni ed eventi collaterali<\/h2>\n<p>Il <strong>Museo del Castello di O\u015bwi\u0119cim<\/strong> \u00e8 il luogo ideale per diffondere la conoscenza della storia, delle tradizioni e del folklore locale. Per questo motivo ospita un&#8217;ampia variet\u00e0 di eventi, conferenze, workshop, concerti o festival che attraggono sia i locali che i turisti. \u00c8 un&#8217;opportunit\u00e0 meravigliosa per scoprire luoghi apparentemente familiari da una prospettiva completamente diversa e per imparare come vivevano i nostri antenati. Un&#8217;offerta di eventi attuali \u00e8 disponibile <a href=\"https:\/\/www.muzeum-zamek.pl\/wydarzenia\">qui<\/a>.<\/p>\n<h2>Dove trovare un alloggio economico e confortevole a <strong>O\u015bwi\u0119cim<\/strong>?<\/h2>\n<p>La citt\u00e0 e l&#8217;area circostante sono un vero e proprio eldorado in termini di offerta di alloggi, in quanto ci sono molti <strong>cottage e appartamenti a Oswiecim<\/strong> con posizioni comode, buone strutture e prezzi ragionevoli. Vi invitiamo inoltre a utilizzare l&#8217;<strong>applicazione booking Auschwitz<\/strong>: non solo avrete tutte le offerte a portata di smartphone, ma potrete anche leggere le loro descrizioni e <strong>prenotare online<\/strong>. Di conseguenza, non dovrete preoccuparvi di trovare <strong>un alloggio a O\u015bwi\u0119cim<\/strong> subito dopo il vostro arrivo. Per chi desidera qualcosa di pi\u00f9, consigliamo di scegliere strutture di livello superiore e con molti servizi, come un <strong>confortevole hotel<\/strong> a <strong>Oswiecim<\/strong> nel centro della citt\u00e0 o in un&#8217;intima periferia immersa nella natura. Qui c&#8217;\u00e8 sicuramente qualcosa per ogni turista, sia in termini di visite turistiche che di alloggio. Il castello, il municipio, la torre e le gallerie attendono gli avventurosi e la ventata di grande storia.<\/p>\n","protected":false},"excerpt":{"rendered":"<p>Quasi 800 anni di tradizione borghese, passati di mano in [&hellip;]<\/p>\n","protected":false},"author":1,"featured_media":3922,"comment_status":"closed","ping_status":"closed","sticky":false,"template":"","format":"standard","meta":{"footnotes":""},"categories":[151],"tags":[],"class_list":["post-3919","post","type-post","status-publish","format-standard","has-post-thumbnail","hentry","category-guida"],"yoast_head":"<!-- This site is optimized with the Yoast SEO plugin v27.5 - https:\/\/yoast.com\/product\/yoast-seo-wordpress\/ -->\n<title>Museo del Castello di O\u015bwi\u0119cim. Perch\u00e9 vale la pena visitarlo? - Comfort Apartments<\/title>\n<meta name=\"description\" content=\"La storia del castello \u00e8 indissolubilmente legata alla fondazione di Auschwitz. I primi riferimenti alla zona risalgono all&#039;XI secolo.\" \/>\n<meta name=\"robots\" content=\"index, follow, max-snippet:-1, max-image-preview:large, max-video-preview:-1\" \/>\n<link rel=\"canonical\" href=\"https:\/\/noclegioswiecim.eu\/it\/guida\/museo-del-castello-di-auschwitz-perche-vale-la-pena-visitarlo\/\" \/>\n<meta property=\"og:locale\" content=\"it_IT\" \/>\n<meta property=\"og:type\" content=\"article\" \/>\n<meta property=\"og:title\" content=\"Museo del Castello di O\u015bwi\u0119cim. Perch\u00e9 vale la pena visitarlo? - Comfort Apartments\" \/>\n<meta property=\"og:description\" content=\"La storia del castello \u00e8 indissolubilmente legata alla fondazione di Auschwitz. I primi riferimenti alla zona risalgono all&#039;XI secolo.\" \/>\n<meta property=\"og:url\" content=\"https:\/\/noclegioswiecim.eu\/it\/guida\/museo-del-castello-di-auschwitz-perche-vale-la-pena-visitarlo\/\" \/>\n<meta property=\"og:site_name\" content=\"Comfort Apartments\" \/>\n<meta property=\"article:publisher\" content=\"https:\/\/www.facebook.com\/oswiecimapartments\/\" \/>\n<meta property=\"article:published_time\" content=\"2021-12-14T23:00:00+00:00\" \/>\n<meta property=\"article:modified_time\" content=\"2024-07-26T08:49:54+00:00\" \/>\n<meta property=\"og:image\" content=\"https:\/\/noclegioswiecim.eu\/wp-content\/uploads\/2023\/07\/Zamek-Oswiecim-29-of-49-scaled-1-e1689235551747.jpg\" \/>\n\t<meta property=\"og:image:width\" content=\"1900\" \/>\n\t<meta property=\"og:image:height\" content=\"1067\" \/>\n\t<meta property=\"og:image:type\" content=\"image\/jpeg\" \/>\n<meta name=\"author\" content=\"PXadamCA\" \/>\n<meta name=\"twitter:card\" content=\"summary_large_image\" \/>\n<meta name=\"twitter:label1\" content=\"Scritto da\" \/>\n\t<meta name=\"twitter:data1\" content=\"PXadamCA\" \/>\n\t<meta name=\"twitter:label2\" content=\"Tempo di lettura stimato\" \/>\n\t<meta name=\"twitter:data2\" content=\"7 minuti\" \/>\n<script type=\"application\/ld+json\" class=\"yoast-schema-graph\">{\"@context\":\"https:\\\/\\\/schema.org\",\"@graph\":[{\"@type\":\"Article\",\"@id\":\"https:\\\/\\\/noclegioswiecim.eu\\\/it\\\/guida\\\/museo-del-castello-di-auschwitz-perche-vale-la-pena-visitarlo\\\/#article\",\"isPartOf\":{\"@id\":\"https:\\\/\\\/noclegioswiecim.eu\\\/it\\\/guida\\\/museo-del-castello-di-auschwitz-perche-vale-la-pena-visitarlo\\\/\"},\"author\":{\"name\":\"PXadamCA\",\"@id\":\"https:\\\/\\\/noclegioswiecim.eu\\\/#\\\/schema\\\/person\\\/d89109dc869efec6edf36e8afbef6437\"},\"headline\":\"Museo del Castello di O\u015bwi\u0119cim. Perch\u00e9 vale la pena visitarlo?\",\"datePublished\":\"2021-12-14T23:00:00+00:00\",\"dateModified\":\"2024-07-26T08:49:54+00:00\",\"mainEntityOfPage\":{\"@id\":\"https:\\\/\\\/noclegioswiecim.eu\\\/it\\\/guida\\\/museo-del-castello-di-auschwitz-perche-vale-la-pena-visitarlo\\\/\"},\"wordCount\":1096,\"publisher\":{\"@id\":\"https:\\\/\\\/noclegioswiecim.eu\\\/#organization\"},\"image\":{\"@id\":\"https:\\\/\\\/noclegioswiecim.eu\\\/it\\\/guida\\\/museo-del-castello-di-auschwitz-perche-vale-la-pena-visitarlo\\\/#primaryimage\"},\"thumbnailUrl\":\"https:\\\/\\\/noclegioswiecim.eu\\\/wp-content\\\/uploads\\\/2023\\\/07\\\/Zamek-Oswiecim-29-of-49-scaled-1-e1689235551747.jpg\",\"articleSection\":[\"Guida\"],\"inLanguage\":\"it-IT\"},{\"@type\":\"WebPage\",\"@id\":\"https:\\\/\\\/noclegioswiecim.eu\\\/it\\\/guida\\\/museo-del-castello-di-auschwitz-perche-vale-la-pena-visitarlo\\\/\",\"url\":\"https:\\\/\\\/noclegioswiecim.eu\\\/it\\\/guida\\\/museo-del-castello-di-auschwitz-perche-vale-la-pena-visitarlo\\\/\",\"name\":\"Museo del Castello di O\u015bwi\u0119cim. Perch\u00e9 vale la pena visitarlo? - Comfort Apartments\",\"isPartOf\":{\"@id\":\"https:\\\/\\\/noclegioswiecim.eu\\\/#website\"},\"primaryImageOfPage\":{\"@id\":\"https:\\\/\\\/noclegioswiecim.eu\\\/it\\\/guida\\\/museo-del-castello-di-auschwitz-perche-vale-la-pena-visitarlo\\\/#primaryimage\"},\"image\":{\"@id\":\"https:\\\/\\\/noclegioswiecim.eu\\\/it\\\/guida\\\/museo-del-castello-di-auschwitz-perche-vale-la-pena-visitarlo\\\/#primaryimage\"},\"thumbnailUrl\":\"https:\\\/\\\/noclegioswiecim.eu\\\/wp-content\\\/uploads\\\/2023\\\/07\\\/Zamek-Oswiecim-29-of-49-scaled-1-e1689235551747.jpg\",\"datePublished\":\"2021-12-14T23:00:00+00:00\",\"dateModified\":\"2024-07-26T08:49:54+00:00\",\"description\":\"La storia del castello \u00e8 indissolubilmente legata alla fondazione di Auschwitz. I primi riferimenti alla zona risalgono all'XI secolo.\",\"breadcrumb\":{\"@id\":\"https:\\\/\\\/noclegioswiecim.eu\\\/it\\\/guida\\\/museo-del-castello-di-auschwitz-perche-vale-la-pena-visitarlo\\\/#breadcrumb\"},\"inLanguage\":\"it-IT\",\"potentialAction\":[{\"@type\":\"ReadAction\",\"target\":[\"https:\\\/\\\/noclegioswiecim.eu\\\/it\\\/guida\\\/museo-del-castello-di-auschwitz-perche-vale-la-pena-visitarlo\\\/\"]}]},{\"@type\":\"ImageObject\",\"inLanguage\":\"it-IT\",\"@id\":\"https:\\\/\\\/noclegioswiecim.eu\\\/it\\\/guida\\\/museo-del-castello-di-auschwitz-perche-vale-la-pena-visitarlo\\\/#primaryimage\",\"url\":\"https:\\\/\\\/noclegioswiecim.eu\\\/wp-content\\\/uploads\\\/2023\\\/07\\\/Zamek-Oswiecim-29-of-49-scaled-1-e1689235551747.jpg\",\"contentUrl\":\"https:\\\/\\\/noclegioswiecim.eu\\\/wp-content\\\/uploads\\\/2023\\\/07\\\/Zamek-Oswiecim-29-of-49-scaled-1-e1689235551747.jpg\",\"width\":1900,\"height\":1067},{\"@type\":\"BreadcrumbList\",\"@id\":\"https:\\\/\\\/noclegioswiecim.eu\\\/it\\\/guida\\\/museo-del-castello-di-auschwitz-perche-vale-la-pena-visitarlo\\\/#breadcrumb\",\"itemListElement\":[{\"@type\":\"ListItem\",\"position\":1,\"name\":\"Strona g\u0142\u00f3wna\",\"item\":\"https:\\\/\\\/noclegioswiecim.eu\\\/it\\\/\"},{\"@type\":\"ListItem\",\"position\":2,\"name\":\"Museo del Castello di O\u015bwi\u0119cim. Perch\u00e9 vale la pena visitarlo?\"}]},{\"@type\":\"WebSite\",\"@id\":\"https:\\\/\\\/noclegioswiecim.eu\\\/#website\",\"url\":\"https:\\\/\\\/noclegioswiecim.eu\\\/\",\"name\":\"Comfort Apartments\",\"description\":\"Noclegi O\u015bwi\u0119cim \\\/ Booking O\u015bwi\u0119cim\",\"publisher\":{\"@id\":\"https:\\\/\\\/noclegioswiecim.eu\\\/#organization\"},\"potentialAction\":[{\"@type\":\"SearchAction\",\"target\":{\"@type\":\"EntryPoint\",\"urlTemplate\":\"https:\\\/\\\/noclegioswiecim.eu\\\/?s={search_term_string}\"},\"query-input\":{\"@type\":\"PropertyValueSpecification\",\"valueRequired\":true,\"valueName\":\"search_term_string\"}}],\"inLanguage\":\"it-IT\"},{\"@type\":\"Organization\",\"@id\":\"https:\\\/\\\/noclegioswiecim.eu\\\/#organization\",\"name\":\"Comfort Apartments\",\"url\":\"https:\\\/\\\/noclegioswiecim.eu\\\/\",\"logo\":{\"@type\":\"ImageObject\",\"inLanguage\":\"it-IT\",\"@id\":\"https:\\\/\\\/noclegioswiecim.eu\\\/#\\\/schema\\\/logo\\\/image\\\/\",\"url\":\"https:\\\/\\\/noclegioswiecim.eu\\\/wp-content\\\/uploads\\\/2023\\\/02\\\/favicona.png\",\"contentUrl\":\"https:\\\/\\\/noclegioswiecim.eu\\\/wp-content\\\/uploads\\\/2023\\\/02\\\/favicona.png\",\"width\":200,\"height\":200,\"caption\":\"Comfort Apartments\"},\"image\":{\"@id\":\"https:\\\/\\\/noclegioswiecim.eu\\\/#\\\/schema\\\/logo\\\/image\\\/\"},\"sameAs\":[\"https:\\\/\\\/www.facebook.com\\\/oswiecimapartments\\\/\",\"https:\\\/\\\/goo.gl\\\/maps\\\/H9x6rxoZWfK3ad1j6\",\"https:\\\/\\\/www.instagram.com\\\/oswiecimapartments\\\/\"]},{\"@type\":\"Person\",\"@id\":\"https:\\\/\\\/noclegioswiecim.eu\\\/#\\\/schema\\\/person\\\/d89109dc869efec6edf36e8afbef6437\",\"name\":\"PXadamCA\",\"image\":{\"@type\":\"ImageObject\",\"inLanguage\":\"it-IT\",\"@id\":\"https:\\\/\\\/secure.gravatar.com\\\/avatar\\\/adc1dd343d8c5124e40417ce67f1c600f00e279f2aad6a878cce8661419565aa?s=96&d=mm&r=g\",\"url\":\"https:\\\/\\\/secure.gravatar.com\\\/avatar\\\/adc1dd343d8c5124e40417ce67f1c600f00e279f2aad6a878cce8661419565aa?s=96&d=mm&r=g\",\"contentUrl\":\"https:\\\/\\\/secure.gravatar.com\\\/avatar\\\/adc1dd343d8c5124e40417ce67f1c600f00e279f2aad6a878cce8661419565aa?s=96&d=mm&r=g\",\"caption\":\"PXadamCA\"},\"sameAs\":[\"https:\\\/\\\/comfort.proadax-dev.pl\"]}]}<\/script>\n<!-- \/ Yoast SEO plugin. -->","yoast_head_json":{"title":"Museo del Castello di O\u015bwi\u0119cim. Perch\u00e9 vale la pena visitarlo? - Comfort Apartments","description":"La storia del castello \u00e8 indissolubilmente legata alla fondazione di Auschwitz. I primi riferimenti alla zona risalgono all'XI secolo.","robots":{"index":"index","follow":"follow","max-snippet":"max-snippet:-1","max-image-preview":"max-image-preview:large","max-video-preview":"max-video-preview:-1"},"canonical":"https:\/\/noclegioswiecim.eu\/it\/guida\/museo-del-castello-di-auschwitz-perche-vale-la-pena-visitarlo\/","og_locale":"it_IT","og_type":"article","og_title":"Museo del Castello di O\u015bwi\u0119cim. Perch\u00e9 vale la pena visitarlo? - Comfort Apartments","og_description":"La storia del castello \u00e8 indissolubilmente legata alla fondazione di Auschwitz. I primi riferimenti alla zona risalgono all'XI secolo.","og_url":"https:\/\/noclegioswiecim.eu\/it\/guida\/museo-del-castello-di-auschwitz-perche-vale-la-pena-visitarlo\/","og_site_name":"Comfort Apartments","article_publisher":"https:\/\/www.facebook.com\/oswiecimapartments\/","article_published_time":"2021-12-14T23:00:00+00:00","article_modified_time":"2024-07-26T08:49:54+00:00","og_image":[{"width":1900,"height":1067,"url":"https:\/\/noclegioswiecim.eu\/wp-content\/uploads\/2023\/07\/Zamek-Oswiecim-29-of-49-scaled-1-e1689235551747.jpg","type":"image\/jpeg"}],"author":"PXadamCA","twitter_card":"summary_large_image","twitter_misc":{"Scritto da":"PXadamCA","Tempo di lettura stimato":"7 minuti"},"schema":{"@context":"https:\/\/schema.org","@graph":[{"@type":"Article","@id":"https:\/\/noclegioswiecim.eu\/it\/guida\/museo-del-castello-di-auschwitz-perche-vale-la-pena-visitarlo\/#article","isPartOf":{"@id":"https:\/\/noclegioswiecim.eu\/it\/guida\/museo-del-castello-di-auschwitz-perche-vale-la-pena-visitarlo\/"},"author":{"name":"PXadamCA","@id":"https:\/\/noclegioswiecim.eu\/#\/schema\/person\/d89109dc869efec6edf36e8afbef6437"},"headline":"Museo del Castello di O\u015bwi\u0119cim. Perch\u00e9 vale la pena visitarlo?","datePublished":"2021-12-14T23:00:00+00:00","dateModified":"2024-07-26T08:49:54+00:00","mainEntityOfPage":{"@id":"https:\/\/noclegioswiecim.eu\/it\/guida\/museo-del-castello-di-auschwitz-perche-vale-la-pena-visitarlo\/"},"wordCount":1096,"publisher":{"@id":"https:\/\/noclegioswiecim.eu\/#organization"},"image":{"@id":"https:\/\/noclegioswiecim.eu\/it\/guida\/museo-del-castello-di-auschwitz-perche-vale-la-pena-visitarlo\/#primaryimage"},"thumbnailUrl":"https:\/\/noclegioswiecim.eu\/wp-content\/uploads\/2023\/07\/Zamek-Oswiecim-29-of-49-scaled-1-e1689235551747.jpg","articleSection":["Guida"],"inLanguage":"it-IT"},{"@type":"WebPage","@id":"https:\/\/noclegioswiecim.eu\/it\/guida\/museo-del-castello-di-auschwitz-perche-vale-la-pena-visitarlo\/","url":"https:\/\/noclegioswiecim.eu\/it\/guida\/museo-del-castello-di-auschwitz-perche-vale-la-pena-visitarlo\/","name":"Museo del Castello di O\u015bwi\u0119cim. Perch\u00e9 vale la pena visitarlo? - Comfort Apartments","isPartOf":{"@id":"https:\/\/noclegioswiecim.eu\/#website"},"primaryImageOfPage":{"@id":"https:\/\/noclegioswiecim.eu\/it\/guida\/museo-del-castello-di-auschwitz-perche-vale-la-pena-visitarlo\/#primaryimage"},"image":{"@id":"https:\/\/noclegioswiecim.eu\/it\/guida\/museo-del-castello-di-auschwitz-perche-vale-la-pena-visitarlo\/#primaryimage"},"thumbnailUrl":"https:\/\/noclegioswiecim.eu\/wp-content\/uploads\/2023\/07\/Zamek-Oswiecim-29-of-49-scaled-1-e1689235551747.jpg","datePublished":"2021-12-14T23:00:00+00:00","dateModified":"2024-07-26T08:49:54+00:00","description":"La storia del castello \u00e8 indissolubilmente legata alla fondazione di Auschwitz. I primi riferimenti alla zona risalgono all'XI secolo.","breadcrumb":{"@id":"https:\/\/noclegioswiecim.eu\/it\/guida\/museo-del-castello-di-auschwitz-perche-vale-la-pena-visitarlo\/#breadcrumb"},"inLanguage":"it-IT","potentialAction":[{"@type":"ReadAction","target":["https:\/\/noclegioswiecim.eu\/it\/guida\/museo-del-castello-di-auschwitz-perche-vale-la-pena-visitarlo\/"]}]},{"@type":"ImageObject","inLanguage":"it-IT","@id":"https:\/\/noclegioswiecim.eu\/it\/guida\/museo-del-castello-di-auschwitz-perche-vale-la-pena-visitarlo\/#primaryimage","url":"https:\/\/noclegioswiecim.eu\/wp-content\/uploads\/2023\/07\/Zamek-Oswiecim-29-of-49-scaled-1-e1689235551747.jpg","contentUrl":"https:\/\/noclegioswiecim.eu\/wp-content\/uploads\/2023\/07\/Zamek-Oswiecim-29-of-49-scaled-1-e1689235551747.jpg","width":1900,"height":1067},{"@type":"BreadcrumbList","@id":"https:\/\/noclegioswiecim.eu\/it\/guida\/museo-del-castello-di-auschwitz-perche-vale-la-pena-visitarlo\/#breadcrumb","itemListElement":[{"@type":"ListItem","position":1,"name":"Strona g\u0142\u00f3wna","item":"https:\/\/noclegioswiecim.eu\/it\/"},{"@type":"ListItem","position":2,"name":"Museo del Castello di O\u015bwi\u0119cim. Perch\u00e9 vale la pena visitarlo?"}]},{"@type":"WebSite","@id":"https:\/\/noclegioswiecim.eu\/#website","url":"https:\/\/noclegioswiecim.eu\/","name":"Comfort Apartments","description":"Noclegi O\u015bwi\u0119cim \/ Booking O\u015bwi\u0119cim","publisher":{"@id":"https:\/\/noclegioswiecim.eu\/#organization"},"potentialAction":[{"@type":"SearchAction","target":{"@type":"EntryPoint","urlTemplate":"https:\/\/noclegioswiecim.eu\/?s={search_term_string}"},"query-input":{"@type":"PropertyValueSpecification","valueRequired":true,"valueName":"search_term_string"}}],"inLanguage":"it-IT"},{"@type":"Organization","@id":"https:\/\/noclegioswiecim.eu\/#organization","name":"Comfort Apartments","url":"https:\/\/noclegioswiecim.eu\/","logo":{"@type":"ImageObject","inLanguage":"it-IT","@id":"https:\/\/noclegioswiecim.eu\/#\/schema\/logo\/image\/","url":"https:\/\/noclegioswiecim.eu\/wp-content\/uploads\/2023\/02\/favicona.png","contentUrl":"https:\/\/noclegioswiecim.eu\/wp-content\/uploads\/2023\/02\/favicona.png","width":200,"height":200,"caption":"Comfort Apartments"},"image":{"@id":"https:\/\/noclegioswiecim.eu\/#\/schema\/logo\/image\/"},"sameAs":["https:\/\/www.facebook.com\/oswiecimapartments\/","https:\/\/goo.gl\/maps\/H9x6rxoZWfK3ad1j6","https:\/\/www.instagram.com\/oswiecimapartments\/"]},{"@type":"Person","@id":"https:\/\/noclegioswiecim.eu\/#\/schema\/person\/d89109dc869efec6edf36e8afbef6437","name":"PXadamCA","image":{"@type":"ImageObject","inLanguage":"it-IT","@id":"https:\/\/secure.gravatar.com\/avatar\/adc1dd343d8c5124e40417ce67f1c600f00e279f2aad6a878cce8661419565aa?s=96&d=mm&r=g","url":"https:\/\/secure.gravatar.com\/avatar\/adc1dd343d8c5124e40417ce67f1c600f00e279f2aad6a878cce8661419565aa?s=96&d=mm&r=g","contentUrl":"https:\/\/secure.gravatar.com\/avatar\/adc1dd343d8c5124e40417ce67f1c600f00e279f2aad6a878cce8661419565aa?s=96&d=mm&r=g","caption":"PXadamCA"},"sameAs":["https:\/\/comfort.proadax-dev.pl"]}]}},"_links":{"self":[{"href":"https:\/\/noclegioswiecim.eu\/it\/wp-json\/wp\/v2\/posts\/3919","targetHints":{"allow":["GET"]}}],"collection":[{"href":"https:\/\/noclegioswiecim.eu\/it\/wp-json\/wp\/v2\/posts"}],"about":[{"href":"https:\/\/noclegioswiecim.eu\/it\/wp-json\/wp\/v2\/types\/post"}],"author":[{"embeddable":true,"href":"https:\/\/noclegioswiecim.eu\/it\/wp-json\/wp\/v2\/users\/1"}],"replies":[{"embeddable":true,"href":"https:\/\/noclegioswiecim.eu\/it\/wp-json\/wp\/v2\/comments?post=3919"}],"version-history":[{"count":2,"href":"https:\/\/noclegioswiecim.eu\/it\/wp-json\/wp\/v2\/posts\/3919\/revisions"}],"predecessor-version":[{"id":6937,"href":"https:\/\/noclegioswiecim.eu\/it\/wp-json\/wp\/v2\/posts\/3919\/revisions\/6937"}],"wp:featuredmedia":[{"embeddable":true,"href":"https:\/\/noclegioswiecim.eu\/it\/wp-json\/wp\/v2\/media\/3922"}],"wp:attachment":[{"href":"https:\/\/noclegioswiecim.eu\/it\/wp-json\/wp\/v2\/media?parent=3919"}],"wp:term":[{"taxonomy":"category","embeddable":true,"href":"https:\/\/noclegioswiecim.eu\/it\/wp-json\/wp\/v2\/categories?post=3919"},{"taxonomy":"post_tag","embeddable":true,"href":"https:\/\/noclegioswiecim.eu\/it\/wp-json\/wp\/v2\/tags?post=3919"}],"curies":[{"name":"wp","href":"https:\/\/api.w.org\/{rel}","templated":true}]}}