{"id":3904,"date":"2022-04-15T00:00:00","date_gmt":"2022-04-14T22:00:00","guid":{"rendered":"https:\/\/noclegioswiecim.eu\/non-categorizzato\/primavera-a-oswiecim-quali-attrazioni-attendono-i-turisti\/"},"modified":"2024-03-22T11:07:19","modified_gmt":"2024-03-22T10:07:19","slug":"primavera-a-oswiecim-quali-attrazioni-attendono-i-turisti","status":"publish","type":"post","link":"https:\/\/noclegioswiecim.eu\/it\/guida\/primavera-a-oswiecim-quali-attrazioni-attendono-i-turisti\/","title":{"rendered":"Primavera a Oswiecim. Quali attrazioni attendono i turisti?"},"content":{"rendered":"<p>Il risveglio della natura incoraggia attivit\u00e0 attive nel tempo libero e viaggi vicini e lontani. Se vi trovate nella <strong>Ma\u0142opolska occidentale<\/strong>, non potete tralasciare O\u015bwi\u0119cim dall&#8217;elenco delle citt\u00e0 da visitare, dove non solo vi aspettano attrazioni interessanti, ma potrete anche partecipare a numerosi eventi organizzati per i locali e i turisti. La primavera \u00e8 ben avviata a Oswiecim e noi diamo uno sguardo a ci\u00f2 che sta accadendo in citt\u00e0.<\/p>\n<h2>Primavera a O\u015bwi\u0119cim<\/h2>\n<p>O\u015bwi\u0119cim \u00e8 una base ideale per raggiungere in modo veloce e senza fatica i bellissimi <strong>Beskids<\/strong>, il pittoresco <strong>lago Mi\u0119dzybrodzkie<\/strong> e il <strong>lago \u017bywieckie<\/strong>, <strong>Wadowice<\/strong>, <strong>Zator<\/strong> e <strong>Kalwaria Zebrzydowska<\/strong>. \u00c8 consigliabile prenotare <strong>un hotel a Oswiecim<\/strong> o un <strong>cottage a Oswiecim<\/strong> per godersi appieno la citt\u00e0 e i suoi dintorni. Le ricchezze naturali della regione, le numerose aree protette e la ricchezza culturale garantiscono una vacanza di successo e la soddisfazione dei turisti di tutte le fasce d&#8217;et\u00e0, che possono contare non solo sulle attrazioni turistiche ma anche su un moderno intrattenimento. Quali attrazioni attendono i turisti in primavera a Oswiecim? Controllo!<\/p>\n<h3>XI Fiera di Castellano<\/h3>\n<p><strong>XI Fiera di Castellano<\/strong>  si svolger\u00e0 il 7-8 maggio 2022, offrendo senza dubbio l&#8217;opportunit\u00e0 di conoscere meglio la storia, tra gli altri, dei Duchi di Oswiecim. Quest&#8217;anno, la Fiera di Castellano si svolger\u00e0 all&#8217;insegna del tema &#8220;50.000 PRASKY GROSS. Come Giovanni IV vendette il principato al re &#8211; 1457&#8221;, e il programma dell&#8217;evento prevede:<\/p>\n<ul>\n<li><strong>mostra temporanea &#8220;La Corte Ducale a O\u015bwi\u0119cim&#8221;,<\/strong> che sar\u00e0 accompagnata da numerose attrazioni,<\/li>\n<li><strong>Giochi di storia &#8211; <\/strong>concorso per le scuole,<\/li>\n<li>dimostrazioni di gruppi di rievocazione,<\/li>\n<li><strong>Fireshow<\/strong>,<\/li>\n<li>spettacolo di teatro di strada,<\/li>\n<li>dimostrazione di antichi mestieri,<\/li>\n<li><strong>torneo cavalleresco e altre manifestazioni storiche<\/strong>.<\/li>\n<\/ul>\n<p>L&#8217;evento offrir\u00e0 anche l&#8217;opportunit\u00e0 di apprezzare la gamma di venditori artigianali, oltre a degustare cibi e bevande eccezionali. La torre del castello, le <strong>esposizioni del Museo <\/strong>del Castello e la <strong>mostra nel Municipio di O\u015bwi\u0119cim<\/strong> saranno aperte ai partecipanti all&#8217;evento. Vale la pena di utilizzare subito l&#8217;applicazione di <strong>prenotazione O\u015bwi\u0119cim<\/strong> e cercare un alloggio confortevole a un prezzo interessante per non perdere l&#8217;occasione di partecipare all&#8217;XI Kasztela\u0144ski Jarmark.<\/p>\n<h3>La notte dei musei di O\u015bwi\u0119cim<\/h3>\n<p>La Notte dei <strong>Musei<\/strong> \u00e8 un evento organizzato in tutta Europa che da anni riscuote grande successo. La Notte dei <strong>Musei di O\u015bwi\u0119cim<\/strong> si svolger\u00e0 il 14 maggio 2022. L&#8217;evento non \u00e8 solo un&#8217;occasione per vivere la cultura, i luoghi interessanti, la storia e l&#8217;arte, ma \u00e8 anche ricco di attrazioni aggiuntive che garantiscono un grande divertimento per tutti. Perch\u00e9 prenotare <strong>un alloggio a O\u015bwi\u0119cim<\/strong> e trascorrere qui un weekend o una vacanza di maggio? La risposta \u00e8 semplice: a O\u015bwi\u0119cim e dintorni possiamo trascorrere il nostro tempo in molti modi diversi, dimenticandoci della noia!<\/p>\n<h3>Eventi organizzati dal Centro culturale di O\u015bwi\u0119cim<\/h3>\n<p>Il <strong>Centro culturale di O\u015bwi\u0119cim<\/strong>, che ha preparato anche molte attrazioni primaverili, si occupa di offrire a residenti e turisti un intrattenimento interessante e opportunit\u00e0 di autosviluppo. Non ci saranno solo eventi precedentemente programmati e rinviati a causa della pandemia, come concerti, cabaret ed eventi per bambini, ma anche numerosi spettacoli teatrali, conferenze e mostre. Il calendario dettagliato degli eventi organizzati dall&#8217;OCK \u00e8 disponibile sul suo sito web.<\/p>\n<h3>Incontro non solo con un libro alla Biblioteca pubblica comunale<\/h3>\n<p>Anche <strong>la Biblioteca comunale di O\u015bwi\u0119cim<\/strong> organizza interessanti eventi, grazie ai quali la primavera sar\u00e0 caratterizzata da mostre, concorsi, laboratori e conferenze di grande interesse. L&#8217;offerta della Biblioteca comunale pu\u00f2 essere utilizzata non solo dai residenti, ma anche dai turisti, il che rappresenta senza dubbio un&#8217;opportunit\u00e0 per ampliare gli orizzonti e sviluppare le passioni individuali.<\/p>\n<h2>Sintesi<\/h2>\n<p>La primavera a Oswiecim non \u00e8 solo eccezionalmente bella, grazie alla possibilit\u00e0 di entrare in contatto con una natura ancora selvaggia e di ammirare panorami straordinari, ma favorisce anche il divertimento. Monumenti interessanti, una storia unica e numerosi eventi culturali permettono di trascorrere qui un tempo che garantisce emozioni indimenticabili e favorisce la ricerca di nuove passioni. Decidere di soggiornare a O\u015bwi\u0119cim in primavera ci fornisce una base per esplorare la Ma\u0142opolska occidentale, quindi nulla limita la nostra creativit\u00e0 quando programmiamo un viaggio. Prima di partire per O\u015bwi\u0119cim, vale la pena di esplorare gli <strong>appartamenti O\u015bwi\u0119cim<\/strong> e altre strutture ricettive e approfittare delle possibilit\u00e0 di prenotazione online.<\/p>\n","protected":false},"excerpt":{"rendered":"<p>Il risveglio della natura incoraggia attivit\u00e0 attive nel tempo libero [&hellip;]<\/p>\n","protected":false},"author":1,"featured_media":3907,"comment_status":"closed","ping_status":"closed","sticky":false,"template":"","format":"standard","meta":{"footnotes":""},"categories":[151],"tags":[],"class_list":["post-3904","post","type-post","status-publish","format-standard","has-post-thumbnail","hentry","category-guida"],"yoast_head":"<!-- This site is optimized with the Yoast SEO plugin v27.5 - https:\/\/yoast.com\/product\/yoast-seo-wordpress\/ -->\n<title>Primavera a Oswiecim. Quali attrazioni attendono i turisti? - Comfort Apartments<\/title>\n<meta name=\"description\" content=\"Vale la pena prenotare un hotel a Oswiecim o un cottage a Oswiecim per godere appieno della visita della citt\u00e0 e dei suoi dintorni in primavera.\" \/>\n<meta name=\"robots\" content=\"index, follow, max-snippet:-1, max-image-preview:large, max-video-preview:-1\" \/>\n<link rel=\"canonical\" href=\"https:\/\/noclegioswiecim.eu\/it\/?p=3904\" \/>\n<meta property=\"og:locale\" content=\"it_IT\" \/>\n<meta property=\"og:type\" content=\"article\" \/>\n<meta property=\"og:title\" content=\"Primavera a Oswiecim. Quali attrazioni attendono i turisti? - Comfort Apartments\" \/>\n<meta property=\"og:description\" content=\"Vale la pena prenotare un hotel a Oswiecim o un cottage a Oswiecim per godere appieno della visita della citt\u00e0 e dei suoi dintorni in primavera.\" \/>\n<meta property=\"og:url\" content=\"https:\/\/noclegioswiecim.eu\/it\/?p=3904\" \/>\n<meta property=\"og:site_name\" content=\"Comfort Apartments\" \/>\n<meta property=\"article:publisher\" content=\"https:\/\/www.facebook.com\/oswiecimapartments\/\" \/>\n<meta property=\"article:published_time\" content=\"2022-04-14T22:00:00+00:00\" \/>\n<meta property=\"article:modified_time\" content=\"2024-03-22T10:07:19+00:00\" \/>\n<meta property=\"og:image\" content=\"https:\/\/noclegioswiecim.eu\/wp-content\/uploads\/2023\/07\/noclegi-oswiecim-wiosna-w-oswiecimiu.jpg\" \/>\n\t<meta property=\"og:image:width\" content=\"1167\" \/>\n\t<meta property=\"og:image:height\" content=\"843\" \/>\n\t<meta property=\"og:image:type\" content=\"image\/jpeg\" \/>\n<meta name=\"author\" content=\"PXadamCA\" \/>\n<meta name=\"twitter:card\" content=\"summary_large_image\" \/>\n<meta name=\"twitter:label1\" content=\"Scritto da\" \/>\n\t<meta name=\"twitter:data1\" content=\"PXadamCA\" \/>\n\t<meta name=\"twitter:label2\" content=\"Tempo di lettura stimato\" \/>\n\t<meta name=\"twitter:data2\" content=\"4 minuti\" \/>\n<script type=\"application\/ld+json\" class=\"yoast-schema-graph\">{\"@context\":\"https:\\\/\\\/schema.org\",\"@graph\":[{\"@type\":\"Article\",\"@id\":\"https:\\\/\\\/noclegioswiecim.eu\\\/it\\\/?p=3904#article\",\"isPartOf\":{\"@id\":\"https:\\\/\\\/noclegioswiecim.eu\\\/it\\\/?p=3904\"},\"author\":{\"name\":\"PXadamCA\",\"@id\":\"https:\\\/\\\/noclegioswiecim.eu\\\/#\\\/schema\\\/person\\\/d89109dc869efec6edf36e8afbef6437\"},\"headline\":\"Primavera a Oswiecim. Quali attrazioni attendono i turisti?\",\"datePublished\":\"2022-04-14T22:00:00+00:00\",\"dateModified\":\"2024-03-22T10:07:19+00:00\",\"mainEntityOfPage\":{\"@id\":\"https:\\\/\\\/noclegioswiecim.eu\\\/it\\\/?p=3904\"},\"wordCount\":740,\"publisher\":{\"@id\":\"https:\\\/\\\/noclegioswiecim.eu\\\/#organization\"},\"image\":{\"@id\":\"https:\\\/\\\/noclegioswiecim.eu\\\/it\\\/?p=3904#primaryimage\"},\"thumbnailUrl\":\"https:\\\/\\\/noclegioswiecim.eu\\\/wp-content\\\/uploads\\\/2023\\\/07\\\/noclegi-oswiecim-wiosna-w-oswiecimiu.jpg\",\"articleSection\":[\"Guida\"],\"inLanguage\":\"it-IT\"},{\"@type\":\"WebPage\",\"@id\":\"https:\\\/\\\/noclegioswiecim.eu\\\/it\\\/?p=3904\",\"url\":\"https:\\\/\\\/noclegioswiecim.eu\\\/it\\\/?p=3904\",\"name\":\"Primavera a Oswiecim. Quali attrazioni attendono i turisti? - Comfort Apartments\",\"isPartOf\":{\"@id\":\"https:\\\/\\\/noclegioswiecim.eu\\\/#website\"},\"primaryImageOfPage\":{\"@id\":\"https:\\\/\\\/noclegioswiecim.eu\\\/it\\\/?p=3904#primaryimage\"},\"image\":{\"@id\":\"https:\\\/\\\/noclegioswiecim.eu\\\/it\\\/?p=3904#primaryimage\"},\"thumbnailUrl\":\"https:\\\/\\\/noclegioswiecim.eu\\\/wp-content\\\/uploads\\\/2023\\\/07\\\/noclegi-oswiecim-wiosna-w-oswiecimiu.jpg\",\"datePublished\":\"2022-04-14T22:00:00+00:00\",\"dateModified\":\"2024-03-22T10:07:19+00:00\",\"description\":\"Vale la pena prenotare un hotel a Oswiecim o un cottage a Oswiecim per godere appieno della visita della citt\u00e0 e dei suoi dintorni in primavera.\",\"breadcrumb\":{\"@id\":\"https:\\\/\\\/noclegioswiecim.eu\\\/it\\\/?p=3904#breadcrumb\"},\"inLanguage\":\"it-IT\",\"potentialAction\":[{\"@type\":\"ReadAction\",\"target\":[\"https:\\\/\\\/noclegioswiecim.eu\\\/it\\\/?p=3904\"]}]},{\"@type\":\"ImageObject\",\"inLanguage\":\"it-IT\",\"@id\":\"https:\\\/\\\/noclegioswiecim.eu\\\/it\\\/?p=3904#primaryimage\",\"url\":\"https:\\\/\\\/noclegioswiecim.eu\\\/wp-content\\\/uploads\\\/2023\\\/07\\\/noclegi-oswiecim-wiosna-w-oswiecimiu.jpg\",\"contentUrl\":\"https:\\\/\\\/noclegioswiecim.eu\\\/wp-content\\\/uploads\\\/2023\\\/07\\\/noclegi-oswiecim-wiosna-w-oswiecimiu.jpg\",\"width\":1167,\"height\":843},{\"@type\":\"BreadcrumbList\",\"@id\":\"https:\\\/\\\/noclegioswiecim.eu\\\/it\\\/?p=3904#breadcrumb\",\"itemListElement\":[{\"@type\":\"ListItem\",\"position\":1,\"name\":\"Strona g\u0142\u00f3wna\",\"item\":\"https:\\\/\\\/noclegioswiecim.eu\\\/it\\\/\"},{\"@type\":\"ListItem\",\"position\":2,\"name\":\"Primavera a Oswiecim. Quali attrazioni attendono i turisti?\"}]},{\"@type\":\"WebSite\",\"@id\":\"https:\\\/\\\/noclegioswiecim.eu\\\/#website\",\"url\":\"https:\\\/\\\/noclegioswiecim.eu\\\/\",\"name\":\"Comfort Apartments\",\"description\":\"Noclegi O\u015bwi\u0119cim \\\/ Booking O\u015bwi\u0119cim\",\"publisher\":{\"@id\":\"https:\\\/\\\/noclegioswiecim.eu\\\/#organization\"},\"potentialAction\":[{\"@type\":\"SearchAction\",\"target\":{\"@type\":\"EntryPoint\",\"urlTemplate\":\"https:\\\/\\\/noclegioswiecim.eu\\\/?s={search_term_string}\"},\"query-input\":{\"@type\":\"PropertyValueSpecification\",\"valueRequired\":true,\"valueName\":\"search_term_string\"}}],\"inLanguage\":\"it-IT\"},{\"@type\":\"Organization\",\"@id\":\"https:\\\/\\\/noclegioswiecim.eu\\\/#organization\",\"name\":\"Comfort Apartments\",\"url\":\"https:\\\/\\\/noclegioswiecim.eu\\\/\",\"logo\":{\"@type\":\"ImageObject\",\"inLanguage\":\"it-IT\",\"@id\":\"https:\\\/\\\/noclegioswiecim.eu\\\/#\\\/schema\\\/logo\\\/image\\\/\",\"url\":\"https:\\\/\\\/noclegioswiecim.eu\\\/wp-content\\\/uploads\\\/2023\\\/02\\\/favicona.png\",\"contentUrl\":\"https:\\\/\\\/noclegioswiecim.eu\\\/wp-content\\\/uploads\\\/2023\\\/02\\\/favicona.png\",\"width\":200,\"height\":200,\"caption\":\"Comfort Apartments\"},\"image\":{\"@id\":\"https:\\\/\\\/noclegioswiecim.eu\\\/#\\\/schema\\\/logo\\\/image\\\/\"},\"sameAs\":[\"https:\\\/\\\/www.facebook.com\\\/oswiecimapartments\\\/\",\"https:\\\/\\\/goo.gl\\\/maps\\\/H9x6rxoZWfK3ad1j6\",\"https:\\\/\\\/www.instagram.com\\\/oswiecimapartments\\\/\"]},{\"@type\":\"Person\",\"@id\":\"https:\\\/\\\/noclegioswiecim.eu\\\/#\\\/schema\\\/person\\\/d89109dc869efec6edf36e8afbef6437\",\"name\":\"PXadamCA\",\"image\":{\"@type\":\"ImageObject\",\"inLanguage\":\"it-IT\",\"@id\":\"https:\\\/\\\/secure.gravatar.com\\\/avatar\\\/adc1dd343d8c5124e40417ce67f1c600f00e279f2aad6a878cce8661419565aa?s=96&d=mm&r=g\",\"url\":\"https:\\\/\\\/secure.gravatar.com\\\/avatar\\\/adc1dd343d8c5124e40417ce67f1c600f00e279f2aad6a878cce8661419565aa?s=96&d=mm&r=g\",\"contentUrl\":\"https:\\\/\\\/secure.gravatar.com\\\/avatar\\\/adc1dd343d8c5124e40417ce67f1c600f00e279f2aad6a878cce8661419565aa?s=96&d=mm&r=g\",\"caption\":\"PXadamCA\"},\"sameAs\":[\"https:\\\/\\\/comfort.proadax-dev.pl\"]}]}<\/script>\n<!-- \/ Yoast SEO plugin. -->","yoast_head_json":{"title":"Primavera a Oswiecim. Quali attrazioni attendono i turisti? - Comfort Apartments","description":"Vale la pena prenotare un hotel a Oswiecim o un cottage a Oswiecim per godere appieno della visita della citt\u00e0 e dei suoi dintorni in primavera.","robots":{"index":"index","follow":"follow","max-snippet":"max-snippet:-1","max-image-preview":"max-image-preview:large","max-video-preview":"max-video-preview:-1"},"canonical":"https:\/\/noclegioswiecim.eu\/it\/?p=3904","og_locale":"it_IT","og_type":"article","og_title":"Primavera a Oswiecim. Quali attrazioni attendono i turisti? - Comfort Apartments","og_description":"Vale la pena prenotare un hotel a Oswiecim o un cottage a Oswiecim per godere appieno della visita della citt\u00e0 e dei suoi dintorni in primavera.","og_url":"https:\/\/noclegioswiecim.eu\/it\/?p=3904","og_site_name":"Comfort Apartments","article_publisher":"https:\/\/www.facebook.com\/oswiecimapartments\/","article_published_time":"2022-04-14T22:00:00+00:00","article_modified_time":"2024-03-22T10:07:19+00:00","og_image":[{"width":1167,"height":843,"url":"https:\/\/noclegioswiecim.eu\/wp-content\/uploads\/2023\/07\/noclegi-oswiecim-wiosna-w-oswiecimiu.jpg","type":"image\/jpeg"}],"author":"PXadamCA","twitter_card":"summary_large_image","twitter_misc":{"Scritto da":"PXadamCA","Tempo di lettura stimato":"4 minuti"},"schema":{"@context":"https:\/\/schema.org","@graph":[{"@type":"Article","@id":"https:\/\/noclegioswiecim.eu\/it\/?p=3904#article","isPartOf":{"@id":"https:\/\/noclegioswiecim.eu\/it\/?p=3904"},"author":{"name":"PXadamCA","@id":"https:\/\/noclegioswiecim.eu\/#\/schema\/person\/d89109dc869efec6edf36e8afbef6437"},"headline":"Primavera a Oswiecim. Quali attrazioni attendono i turisti?","datePublished":"2022-04-14T22:00:00+00:00","dateModified":"2024-03-22T10:07:19+00:00","mainEntityOfPage":{"@id":"https:\/\/noclegioswiecim.eu\/it\/?p=3904"},"wordCount":740,"publisher":{"@id":"https:\/\/noclegioswiecim.eu\/#organization"},"image":{"@id":"https:\/\/noclegioswiecim.eu\/it\/?p=3904#primaryimage"},"thumbnailUrl":"https:\/\/noclegioswiecim.eu\/wp-content\/uploads\/2023\/07\/noclegi-oswiecim-wiosna-w-oswiecimiu.jpg","articleSection":["Guida"],"inLanguage":"it-IT"},{"@type":"WebPage","@id":"https:\/\/noclegioswiecim.eu\/it\/?p=3904","url":"https:\/\/noclegioswiecim.eu\/it\/?p=3904","name":"Primavera a Oswiecim. Quali attrazioni attendono i turisti? - Comfort Apartments","isPartOf":{"@id":"https:\/\/noclegioswiecim.eu\/#website"},"primaryImageOfPage":{"@id":"https:\/\/noclegioswiecim.eu\/it\/?p=3904#primaryimage"},"image":{"@id":"https:\/\/noclegioswiecim.eu\/it\/?p=3904#primaryimage"},"thumbnailUrl":"https:\/\/noclegioswiecim.eu\/wp-content\/uploads\/2023\/07\/noclegi-oswiecim-wiosna-w-oswiecimiu.jpg","datePublished":"2022-04-14T22:00:00+00:00","dateModified":"2024-03-22T10:07:19+00:00","description":"Vale la pena prenotare un hotel a Oswiecim o un cottage a Oswiecim per godere appieno della visita della citt\u00e0 e dei suoi dintorni in primavera.","breadcrumb":{"@id":"https:\/\/noclegioswiecim.eu\/it\/?p=3904#breadcrumb"},"inLanguage":"it-IT","potentialAction":[{"@type":"ReadAction","target":["https:\/\/noclegioswiecim.eu\/it\/?p=3904"]}]},{"@type":"ImageObject","inLanguage":"it-IT","@id":"https:\/\/noclegioswiecim.eu\/it\/?p=3904#primaryimage","url":"https:\/\/noclegioswiecim.eu\/wp-content\/uploads\/2023\/07\/noclegi-oswiecim-wiosna-w-oswiecimiu.jpg","contentUrl":"https:\/\/noclegioswiecim.eu\/wp-content\/uploads\/2023\/07\/noclegi-oswiecim-wiosna-w-oswiecimiu.jpg","width":1167,"height":843},{"@type":"BreadcrumbList","@id":"https:\/\/noclegioswiecim.eu\/it\/?p=3904#breadcrumb","itemListElement":[{"@type":"ListItem","position":1,"name":"Strona g\u0142\u00f3wna","item":"https:\/\/noclegioswiecim.eu\/it\/"},{"@type":"ListItem","position":2,"name":"Primavera a Oswiecim. Quali attrazioni attendono i turisti?"}]},{"@type":"WebSite","@id":"https:\/\/noclegioswiecim.eu\/#website","url":"https:\/\/noclegioswiecim.eu\/","name":"Comfort Apartments","description":"Noclegi O\u015bwi\u0119cim \/ Booking O\u015bwi\u0119cim","publisher":{"@id":"https:\/\/noclegioswiecim.eu\/#organization"},"potentialAction":[{"@type":"SearchAction","target":{"@type":"EntryPoint","urlTemplate":"https:\/\/noclegioswiecim.eu\/?s={search_term_string}"},"query-input":{"@type":"PropertyValueSpecification","valueRequired":true,"valueName":"search_term_string"}}],"inLanguage":"it-IT"},{"@type":"Organization","@id":"https:\/\/noclegioswiecim.eu\/#organization","name":"Comfort Apartments","url":"https:\/\/noclegioswiecim.eu\/","logo":{"@type":"ImageObject","inLanguage":"it-IT","@id":"https:\/\/noclegioswiecim.eu\/#\/schema\/logo\/image\/","url":"https:\/\/noclegioswiecim.eu\/wp-content\/uploads\/2023\/02\/favicona.png","contentUrl":"https:\/\/noclegioswiecim.eu\/wp-content\/uploads\/2023\/02\/favicona.png","width":200,"height":200,"caption":"Comfort Apartments"},"image":{"@id":"https:\/\/noclegioswiecim.eu\/#\/schema\/logo\/image\/"},"sameAs":["https:\/\/www.facebook.com\/oswiecimapartments\/","https:\/\/goo.gl\/maps\/H9x6rxoZWfK3ad1j6","https:\/\/www.instagram.com\/oswiecimapartments\/"]},{"@type":"Person","@id":"https:\/\/noclegioswiecim.eu\/#\/schema\/person\/d89109dc869efec6edf36e8afbef6437","name":"PXadamCA","image":{"@type":"ImageObject","inLanguage":"it-IT","@id":"https:\/\/secure.gravatar.com\/avatar\/adc1dd343d8c5124e40417ce67f1c600f00e279f2aad6a878cce8661419565aa?s=96&d=mm&r=g","url":"https:\/\/secure.gravatar.com\/avatar\/adc1dd343d8c5124e40417ce67f1c600f00e279f2aad6a878cce8661419565aa?s=96&d=mm&r=g","contentUrl":"https:\/\/secure.gravatar.com\/avatar\/adc1dd343d8c5124e40417ce67f1c600f00e279f2aad6a878cce8661419565aa?s=96&d=mm&r=g","caption":"PXadamCA"},"sameAs":["https:\/\/comfort.proadax-dev.pl"]}]}},"_links":{"self":[{"href":"https:\/\/noclegioswiecim.eu\/it\/wp-json\/wp\/v2\/posts\/3904","targetHints":{"allow":["GET"]}}],"collection":[{"href":"https:\/\/noclegioswiecim.eu\/it\/wp-json\/wp\/v2\/posts"}],"about":[{"href":"https:\/\/noclegioswiecim.eu\/it\/wp-json\/wp\/v2\/types\/post"}],"author":[{"embeddable":true,"href":"https:\/\/noclegioswiecim.eu\/it\/wp-json\/wp\/v2\/users\/1"}],"replies":[{"embeddable":true,"href":"https:\/\/noclegioswiecim.eu\/it\/wp-json\/wp\/v2\/comments?post=3904"}],"version-history":[{"count":1,"href":"https:\/\/noclegioswiecim.eu\/it\/wp-json\/wp\/v2\/posts\/3904\/revisions"}],"predecessor-version":[{"id":3908,"href":"https:\/\/noclegioswiecim.eu\/it\/wp-json\/wp\/v2\/posts\/3904\/revisions\/3908"}],"wp:featuredmedia":[{"embeddable":true,"href":"https:\/\/noclegioswiecim.eu\/it\/wp-json\/wp\/v2\/media\/3907"}],"wp:attachment":[{"href":"https:\/\/noclegioswiecim.eu\/it\/wp-json\/wp\/v2\/media?parent=3904"}],"wp:term":[{"taxonomy":"category","embeddable":true,"href":"https:\/\/noclegioswiecim.eu\/it\/wp-json\/wp\/v2\/categories?post=3904"},{"taxonomy":"post_tag","embeddable":true,"href":"https:\/\/noclegioswiecim.eu\/it\/wp-json\/wp\/v2\/tags?post=3904"}],"curies":[{"name":"wp","href":"https:\/\/api.w.org\/{rel}","templated":true}]}}