{"id":3877,"date":"2021-06-25T00:00:00","date_gmt":"2021-06-24T22:00:00","guid":{"rendered":"https:\/\/noclegioswiecim.eu\/non-categorizzato\/museo-statale-di-auschwitz-birkenau\/"},"modified":"2024-03-22T11:07:17","modified_gmt":"2024-03-22T10:07:17","slug":"museo-statale-di-auschwitz-birkenau","status":"publish","type":"post","link":"https:\/\/noclegioswiecim.eu\/it\/guida\/museo-statale-di-auschwitz-birkenau\/","title":{"rendered":"Museo statale di Auschwitz-Birkenau"},"content":{"rendered":"<p>Se chiedessimo a una persona comune in Polonia qual \u00e8 il luogo pi\u00f9 famoso di O\u015bwi\u0119cim o a cosa \u00e8 associato il suo nome, la prima risposta sarebbe sicuramente il campo di concentramento di Dark. E non c&#8217;\u00e8 da stupirsi, visto che le ombre della Seconda Guerra Mondiale in questa parte della Malopolska sono ancora visibili anche quasi 80 anni dopo la liberazione. Auschwitz \u00e8 un luogo speciale sulla mappa turistica della Polonia, perch\u00e9 invece di un intrattenimento rumoroso, qui vedremo un complesso classificato come Patrimonio dell&#8217;Umanit\u00e0 dell&#8217;UNESCO, che incoraggia una riflessione davvero profonda sui limiti dell&#8217;umanit\u00e0 e sugli effetti della propaganda nazista. Vediamo perch\u00e9 vale la pena visitare il Museo.<\/p>\n<h2>Cosa vale la pena visitare al Museo di Auschwitz-Birkenau?<\/h2>\n<p>Preferibilmente tutte le parti, in modo da poter ascoltare l&#8217;intera storia del luogo mentre si segue un educatore-guida. Il museo \u00e8 stato fondato nel 1947. per commemorare le vittime del terrore nazista, restaurando sistematicamente gli edifici e creando mostre. Negli edifici dei blocchi 4, 5, 6, 7 e 11 viene presentata un&#8217;esposizione principale permanente composta da numerosi reperti, tra cui fotografie, sale di detenzione e oggetti relativi alla vita dei prigionieri e alle attivit\u00e0 del campo. Inoltre, sono esposte anche mostre nazionali permanenti che mostrano il campo e le sue controparti in altri Paesi dal punto di vista dei prigionieri di diverse nazionalit\u00e0: polacchi (blocco 15), israeliani (27), rom (13), russi (14), slovacchi (16), cechi (16), ungheresi (18), francesi (20), belgi (20) e olandesi (21). Il simbolo dell&#8217;ex campo \u00e8 il lugubre cancello d&#8217;ingresso con una scritta in metallo in lingua. tedesco &#8220;Arbeit Macht Frei&#8221; (&#8220;Il lavoro rende liberi&#8221;).<\/p>\n<p>Nel corso dell&#8217;anno si tengono giornate di commemorazione presso il sito del campo, ad esempio il 27 gennaio &#8211; la commemorazione dell&#8217;anniversario della liberazione di Auschwitz, nota come Giornata internazionale della memoria dell&#8217;Olocausto, il 14 giugno &#8211; Giornata nazionale della memoria, marzo o aprile &#8220;Marcia dei vivi&#8221;. Tutti gli eventi attirano testimoni della storia: ex prigionieri, loro discendenti, rappresentanti delle autorit\u00e0 e delegazioni di molti Paesi europei e internazionali. All&#8217;interno del Museo opera anche il Centro Internazionale di Educazione su Auschwitz e l&#8217;Olocausto.<\/p>\n<p>Il complesso dell&#8217;ex campo \u00e8 costituito da Auschwitz I Stammlager e Auschwitz II &#8211; Birkenau, con un&#8217;area di quasi 200 ettari, dove si trovano edifici amministrativi ben conservati, caserme per i prigionieri, nonch\u00e9 rampe ferroviarie, cancelli, torri di guardia e crematori. \u00c8 da notare che si tratta di un luogo di esecuzione di molte nazioni, tra cui ebrei, polacchi, rom, russi e serbi. Si stima che il numero di vittime (uomini, donne e bambini) nel complesso dei campi di concentramento e di sterminio nazisti tedeschi attivi ad Auschwitz e Birkenau tra il 1940 e il 1945 sia stato di circa 1,1 milioni di persone. I campi sono soprattutto un simbolo dello sterminio degli ebrei (Olocausto), in quanto i prigionieri ospitati qui venivano costretti ai lavori forzati e poi uccisi in camere speciali, infusi con il gas velenoso Zyklon &#8220;B&#8221;, e infine bruciati i loro cadaveri nei forni crematori.<\/p>\n<p>Il museo \u00e8 anche una raccolta di documenti, archivi e manufatti sconvolgenti (scarpe, occhiali, abiti da carcerato e una serie di altri oggetti di uso quotidiano), che alla sola vista suscitano orrore e agiscono sull&#8217;immaginazione, evocando la portata e la spietatezza del genocidio commesso. Uno dei reperti pi\u00f9 spaventosi, insieme alle camere e ai forni crematori, sono i cumuli di capelli conservati che venivano tagliati ai prigionieri subito dopo il trasporto su rotaia.<\/p>\n<p>Merita una visita anche la sezione di Birkenau a Birkenau, dove si trovano le caserme, il cancello d&#8217;ingresso, la rampa e i binari ferroviari e il Memoriale delle vittime. Questo \u00e8 il Memoriale dove si svolgono le commemorazioni di cui sopra.<\/p>\n<h2>Suggerimenti per i visitatori<\/h2>\n<p>La sede principale del Museo di Auschwitz-Birkenau si trova a O\u015bwi\u0119cim, in via dei Prigionieri di Auschwitz 20, circondata da edifici in mattoni e caserme del campo. La seconda parte del complesso si trova invece nel vicino villaggio di Brzezinka, in via Ofiar Ofzyzmu 12, a circa 2 km a nord-ovest della sede di Auschwitz. Possiamo raggiungere il Museo con la nostra auto, lasciandola in un parcheggio predisposto, e con il trasporto pubblico locale da qualsiasi parte della citt\u00e0, compresa la piazza del mercato di O\u015bwi\u0119cim. Vale la pena ricordare che l&#8217;ingresso principale e l&#8217;ingresso al parcheggio si trovano in via Leszczy\u0144ska 11. Sul terreno e nelle vicinanze dell&#8217;ex campo si trovano, tra l&#8217;altro: un ufficio postale, un bancomat, una libreria, servizi igienici e un chiosco di ristoro. Il Museo di Auschwitz \u00e8 aperto 7 giorni su 7 dalle 8.00 alle 14.00 o alle 19.00, a seconda del periodo dell&#8217;anno, e l&#8217;ingresso \u00e8 gratuito, a meno che non si opti per una visita guidata di 2,5 o 3,5 ore con un educatore, nel qual caso si pagher\u00e0 75 PLN per un biglietto normale e 65 PLN per un biglietto ridotto. Ricordate di prenotare in anticipo online su:  <a href=\"https:\/\/visit.auschwitz.org\/\">https:\/\/visit.auschwitz.org\/.<\/a> \u00c8 interessante notare che, nell&#8217;era del pandemonio, \u00e8 anche possibile fare <a href=\"https:\/\/panorama.auschwitz.org\/\">un tour online<\/a>, dove si vedranno tutti gli oggetti e gli spazi pi\u00f9 importanti con tanto di descrizione. Vale la pena di ricordare che si sconsiglia la visita del Museo ai bambini di et\u00e0 inferiore ai 14 anni. anno di et\u00e0.<\/p>\n<h3>Alloggio a O\u015bwi\u0119cim<\/h3>\n<p>Essendo la citt\u00e0 un importante centro del turismo martiriale su scala mondiale, non mancano hotel, cottage e alloggi privati dove poter soggiornare comodamente a prezzi ragionevoli. <a href=\"https:\/\/noclegioswiecim.eu\"><br \/>\n  <strong>Gli alloggi di Oswiecim<\/strong><br \/>\n<\/a> si trovano praticamente in ogni zona della citt\u00e0 e dei suoi immediati dintorni. La maggior parte di questi sono disponibili attraverso l&#8217;<strong>applicazione<\/strong> di <strong>prenotazione<\/strong> <strong>online<\/strong> Auschwitz, dove un&#8217;ampia gamma di offerte di hotel locali e non solo vi aspetta a portata di mano.<\/p>\n","protected":false},"excerpt":{"rendered":"<p>Se chiedessimo a una persona comune in Polonia qual \u00e8 [&hellip;]<\/p>\n","protected":false},"author":1,"featured_media":3880,"comment_status":"closed","ping_status":"closed","sticky":false,"template":"","format":"standard","meta":{"footnotes":""},"categories":[151],"tags":[],"class_list":["post-3877","post","type-post","status-publish","format-standard","has-post-thumbnail","hentry","category-guida"],"yoast_head":"<!-- This site is optimized with the Yoast SEO plugin v27.5 - https:\/\/yoast.com\/product\/yoast-seo-wordpress\/ -->\n<title>Museo statale di Auschwitz-Birkenau - Comfort Apartments<\/title>\n<meta name=\"description\" content=\"Cosa vale la pena visitare al Museo di Auschwitz-Birkenau - il sito pi\u00f9 famoso di O\u015bwi\u0119cim - o a cosa \u00e8 associato il nome della citt\u00e0?\" \/>\n<meta name=\"robots\" content=\"index, follow, max-snippet:-1, max-image-preview:large, max-video-preview:-1\" \/>\n<link rel=\"canonical\" href=\"https:\/\/noclegioswiecim.eu\/it\/?p=3877\" \/>\n<meta property=\"og:locale\" content=\"it_IT\" \/>\n<meta property=\"og:type\" content=\"article\" \/>\n<meta property=\"og:title\" content=\"Museo statale di Auschwitz-Birkenau - Comfort Apartments\" \/>\n<meta property=\"og:description\" content=\"Cosa vale la pena visitare al Museo di Auschwitz-Birkenau - il sito pi\u00f9 famoso di O\u015bwi\u0119cim - o a cosa \u00e8 associato il nome della citt\u00e0?\" \/>\n<meta property=\"og:url\" content=\"https:\/\/noclegioswiecim.eu\/it\/?p=3877\" \/>\n<meta property=\"og:site_name\" content=\"Comfort Apartments\" \/>\n<meta property=\"article:publisher\" content=\"https:\/\/www.facebook.com\/oswiecimapartments\/\" \/>\n<meta property=\"article:published_time\" content=\"2021-06-24T22:00:00+00:00\" \/>\n<meta property=\"article:modified_time\" content=\"2024-03-22T10:07:17+00:00\" \/>\n<meta property=\"og:image\" content=\"https:\/\/noclegioswiecim.eu\/wp-content\/uploads\/2023\/07\/20210517_konkurs_2-scaled-1.jpg\" \/>\n\t<meta property=\"og:image:width\" content=\"2560\" \/>\n\t<meta property=\"og:image:height\" content=\"1364\" \/>\n\t<meta property=\"og:image:type\" content=\"image\/jpeg\" \/>\n<meta name=\"author\" content=\"PXadamCA\" \/>\n<meta name=\"twitter:card\" content=\"summary_large_image\" \/>\n<meta name=\"twitter:label1\" content=\"Scritto da\" \/>\n\t<meta name=\"twitter:data1\" content=\"PXadamCA\" \/>\n\t<meta name=\"twitter:label2\" content=\"Tempo di lettura stimato\" \/>\n\t<meta name=\"twitter:data2\" content=\"5 minuti\" \/>\n<script type=\"application\/ld+json\" class=\"yoast-schema-graph\">{\"@context\":\"https:\\\/\\\/schema.org\",\"@graph\":[{\"@type\":\"Article\",\"@id\":\"https:\\\/\\\/noclegioswiecim.eu\\\/it\\\/?p=3877#article\",\"isPartOf\":{\"@id\":\"https:\\\/\\\/noclegioswiecim.eu\\\/it\\\/?p=3877\"},\"author\":{\"name\":\"PXadamCA\",\"@id\":\"https:\\\/\\\/noclegioswiecim.eu\\\/#\\\/schema\\\/person\\\/d89109dc869efec6edf36e8afbef6437\"},\"headline\":\"Museo statale di Auschwitz-Birkenau\",\"datePublished\":\"2021-06-24T22:00:00+00:00\",\"dateModified\":\"2024-03-22T10:07:17+00:00\",\"mainEntityOfPage\":{\"@id\":\"https:\\\/\\\/noclegioswiecim.eu\\\/it\\\/?p=3877\"},\"wordCount\":935,\"publisher\":{\"@id\":\"https:\\\/\\\/noclegioswiecim.eu\\\/#organization\"},\"image\":{\"@id\":\"https:\\\/\\\/noclegioswiecim.eu\\\/it\\\/?p=3877#primaryimage\"},\"thumbnailUrl\":\"https:\\\/\\\/noclegioswiecim.eu\\\/wp-content\\\/uploads\\\/2023\\\/07\\\/20210517_konkurs_2-scaled-1.jpg\",\"articleSection\":[\"Guida\"],\"inLanguage\":\"it-IT\"},{\"@type\":\"WebPage\",\"@id\":\"https:\\\/\\\/noclegioswiecim.eu\\\/it\\\/?p=3877\",\"url\":\"https:\\\/\\\/noclegioswiecim.eu\\\/it\\\/?p=3877\",\"name\":\"Museo statale di Auschwitz-Birkenau - Comfort Apartments\",\"isPartOf\":{\"@id\":\"https:\\\/\\\/noclegioswiecim.eu\\\/#website\"},\"primaryImageOfPage\":{\"@id\":\"https:\\\/\\\/noclegioswiecim.eu\\\/it\\\/?p=3877#primaryimage\"},\"image\":{\"@id\":\"https:\\\/\\\/noclegioswiecim.eu\\\/it\\\/?p=3877#primaryimage\"},\"thumbnailUrl\":\"https:\\\/\\\/noclegioswiecim.eu\\\/wp-content\\\/uploads\\\/2023\\\/07\\\/20210517_konkurs_2-scaled-1.jpg\",\"datePublished\":\"2021-06-24T22:00:00+00:00\",\"dateModified\":\"2024-03-22T10:07:17+00:00\",\"description\":\"Cosa vale la pena visitare al Museo di Auschwitz-Birkenau - il sito pi\u00f9 famoso di O\u015bwi\u0119cim - o a cosa \u00e8 associato il nome della citt\u00e0?\",\"breadcrumb\":{\"@id\":\"https:\\\/\\\/noclegioswiecim.eu\\\/it\\\/?p=3877#breadcrumb\"},\"inLanguage\":\"it-IT\",\"potentialAction\":[{\"@type\":\"ReadAction\",\"target\":[\"https:\\\/\\\/noclegioswiecim.eu\\\/it\\\/?p=3877\"]}]},{\"@type\":\"ImageObject\",\"inLanguage\":\"it-IT\",\"@id\":\"https:\\\/\\\/noclegioswiecim.eu\\\/it\\\/?p=3877#primaryimage\",\"url\":\"https:\\\/\\\/noclegioswiecim.eu\\\/wp-content\\\/uploads\\\/2023\\\/07\\\/20210517_konkurs_2-scaled-1.jpg\",\"contentUrl\":\"https:\\\/\\\/noclegioswiecim.eu\\\/wp-content\\\/uploads\\\/2023\\\/07\\\/20210517_konkurs_2-scaled-1.jpg\",\"width\":2560,\"height\":1364},{\"@type\":\"BreadcrumbList\",\"@id\":\"https:\\\/\\\/noclegioswiecim.eu\\\/it\\\/?p=3877#breadcrumb\",\"itemListElement\":[{\"@type\":\"ListItem\",\"position\":1,\"name\":\"Strona g\u0142\u00f3wna\",\"item\":\"https:\\\/\\\/noclegioswiecim.eu\\\/it\\\/\"},{\"@type\":\"ListItem\",\"position\":2,\"name\":\"Museo statale di Auschwitz-Birkenau\"}]},{\"@type\":\"WebSite\",\"@id\":\"https:\\\/\\\/noclegioswiecim.eu\\\/#website\",\"url\":\"https:\\\/\\\/noclegioswiecim.eu\\\/\",\"name\":\"Comfort Apartments\",\"description\":\"Noclegi O\u015bwi\u0119cim \\\/ Booking O\u015bwi\u0119cim\",\"publisher\":{\"@id\":\"https:\\\/\\\/noclegioswiecim.eu\\\/#organization\"},\"potentialAction\":[{\"@type\":\"SearchAction\",\"target\":{\"@type\":\"EntryPoint\",\"urlTemplate\":\"https:\\\/\\\/noclegioswiecim.eu\\\/?s={search_term_string}\"},\"query-input\":{\"@type\":\"PropertyValueSpecification\",\"valueRequired\":true,\"valueName\":\"search_term_string\"}}],\"inLanguage\":\"it-IT\"},{\"@type\":\"Organization\",\"@id\":\"https:\\\/\\\/noclegioswiecim.eu\\\/#organization\",\"name\":\"Comfort Apartments\",\"url\":\"https:\\\/\\\/noclegioswiecim.eu\\\/\",\"logo\":{\"@type\":\"ImageObject\",\"inLanguage\":\"it-IT\",\"@id\":\"https:\\\/\\\/noclegioswiecim.eu\\\/#\\\/schema\\\/logo\\\/image\\\/\",\"url\":\"https:\\\/\\\/noclegioswiecim.eu\\\/wp-content\\\/uploads\\\/2023\\\/02\\\/favicona.png\",\"contentUrl\":\"https:\\\/\\\/noclegioswiecim.eu\\\/wp-content\\\/uploads\\\/2023\\\/02\\\/favicona.png\",\"width\":200,\"height\":200,\"caption\":\"Comfort Apartments\"},\"image\":{\"@id\":\"https:\\\/\\\/noclegioswiecim.eu\\\/#\\\/schema\\\/logo\\\/image\\\/\"},\"sameAs\":[\"https:\\\/\\\/www.facebook.com\\\/oswiecimapartments\\\/\",\"https:\\\/\\\/goo.gl\\\/maps\\\/H9x6rxoZWfK3ad1j6\",\"https:\\\/\\\/www.instagram.com\\\/oswiecimapartments\\\/\"]},{\"@type\":\"Person\",\"@id\":\"https:\\\/\\\/noclegioswiecim.eu\\\/#\\\/schema\\\/person\\\/d89109dc869efec6edf36e8afbef6437\",\"name\":\"PXadamCA\",\"image\":{\"@type\":\"ImageObject\",\"inLanguage\":\"it-IT\",\"@id\":\"https:\\\/\\\/secure.gravatar.com\\\/avatar\\\/adc1dd343d8c5124e40417ce67f1c600f00e279f2aad6a878cce8661419565aa?s=96&d=mm&r=g\",\"url\":\"https:\\\/\\\/secure.gravatar.com\\\/avatar\\\/adc1dd343d8c5124e40417ce67f1c600f00e279f2aad6a878cce8661419565aa?s=96&d=mm&r=g\",\"contentUrl\":\"https:\\\/\\\/secure.gravatar.com\\\/avatar\\\/adc1dd343d8c5124e40417ce67f1c600f00e279f2aad6a878cce8661419565aa?s=96&d=mm&r=g\",\"caption\":\"PXadamCA\"},\"sameAs\":[\"https:\\\/\\\/comfort.proadax-dev.pl\"]}]}<\/script>\n<!-- \/ Yoast SEO plugin. -->","yoast_head_json":{"title":"Museo statale di Auschwitz-Birkenau - Comfort Apartments","description":"Cosa vale la pena visitare al Museo di Auschwitz-Birkenau - il sito pi\u00f9 famoso di O\u015bwi\u0119cim - o a cosa \u00e8 associato il nome della citt\u00e0?","robots":{"index":"index","follow":"follow","max-snippet":"max-snippet:-1","max-image-preview":"max-image-preview:large","max-video-preview":"max-video-preview:-1"},"canonical":"https:\/\/noclegioswiecim.eu\/it\/?p=3877","og_locale":"it_IT","og_type":"article","og_title":"Museo statale di Auschwitz-Birkenau - Comfort Apartments","og_description":"Cosa vale la pena visitare al Museo di Auschwitz-Birkenau - il sito pi\u00f9 famoso di O\u015bwi\u0119cim - o a cosa \u00e8 associato il nome della citt\u00e0?","og_url":"https:\/\/noclegioswiecim.eu\/it\/?p=3877","og_site_name":"Comfort Apartments","article_publisher":"https:\/\/www.facebook.com\/oswiecimapartments\/","article_published_time":"2021-06-24T22:00:00+00:00","article_modified_time":"2024-03-22T10:07:17+00:00","og_image":[{"width":2560,"height":1364,"url":"https:\/\/noclegioswiecim.eu\/wp-content\/uploads\/2023\/07\/20210517_konkurs_2-scaled-1.jpg","type":"image\/jpeg"}],"author":"PXadamCA","twitter_card":"summary_large_image","twitter_misc":{"Scritto da":"PXadamCA","Tempo di lettura stimato":"5 minuti"},"schema":{"@context":"https:\/\/schema.org","@graph":[{"@type":"Article","@id":"https:\/\/noclegioswiecim.eu\/it\/?p=3877#article","isPartOf":{"@id":"https:\/\/noclegioswiecim.eu\/it\/?p=3877"},"author":{"name":"PXadamCA","@id":"https:\/\/noclegioswiecim.eu\/#\/schema\/person\/d89109dc869efec6edf36e8afbef6437"},"headline":"Museo statale di Auschwitz-Birkenau","datePublished":"2021-06-24T22:00:00+00:00","dateModified":"2024-03-22T10:07:17+00:00","mainEntityOfPage":{"@id":"https:\/\/noclegioswiecim.eu\/it\/?p=3877"},"wordCount":935,"publisher":{"@id":"https:\/\/noclegioswiecim.eu\/#organization"},"image":{"@id":"https:\/\/noclegioswiecim.eu\/it\/?p=3877#primaryimage"},"thumbnailUrl":"https:\/\/noclegioswiecim.eu\/wp-content\/uploads\/2023\/07\/20210517_konkurs_2-scaled-1.jpg","articleSection":["Guida"],"inLanguage":"it-IT"},{"@type":"WebPage","@id":"https:\/\/noclegioswiecim.eu\/it\/?p=3877","url":"https:\/\/noclegioswiecim.eu\/it\/?p=3877","name":"Museo statale di Auschwitz-Birkenau - Comfort Apartments","isPartOf":{"@id":"https:\/\/noclegioswiecim.eu\/#website"},"primaryImageOfPage":{"@id":"https:\/\/noclegioswiecim.eu\/it\/?p=3877#primaryimage"},"image":{"@id":"https:\/\/noclegioswiecim.eu\/it\/?p=3877#primaryimage"},"thumbnailUrl":"https:\/\/noclegioswiecim.eu\/wp-content\/uploads\/2023\/07\/20210517_konkurs_2-scaled-1.jpg","datePublished":"2021-06-24T22:00:00+00:00","dateModified":"2024-03-22T10:07:17+00:00","description":"Cosa vale la pena visitare al Museo di Auschwitz-Birkenau - il sito pi\u00f9 famoso di O\u015bwi\u0119cim - o a cosa \u00e8 associato il nome della citt\u00e0?","breadcrumb":{"@id":"https:\/\/noclegioswiecim.eu\/it\/?p=3877#breadcrumb"},"inLanguage":"it-IT","potentialAction":[{"@type":"ReadAction","target":["https:\/\/noclegioswiecim.eu\/it\/?p=3877"]}]},{"@type":"ImageObject","inLanguage":"it-IT","@id":"https:\/\/noclegioswiecim.eu\/it\/?p=3877#primaryimage","url":"https:\/\/noclegioswiecim.eu\/wp-content\/uploads\/2023\/07\/20210517_konkurs_2-scaled-1.jpg","contentUrl":"https:\/\/noclegioswiecim.eu\/wp-content\/uploads\/2023\/07\/20210517_konkurs_2-scaled-1.jpg","width":2560,"height":1364},{"@type":"BreadcrumbList","@id":"https:\/\/noclegioswiecim.eu\/it\/?p=3877#breadcrumb","itemListElement":[{"@type":"ListItem","position":1,"name":"Strona g\u0142\u00f3wna","item":"https:\/\/noclegioswiecim.eu\/it\/"},{"@type":"ListItem","position":2,"name":"Museo statale di Auschwitz-Birkenau"}]},{"@type":"WebSite","@id":"https:\/\/noclegioswiecim.eu\/#website","url":"https:\/\/noclegioswiecim.eu\/","name":"Comfort Apartments","description":"Noclegi O\u015bwi\u0119cim \/ Booking O\u015bwi\u0119cim","publisher":{"@id":"https:\/\/noclegioswiecim.eu\/#organization"},"potentialAction":[{"@type":"SearchAction","target":{"@type":"EntryPoint","urlTemplate":"https:\/\/noclegioswiecim.eu\/?s={search_term_string}"},"query-input":{"@type":"PropertyValueSpecification","valueRequired":true,"valueName":"search_term_string"}}],"inLanguage":"it-IT"},{"@type":"Organization","@id":"https:\/\/noclegioswiecim.eu\/#organization","name":"Comfort Apartments","url":"https:\/\/noclegioswiecim.eu\/","logo":{"@type":"ImageObject","inLanguage":"it-IT","@id":"https:\/\/noclegioswiecim.eu\/#\/schema\/logo\/image\/","url":"https:\/\/noclegioswiecim.eu\/wp-content\/uploads\/2023\/02\/favicona.png","contentUrl":"https:\/\/noclegioswiecim.eu\/wp-content\/uploads\/2023\/02\/favicona.png","width":200,"height":200,"caption":"Comfort Apartments"},"image":{"@id":"https:\/\/noclegioswiecim.eu\/#\/schema\/logo\/image\/"},"sameAs":["https:\/\/www.facebook.com\/oswiecimapartments\/","https:\/\/goo.gl\/maps\/H9x6rxoZWfK3ad1j6","https:\/\/www.instagram.com\/oswiecimapartments\/"]},{"@type":"Person","@id":"https:\/\/noclegioswiecim.eu\/#\/schema\/person\/d89109dc869efec6edf36e8afbef6437","name":"PXadamCA","image":{"@type":"ImageObject","inLanguage":"it-IT","@id":"https:\/\/secure.gravatar.com\/avatar\/adc1dd343d8c5124e40417ce67f1c600f00e279f2aad6a878cce8661419565aa?s=96&d=mm&r=g","url":"https:\/\/secure.gravatar.com\/avatar\/adc1dd343d8c5124e40417ce67f1c600f00e279f2aad6a878cce8661419565aa?s=96&d=mm&r=g","contentUrl":"https:\/\/secure.gravatar.com\/avatar\/adc1dd343d8c5124e40417ce67f1c600f00e279f2aad6a878cce8661419565aa?s=96&d=mm&r=g","caption":"PXadamCA"},"sameAs":["https:\/\/comfort.proadax-dev.pl"]}]}},"_links":{"self":[{"href":"https:\/\/noclegioswiecim.eu\/it\/wp-json\/wp\/v2\/posts\/3877","targetHints":{"allow":["GET"]}}],"collection":[{"href":"https:\/\/noclegioswiecim.eu\/it\/wp-json\/wp\/v2\/posts"}],"about":[{"href":"https:\/\/noclegioswiecim.eu\/it\/wp-json\/wp\/v2\/types\/post"}],"author":[{"embeddable":true,"href":"https:\/\/noclegioswiecim.eu\/it\/wp-json\/wp\/v2\/users\/1"}],"replies":[{"embeddable":true,"href":"https:\/\/noclegioswiecim.eu\/it\/wp-json\/wp\/v2\/comments?post=3877"}],"version-history":[{"count":1,"href":"https:\/\/noclegioswiecim.eu\/it\/wp-json\/wp\/v2\/posts\/3877\/revisions"}],"predecessor-version":[{"id":3881,"href":"https:\/\/noclegioswiecim.eu\/it\/wp-json\/wp\/v2\/posts\/3877\/revisions\/3881"}],"wp:featuredmedia":[{"embeddable":true,"href":"https:\/\/noclegioswiecim.eu\/it\/wp-json\/wp\/v2\/media\/3880"}],"wp:attachment":[{"href":"https:\/\/noclegioswiecim.eu\/it\/wp-json\/wp\/v2\/media?parent=3877"}],"wp:term":[{"taxonomy":"category","embeddable":true,"href":"https:\/\/noclegioswiecim.eu\/it\/wp-json\/wp\/v2\/categories?post=3877"},{"taxonomy":"post_tag","embeddable":true,"href":"https:\/\/noclegioswiecim.eu\/it\/wp-json\/wp\/v2\/tags?post=3877"}],"curies":[{"name":"wp","href":"https:\/\/api.w.org\/{rel}","templated":true}]}}