{"id":3789,"date":"2023-02-02T23:22:12","date_gmt":"2023-02-02T22:22:12","guid":{"rendered":"https:\/\/noclegioswiecim.eu\/non-categorizzato\/deserto-di-bledowska\/"},"modified":"2024-03-22T11:07:13","modified_gmt":"2024-03-22T10:07:13","slug":"deserto-di-bledowska","status":"publish","type":"post","link":"https:\/\/noclegioswiecim.eu\/it\/attrazioni\/deserto-di-bledowska\/","title":{"rendered":"Deserto di Bledowska"},"content":{"rendered":"<p>\u00c8 la pi\u00f9 grande area di sabbie volatili della Polonia. L&#8217;area del deserto di Bledowska si trova all&#8217;interno del <strong>Parco paesaggistico dei nidi d&#8217;aquila<\/strong> e del sito ecologico del deserto di Bledowska, quindi non \u00e8 possibile andarci, tra l&#8217;altro. da auto e furgoni. L&#8217;origine di questo paesaggio unico non \u00e8 naturale. Il suo volto &#8220;desertico&#8221; \u00e8 stato creato dall&#8217;uomo, che ha abbattuto massicciamente le foreste locali per soddisfare la domanda di legno, utilizzato come combustibile per le acciaierie e per il rivestimento dei pozzi delle miniere di Olkusz.<\/p>\n<p>Il deserto di Bledowska pu\u00f2 essere visitato gratuitamente.<\/p>\n<p><strong>Per maggiori informazioni:<\/strong> <a href=\"https:\/\/www.pustyniabledowska.pl\/\">www.pustyniabledowska.pl<\/a><\/p>\n","protected":false},"excerpt":{"rendered":"<p>Distanza: 63,2 km<\/p>\n","protected":false},"author":1,"featured_media":3796,"comment_status":"closed","ping_status":"closed","sticky":false,"template":"","format":"standard","meta":{"footnotes":""},"categories":[150],"tags":[],"class_list":["post-3789","post","type-post","status-publish","format-standard","has-post-thumbnail","hentry","category-attrazioni"],"yoast_head":"<!-- This site is optimized with the Yoast SEO plugin v27.5 - https:\/\/yoast.com\/product\/yoast-seo-wordpress\/ -->\n<title>Deserto di Bledowska - Comfort Apartments<\/title>\n<meta name=\"description\" content=\"\u00c8 la pi\u00f9 grande area di sabbie volatili della Polonia. L&#039;area del deserto di B\u0142\u0119dowska si trova all&#039;interno del Parco paesaggistico dei Nidi d&#039;Aquila.\" \/>\n<meta name=\"robots\" content=\"index, follow, max-snippet:-1, max-image-preview:large, max-video-preview:-1\" \/>\n<link rel=\"canonical\" href=\"https:\/\/noclegioswiecim.eu\/it\/?p=3789\" \/>\n<meta property=\"og:locale\" content=\"it_IT\" \/>\n<meta property=\"og:type\" content=\"article\" \/>\n<meta property=\"og:title\" content=\"Deserto di Bledowska - Comfort Apartments\" \/>\n<meta property=\"og:description\" content=\"\u00c8 la pi\u00f9 grande area di sabbie volatili della Polonia. L&#039;area del deserto di B\u0142\u0119dowska si trova all&#039;interno del Parco paesaggistico dei Nidi d&#039;Aquila.\" \/>\n<meta property=\"og:url\" content=\"https:\/\/noclegioswiecim.eu\/it\/?p=3789\" \/>\n<meta property=\"og:site_name\" content=\"Comfort Apartments\" \/>\n<meta property=\"article:publisher\" content=\"https:\/\/www.facebook.com\/oswiecimapartments\/\" \/>\n<meta property=\"article:published_time\" content=\"2023-02-02T22:22:12+00:00\" \/>\n<meta property=\"article:modified_time\" content=\"2024-03-22T10:07:13+00:00\" \/>\n<meta property=\"og:image\" content=\"https:\/\/noclegioswiecim.eu\/wp-content\/uploads\/2023\/02\/AdobeStock_43600050.jpeg\" \/>\n\t<meta property=\"og:image:width\" content=\"1900\" \/>\n\t<meta property=\"og:image:height\" content=\"1264\" \/>\n\t<meta property=\"og:image:type\" content=\"image\/jpeg\" \/>\n<meta name=\"author\" content=\"PXadamCA\" \/>\n<meta name=\"twitter:card\" content=\"summary_large_image\" \/>\n<meta name=\"twitter:label1\" content=\"Scritto da\" \/>\n\t<meta name=\"twitter:data1\" content=\"PXadamCA\" \/>\n<script type=\"application\/ld+json\" class=\"yoast-schema-graph\">{\"@context\":\"https:\\\/\\\/schema.org\",\"@graph\":[{\"@type\":\"Article\",\"@id\":\"https:\\\/\\\/noclegioswiecim.eu\\\/it\\\/?p=3789#article\",\"isPartOf\":{\"@id\":\"https:\\\/\\\/noclegioswiecim.eu\\\/it\\\/?p=3789\"},\"author\":{\"name\":\"PXadamCA\",\"@id\":\"https:\\\/\\\/noclegioswiecim.eu\\\/#\\\/schema\\\/person\\\/d89109dc869efec6edf36e8afbef6437\"},\"headline\":\"Deserto di Bledowska\",\"datePublished\":\"2023-02-02T22:22:12+00:00\",\"dateModified\":\"2024-03-22T10:07:13+00:00\",\"mainEntityOfPage\":{\"@id\":\"https:\\\/\\\/noclegioswiecim.eu\\\/it\\\/?p=3789\"},\"wordCount\":107,\"publisher\":{\"@id\":\"https:\\\/\\\/noclegioswiecim.eu\\\/#organization\"},\"image\":{\"@id\":\"https:\\\/\\\/noclegioswiecim.eu\\\/it\\\/?p=3789#primaryimage\"},\"thumbnailUrl\":\"https:\\\/\\\/noclegioswiecim.eu\\\/wp-content\\\/uploads\\\/2023\\\/02\\\/AdobeStock_43600050.jpeg\",\"articleSection\":[\"Attrazioni\"],\"inLanguage\":\"it-IT\"},{\"@type\":\"WebPage\",\"@id\":\"https:\\\/\\\/noclegioswiecim.eu\\\/it\\\/?p=3789\",\"url\":\"https:\\\/\\\/noclegioswiecim.eu\\\/it\\\/?p=3789\",\"name\":\"Deserto di Bledowska - Comfort Apartments\",\"isPartOf\":{\"@id\":\"https:\\\/\\\/noclegioswiecim.eu\\\/#website\"},\"primaryImageOfPage\":{\"@id\":\"https:\\\/\\\/noclegioswiecim.eu\\\/it\\\/?p=3789#primaryimage\"},\"image\":{\"@id\":\"https:\\\/\\\/noclegioswiecim.eu\\\/it\\\/?p=3789#primaryimage\"},\"thumbnailUrl\":\"https:\\\/\\\/noclegioswiecim.eu\\\/wp-content\\\/uploads\\\/2023\\\/02\\\/AdobeStock_43600050.jpeg\",\"datePublished\":\"2023-02-02T22:22:12+00:00\",\"dateModified\":\"2024-03-22T10:07:13+00:00\",\"description\":\"\u00c8 la pi\u00f9 grande area di sabbie volatili della Polonia. L'area del deserto di B\u0142\u0119dowska si trova all'interno del Parco paesaggistico dei Nidi d'Aquila.\",\"breadcrumb\":{\"@id\":\"https:\\\/\\\/noclegioswiecim.eu\\\/it\\\/?p=3789#breadcrumb\"},\"inLanguage\":\"it-IT\",\"potentialAction\":[{\"@type\":\"ReadAction\",\"target\":[\"https:\\\/\\\/noclegioswiecim.eu\\\/it\\\/?p=3789\"]}]},{\"@type\":\"ImageObject\",\"inLanguage\":\"it-IT\",\"@id\":\"https:\\\/\\\/noclegioswiecim.eu\\\/it\\\/?p=3789#primaryimage\",\"url\":\"https:\\\/\\\/noclegioswiecim.eu\\\/wp-content\\\/uploads\\\/2023\\\/02\\\/AdobeStock_43600050.jpeg\",\"contentUrl\":\"https:\\\/\\\/noclegioswiecim.eu\\\/wp-content\\\/uploads\\\/2023\\\/02\\\/AdobeStock_43600050.jpeg\",\"width\":1900,\"height\":1264},{\"@type\":\"BreadcrumbList\",\"@id\":\"https:\\\/\\\/noclegioswiecim.eu\\\/it\\\/?p=3789#breadcrumb\",\"itemListElement\":[{\"@type\":\"ListItem\",\"position\":1,\"name\":\"Strona g\u0142\u00f3wna\",\"item\":\"https:\\\/\\\/noclegioswiecim.eu\\\/it\\\/\"},{\"@type\":\"ListItem\",\"position\":2,\"name\":\"Deserto di Bledowska\"}]},{\"@type\":\"WebSite\",\"@id\":\"https:\\\/\\\/noclegioswiecim.eu\\\/#website\",\"url\":\"https:\\\/\\\/noclegioswiecim.eu\\\/\",\"name\":\"Comfort Apartments\",\"description\":\"Noclegi O\u015bwi\u0119cim \\\/ Booking O\u015bwi\u0119cim\",\"publisher\":{\"@id\":\"https:\\\/\\\/noclegioswiecim.eu\\\/#organization\"},\"potentialAction\":[{\"@type\":\"SearchAction\",\"target\":{\"@type\":\"EntryPoint\",\"urlTemplate\":\"https:\\\/\\\/noclegioswiecim.eu\\\/?s={search_term_string}\"},\"query-input\":{\"@type\":\"PropertyValueSpecification\",\"valueRequired\":true,\"valueName\":\"search_term_string\"}}],\"inLanguage\":\"it-IT\"},{\"@type\":\"Organization\",\"@id\":\"https:\\\/\\\/noclegioswiecim.eu\\\/#organization\",\"name\":\"Comfort Apartments\",\"url\":\"https:\\\/\\\/noclegioswiecim.eu\\\/\",\"logo\":{\"@type\":\"ImageObject\",\"inLanguage\":\"it-IT\",\"@id\":\"https:\\\/\\\/noclegioswiecim.eu\\\/#\\\/schema\\\/logo\\\/image\\\/\",\"url\":\"https:\\\/\\\/noclegioswiecim.eu\\\/wp-content\\\/uploads\\\/2023\\\/02\\\/favicona.png\",\"contentUrl\":\"https:\\\/\\\/noclegioswiecim.eu\\\/wp-content\\\/uploads\\\/2023\\\/02\\\/favicona.png\",\"width\":200,\"height\":200,\"caption\":\"Comfort Apartments\"},\"image\":{\"@id\":\"https:\\\/\\\/noclegioswiecim.eu\\\/#\\\/schema\\\/logo\\\/image\\\/\"},\"sameAs\":[\"https:\\\/\\\/www.facebook.com\\\/oswiecimapartments\\\/\",\"https:\\\/\\\/goo.gl\\\/maps\\\/H9x6rxoZWfK3ad1j6\",\"https:\\\/\\\/www.instagram.com\\\/oswiecimapartments\\\/\"]},{\"@type\":\"Person\",\"@id\":\"https:\\\/\\\/noclegioswiecim.eu\\\/#\\\/schema\\\/person\\\/d89109dc869efec6edf36e8afbef6437\",\"name\":\"PXadamCA\",\"image\":{\"@type\":\"ImageObject\",\"inLanguage\":\"it-IT\",\"@id\":\"https:\\\/\\\/secure.gravatar.com\\\/avatar\\\/adc1dd343d8c5124e40417ce67f1c600f00e279f2aad6a878cce8661419565aa?s=96&d=mm&r=g\",\"url\":\"https:\\\/\\\/secure.gravatar.com\\\/avatar\\\/adc1dd343d8c5124e40417ce67f1c600f00e279f2aad6a878cce8661419565aa?s=96&d=mm&r=g\",\"contentUrl\":\"https:\\\/\\\/secure.gravatar.com\\\/avatar\\\/adc1dd343d8c5124e40417ce67f1c600f00e279f2aad6a878cce8661419565aa?s=96&d=mm&r=g\",\"caption\":\"PXadamCA\"},\"sameAs\":[\"https:\\\/\\\/comfort.proadax-dev.pl\"]}]}<\/script>\n<!-- \/ Yoast SEO plugin. -->","yoast_head_json":{"title":"Deserto di Bledowska - Comfort Apartments","description":"\u00c8 la pi\u00f9 grande area di sabbie volatili della Polonia. L'area del deserto di B\u0142\u0119dowska si trova all'interno del Parco paesaggistico dei Nidi d'Aquila.","robots":{"index":"index","follow":"follow","max-snippet":"max-snippet:-1","max-image-preview":"max-image-preview:large","max-video-preview":"max-video-preview:-1"},"canonical":"https:\/\/noclegioswiecim.eu\/it\/?p=3789","og_locale":"it_IT","og_type":"article","og_title":"Deserto di Bledowska - Comfort Apartments","og_description":"\u00c8 la pi\u00f9 grande area di sabbie volatili della Polonia. L'area del deserto di B\u0142\u0119dowska si trova all'interno del Parco paesaggistico dei Nidi d'Aquila.","og_url":"https:\/\/noclegioswiecim.eu\/it\/?p=3789","og_site_name":"Comfort Apartments","article_publisher":"https:\/\/www.facebook.com\/oswiecimapartments\/","article_published_time":"2023-02-02T22:22:12+00:00","article_modified_time":"2024-03-22T10:07:13+00:00","og_image":[{"width":1900,"height":1264,"url":"https:\/\/noclegioswiecim.eu\/wp-content\/uploads\/2023\/02\/AdobeStock_43600050.jpeg","type":"image\/jpeg"}],"author":"PXadamCA","twitter_card":"summary_large_image","twitter_misc":{"Scritto da":"PXadamCA"},"schema":{"@context":"https:\/\/schema.org","@graph":[{"@type":"Article","@id":"https:\/\/noclegioswiecim.eu\/it\/?p=3789#article","isPartOf":{"@id":"https:\/\/noclegioswiecim.eu\/it\/?p=3789"},"author":{"name":"PXadamCA","@id":"https:\/\/noclegioswiecim.eu\/#\/schema\/person\/d89109dc869efec6edf36e8afbef6437"},"headline":"Deserto di Bledowska","datePublished":"2023-02-02T22:22:12+00:00","dateModified":"2024-03-22T10:07:13+00:00","mainEntityOfPage":{"@id":"https:\/\/noclegioswiecim.eu\/it\/?p=3789"},"wordCount":107,"publisher":{"@id":"https:\/\/noclegioswiecim.eu\/#organization"},"image":{"@id":"https:\/\/noclegioswiecim.eu\/it\/?p=3789#primaryimage"},"thumbnailUrl":"https:\/\/noclegioswiecim.eu\/wp-content\/uploads\/2023\/02\/AdobeStock_43600050.jpeg","articleSection":["Attrazioni"],"inLanguage":"it-IT"},{"@type":"WebPage","@id":"https:\/\/noclegioswiecim.eu\/it\/?p=3789","url":"https:\/\/noclegioswiecim.eu\/it\/?p=3789","name":"Deserto di Bledowska - Comfort Apartments","isPartOf":{"@id":"https:\/\/noclegioswiecim.eu\/#website"},"primaryImageOfPage":{"@id":"https:\/\/noclegioswiecim.eu\/it\/?p=3789#primaryimage"},"image":{"@id":"https:\/\/noclegioswiecim.eu\/it\/?p=3789#primaryimage"},"thumbnailUrl":"https:\/\/noclegioswiecim.eu\/wp-content\/uploads\/2023\/02\/AdobeStock_43600050.jpeg","datePublished":"2023-02-02T22:22:12+00:00","dateModified":"2024-03-22T10:07:13+00:00","description":"\u00c8 la pi\u00f9 grande area di sabbie volatili della Polonia. L'area del deserto di B\u0142\u0119dowska si trova all'interno del Parco paesaggistico dei Nidi d'Aquila.","breadcrumb":{"@id":"https:\/\/noclegioswiecim.eu\/it\/?p=3789#breadcrumb"},"inLanguage":"it-IT","potentialAction":[{"@type":"ReadAction","target":["https:\/\/noclegioswiecim.eu\/it\/?p=3789"]}]},{"@type":"ImageObject","inLanguage":"it-IT","@id":"https:\/\/noclegioswiecim.eu\/it\/?p=3789#primaryimage","url":"https:\/\/noclegioswiecim.eu\/wp-content\/uploads\/2023\/02\/AdobeStock_43600050.jpeg","contentUrl":"https:\/\/noclegioswiecim.eu\/wp-content\/uploads\/2023\/02\/AdobeStock_43600050.jpeg","width":1900,"height":1264},{"@type":"BreadcrumbList","@id":"https:\/\/noclegioswiecim.eu\/it\/?p=3789#breadcrumb","itemListElement":[{"@type":"ListItem","position":1,"name":"Strona g\u0142\u00f3wna","item":"https:\/\/noclegioswiecim.eu\/it\/"},{"@type":"ListItem","position":2,"name":"Deserto di Bledowska"}]},{"@type":"WebSite","@id":"https:\/\/noclegioswiecim.eu\/#website","url":"https:\/\/noclegioswiecim.eu\/","name":"Comfort Apartments","description":"Noclegi O\u015bwi\u0119cim \/ Booking O\u015bwi\u0119cim","publisher":{"@id":"https:\/\/noclegioswiecim.eu\/#organization"},"potentialAction":[{"@type":"SearchAction","target":{"@type":"EntryPoint","urlTemplate":"https:\/\/noclegioswiecim.eu\/?s={search_term_string}"},"query-input":{"@type":"PropertyValueSpecification","valueRequired":true,"valueName":"search_term_string"}}],"inLanguage":"it-IT"},{"@type":"Organization","@id":"https:\/\/noclegioswiecim.eu\/#organization","name":"Comfort Apartments","url":"https:\/\/noclegioswiecim.eu\/","logo":{"@type":"ImageObject","inLanguage":"it-IT","@id":"https:\/\/noclegioswiecim.eu\/#\/schema\/logo\/image\/","url":"https:\/\/noclegioswiecim.eu\/wp-content\/uploads\/2023\/02\/favicona.png","contentUrl":"https:\/\/noclegioswiecim.eu\/wp-content\/uploads\/2023\/02\/favicona.png","width":200,"height":200,"caption":"Comfort Apartments"},"image":{"@id":"https:\/\/noclegioswiecim.eu\/#\/schema\/logo\/image\/"},"sameAs":["https:\/\/www.facebook.com\/oswiecimapartments\/","https:\/\/goo.gl\/maps\/H9x6rxoZWfK3ad1j6","https:\/\/www.instagram.com\/oswiecimapartments\/"]},{"@type":"Person","@id":"https:\/\/noclegioswiecim.eu\/#\/schema\/person\/d89109dc869efec6edf36e8afbef6437","name":"PXadamCA","image":{"@type":"ImageObject","inLanguage":"it-IT","@id":"https:\/\/secure.gravatar.com\/avatar\/adc1dd343d8c5124e40417ce67f1c600f00e279f2aad6a878cce8661419565aa?s=96&d=mm&r=g","url":"https:\/\/secure.gravatar.com\/avatar\/adc1dd343d8c5124e40417ce67f1c600f00e279f2aad6a878cce8661419565aa?s=96&d=mm&r=g","contentUrl":"https:\/\/secure.gravatar.com\/avatar\/adc1dd343d8c5124e40417ce67f1c600f00e279f2aad6a878cce8661419565aa?s=96&d=mm&r=g","caption":"PXadamCA"},"sameAs":["https:\/\/comfort.proadax-dev.pl"]}]}},"_links":{"self":[{"href":"https:\/\/noclegioswiecim.eu\/it\/wp-json\/wp\/v2\/posts\/3789","targetHints":{"allow":["GET"]}}],"collection":[{"href":"https:\/\/noclegioswiecim.eu\/it\/wp-json\/wp\/v2\/posts"}],"about":[{"href":"https:\/\/noclegioswiecim.eu\/it\/wp-json\/wp\/v2\/types\/post"}],"author":[{"embeddable":true,"href":"https:\/\/noclegioswiecim.eu\/it\/wp-json\/wp\/v2\/users\/1"}],"replies":[{"embeddable":true,"href":"https:\/\/noclegioswiecim.eu\/it\/wp-json\/wp\/v2\/comments?post=3789"}],"version-history":[{"count":1,"href":"https:\/\/noclegioswiecim.eu\/it\/wp-json\/wp\/v2\/posts\/3789\/revisions"}],"predecessor-version":[{"id":3798,"href":"https:\/\/noclegioswiecim.eu\/it\/wp-json\/wp\/v2\/posts\/3789\/revisions\/3798"}],"wp:featuredmedia":[{"embeddable":true,"href":"https:\/\/noclegioswiecim.eu\/it\/wp-json\/wp\/v2\/media\/3796"}],"wp:attachment":[{"href":"https:\/\/noclegioswiecim.eu\/it\/wp-json\/wp\/v2\/media?parent=3789"}],"wp:term":[{"taxonomy":"category","embeddable":true,"href":"https:\/\/noclegioswiecim.eu\/it\/wp-json\/wp\/v2\/categories?post=3789"},{"taxonomy":"post_tag","embeddable":true,"href":"https:\/\/noclegioswiecim.eu\/it\/wp-json\/wp\/v2\/tags?post=3789"}],"curies":[{"name":"wp","href":"https:\/\/api.w.org\/{rel}","templated":true}]}}