{"id":4227,"date":"2023-07-13T10:06:45","date_gmt":"2023-07-13T08:06:45","guid":{"rendered":"https:\/\/noclegioswiecim.eu\/non-classifiee\/musee-du-chateau-doswiecim\/"},"modified":"2024-03-25T09:21:32","modified_gmt":"2024-03-25T08:21:32","slug":"musee-du-chateau-doswiecim","status":"publish","type":"post","link":"https:\/\/noclegioswiecim.eu\/fr\/attractions\/musee-du-chateau-doswiecim\/","title":{"rendered":"Mus\u00e9e du ch\u00e2teau d&rsquo;O\u015bwi\u0119cim"},"content":{"rendered":"<p><strong>Distance de la propri\u00e9t\u00e9 :<\/strong> 3 km<\/p>\n<p><strong>Le mus\u00e9e du<\/strong> ch\u00e2teau est situ\u00e9 \u00e0 proximit\u00e9 de la <strong>place principale.<\/strong> La visite peut donc \u00eatre combin\u00e9e avec une promenade dans le centre-ville. C&rsquo;est une excellente id\u00e9e pour tous ceux qui aiment explorer de nouveaux endroits et apprendre leurs histoires. Dans ce mus\u00e9e, vous apprendrez \u00e0 quoi ressemblait la vie \u00e0 O\u015bwi\u0119cim au d\u00e9but de la formation de la ville, quels personnages c\u00e9l\u00e8bres sont originaires de ces quartiers, et vous verrez \u00e9galement que la ville associ\u00e9e principalement au mus\u00e9e d&rsquo;Auschwitz-Birkenau a en r\u00e9alit\u00e9 beaucoup plus \u00e0 offrir.<\/p>\n<p><strong>Plus d\u2019informations :<\/strong> <a href=\"https:\/\/muzeum-zamek.pl\/\">www.muzeum-zamek.pl<\/a><\/p>\n","protected":false},"excerpt":{"rendered":"<p>Distance : 3 km<\/p>\n","protected":false},"author":2,"featured_media":4228,"comment_status":"open","ping_status":"open","sticky":false,"template":"","format":"standard","meta":{"footnotes":""},"categories":[147],"tags":[],"class_list":["post-4227","post","type-post","status-publish","format-standard","has-post-thumbnail","hentry","category-attractions"],"yoast_head":"<!-- This site is optimized with the Yoast SEO plugin v27.5 - https:\/\/yoast.com\/product\/yoast-seo-wordpress\/ -->\n<title>Mus\u00e9e du ch\u00e2teau d&#039;O\u015bwi\u0119cim - Comfort Apartments<\/title>\n<meta name=\"description\" content=\"Le mus\u00e9e du ch\u00e2teau est situ\u00e9 \u00e0 proximit\u00e9 de la place principale. Vous pouvez donc combiner votre visite avec une balade dans le centre-ville\" \/>\n<meta name=\"robots\" content=\"index, follow, max-snippet:-1, max-image-preview:large, max-video-preview:-1\" \/>\n<link rel=\"canonical\" href=\"https:\/\/noclegioswiecim.eu\/fr\/attractions\/musee-du-chateau-doswiecim\/\" \/>\n<meta property=\"og:locale\" content=\"fr_FR\" \/>\n<meta property=\"og:type\" content=\"article\" \/>\n<meta property=\"og:title\" content=\"Mus\u00e9e du ch\u00e2teau d&#039;O\u015bwi\u0119cim - Comfort Apartments\" \/>\n<meta property=\"og:description\" content=\"Le mus\u00e9e du ch\u00e2teau est situ\u00e9 \u00e0 proximit\u00e9 de la place principale. Vous pouvez donc combiner votre visite avec une balade dans le centre-ville\" \/>\n<meta property=\"og:url\" content=\"https:\/\/noclegioswiecim.eu\/fr\/attractions\/musee-du-chateau-doswiecim\/\" \/>\n<meta property=\"og:site_name\" content=\"Comfort Apartments\" \/>\n<meta property=\"article:publisher\" content=\"https:\/\/www.facebook.com\/oswiecimapartments\/\" \/>\n<meta property=\"article:published_time\" content=\"2023-07-13T08:06:45+00:00\" \/>\n<meta property=\"article:modified_time\" content=\"2024-03-25T08:21:32+00:00\" \/>\n<meta property=\"og:image\" content=\"https:\/\/noclegioswiecim.eu\/wp-content\/uploads\/2023\/07\/Zamek-Oswiecim-29-of-49-scaled-1-e1689235551747-1.jpg\" \/>\n\t<meta property=\"og:image:width\" content=\"1900\" \/>\n\t<meta property=\"og:image:height\" content=\"1267\" \/>\n\t<meta property=\"og:image:type\" content=\"image\/jpeg\" \/>\n<meta name=\"author\" content=\"Patrycja\" \/>\n<meta name=\"twitter:card\" content=\"summary_large_image\" \/>\n<meta name=\"twitter:label1\" content=\"\u00c9crit par\" \/>\n\t<meta name=\"twitter:data1\" content=\"Patrycja\" \/>\n\t<meta name=\"twitter:label2\" content=\"Dur\u00e9e de lecture estim\u00e9e\" \/>\n\t<meta name=\"twitter:data2\" content=\"1 minute\" \/>\n<script type=\"application\/ld+json\" class=\"yoast-schema-graph\">{\"@context\":\"https:\\\/\\\/schema.org\",\"@graph\":[{\"@type\":\"Article\",\"@id\":\"https:\\\/\\\/noclegioswiecim.eu\\\/fr\\\/attractions\\\/musee-du-chateau-doswiecim\\\/#article\",\"isPartOf\":{\"@id\":\"https:\\\/\\\/noclegioswiecim.eu\\\/fr\\\/attractions\\\/musee-du-chateau-doswiecim\\\/\"},\"author\":{\"name\":\"Patrycja\",\"@id\":\"https:\\\/\\\/noclegioswiecim.eu\\\/#\\\/schema\\\/person\\\/feafb30ea03805a331616c6bfd80e947\"},\"headline\":\"Mus\u00e9e du ch\u00e2teau d&rsquo;O\u015bwi\u0119cim\",\"datePublished\":\"2023-07-13T08:06:45+00:00\",\"dateModified\":\"2024-03-25T08:21:32+00:00\",\"mainEntityOfPage\":{\"@id\":\"https:\\\/\\\/noclegioswiecim.eu\\\/fr\\\/attractions\\\/musee-du-chateau-doswiecim\\\/\"},\"wordCount\":120,\"commentCount\":0,\"publisher\":{\"@id\":\"https:\\\/\\\/noclegioswiecim.eu\\\/#organization\"},\"image\":{\"@id\":\"https:\\\/\\\/noclegioswiecim.eu\\\/fr\\\/attractions\\\/musee-du-chateau-doswiecim\\\/#primaryimage\"},\"thumbnailUrl\":\"https:\\\/\\\/noclegioswiecim.eu\\\/wp-content\\\/uploads\\\/2023\\\/07\\\/Zamek-Oswiecim-29-of-49-scaled-1-e1689235551747-1.jpg\",\"articleSection\":[\"Attractions\"],\"inLanguage\":\"fr-FR\",\"potentialAction\":[{\"@type\":\"CommentAction\",\"name\":\"Comment\",\"target\":[\"https:\\\/\\\/noclegioswiecim.eu\\\/fr\\\/attractions\\\/musee-du-chateau-doswiecim\\\/#respond\"]}]},{\"@type\":\"WebPage\",\"@id\":\"https:\\\/\\\/noclegioswiecim.eu\\\/fr\\\/attractions\\\/musee-du-chateau-doswiecim\\\/\",\"url\":\"https:\\\/\\\/noclegioswiecim.eu\\\/fr\\\/attractions\\\/musee-du-chateau-doswiecim\\\/\",\"name\":\"Mus\u00e9e du ch\u00e2teau d'O\u015bwi\u0119cim - Comfort Apartments\",\"isPartOf\":{\"@id\":\"https:\\\/\\\/noclegioswiecim.eu\\\/#website\"},\"primaryImageOfPage\":{\"@id\":\"https:\\\/\\\/noclegioswiecim.eu\\\/fr\\\/attractions\\\/musee-du-chateau-doswiecim\\\/#primaryimage\"},\"image\":{\"@id\":\"https:\\\/\\\/noclegioswiecim.eu\\\/fr\\\/attractions\\\/musee-du-chateau-doswiecim\\\/#primaryimage\"},\"thumbnailUrl\":\"https:\\\/\\\/noclegioswiecim.eu\\\/wp-content\\\/uploads\\\/2023\\\/07\\\/Zamek-Oswiecim-29-of-49-scaled-1-e1689235551747-1.jpg\",\"datePublished\":\"2023-07-13T08:06:45+00:00\",\"dateModified\":\"2024-03-25T08:21:32+00:00\",\"description\":\"Le mus\u00e9e du ch\u00e2teau est situ\u00e9 \u00e0 proximit\u00e9 de la place principale. Vous pouvez donc combiner votre visite avec une balade dans le centre-ville\",\"breadcrumb\":{\"@id\":\"https:\\\/\\\/noclegioswiecim.eu\\\/fr\\\/attractions\\\/musee-du-chateau-doswiecim\\\/#breadcrumb\"},\"inLanguage\":\"fr-FR\",\"potentialAction\":[{\"@type\":\"ReadAction\",\"target\":[\"https:\\\/\\\/noclegioswiecim.eu\\\/fr\\\/attractions\\\/musee-du-chateau-doswiecim\\\/\"]}]},{\"@type\":\"ImageObject\",\"inLanguage\":\"fr-FR\",\"@id\":\"https:\\\/\\\/noclegioswiecim.eu\\\/fr\\\/attractions\\\/musee-du-chateau-doswiecim\\\/#primaryimage\",\"url\":\"https:\\\/\\\/noclegioswiecim.eu\\\/wp-content\\\/uploads\\\/2023\\\/07\\\/Zamek-Oswiecim-29-of-49-scaled-1-e1689235551747-1.jpg\",\"contentUrl\":\"https:\\\/\\\/noclegioswiecim.eu\\\/wp-content\\\/uploads\\\/2023\\\/07\\\/Zamek-Oswiecim-29-of-49-scaled-1-e1689235551747-1.jpg\",\"width\":1900,\"height\":1267},{\"@type\":\"BreadcrumbList\",\"@id\":\"https:\\\/\\\/noclegioswiecim.eu\\\/fr\\\/attractions\\\/musee-du-chateau-doswiecim\\\/#breadcrumb\",\"itemListElement\":[{\"@type\":\"ListItem\",\"position\":1,\"name\":\"Strona g\u0142\u00f3wna\",\"item\":\"https:\\\/\\\/noclegioswiecim.eu\\\/fr\\\/\"},{\"@type\":\"ListItem\",\"position\":2,\"name\":\"Mus\u00e9e du ch\u00e2teau d&rsquo;O\u015bwi\u0119cim\"}]},{\"@type\":\"WebSite\",\"@id\":\"https:\\\/\\\/noclegioswiecim.eu\\\/#website\",\"url\":\"https:\\\/\\\/noclegioswiecim.eu\\\/\",\"name\":\"Comfort Apartments\",\"description\":\"Noclegi O\u015bwi\u0119cim \\\/ Booking O\u015bwi\u0119cim\",\"publisher\":{\"@id\":\"https:\\\/\\\/noclegioswiecim.eu\\\/#organization\"},\"potentialAction\":[{\"@type\":\"SearchAction\",\"target\":{\"@type\":\"EntryPoint\",\"urlTemplate\":\"https:\\\/\\\/noclegioswiecim.eu\\\/?s={search_term_string}\"},\"query-input\":{\"@type\":\"PropertyValueSpecification\",\"valueRequired\":true,\"valueName\":\"search_term_string\"}}],\"inLanguage\":\"fr-FR\"},{\"@type\":\"Organization\",\"@id\":\"https:\\\/\\\/noclegioswiecim.eu\\\/#organization\",\"name\":\"Comfort Apartments\",\"url\":\"https:\\\/\\\/noclegioswiecim.eu\\\/\",\"logo\":{\"@type\":\"ImageObject\",\"inLanguage\":\"fr-FR\",\"@id\":\"https:\\\/\\\/noclegioswiecim.eu\\\/#\\\/schema\\\/logo\\\/image\\\/\",\"url\":\"https:\\\/\\\/noclegioswiecim.eu\\\/wp-content\\\/uploads\\\/2023\\\/02\\\/favicona.png\",\"contentUrl\":\"https:\\\/\\\/noclegioswiecim.eu\\\/wp-content\\\/uploads\\\/2023\\\/02\\\/favicona.png\",\"width\":200,\"height\":200,\"caption\":\"Comfort Apartments\"},\"image\":{\"@id\":\"https:\\\/\\\/noclegioswiecim.eu\\\/#\\\/schema\\\/logo\\\/image\\\/\"},\"sameAs\":[\"https:\\\/\\\/www.facebook.com\\\/oswiecimapartments\\\/\",\"https:\\\/\\\/goo.gl\\\/maps\\\/H9x6rxoZWfK3ad1j6\",\"https:\\\/\\\/www.instagram.com\\\/oswiecimapartments\\\/\"]},{\"@type\":\"Person\",\"@id\":\"https:\\\/\\\/noclegioswiecim.eu\\\/#\\\/schema\\\/person\\\/feafb30ea03805a331616c6bfd80e947\",\"name\":\"Patrycja\",\"image\":{\"@type\":\"ImageObject\",\"inLanguage\":\"fr-FR\",\"@id\":\"https:\\\/\\\/secure.gravatar.com\\\/avatar\\\/7c37283748b62bb21affee70f751e75b04d527b2d023e14cdffee17064819ea3?s=96&d=mm&r=g\",\"url\":\"https:\\\/\\\/secure.gravatar.com\\\/avatar\\\/7c37283748b62bb21affee70f751e75b04d527b2d023e14cdffee17064819ea3?s=96&d=mm&r=g\",\"contentUrl\":\"https:\\\/\\\/secure.gravatar.com\\\/avatar\\\/7c37283748b62bb21affee70f751e75b04d527b2d023e14cdffee17064819ea3?s=96&d=mm&r=g\",\"caption\":\"Patrycja\"}}]}<\/script>\n<!-- \/ Yoast SEO plugin. -->","yoast_head_json":{"title":"Mus\u00e9e du ch\u00e2teau d'O\u015bwi\u0119cim - Comfort Apartments","description":"Le mus\u00e9e du ch\u00e2teau est situ\u00e9 \u00e0 proximit\u00e9 de la place principale. Vous pouvez donc combiner votre visite avec une balade dans le centre-ville","robots":{"index":"index","follow":"follow","max-snippet":"max-snippet:-1","max-image-preview":"max-image-preview:large","max-video-preview":"max-video-preview:-1"},"canonical":"https:\/\/noclegioswiecim.eu\/fr\/attractions\/musee-du-chateau-doswiecim\/","og_locale":"fr_FR","og_type":"article","og_title":"Mus\u00e9e du ch\u00e2teau d'O\u015bwi\u0119cim - Comfort Apartments","og_description":"Le mus\u00e9e du ch\u00e2teau est situ\u00e9 \u00e0 proximit\u00e9 de la place principale. Vous pouvez donc combiner votre visite avec une balade dans le centre-ville","og_url":"https:\/\/noclegioswiecim.eu\/fr\/attractions\/musee-du-chateau-doswiecim\/","og_site_name":"Comfort Apartments","article_publisher":"https:\/\/www.facebook.com\/oswiecimapartments\/","article_published_time":"2023-07-13T08:06:45+00:00","article_modified_time":"2024-03-25T08:21:32+00:00","og_image":[{"width":1900,"height":1267,"url":"https:\/\/noclegioswiecim.eu\/wp-content\/uploads\/2023\/07\/Zamek-Oswiecim-29-of-49-scaled-1-e1689235551747-1.jpg","type":"image\/jpeg"}],"author":"Patrycja","twitter_card":"summary_large_image","twitter_misc":{"\u00c9crit par":"Patrycja","Dur\u00e9e de lecture estim\u00e9e":"1 minute"},"schema":{"@context":"https:\/\/schema.org","@graph":[{"@type":"Article","@id":"https:\/\/noclegioswiecim.eu\/fr\/attractions\/musee-du-chateau-doswiecim\/#article","isPartOf":{"@id":"https:\/\/noclegioswiecim.eu\/fr\/attractions\/musee-du-chateau-doswiecim\/"},"author":{"name":"Patrycja","@id":"https:\/\/noclegioswiecim.eu\/#\/schema\/person\/feafb30ea03805a331616c6bfd80e947"},"headline":"Mus\u00e9e du ch\u00e2teau d&rsquo;O\u015bwi\u0119cim","datePublished":"2023-07-13T08:06:45+00:00","dateModified":"2024-03-25T08:21:32+00:00","mainEntityOfPage":{"@id":"https:\/\/noclegioswiecim.eu\/fr\/attractions\/musee-du-chateau-doswiecim\/"},"wordCount":120,"commentCount":0,"publisher":{"@id":"https:\/\/noclegioswiecim.eu\/#organization"},"image":{"@id":"https:\/\/noclegioswiecim.eu\/fr\/attractions\/musee-du-chateau-doswiecim\/#primaryimage"},"thumbnailUrl":"https:\/\/noclegioswiecim.eu\/wp-content\/uploads\/2023\/07\/Zamek-Oswiecim-29-of-49-scaled-1-e1689235551747-1.jpg","articleSection":["Attractions"],"inLanguage":"fr-FR","potentialAction":[{"@type":"CommentAction","name":"Comment","target":["https:\/\/noclegioswiecim.eu\/fr\/attractions\/musee-du-chateau-doswiecim\/#respond"]}]},{"@type":"WebPage","@id":"https:\/\/noclegioswiecim.eu\/fr\/attractions\/musee-du-chateau-doswiecim\/","url":"https:\/\/noclegioswiecim.eu\/fr\/attractions\/musee-du-chateau-doswiecim\/","name":"Mus\u00e9e du ch\u00e2teau d'O\u015bwi\u0119cim - Comfort Apartments","isPartOf":{"@id":"https:\/\/noclegioswiecim.eu\/#website"},"primaryImageOfPage":{"@id":"https:\/\/noclegioswiecim.eu\/fr\/attractions\/musee-du-chateau-doswiecim\/#primaryimage"},"image":{"@id":"https:\/\/noclegioswiecim.eu\/fr\/attractions\/musee-du-chateau-doswiecim\/#primaryimage"},"thumbnailUrl":"https:\/\/noclegioswiecim.eu\/wp-content\/uploads\/2023\/07\/Zamek-Oswiecim-29-of-49-scaled-1-e1689235551747-1.jpg","datePublished":"2023-07-13T08:06:45+00:00","dateModified":"2024-03-25T08:21:32+00:00","description":"Le mus\u00e9e du ch\u00e2teau est situ\u00e9 \u00e0 proximit\u00e9 de la place principale. Vous pouvez donc combiner votre visite avec une balade dans le centre-ville","breadcrumb":{"@id":"https:\/\/noclegioswiecim.eu\/fr\/attractions\/musee-du-chateau-doswiecim\/#breadcrumb"},"inLanguage":"fr-FR","potentialAction":[{"@type":"ReadAction","target":["https:\/\/noclegioswiecim.eu\/fr\/attractions\/musee-du-chateau-doswiecim\/"]}]},{"@type":"ImageObject","inLanguage":"fr-FR","@id":"https:\/\/noclegioswiecim.eu\/fr\/attractions\/musee-du-chateau-doswiecim\/#primaryimage","url":"https:\/\/noclegioswiecim.eu\/wp-content\/uploads\/2023\/07\/Zamek-Oswiecim-29-of-49-scaled-1-e1689235551747-1.jpg","contentUrl":"https:\/\/noclegioswiecim.eu\/wp-content\/uploads\/2023\/07\/Zamek-Oswiecim-29-of-49-scaled-1-e1689235551747-1.jpg","width":1900,"height":1267},{"@type":"BreadcrumbList","@id":"https:\/\/noclegioswiecim.eu\/fr\/attractions\/musee-du-chateau-doswiecim\/#breadcrumb","itemListElement":[{"@type":"ListItem","position":1,"name":"Strona g\u0142\u00f3wna","item":"https:\/\/noclegioswiecim.eu\/fr\/"},{"@type":"ListItem","position":2,"name":"Mus\u00e9e du ch\u00e2teau d&rsquo;O\u015bwi\u0119cim"}]},{"@type":"WebSite","@id":"https:\/\/noclegioswiecim.eu\/#website","url":"https:\/\/noclegioswiecim.eu\/","name":"Comfort Apartments","description":"Noclegi O\u015bwi\u0119cim \/ Booking O\u015bwi\u0119cim","publisher":{"@id":"https:\/\/noclegioswiecim.eu\/#organization"},"potentialAction":[{"@type":"SearchAction","target":{"@type":"EntryPoint","urlTemplate":"https:\/\/noclegioswiecim.eu\/?s={search_term_string}"},"query-input":{"@type":"PropertyValueSpecification","valueRequired":true,"valueName":"search_term_string"}}],"inLanguage":"fr-FR"},{"@type":"Organization","@id":"https:\/\/noclegioswiecim.eu\/#organization","name":"Comfort Apartments","url":"https:\/\/noclegioswiecim.eu\/","logo":{"@type":"ImageObject","inLanguage":"fr-FR","@id":"https:\/\/noclegioswiecim.eu\/#\/schema\/logo\/image\/","url":"https:\/\/noclegioswiecim.eu\/wp-content\/uploads\/2023\/02\/favicona.png","contentUrl":"https:\/\/noclegioswiecim.eu\/wp-content\/uploads\/2023\/02\/favicona.png","width":200,"height":200,"caption":"Comfort Apartments"},"image":{"@id":"https:\/\/noclegioswiecim.eu\/#\/schema\/logo\/image\/"},"sameAs":["https:\/\/www.facebook.com\/oswiecimapartments\/","https:\/\/goo.gl\/maps\/H9x6rxoZWfK3ad1j6","https:\/\/www.instagram.com\/oswiecimapartments\/"]},{"@type":"Person","@id":"https:\/\/noclegioswiecim.eu\/#\/schema\/person\/feafb30ea03805a331616c6bfd80e947","name":"Patrycja","image":{"@type":"ImageObject","inLanguage":"fr-FR","@id":"https:\/\/secure.gravatar.com\/avatar\/7c37283748b62bb21affee70f751e75b04d527b2d023e14cdffee17064819ea3?s=96&d=mm&r=g","url":"https:\/\/secure.gravatar.com\/avatar\/7c37283748b62bb21affee70f751e75b04d527b2d023e14cdffee17064819ea3?s=96&d=mm&r=g","contentUrl":"https:\/\/secure.gravatar.com\/avatar\/7c37283748b62bb21affee70f751e75b04d527b2d023e14cdffee17064819ea3?s=96&d=mm&r=g","caption":"Patrycja"}}]}},"_links":{"self":[{"href":"https:\/\/noclegioswiecim.eu\/fr\/wp-json\/wp\/v2\/posts\/4227","targetHints":{"allow":["GET"]}}],"collection":[{"href":"https:\/\/noclegioswiecim.eu\/fr\/wp-json\/wp\/v2\/posts"}],"about":[{"href":"https:\/\/noclegioswiecim.eu\/fr\/wp-json\/wp\/v2\/types\/post"}],"author":[{"embeddable":true,"href":"https:\/\/noclegioswiecim.eu\/fr\/wp-json\/wp\/v2\/users\/2"}],"replies":[{"embeddable":true,"href":"https:\/\/noclegioswiecim.eu\/fr\/wp-json\/wp\/v2\/comments?post=4227"}],"version-history":[{"count":1,"href":"https:\/\/noclegioswiecim.eu\/fr\/wp-json\/wp\/v2\/posts\/4227\/revisions"}],"predecessor-version":[{"id":4229,"href":"https:\/\/noclegioswiecim.eu\/fr\/wp-json\/wp\/v2\/posts\/4227\/revisions\/4229"}],"wp:featuredmedia":[{"embeddable":true,"href":"https:\/\/noclegioswiecim.eu\/fr\/wp-json\/wp\/v2\/media\/4228"}],"wp:attachment":[{"href":"https:\/\/noclegioswiecim.eu\/fr\/wp-json\/wp\/v2\/media?parent=4227"}],"wp:term":[{"taxonomy":"category","embeddable":true,"href":"https:\/\/noclegioswiecim.eu\/fr\/wp-json\/wp\/v2\/categories?post=4227"},{"taxonomy":"post_tag","embeddable":true,"href":"https:\/\/noclegioswiecim.eu\/fr\/wp-json\/wp\/v2\/tags?post=4227"}],"curies":[{"name":"wp","href":"https:\/\/api.w.org\/{rel}","templated":true}]}}