{"id":4219,"date":"2023-07-13T13:57:35","date_gmt":"2023-07-13T11:57:35","guid":{"rendered":"https:\/\/noclegioswiecim.eu\/non-classifiee\/zakopane-parc-educatif-des-tatras\/"},"modified":"2023-07-13T13:57:35","modified_gmt":"2023-07-13T11:57:35","slug":"zakopane-parc-educatif-des-tatras","status":"publish","type":"post","link":"https:\/\/noclegioswiecim.eu\/fr\/attractions\/zakopane-parc-educatif-des-tatras\/","title":{"rendered":"Zakopane &#8211; Parc \u00e9ducatif des Tatras"},"content":{"rendered":"<div data-v-0b5e319b=\"\">\n<p data-v-0b5e319b=\"\"><strong>Distance de la propri\u00e9t\u00e9 :<\/strong> 146 km<\/p>\n<p class=\"desc\" data-v-0b5e319b=\"\">Le parc \u00e9ducatif des Tatras est une initiative priv\u00e9e visant \u00e0 cr\u00e9er un lieu privil\u00e9gi\u00e9 pour les visiteurs de Podhale. Le nom lui-m\u00eame d\u00e9crit ce que vous pouvez attendre de nous.<\/p>\n<\/div>\n<div data-v-0b5e319b=\"\">\n<p class=\"desc\" data-v-0b5e319b=\"\">Tatra \u2013 fait r\u00e9f\u00e9rence \u00e0 la nature, aux animaux et aux plantes de cette r\u00e9gion.<\/p>\n<\/div>\n<div data-v-0b5e319b=\"\">\n<p class=\"desc\" data-v-0b5e319b=\"\">Parc &#8211; fait r\u00e9f\u00e9rence \u00e0 sa signification originelle de lieu o\u00f9 l&rsquo;on peut se d\u00e9tendre et profiter de la nature qui nous entoure, un parc \u00e9galement compris comme une pause de l&rsquo;agitation de la ville et un lieu en harmonie avec la nature.<\/p>\n<\/div>\n<div data-v-0b5e319b=\"\">\n<p class=\"desc\" data-v-0b5e319b=\"\">\u00c9ducatif &#8211; il s&rsquo;agit du transfert de connaissances sur la nature, mais en interagissant avec elle, chacun peut voir, se nourrir et apprendre beaucoup de choses int\u00e9ressantes sur nos animaux lors de cours tels que \u00ab\u00a0Rencontre avec une marmotte\u00a0\u00bb ou \u00ab\u00a0Spectacle de fauconnerie\u00a0\u00bb \u00e9ventuellement \u00a0\u00bb Entra\u00eenement avec un renard\u00a0\u00bb.<\/p>\n<p data-v-0b5e319b=\"\"><strong>Plus d\u2019informations :<\/strong> <a href=\"https:\/\/www.tpe.edu.pl\/\">www.tpe.edu.pl\/<\/a><\/p>\n<\/div>\n","protected":false},"excerpt":{"rendered":"<p>Distance : 146 km<\/p>\n","protected":false},"author":2,"featured_media":4220,"comment_status":"open","ping_status":"open","sticky":false,"template":"","format":"standard","meta":{"footnotes":""},"categories":[147],"tags":[],"class_list":["post-4219","post","type-post","status-publish","format-standard","has-post-thumbnail","hentry","category-attractions"],"yoast_head":"<!-- This site is optimized with the Yoast SEO plugin v27.5 - https:\/\/yoast.com\/product\/yoast-seo-wordpress\/ -->\n<title>Zakopane - Parc \u00e9ducatif des Tatras - Comfort Apartments<\/title>\n<meta name=\"description\" content=\"Le parc \u00e9ducatif des Tatras est une initiative priv\u00e9e visant \u00e0 cr\u00e9er un lieu privil\u00e9gi\u00e9 pour les visiteurs de Podhale.\" \/>\n<meta name=\"robots\" content=\"index, follow, max-snippet:-1, max-image-preview:large, max-video-preview:-1\" \/>\n<link rel=\"canonical\" href=\"https:\/\/noclegioswiecim.eu\/fr\/attractions\/zakopane-parc-educatif-des-tatras\/\" \/>\n<meta property=\"og:locale\" content=\"fr_FR\" \/>\n<meta property=\"og:type\" content=\"article\" \/>\n<meta property=\"og:title\" content=\"Zakopane - Parc \u00e9ducatif des Tatras - Comfort Apartments\" \/>\n<meta property=\"og:description\" content=\"Le parc \u00e9ducatif des Tatras est une initiative priv\u00e9e visant \u00e0 cr\u00e9er un lieu privil\u00e9gi\u00e9 pour les visiteurs de Podhale.\" \/>\n<meta property=\"og:url\" content=\"https:\/\/noclegioswiecim.eu\/fr\/attractions\/zakopane-parc-educatif-des-tatras\/\" \/>\n<meta property=\"og:site_name\" content=\"Comfort Apartments\" \/>\n<meta property=\"article:publisher\" content=\"https:\/\/www.facebook.com\/oswiecimapartments\/\" \/>\n<meta property=\"article:published_time\" content=\"2023-07-13T11:57:35+00:00\" \/>\n<meta property=\"og:image\" content=\"https:\/\/noclegioswiecim.eu\/wp-content\/uploads\/2023\/07\/309211830_5549411558449921_5443438107045086288_n.jpg\" \/>\n\t<meta property=\"og:image:width\" content=\"1900\" \/>\n\t<meta property=\"og:image:height\" content=\"1269\" \/>\n\t<meta property=\"og:image:type\" content=\"image\/jpeg\" \/>\n<meta name=\"author\" content=\"Patrycja\" \/>\n<meta name=\"twitter:card\" content=\"summary_large_image\" \/>\n<meta name=\"twitter:label1\" content=\"\u00c9crit par\" \/>\n\t<meta name=\"twitter:data1\" content=\"Patrycja\" \/>\n\t<meta name=\"twitter:label2\" content=\"Dur\u00e9e de lecture estim\u00e9e\" \/>\n\t<meta name=\"twitter:data2\" content=\"1 minute\" \/>\n<script type=\"application\/ld+json\" class=\"yoast-schema-graph\">{\"@context\":\"https:\\\/\\\/schema.org\",\"@graph\":[{\"@type\":\"Article\",\"@id\":\"https:\\\/\\\/noclegioswiecim.eu\\\/fr\\\/attractions\\\/zakopane-parc-educatif-des-tatras\\\/#article\",\"isPartOf\":{\"@id\":\"https:\\\/\\\/noclegioswiecim.eu\\\/fr\\\/attractions\\\/zakopane-parc-educatif-des-tatras\\\/\"},\"author\":{\"name\":\"Patrycja\",\"@id\":\"https:\\\/\\\/noclegioswiecim.eu\\\/#\\\/schema\\\/person\\\/feafb30ea03805a331616c6bfd80e947\"},\"headline\":\"Zakopane &#8211; Parc \u00e9ducatif des Tatras\",\"datePublished\":\"2023-07-13T11:57:35+00:00\",\"mainEntityOfPage\":{\"@id\":\"https:\\\/\\\/noclegioswiecim.eu\\\/fr\\\/attractions\\\/zakopane-parc-educatif-des-tatras\\\/\"},\"wordCount\":168,\"commentCount\":0,\"publisher\":{\"@id\":\"https:\\\/\\\/noclegioswiecim.eu\\\/#organization\"},\"image\":{\"@id\":\"https:\\\/\\\/noclegioswiecim.eu\\\/fr\\\/attractions\\\/zakopane-parc-educatif-des-tatras\\\/#primaryimage\"},\"thumbnailUrl\":\"https:\\\/\\\/noclegioswiecim.eu\\\/wp-content\\\/uploads\\\/2023\\\/07\\\/309211830_5549411558449921_5443438107045086288_n.jpg\",\"articleSection\":[\"Attractions\"],\"inLanguage\":\"fr-FR\",\"potentialAction\":[{\"@type\":\"CommentAction\",\"name\":\"Comment\",\"target\":[\"https:\\\/\\\/noclegioswiecim.eu\\\/fr\\\/attractions\\\/zakopane-parc-educatif-des-tatras\\\/#respond\"]}]},{\"@type\":\"WebPage\",\"@id\":\"https:\\\/\\\/noclegioswiecim.eu\\\/fr\\\/attractions\\\/zakopane-parc-educatif-des-tatras\\\/\",\"url\":\"https:\\\/\\\/noclegioswiecim.eu\\\/fr\\\/attractions\\\/zakopane-parc-educatif-des-tatras\\\/\",\"name\":\"Zakopane - Parc \u00e9ducatif des Tatras - Comfort Apartments\",\"isPartOf\":{\"@id\":\"https:\\\/\\\/noclegioswiecim.eu\\\/#website\"},\"primaryImageOfPage\":{\"@id\":\"https:\\\/\\\/noclegioswiecim.eu\\\/fr\\\/attractions\\\/zakopane-parc-educatif-des-tatras\\\/#primaryimage\"},\"image\":{\"@id\":\"https:\\\/\\\/noclegioswiecim.eu\\\/fr\\\/attractions\\\/zakopane-parc-educatif-des-tatras\\\/#primaryimage\"},\"thumbnailUrl\":\"https:\\\/\\\/noclegioswiecim.eu\\\/wp-content\\\/uploads\\\/2023\\\/07\\\/309211830_5549411558449921_5443438107045086288_n.jpg\",\"datePublished\":\"2023-07-13T11:57:35+00:00\",\"description\":\"Le parc \u00e9ducatif des Tatras est une initiative priv\u00e9e visant \u00e0 cr\u00e9er un lieu privil\u00e9gi\u00e9 pour les visiteurs de Podhale.\",\"breadcrumb\":{\"@id\":\"https:\\\/\\\/noclegioswiecim.eu\\\/fr\\\/attractions\\\/zakopane-parc-educatif-des-tatras\\\/#breadcrumb\"},\"inLanguage\":\"fr-FR\",\"potentialAction\":[{\"@type\":\"ReadAction\",\"target\":[\"https:\\\/\\\/noclegioswiecim.eu\\\/fr\\\/attractions\\\/zakopane-parc-educatif-des-tatras\\\/\"]}]},{\"@type\":\"ImageObject\",\"inLanguage\":\"fr-FR\",\"@id\":\"https:\\\/\\\/noclegioswiecim.eu\\\/fr\\\/attractions\\\/zakopane-parc-educatif-des-tatras\\\/#primaryimage\",\"url\":\"https:\\\/\\\/noclegioswiecim.eu\\\/wp-content\\\/uploads\\\/2023\\\/07\\\/309211830_5549411558449921_5443438107045086288_n.jpg\",\"contentUrl\":\"https:\\\/\\\/noclegioswiecim.eu\\\/wp-content\\\/uploads\\\/2023\\\/07\\\/309211830_5549411558449921_5443438107045086288_n.jpg\",\"width\":1900,\"height\":1269},{\"@type\":\"BreadcrumbList\",\"@id\":\"https:\\\/\\\/noclegioswiecim.eu\\\/fr\\\/attractions\\\/zakopane-parc-educatif-des-tatras\\\/#breadcrumb\",\"itemListElement\":[{\"@type\":\"ListItem\",\"position\":1,\"name\":\"Strona g\u0142\u00f3wna\",\"item\":\"https:\\\/\\\/noclegioswiecim.eu\\\/fr\\\/\"},{\"@type\":\"ListItem\",\"position\":2,\"name\":\"Zakopane &#8211; Parc \u00e9ducatif des Tatras\"}]},{\"@type\":\"WebSite\",\"@id\":\"https:\\\/\\\/noclegioswiecim.eu\\\/#website\",\"url\":\"https:\\\/\\\/noclegioswiecim.eu\\\/\",\"name\":\"Comfort Apartments\",\"description\":\"Noclegi O\u015bwi\u0119cim \\\/ Booking O\u015bwi\u0119cim\",\"publisher\":{\"@id\":\"https:\\\/\\\/noclegioswiecim.eu\\\/#organization\"},\"potentialAction\":[{\"@type\":\"SearchAction\",\"target\":{\"@type\":\"EntryPoint\",\"urlTemplate\":\"https:\\\/\\\/noclegioswiecim.eu\\\/?s={search_term_string}\"},\"query-input\":{\"@type\":\"PropertyValueSpecification\",\"valueRequired\":true,\"valueName\":\"search_term_string\"}}],\"inLanguage\":\"fr-FR\"},{\"@type\":\"Organization\",\"@id\":\"https:\\\/\\\/noclegioswiecim.eu\\\/#organization\",\"name\":\"Comfort Apartments\",\"url\":\"https:\\\/\\\/noclegioswiecim.eu\\\/\",\"logo\":{\"@type\":\"ImageObject\",\"inLanguage\":\"fr-FR\",\"@id\":\"https:\\\/\\\/noclegioswiecim.eu\\\/#\\\/schema\\\/logo\\\/image\\\/\",\"url\":\"https:\\\/\\\/noclegioswiecim.eu\\\/wp-content\\\/uploads\\\/2023\\\/02\\\/favicona.png\",\"contentUrl\":\"https:\\\/\\\/noclegioswiecim.eu\\\/wp-content\\\/uploads\\\/2023\\\/02\\\/favicona.png\",\"width\":200,\"height\":200,\"caption\":\"Comfort Apartments\"},\"image\":{\"@id\":\"https:\\\/\\\/noclegioswiecim.eu\\\/#\\\/schema\\\/logo\\\/image\\\/\"},\"sameAs\":[\"https:\\\/\\\/www.facebook.com\\\/oswiecimapartments\\\/\",\"https:\\\/\\\/goo.gl\\\/maps\\\/H9x6rxoZWfK3ad1j6\",\"https:\\\/\\\/www.instagram.com\\\/oswiecimapartments\\\/\"]},{\"@type\":\"Person\",\"@id\":\"https:\\\/\\\/noclegioswiecim.eu\\\/#\\\/schema\\\/person\\\/feafb30ea03805a331616c6bfd80e947\",\"name\":\"Patrycja\",\"image\":{\"@type\":\"ImageObject\",\"inLanguage\":\"fr-FR\",\"@id\":\"https:\\\/\\\/secure.gravatar.com\\\/avatar\\\/7c37283748b62bb21affee70f751e75b04d527b2d023e14cdffee17064819ea3?s=96&d=mm&r=g\",\"url\":\"https:\\\/\\\/secure.gravatar.com\\\/avatar\\\/7c37283748b62bb21affee70f751e75b04d527b2d023e14cdffee17064819ea3?s=96&d=mm&r=g\",\"contentUrl\":\"https:\\\/\\\/secure.gravatar.com\\\/avatar\\\/7c37283748b62bb21affee70f751e75b04d527b2d023e14cdffee17064819ea3?s=96&d=mm&r=g\",\"caption\":\"Patrycja\"}}]}<\/script>\n<!-- \/ Yoast SEO plugin. -->","yoast_head_json":{"title":"Zakopane - Parc \u00e9ducatif des Tatras - Comfort Apartments","description":"Le parc \u00e9ducatif des Tatras est une initiative priv\u00e9e visant \u00e0 cr\u00e9er un lieu privil\u00e9gi\u00e9 pour les visiteurs de Podhale.","robots":{"index":"index","follow":"follow","max-snippet":"max-snippet:-1","max-image-preview":"max-image-preview:large","max-video-preview":"max-video-preview:-1"},"canonical":"https:\/\/noclegioswiecim.eu\/fr\/attractions\/zakopane-parc-educatif-des-tatras\/","og_locale":"fr_FR","og_type":"article","og_title":"Zakopane - Parc \u00e9ducatif des Tatras - Comfort Apartments","og_description":"Le parc \u00e9ducatif des Tatras est une initiative priv\u00e9e visant \u00e0 cr\u00e9er un lieu privil\u00e9gi\u00e9 pour les visiteurs de Podhale.","og_url":"https:\/\/noclegioswiecim.eu\/fr\/attractions\/zakopane-parc-educatif-des-tatras\/","og_site_name":"Comfort Apartments","article_publisher":"https:\/\/www.facebook.com\/oswiecimapartments\/","article_published_time":"2023-07-13T11:57:35+00:00","og_image":[{"width":1900,"height":1269,"url":"https:\/\/noclegioswiecim.eu\/wp-content\/uploads\/2023\/07\/309211830_5549411558449921_5443438107045086288_n.jpg","type":"image\/jpeg"}],"author":"Patrycja","twitter_card":"summary_large_image","twitter_misc":{"\u00c9crit par":"Patrycja","Dur\u00e9e de lecture estim\u00e9e":"1 minute"},"schema":{"@context":"https:\/\/schema.org","@graph":[{"@type":"Article","@id":"https:\/\/noclegioswiecim.eu\/fr\/attractions\/zakopane-parc-educatif-des-tatras\/#article","isPartOf":{"@id":"https:\/\/noclegioswiecim.eu\/fr\/attractions\/zakopane-parc-educatif-des-tatras\/"},"author":{"name":"Patrycja","@id":"https:\/\/noclegioswiecim.eu\/#\/schema\/person\/feafb30ea03805a331616c6bfd80e947"},"headline":"Zakopane &#8211; Parc \u00e9ducatif des Tatras","datePublished":"2023-07-13T11:57:35+00:00","mainEntityOfPage":{"@id":"https:\/\/noclegioswiecim.eu\/fr\/attractions\/zakopane-parc-educatif-des-tatras\/"},"wordCount":168,"commentCount":0,"publisher":{"@id":"https:\/\/noclegioswiecim.eu\/#organization"},"image":{"@id":"https:\/\/noclegioswiecim.eu\/fr\/attractions\/zakopane-parc-educatif-des-tatras\/#primaryimage"},"thumbnailUrl":"https:\/\/noclegioswiecim.eu\/wp-content\/uploads\/2023\/07\/309211830_5549411558449921_5443438107045086288_n.jpg","articleSection":["Attractions"],"inLanguage":"fr-FR","potentialAction":[{"@type":"CommentAction","name":"Comment","target":["https:\/\/noclegioswiecim.eu\/fr\/attractions\/zakopane-parc-educatif-des-tatras\/#respond"]}]},{"@type":"WebPage","@id":"https:\/\/noclegioswiecim.eu\/fr\/attractions\/zakopane-parc-educatif-des-tatras\/","url":"https:\/\/noclegioswiecim.eu\/fr\/attractions\/zakopane-parc-educatif-des-tatras\/","name":"Zakopane - Parc \u00e9ducatif des Tatras - Comfort Apartments","isPartOf":{"@id":"https:\/\/noclegioswiecim.eu\/#website"},"primaryImageOfPage":{"@id":"https:\/\/noclegioswiecim.eu\/fr\/attractions\/zakopane-parc-educatif-des-tatras\/#primaryimage"},"image":{"@id":"https:\/\/noclegioswiecim.eu\/fr\/attractions\/zakopane-parc-educatif-des-tatras\/#primaryimage"},"thumbnailUrl":"https:\/\/noclegioswiecim.eu\/wp-content\/uploads\/2023\/07\/309211830_5549411558449921_5443438107045086288_n.jpg","datePublished":"2023-07-13T11:57:35+00:00","description":"Le parc \u00e9ducatif des Tatras est une initiative priv\u00e9e visant \u00e0 cr\u00e9er un lieu privil\u00e9gi\u00e9 pour les visiteurs de Podhale.","breadcrumb":{"@id":"https:\/\/noclegioswiecim.eu\/fr\/attractions\/zakopane-parc-educatif-des-tatras\/#breadcrumb"},"inLanguage":"fr-FR","potentialAction":[{"@type":"ReadAction","target":["https:\/\/noclegioswiecim.eu\/fr\/attractions\/zakopane-parc-educatif-des-tatras\/"]}]},{"@type":"ImageObject","inLanguage":"fr-FR","@id":"https:\/\/noclegioswiecim.eu\/fr\/attractions\/zakopane-parc-educatif-des-tatras\/#primaryimage","url":"https:\/\/noclegioswiecim.eu\/wp-content\/uploads\/2023\/07\/309211830_5549411558449921_5443438107045086288_n.jpg","contentUrl":"https:\/\/noclegioswiecim.eu\/wp-content\/uploads\/2023\/07\/309211830_5549411558449921_5443438107045086288_n.jpg","width":1900,"height":1269},{"@type":"BreadcrumbList","@id":"https:\/\/noclegioswiecim.eu\/fr\/attractions\/zakopane-parc-educatif-des-tatras\/#breadcrumb","itemListElement":[{"@type":"ListItem","position":1,"name":"Strona g\u0142\u00f3wna","item":"https:\/\/noclegioswiecim.eu\/fr\/"},{"@type":"ListItem","position":2,"name":"Zakopane &#8211; Parc \u00e9ducatif des Tatras"}]},{"@type":"WebSite","@id":"https:\/\/noclegioswiecim.eu\/#website","url":"https:\/\/noclegioswiecim.eu\/","name":"Comfort Apartments","description":"Noclegi O\u015bwi\u0119cim \/ Booking O\u015bwi\u0119cim","publisher":{"@id":"https:\/\/noclegioswiecim.eu\/#organization"},"potentialAction":[{"@type":"SearchAction","target":{"@type":"EntryPoint","urlTemplate":"https:\/\/noclegioswiecim.eu\/?s={search_term_string}"},"query-input":{"@type":"PropertyValueSpecification","valueRequired":true,"valueName":"search_term_string"}}],"inLanguage":"fr-FR"},{"@type":"Organization","@id":"https:\/\/noclegioswiecim.eu\/#organization","name":"Comfort Apartments","url":"https:\/\/noclegioswiecim.eu\/","logo":{"@type":"ImageObject","inLanguage":"fr-FR","@id":"https:\/\/noclegioswiecim.eu\/#\/schema\/logo\/image\/","url":"https:\/\/noclegioswiecim.eu\/wp-content\/uploads\/2023\/02\/favicona.png","contentUrl":"https:\/\/noclegioswiecim.eu\/wp-content\/uploads\/2023\/02\/favicona.png","width":200,"height":200,"caption":"Comfort Apartments"},"image":{"@id":"https:\/\/noclegioswiecim.eu\/#\/schema\/logo\/image\/"},"sameAs":["https:\/\/www.facebook.com\/oswiecimapartments\/","https:\/\/goo.gl\/maps\/H9x6rxoZWfK3ad1j6","https:\/\/www.instagram.com\/oswiecimapartments\/"]},{"@type":"Person","@id":"https:\/\/noclegioswiecim.eu\/#\/schema\/person\/feafb30ea03805a331616c6bfd80e947","name":"Patrycja","image":{"@type":"ImageObject","inLanguage":"fr-FR","@id":"https:\/\/secure.gravatar.com\/avatar\/7c37283748b62bb21affee70f751e75b04d527b2d023e14cdffee17064819ea3?s=96&d=mm&r=g","url":"https:\/\/secure.gravatar.com\/avatar\/7c37283748b62bb21affee70f751e75b04d527b2d023e14cdffee17064819ea3?s=96&d=mm&r=g","contentUrl":"https:\/\/secure.gravatar.com\/avatar\/7c37283748b62bb21affee70f751e75b04d527b2d023e14cdffee17064819ea3?s=96&d=mm&r=g","caption":"Patrycja"}}]}},"_links":{"self":[{"href":"https:\/\/noclegioswiecim.eu\/fr\/wp-json\/wp\/v2\/posts\/4219","targetHints":{"allow":["GET"]}}],"collection":[{"href":"https:\/\/noclegioswiecim.eu\/fr\/wp-json\/wp\/v2\/posts"}],"about":[{"href":"https:\/\/noclegioswiecim.eu\/fr\/wp-json\/wp\/v2\/types\/post"}],"author":[{"embeddable":true,"href":"https:\/\/noclegioswiecim.eu\/fr\/wp-json\/wp\/v2\/users\/2"}],"replies":[{"embeddable":true,"href":"https:\/\/noclegioswiecim.eu\/fr\/wp-json\/wp\/v2\/comments?post=4219"}],"version-history":[{"count":0,"href":"https:\/\/noclegioswiecim.eu\/fr\/wp-json\/wp\/v2\/posts\/4219\/revisions"}],"wp:featuredmedia":[{"embeddable":true,"href":"https:\/\/noclegioswiecim.eu\/fr\/wp-json\/wp\/v2\/media\/4220"}],"wp:attachment":[{"href":"https:\/\/noclegioswiecim.eu\/fr\/wp-json\/wp\/v2\/media?parent=4219"}],"wp:term":[{"taxonomy":"category","embeddable":true,"href":"https:\/\/noclegioswiecim.eu\/fr\/wp-json\/wp\/v2\/categories?post=4219"},{"taxonomy":"post_tag","embeddable":true,"href":"https:\/\/noclegioswiecim.eu\/fr\/wp-json\/wp\/v2\/tags?post=4219"}],"curies":[{"name":"wp","href":"https:\/\/api.w.org\/{rel}","templated":true}]}}