{"id":4205,"date":"2023-07-13T13:00:42","date_gmt":"2023-07-13T11:00:42","guid":{"rendered":"https:\/\/noclegioswiecim.eu\/non-classifiee\/le-conte-de-fees-de-m-kleks\/"},"modified":"2024-03-25T08:55:48","modified_gmt":"2024-03-25T07:55:48","slug":"le-conte-de-fees-de-m-kleks","status":"publish","type":"post","link":"https:\/\/noclegioswiecim.eu\/fr\/attractions\/le-conte-de-fees-de-m-kleks\/","title":{"rendered":"Le conte de f\u00e9es de M. Kleks"},"content":{"rendered":"<p><strong>Distance de la propri\u00e9t\u00e9 :<\/strong> 39,5 km<\/p>\n<p><strong>Bajka Pana Kleksa \u00e0 Katowice<\/strong> est un centre scientifique, culturel et ludique. C&rsquo;est plus de 1 400 m2 d&rsquo;exposition interactive qui propose des attractions pour toute la famille. Peu importe que vous ayez 4 ou 104 ans, Bajka est un endroit pour tout le monde !<\/p>\n<blockquote>\n<div class=\"text-block-11\">Nous ne sommes pas une salle de jeux typique avec des piscines \u00e0 balles. Nous ne sommes ni un mus\u00e9e ni un parc d&rsquo;attractions. Nous sommes un lieu o\u00f9, en \u00e9quilibrant fantaisie et science, <span class=\"text-span-20\">nous d\u00e9veloppons le d\u00e9sir des enfants de d\u00e9couvrir le monde<\/span>. Nous sommes les premiers \u00e0 allier culture, \u00e9ducation et divertissement. Nous avons invit\u00e9&#8230; un groupe de plus jeunes \u00e0 concevoir le conte de f\u00e9es de M. Kleks. Ce sont eux qui savent le mieux \u00e0 quoi devrait ressembler un conte de f\u00e9es ! \u200b<\/div>\n<div><\/div>\n<div class=\"text-block-11\"><span class=\"text-span-22\">Rangeons nos smartphones, \u00e9teignons nos ordinateurs et nos t\u00e9l\u00e9viseurs.<\/span> Emmenons les enfants dans un voyage sentimental vers notre conte de f\u00e9es pr\u00e9f\u00e9r\u00e9, o\u00f9 nous passerons du temps ensemble \u00e0 apprendre par le jeu. Au lieu des m\u00e9thodes \u00e9ducatives traditionnelles, nous offrons aux enfants et aux parents des opportunit\u00e9s d\u2019exp\u00e9rimentation cr\u00e9ative. <span class=\"text-span-23\">Dans notre conte de f\u00e9es, les parents sont cens\u00e9s \u00eatre les h\u00e9ros de leurs enfants.<\/span> \u200b<\/div>\n<\/blockquote>\n<div><strong>Plus d\u2019informations :<\/strong> <a href=\"https:\/\/www.bajkapanakleksa.pl\/\">www.bajkapanakleksa.pl\/<\/a><\/div>\n","protected":false},"excerpt":{"rendered":"<p>Distance : 39,5 kilom\u00e8tres<\/p>\n","protected":false},"author":2,"featured_media":4206,"comment_status":"open","ping_status":"open","sticky":false,"template":"","format":"standard","meta":{"footnotes":""},"categories":[147],"tags":[],"class_list":["post-4205","post","type-post","status-publish","format-standard","has-post-thumbnail","hentry","category-attractions"],"yoast_head":"<!-- This site is optimized with the Yoast SEO plugin v27.5 - https:\/\/yoast.com\/product\/yoast-seo-wordpress\/ -->\n<title>Le conte de f\u00e9es de M. Kleks - Comfort Apartments<\/title>\n<meta name=\"description\" content=\"Bajka Pana Kleksa \u00e0 Katowice est un centre scientifique, culturel et ludique. C&#039;est plus de 1 400 m2 d&#039;exposition interactive !\" \/>\n<meta name=\"robots\" content=\"index, follow, max-snippet:-1, max-image-preview:large, max-video-preview:-1\" \/>\n<link rel=\"canonical\" href=\"https:\/\/noclegioswiecim.eu\/fr\/attractions\/le-conte-de-fees-de-m-kleks\/\" \/>\n<meta property=\"og:locale\" content=\"fr_FR\" \/>\n<meta property=\"og:type\" content=\"article\" \/>\n<meta property=\"og:title\" content=\"Le conte de f\u00e9es de M. Kleks - Comfort Apartments\" \/>\n<meta property=\"og:description\" content=\"Bajka Pana Kleksa \u00e0 Katowice est un centre scientifique, culturel et ludique. C&#039;est plus de 1 400 m2 d&#039;exposition interactive !\" \/>\n<meta property=\"og:url\" content=\"https:\/\/noclegioswiecim.eu\/fr\/attractions\/le-conte-de-fees-de-m-kleks\/\" \/>\n<meta property=\"og:site_name\" content=\"Comfort Apartments\" \/>\n<meta property=\"article:publisher\" content=\"https:\/\/www.facebook.com\/oswiecimapartments\/\" \/>\n<meta property=\"article:published_time\" content=\"2023-07-13T11:00:42+00:00\" \/>\n<meta property=\"article:modified_time\" content=\"2024-03-25T07:55:48+00:00\" \/>\n<meta property=\"og:image\" content=\"https:\/\/noclegioswiecim.eu\/wp-content\/uploads\/2023\/07\/63336d631c8f54b6e1406bfd_SZPAK202-p-1600.jpg\" \/>\n\t<meta property=\"og:image:width\" content=\"1920\" \/>\n\t<meta property=\"og:image:height\" content=\"1282\" \/>\n\t<meta property=\"og:image:type\" content=\"image\/jpeg\" \/>\n<meta name=\"author\" content=\"Patrycja\" \/>\n<meta name=\"twitter:card\" content=\"summary_large_image\" \/>\n<meta name=\"twitter:label1\" content=\"\u00c9crit par\" \/>\n\t<meta name=\"twitter:data1\" content=\"Patrycja\" \/>\n\t<meta name=\"twitter:label2\" content=\"Dur\u00e9e de lecture estim\u00e9e\" \/>\n\t<meta name=\"twitter:data2\" content=\"1 minute\" \/>\n<script type=\"application\/ld+json\" class=\"yoast-schema-graph\">{\"@context\":\"https:\\\/\\\/schema.org\",\"@graph\":[{\"@type\":\"Article\",\"@id\":\"https:\\\/\\\/noclegioswiecim.eu\\\/fr\\\/attractions\\\/le-conte-de-fees-de-m-kleks\\\/#article\",\"isPartOf\":{\"@id\":\"https:\\\/\\\/noclegioswiecim.eu\\\/fr\\\/attractions\\\/le-conte-de-fees-de-m-kleks\\\/\"},\"author\":{\"name\":\"Patrycja\",\"@id\":\"https:\\\/\\\/noclegioswiecim.eu\\\/#\\\/schema\\\/person\\\/feafb30ea03805a331616c6bfd80e947\"},\"headline\":\"Le conte de f\u00e9es de M. Kleks\",\"datePublished\":\"2023-07-13T11:00:42+00:00\",\"dateModified\":\"2024-03-25T07:55:48+00:00\",\"mainEntityOfPage\":{\"@id\":\"https:\\\/\\\/noclegioswiecim.eu\\\/fr\\\/attractions\\\/le-conte-de-fees-de-m-kleks\\\/\"},\"wordCount\":228,\"commentCount\":0,\"publisher\":{\"@id\":\"https:\\\/\\\/noclegioswiecim.eu\\\/#organization\"},\"image\":{\"@id\":\"https:\\\/\\\/noclegioswiecim.eu\\\/fr\\\/attractions\\\/le-conte-de-fees-de-m-kleks\\\/#primaryimage\"},\"thumbnailUrl\":\"https:\\\/\\\/noclegioswiecim.eu\\\/wp-content\\\/uploads\\\/2023\\\/07\\\/63336d631c8f54b6e1406bfd_SZPAK202-p-1600.jpg\",\"articleSection\":[\"Attractions\"],\"inLanguage\":\"fr-FR\",\"potentialAction\":[{\"@type\":\"CommentAction\",\"name\":\"Comment\",\"target\":[\"https:\\\/\\\/noclegioswiecim.eu\\\/fr\\\/attractions\\\/le-conte-de-fees-de-m-kleks\\\/#respond\"]}]},{\"@type\":\"WebPage\",\"@id\":\"https:\\\/\\\/noclegioswiecim.eu\\\/fr\\\/attractions\\\/le-conte-de-fees-de-m-kleks\\\/\",\"url\":\"https:\\\/\\\/noclegioswiecim.eu\\\/fr\\\/attractions\\\/le-conte-de-fees-de-m-kleks\\\/\",\"name\":\"Le conte de f\u00e9es de M. Kleks - Comfort Apartments\",\"isPartOf\":{\"@id\":\"https:\\\/\\\/noclegioswiecim.eu\\\/#website\"},\"primaryImageOfPage\":{\"@id\":\"https:\\\/\\\/noclegioswiecim.eu\\\/fr\\\/attractions\\\/le-conte-de-fees-de-m-kleks\\\/#primaryimage\"},\"image\":{\"@id\":\"https:\\\/\\\/noclegioswiecim.eu\\\/fr\\\/attractions\\\/le-conte-de-fees-de-m-kleks\\\/#primaryimage\"},\"thumbnailUrl\":\"https:\\\/\\\/noclegioswiecim.eu\\\/wp-content\\\/uploads\\\/2023\\\/07\\\/63336d631c8f54b6e1406bfd_SZPAK202-p-1600.jpg\",\"datePublished\":\"2023-07-13T11:00:42+00:00\",\"dateModified\":\"2024-03-25T07:55:48+00:00\",\"description\":\"Bajka Pana Kleksa \u00e0 Katowice est un centre scientifique, culturel et ludique. C'est plus de 1 400 m2 d'exposition interactive !\",\"breadcrumb\":{\"@id\":\"https:\\\/\\\/noclegioswiecim.eu\\\/fr\\\/attractions\\\/le-conte-de-fees-de-m-kleks\\\/#breadcrumb\"},\"inLanguage\":\"fr-FR\",\"potentialAction\":[{\"@type\":\"ReadAction\",\"target\":[\"https:\\\/\\\/noclegioswiecim.eu\\\/fr\\\/attractions\\\/le-conte-de-fees-de-m-kleks\\\/\"]}]},{\"@type\":\"ImageObject\",\"inLanguage\":\"fr-FR\",\"@id\":\"https:\\\/\\\/noclegioswiecim.eu\\\/fr\\\/attractions\\\/le-conte-de-fees-de-m-kleks\\\/#primaryimage\",\"url\":\"https:\\\/\\\/noclegioswiecim.eu\\\/wp-content\\\/uploads\\\/2023\\\/07\\\/63336d631c8f54b6e1406bfd_SZPAK202-p-1600.jpg\",\"contentUrl\":\"https:\\\/\\\/noclegioswiecim.eu\\\/wp-content\\\/uploads\\\/2023\\\/07\\\/63336d631c8f54b6e1406bfd_SZPAK202-p-1600.jpg\",\"width\":1920,\"height\":1282},{\"@type\":\"BreadcrumbList\",\"@id\":\"https:\\\/\\\/noclegioswiecim.eu\\\/fr\\\/attractions\\\/le-conte-de-fees-de-m-kleks\\\/#breadcrumb\",\"itemListElement\":[{\"@type\":\"ListItem\",\"position\":1,\"name\":\"Strona g\u0142\u00f3wna\",\"item\":\"https:\\\/\\\/noclegioswiecim.eu\\\/fr\\\/\"},{\"@type\":\"ListItem\",\"position\":2,\"name\":\"Le conte de f\u00e9es de M. Kleks\"}]},{\"@type\":\"WebSite\",\"@id\":\"https:\\\/\\\/noclegioswiecim.eu\\\/#website\",\"url\":\"https:\\\/\\\/noclegioswiecim.eu\\\/\",\"name\":\"Comfort Apartments\",\"description\":\"Noclegi O\u015bwi\u0119cim \\\/ Booking O\u015bwi\u0119cim\",\"publisher\":{\"@id\":\"https:\\\/\\\/noclegioswiecim.eu\\\/#organization\"},\"potentialAction\":[{\"@type\":\"SearchAction\",\"target\":{\"@type\":\"EntryPoint\",\"urlTemplate\":\"https:\\\/\\\/noclegioswiecim.eu\\\/?s={search_term_string}\"},\"query-input\":{\"@type\":\"PropertyValueSpecification\",\"valueRequired\":true,\"valueName\":\"search_term_string\"}}],\"inLanguage\":\"fr-FR\"},{\"@type\":\"Organization\",\"@id\":\"https:\\\/\\\/noclegioswiecim.eu\\\/#organization\",\"name\":\"Comfort Apartments\",\"url\":\"https:\\\/\\\/noclegioswiecim.eu\\\/\",\"logo\":{\"@type\":\"ImageObject\",\"inLanguage\":\"fr-FR\",\"@id\":\"https:\\\/\\\/noclegioswiecim.eu\\\/#\\\/schema\\\/logo\\\/image\\\/\",\"url\":\"https:\\\/\\\/noclegioswiecim.eu\\\/wp-content\\\/uploads\\\/2023\\\/02\\\/favicona.png\",\"contentUrl\":\"https:\\\/\\\/noclegioswiecim.eu\\\/wp-content\\\/uploads\\\/2023\\\/02\\\/favicona.png\",\"width\":200,\"height\":200,\"caption\":\"Comfort Apartments\"},\"image\":{\"@id\":\"https:\\\/\\\/noclegioswiecim.eu\\\/#\\\/schema\\\/logo\\\/image\\\/\"},\"sameAs\":[\"https:\\\/\\\/www.facebook.com\\\/oswiecimapartments\\\/\",\"https:\\\/\\\/goo.gl\\\/maps\\\/H9x6rxoZWfK3ad1j6\",\"https:\\\/\\\/www.instagram.com\\\/oswiecimapartments\\\/\"]},{\"@type\":\"Person\",\"@id\":\"https:\\\/\\\/noclegioswiecim.eu\\\/#\\\/schema\\\/person\\\/feafb30ea03805a331616c6bfd80e947\",\"name\":\"Patrycja\",\"image\":{\"@type\":\"ImageObject\",\"inLanguage\":\"fr-FR\",\"@id\":\"https:\\\/\\\/secure.gravatar.com\\\/avatar\\\/7c37283748b62bb21affee70f751e75b04d527b2d023e14cdffee17064819ea3?s=96&d=mm&r=g\",\"url\":\"https:\\\/\\\/secure.gravatar.com\\\/avatar\\\/7c37283748b62bb21affee70f751e75b04d527b2d023e14cdffee17064819ea3?s=96&d=mm&r=g\",\"contentUrl\":\"https:\\\/\\\/secure.gravatar.com\\\/avatar\\\/7c37283748b62bb21affee70f751e75b04d527b2d023e14cdffee17064819ea3?s=96&d=mm&r=g\",\"caption\":\"Patrycja\"}}]}<\/script>\n<!-- \/ Yoast SEO plugin. -->","yoast_head_json":{"title":"Le conte de f\u00e9es de M. Kleks - Comfort Apartments","description":"Bajka Pana Kleksa \u00e0 Katowice est un centre scientifique, culturel et ludique. C'est plus de 1 400 m2 d'exposition interactive !","robots":{"index":"index","follow":"follow","max-snippet":"max-snippet:-1","max-image-preview":"max-image-preview:large","max-video-preview":"max-video-preview:-1"},"canonical":"https:\/\/noclegioswiecim.eu\/fr\/attractions\/le-conte-de-fees-de-m-kleks\/","og_locale":"fr_FR","og_type":"article","og_title":"Le conte de f\u00e9es de M. Kleks - Comfort Apartments","og_description":"Bajka Pana Kleksa \u00e0 Katowice est un centre scientifique, culturel et ludique. C'est plus de 1 400 m2 d'exposition interactive !","og_url":"https:\/\/noclegioswiecim.eu\/fr\/attractions\/le-conte-de-fees-de-m-kleks\/","og_site_name":"Comfort Apartments","article_publisher":"https:\/\/www.facebook.com\/oswiecimapartments\/","article_published_time":"2023-07-13T11:00:42+00:00","article_modified_time":"2024-03-25T07:55:48+00:00","og_image":[{"width":1920,"height":1282,"url":"https:\/\/noclegioswiecim.eu\/wp-content\/uploads\/2023\/07\/63336d631c8f54b6e1406bfd_SZPAK202-p-1600.jpg","type":"image\/jpeg"}],"author":"Patrycja","twitter_card":"summary_large_image","twitter_misc":{"\u00c9crit par":"Patrycja","Dur\u00e9e de lecture estim\u00e9e":"1 minute"},"schema":{"@context":"https:\/\/schema.org","@graph":[{"@type":"Article","@id":"https:\/\/noclegioswiecim.eu\/fr\/attractions\/le-conte-de-fees-de-m-kleks\/#article","isPartOf":{"@id":"https:\/\/noclegioswiecim.eu\/fr\/attractions\/le-conte-de-fees-de-m-kleks\/"},"author":{"name":"Patrycja","@id":"https:\/\/noclegioswiecim.eu\/#\/schema\/person\/feafb30ea03805a331616c6bfd80e947"},"headline":"Le conte de f\u00e9es de M. Kleks","datePublished":"2023-07-13T11:00:42+00:00","dateModified":"2024-03-25T07:55:48+00:00","mainEntityOfPage":{"@id":"https:\/\/noclegioswiecim.eu\/fr\/attractions\/le-conte-de-fees-de-m-kleks\/"},"wordCount":228,"commentCount":0,"publisher":{"@id":"https:\/\/noclegioswiecim.eu\/#organization"},"image":{"@id":"https:\/\/noclegioswiecim.eu\/fr\/attractions\/le-conte-de-fees-de-m-kleks\/#primaryimage"},"thumbnailUrl":"https:\/\/noclegioswiecim.eu\/wp-content\/uploads\/2023\/07\/63336d631c8f54b6e1406bfd_SZPAK202-p-1600.jpg","articleSection":["Attractions"],"inLanguage":"fr-FR","potentialAction":[{"@type":"CommentAction","name":"Comment","target":["https:\/\/noclegioswiecim.eu\/fr\/attractions\/le-conte-de-fees-de-m-kleks\/#respond"]}]},{"@type":"WebPage","@id":"https:\/\/noclegioswiecim.eu\/fr\/attractions\/le-conte-de-fees-de-m-kleks\/","url":"https:\/\/noclegioswiecim.eu\/fr\/attractions\/le-conte-de-fees-de-m-kleks\/","name":"Le conte de f\u00e9es de M. Kleks - Comfort Apartments","isPartOf":{"@id":"https:\/\/noclegioswiecim.eu\/#website"},"primaryImageOfPage":{"@id":"https:\/\/noclegioswiecim.eu\/fr\/attractions\/le-conte-de-fees-de-m-kleks\/#primaryimage"},"image":{"@id":"https:\/\/noclegioswiecim.eu\/fr\/attractions\/le-conte-de-fees-de-m-kleks\/#primaryimage"},"thumbnailUrl":"https:\/\/noclegioswiecim.eu\/wp-content\/uploads\/2023\/07\/63336d631c8f54b6e1406bfd_SZPAK202-p-1600.jpg","datePublished":"2023-07-13T11:00:42+00:00","dateModified":"2024-03-25T07:55:48+00:00","description":"Bajka Pana Kleksa \u00e0 Katowice est un centre scientifique, culturel et ludique. C'est plus de 1 400 m2 d'exposition interactive !","breadcrumb":{"@id":"https:\/\/noclegioswiecim.eu\/fr\/attractions\/le-conte-de-fees-de-m-kleks\/#breadcrumb"},"inLanguage":"fr-FR","potentialAction":[{"@type":"ReadAction","target":["https:\/\/noclegioswiecim.eu\/fr\/attractions\/le-conte-de-fees-de-m-kleks\/"]}]},{"@type":"ImageObject","inLanguage":"fr-FR","@id":"https:\/\/noclegioswiecim.eu\/fr\/attractions\/le-conte-de-fees-de-m-kleks\/#primaryimage","url":"https:\/\/noclegioswiecim.eu\/wp-content\/uploads\/2023\/07\/63336d631c8f54b6e1406bfd_SZPAK202-p-1600.jpg","contentUrl":"https:\/\/noclegioswiecim.eu\/wp-content\/uploads\/2023\/07\/63336d631c8f54b6e1406bfd_SZPAK202-p-1600.jpg","width":1920,"height":1282},{"@type":"BreadcrumbList","@id":"https:\/\/noclegioswiecim.eu\/fr\/attractions\/le-conte-de-fees-de-m-kleks\/#breadcrumb","itemListElement":[{"@type":"ListItem","position":1,"name":"Strona g\u0142\u00f3wna","item":"https:\/\/noclegioswiecim.eu\/fr\/"},{"@type":"ListItem","position":2,"name":"Le conte de f\u00e9es de M. Kleks"}]},{"@type":"WebSite","@id":"https:\/\/noclegioswiecim.eu\/#website","url":"https:\/\/noclegioswiecim.eu\/","name":"Comfort Apartments","description":"Noclegi O\u015bwi\u0119cim \/ Booking O\u015bwi\u0119cim","publisher":{"@id":"https:\/\/noclegioswiecim.eu\/#organization"},"potentialAction":[{"@type":"SearchAction","target":{"@type":"EntryPoint","urlTemplate":"https:\/\/noclegioswiecim.eu\/?s={search_term_string}"},"query-input":{"@type":"PropertyValueSpecification","valueRequired":true,"valueName":"search_term_string"}}],"inLanguage":"fr-FR"},{"@type":"Organization","@id":"https:\/\/noclegioswiecim.eu\/#organization","name":"Comfort Apartments","url":"https:\/\/noclegioswiecim.eu\/","logo":{"@type":"ImageObject","inLanguage":"fr-FR","@id":"https:\/\/noclegioswiecim.eu\/#\/schema\/logo\/image\/","url":"https:\/\/noclegioswiecim.eu\/wp-content\/uploads\/2023\/02\/favicona.png","contentUrl":"https:\/\/noclegioswiecim.eu\/wp-content\/uploads\/2023\/02\/favicona.png","width":200,"height":200,"caption":"Comfort Apartments"},"image":{"@id":"https:\/\/noclegioswiecim.eu\/#\/schema\/logo\/image\/"},"sameAs":["https:\/\/www.facebook.com\/oswiecimapartments\/","https:\/\/goo.gl\/maps\/H9x6rxoZWfK3ad1j6","https:\/\/www.instagram.com\/oswiecimapartments\/"]},{"@type":"Person","@id":"https:\/\/noclegioswiecim.eu\/#\/schema\/person\/feafb30ea03805a331616c6bfd80e947","name":"Patrycja","image":{"@type":"ImageObject","inLanguage":"fr-FR","@id":"https:\/\/secure.gravatar.com\/avatar\/7c37283748b62bb21affee70f751e75b04d527b2d023e14cdffee17064819ea3?s=96&d=mm&r=g","url":"https:\/\/secure.gravatar.com\/avatar\/7c37283748b62bb21affee70f751e75b04d527b2d023e14cdffee17064819ea3?s=96&d=mm&r=g","contentUrl":"https:\/\/secure.gravatar.com\/avatar\/7c37283748b62bb21affee70f751e75b04d527b2d023e14cdffee17064819ea3?s=96&d=mm&r=g","caption":"Patrycja"}}]}},"_links":{"self":[{"href":"https:\/\/noclegioswiecim.eu\/fr\/wp-json\/wp\/v2\/posts\/4205","targetHints":{"allow":["GET"]}}],"collection":[{"href":"https:\/\/noclegioswiecim.eu\/fr\/wp-json\/wp\/v2\/posts"}],"about":[{"href":"https:\/\/noclegioswiecim.eu\/fr\/wp-json\/wp\/v2\/types\/post"}],"author":[{"embeddable":true,"href":"https:\/\/noclegioswiecim.eu\/fr\/wp-json\/wp\/v2\/users\/2"}],"replies":[{"embeddable":true,"href":"https:\/\/noclegioswiecim.eu\/fr\/wp-json\/wp\/v2\/comments?post=4205"}],"version-history":[{"count":1,"href":"https:\/\/noclegioswiecim.eu\/fr\/wp-json\/wp\/v2\/posts\/4205\/revisions"}],"predecessor-version":[{"id":4207,"href":"https:\/\/noclegioswiecim.eu\/fr\/wp-json\/wp\/v2\/posts\/4205\/revisions\/4207"}],"wp:featuredmedia":[{"embeddable":true,"href":"https:\/\/noclegioswiecim.eu\/fr\/wp-json\/wp\/v2\/media\/4206"}],"wp:attachment":[{"href":"https:\/\/noclegioswiecim.eu\/fr\/wp-json\/wp\/v2\/media?parent=4205"}],"wp:term":[{"taxonomy":"category","embeddable":true,"href":"https:\/\/noclegioswiecim.eu\/fr\/wp-json\/wp\/v2\/categories?post=4205"},{"taxonomy":"post_tag","embeddable":true,"href":"https:\/\/noclegioswiecim.eu\/fr\/wp-json\/wp\/v2\/tags?post=4205"}],"curies":[{"name":"wp","href":"https:\/\/api.w.org\/{rel}","templated":true}]}}