{"id":4086,"date":"2023-07-26T11:20:30","date_gmt":"2023-07-26T09:20:30","guid":{"rendered":"https:\/\/noclegioswiecim.eu\/non-classifiee\/saint-centre-maksymilien-a-harmeze\/"},"modified":"2023-07-26T11:20:30","modified_gmt":"2023-07-26T09:20:30","slug":"saint-centre-maksymilien-a-harmeze","status":"publish","type":"post","link":"https:\/\/noclegioswiecim.eu\/fr\/attractions\/saint-centre-maksymilien-a-harmeze\/","title":{"rendered":"Saint-Centre Maksymilien \u00e0 Harm\u0119\u017ce"},"content":{"rendered":"<p><strong>Distance de l&rsquo;\u00e9tablissement :<\/strong> 8 km<\/p>\n<section class=\"elementor-section elementor-top-section elementor-element elementor-element-2866487b elementor-section-boxed elementor-section-height-default elementor-section-height-default\" data-id=\"2866487b\" data-element_type=\"section\">\n<div class=\"elementor-container elementor-column-gap-default\">\n<div class=\"elementor-column elementor-col-100 elementor-top-column elementor-element elementor-element-4d7f16bf\" data-id=\"4d7f16bf\" data-element_type=\"column\">\n<div class=\"elementor-widget-wrap elementor-element-populated\">\n<div class=\"elementor-element elementor-element-707a38c6 elementor-widget elementor-widget-image-text-banner\" data-id=\"707a38c6\" data-element_type=\"widget\" data-widget_type=\"image-text-banner.default\">\n<div class=\"elementor-widget-container\">\n<div class=\"fr-elementor-image-text-banner\">\n<div class=\"main-wrapper\">\n<div class=\"banner-image\">\n<p class=\"additional-desc\">Le centre a \u00e9t\u00e9 cr\u00e9\u00e9 en signe de gratitude pour la vie, l&rsquo;\u0153uvre et le martyre de saint. Maksymiliana. Il est destin\u00e9 \u00e0 diffuser son honneur, la connaissance de son charisme et \u00e0 promouvoir l&rsquo;id\u00e9e de \u00ab l&rsquo;Amour victorieux \u00bb gr\u00e2ce auquel Dieu a vaincu \u00e0 Saint-Pierre. Maximilien, pour qu&rsquo;il puisse t\u00e9moigner de cet Amour sur la place d&rsquo;appel et dans le bunker de la mort d&rsquo;Auschwitz.<\/p>\n<\/div>\n<\/div>\n<\/div>\n<\/div>\n<\/div>\n<\/div>\n<\/div>\n<\/div>\n<\/section>\n<section class=\"elementor-section elementor-top-section elementor-element elementor-element-19a9d4c6 elementor-section-boxed elementor-section-height-default elementor-section-height-default\" data-id=\"19a9d4c6\" data-element_type=\"section\">\n<div class=\"elementor-container elementor-column-gap-default\">\n<div class=\"elementor-column elementor-col-100 elementor-top-column elementor-element elementor-element-5a23cae2\" data-id=\"5a23cae2\" data-element_type=\"column\">\n<div class=\"elementor-widget-wrap elementor-element-populated\">\n<div class=\"elementor-element elementor-element-13178202 elementor-widget elementor-widget-text-editor\" data-id=\"13178202\" data-element_type=\"widget\" data-widget_type=\"text-editor.default\">\n<div class=\"elementor-widget-container\">\n<p>C&rsquo;est un lieu de pri\u00e8re et de renforcement de la paix, de l&rsquo;amour et de la r\u00e9conciliation entre les personnes de diff\u00e9rentes nations et religions dans l&rsquo;esprit de Saint-Pierre. Fran\u00e7ois d&rsquo;Assise et Saint. Maksymilien Kolbe. Ici, vous pourrez exp\u00e9rimenter des soins spirituels, vivre des journ\u00e9es de r\u00e9collection, des retraites ou participer \u00e0 un colloque scientifique. C&rsquo;est aussi un lieu de m\u00e9moire et de pri\u00e8re pour ceux qui sont morts dans les camps de concentration.<\/p>\n<p>Plus d\u2019informations : <a href=\"http:\/\/www.harmeze.franciszkanie.pl\/centrum\">www.harmeze.franciszkanie.pl\/centrum<\/a><\/p>\n<\/div>\n<\/div>\n<\/div>\n<\/div>\n<\/div>\n<\/section>\n","protected":false},"excerpt":{"rendered":"<p>Distance de la propri\u00e9t\u00e9 : 8 km<\/p>\n","protected":false},"author":2,"featured_media":4087,"comment_status":"closed","ping_status":"closed","sticky":false,"template":"","format":"standard","meta":{"footnotes":""},"categories":[147],"tags":[],"class_list":["post-4086","post","type-post","status-publish","format-standard","has-post-thumbnail","hentry","category-attractions"],"yoast_head":"<!-- This site is optimized with the Yoast SEO plugin v27.5 - https:\/\/yoast.com\/product\/yoast-seo-wordpress\/ -->\n<title>Saint-Centre Maksymilien \u00e0 Harm\u0119\u017ce - Comfort Apartments<\/title>\n<meta name=\"description\" content=\"Le centre a \u00e9t\u00e9 cr\u00e9\u00e9 en signe de gratitude pour la vie, l&#039;\u0153uvre et le martyre de saint. Maksymiliana. Il s\u2019agit de r\u00e9pandre Son honneur.\" \/>\n<meta name=\"robots\" content=\"index, follow, max-snippet:-1, max-image-preview:large, max-video-preview:-1\" \/>\n<link rel=\"canonical\" href=\"https:\/\/noclegioswiecim.eu\/fr\/attractions\/saint-centre-maksymilien-a-harmeze\/\" \/>\n<meta property=\"og:locale\" content=\"fr_FR\" \/>\n<meta property=\"og:type\" content=\"article\" \/>\n<meta property=\"og:title\" content=\"Saint-Centre Maksymilien \u00e0 Harm\u0119\u017ce - Comfort Apartments\" \/>\n<meta property=\"og:description\" content=\"Le centre a \u00e9t\u00e9 cr\u00e9\u00e9 en signe de gratitude pour la vie, l&#039;\u0153uvre et le martyre de saint. Maksymiliana. Il s\u2019agit de r\u00e9pandre Son honneur.\" \/>\n<meta property=\"og:url\" content=\"https:\/\/noclegioswiecim.eu\/fr\/attractions\/saint-centre-maksymilien-a-harmeze\/\" \/>\n<meta property=\"og:site_name\" content=\"Comfort Apartments\" \/>\n<meta property=\"article:publisher\" content=\"https:\/\/www.facebook.com\/oswiecimapartments\/\" \/>\n<meta property=\"article:published_time\" content=\"2023-07-26T09:20:30+00:00\" \/>\n<meta property=\"og:image\" content=\"https:\/\/noclegioswiecim.eu\/wp-content\/uploads\/2023\/07\/FR.PL-PROWINCJA-zdjecia-tytulowe-centrum_2.jpg\" \/>\n\t<meta property=\"og:image:width\" content=\"1696\" \/>\n\t<meta property=\"og:image:height\" content=\"816\" \/>\n\t<meta property=\"og:image:type\" content=\"image\/jpeg\" \/>\n<meta name=\"author\" content=\"Patrycja\" \/>\n<meta name=\"twitter:card\" content=\"summary_large_image\" \/>\n<meta name=\"twitter:label1\" content=\"\u00c9crit par\" \/>\n\t<meta name=\"twitter:data1\" content=\"Patrycja\" \/>\n\t<meta name=\"twitter:label2\" content=\"Dur\u00e9e de lecture estim\u00e9e\" \/>\n\t<meta name=\"twitter:data2\" content=\"1 minute\" \/>\n<script type=\"application\/ld+json\" class=\"yoast-schema-graph\">{\"@context\":\"https:\\\/\\\/schema.org\",\"@graph\":[{\"@type\":\"Article\",\"@id\":\"https:\\\/\\\/noclegioswiecim.eu\\\/fr\\\/attractions\\\/saint-centre-maksymilien-a-harmeze\\\/#article\",\"isPartOf\":{\"@id\":\"https:\\\/\\\/noclegioswiecim.eu\\\/fr\\\/attractions\\\/saint-centre-maksymilien-a-harmeze\\\/\"},\"author\":{\"name\":\"Patrycja\",\"@id\":\"https:\\\/\\\/noclegioswiecim.eu\\\/#\\\/schema\\\/person\\\/feafb30ea03805a331616c6bfd80e947\"},\"headline\":\"Saint-Centre Maksymilien \u00e0 Harm\u0119\u017ce\",\"datePublished\":\"2023-07-26T09:20:30+00:00\",\"mainEntityOfPage\":{\"@id\":\"https:\\\/\\\/noclegioswiecim.eu\\\/fr\\\/attractions\\\/saint-centre-maksymilien-a-harmeze\\\/\"},\"wordCount\":175,\"publisher\":{\"@id\":\"https:\\\/\\\/noclegioswiecim.eu\\\/#organization\"},\"image\":{\"@id\":\"https:\\\/\\\/noclegioswiecim.eu\\\/fr\\\/attractions\\\/saint-centre-maksymilien-a-harmeze\\\/#primaryimage\"},\"thumbnailUrl\":\"https:\\\/\\\/noclegioswiecim.eu\\\/wp-content\\\/uploads\\\/2023\\\/07\\\/FR.PL-PROWINCJA-zdjecia-tytulowe-centrum_2.jpg\",\"articleSection\":[\"Attractions\"],\"inLanguage\":\"fr-FR\"},{\"@type\":\"WebPage\",\"@id\":\"https:\\\/\\\/noclegioswiecim.eu\\\/fr\\\/attractions\\\/saint-centre-maksymilien-a-harmeze\\\/\",\"url\":\"https:\\\/\\\/noclegioswiecim.eu\\\/fr\\\/attractions\\\/saint-centre-maksymilien-a-harmeze\\\/\",\"name\":\"Saint-Centre Maksymilien \u00e0 Harm\u0119\u017ce - Comfort Apartments\",\"isPartOf\":{\"@id\":\"https:\\\/\\\/noclegioswiecim.eu\\\/#website\"},\"primaryImageOfPage\":{\"@id\":\"https:\\\/\\\/noclegioswiecim.eu\\\/fr\\\/attractions\\\/saint-centre-maksymilien-a-harmeze\\\/#primaryimage\"},\"image\":{\"@id\":\"https:\\\/\\\/noclegioswiecim.eu\\\/fr\\\/attractions\\\/saint-centre-maksymilien-a-harmeze\\\/#primaryimage\"},\"thumbnailUrl\":\"https:\\\/\\\/noclegioswiecim.eu\\\/wp-content\\\/uploads\\\/2023\\\/07\\\/FR.PL-PROWINCJA-zdjecia-tytulowe-centrum_2.jpg\",\"datePublished\":\"2023-07-26T09:20:30+00:00\",\"description\":\"Le centre a \u00e9t\u00e9 cr\u00e9\u00e9 en signe de gratitude pour la vie, l'\u0153uvre et le martyre de saint. Maksymiliana. Il s\u2019agit de r\u00e9pandre Son honneur.\",\"breadcrumb\":{\"@id\":\"https:\\\/\\\/noclegioswiecim.eu\\\/fr\\\/attractions\\\/saint-centre-maksymilien-a-harmeze\\\/#breadcrumb\"},\"inLanguage\":\"fr-FR\",\"potentialAction\":[{\"@type\":\"ReadAction\",\"target\":[\"https:\\\/\\\/noclegioswiecim.eu\\\/fr\\\/attractions\\\/saint-centre-maksymilien-a-harmeze\\\/\"]}]},{\"@type\":\"ImageObject\",\"inLanguage\":\"fr-FR\",\"@id\":\"https:\\\/\\\/noclegioswiecim.eu\\\/fr\\\/attractions\\\/saint-centre-maksymilien-a-harmeze\\\/#primaryimage\",\"url\":\"https:\\\/\\\/noclegioswiecim.eu\\\/wp-content\\\/uploads\\\/2023\\\/07\\\/FR.PL-PROWINCJA-zdjecia-tytulowe-centrum_2.jpg\",\"contentUrl\":\"https:\\\/\\\/noclegioswiecim.eu\\\/wp-content\\\/uploads\\\/2023\\\/07\\\/FR.PL-PROWINCJA-zdjecia-tytulowe-centrum_2.jpg\",\"width\":1696,\"height\":816},{\"@type\":\"BreadcrumbList\",\"@id\":\"https:\\\/\\\/noclegioswiecim.eu\\\/fr\\\/attractions\\\/saint-centre-maksymilien-a-harmeze\\\/#breadcrumb\",\"itemListElement\":[{\"@type\":\"ListItem\",\"position\":1,\"name\":\"Strona g\u0142\u00f3wna\",\"item\":\"https:\\\/\\\/noclegioswiecim.eu\\\/fr\\\/\"},{\"@type\":\"ListItem\",\"position\":2,\"name\":\"Saint-Centre Maksymilien \u00e0 Harm\u0119\u017ce\"}]},{\"@type\":\"WebSite\",\"@id\":\"https:\\\/\\\/noclegioswiecim.eu\\\/#website\",\"url\":\"https:\\\/\\\/noclegioswiecim.eu\\\/\",\"name\":\"Comfort Apartments\",\"description\":\"Noclegi O\u015bwi\u0119cim \\\/ Booking O\u015bwi\u0119cim\",\"publisher\":{\"@id\":\"https:\\\/\\\/noclegioswiecim.eu\\\/#organization\"},\"potentialAction\":[{\"@type\":\"SearchAction\",\"target\":{\"@type\":\"EntryPoint\",\"urlTemplate\":\"https:\\\/\\\/noclegioswiecim.eu\\\/?s={search_term_string}\"},\"query-input\":{\"@type\":\"PropertyValueSpecification\",\"valueRequired\":true,\"valueName\":\"search_term_string\"}}],\"inLanguage\":\"fr-FR\"},{\"@type\":\"Organization\",\"@id\":\"https:\\\/\\\/noclegioswiecim.eu\\\/#organization\",\"name\":\"Comfort Apartments\",\"url\":\"https:\\\/\\\/noclegioswiecim.eu\\\/\",\"logo\":{\"@type\":\"ImageObject\",\"inLanguage\":\"fr-FR\",\"@id\":\"https:\\\/\\\/noclegioswiecim.eu\\\/#\\\/schema\\\/logo\\\/image\\\/\",\"url\":\"https:\\\/\\\/noclegioswiecim.eu\\\/wp-content\\\/uploads\\\/2023\\\/02\\\/favicona.png\",\"contentUrl\":\"https:\\\/\\\/noclegioswiecim.eu\\\/wp-content\\\/uploads\\\/2023\\\/02\\\/favicona.png\",\"width\":200,\"height\":200,\"caption\":\"Comfort Apartments\"},\"image\":{\"@id\":\"https:\\\/\\\/noclegioswiecim.eu\\\/#\\\/schema\\\/logo\\\/image\\\/\"},\"sameAs\":[\"https:\\\/\\\/www.facebook.com\\\/oswiecimapartments\\\/\",\"https:\\\/\\\/goo.gl\\\/maps\\\/H9x6rxoZWfK3ad1j6\",\"https:\\\/\\\/www.instagram.com\\\/oswiecimapartments\\\/\"]},{\"@type\":\"Person\",\"@id\":\"https:\\\/\\\/noclegioswiecim.eu\\\/#\\\/schema\\\/person\\\/feafb30ea03805a331616c6bfd80e947\",\"name\":\"Patrycja\",\"image\":{\"@type\":\"ImageObject\",\"inLanguage\":\"fr-FR\",\"@id\":\"https:\\\/\\\/secure.gravatar.com\\\/avatar\\\/7c37283748b62bb21affee70f751e75b04d527b2d023e14cdffee17064819ea3?s=96&d=mm&r=g\",\"url\":\"https:\\\/\\\/secure.gravatar.com\\\/avatar\\\/7c37283748b62bb21affee70f751e75b04d527b2d023e14cdffee17064819ea3?s=96&d=mm&r=g\",\"contentUrl\":\"https:\\\/\\\/secure.gravatar.com\\\/avatar\\\/7c37283748b62bb21affee70f751e75b04d527b2d023e14cdffee17064819ea3?s=96&d=mm&r=g\",\"caption\":\"Patrycja\"}}]}<\/script>\n<!-- \/ Yoast SEO plugin. -->","yoast_head_json":{"title":"Saint-Centre Maksymilien \u00e0 Harm\u0119\u017ce - Comfort Apartments","description":"Le centre a \u00e9t\u00e9 cr\u00e9\u00e9 en signe de gratitude pour la vie, l'\u0153uvre et le martyre de saint. Maksymiliana. Il s\u2019agit de r\u00e9pandre Son honneur.","robots":{"index":"index","follow":"follow","max-snippet":"max-snippet:-1","max-image-preview":"max-image-preview:large","max-video-preview":"max-video-preview:-1"},"canonical":"https:\/\/noclegioswiecim.eu\/fr\/attractions\/saint-centre-maksymilien-a-harmeze\/","og_locale":"fr_FR","og_type":"article","og_title":"Saint-Centre Maksymilien \u00e0 Harm\u0119\u017ce - Comfort Apartments","og_description":"Le centre a \u00e9t\u00e9 cr\u00e9\u00e9 en signe de gratitude pour la vie, l'\u0153uvre et le martyre de saint. Maksymiliana. Il s\u2019agit de r\u00e9pandre Son honneur.","og_url":"https:\/\/noclegioswiecim.eu\/fr\/attractions\/saint-centre-maksymilien-a-harmeze\/","og_site_name":"Comfort Apartments","article_publisher":"https:\/\/www.facebook.com\/oswiecimapartments\/","article_published_time":"2023-07-26T09:20:30+00:00","og_image":[{"width":1696,"height":816,"url":"https:\/\/noclegioswiecim.eu\/wp-content\/uploads\/2023\/07\/FR.PL-PROWINCJA-zdjecia-tytulowe-centrum_2.jpg","type":"image\/jpeg"}],"author":"Patrycja","twitter_card":"summary_large_image","twitter_misc":{"\u00c9crit par":"Patrycja","Dur\u00e9e de lecture estim\u00e9e":"1 minute"},"schema":{"@context":"https:\/\/schema.org","@graph":[{"@type":"Article","@id":"https:\/\/noclegioswiecim.eu\/fr\/attractions\/saint-centre-maksymilien-a-harmeze\/#article","isPartOf":{"@id":"https:\/\/noclegioswiecim.eu\/fr\/attractions\/saint-centre-maksymilien-a-harmeze\/"},"author":{"name":"Patrycja","@id":"https:\/\/noclegioswiecim.eu\/#\/schema\/person\/feafb30ea03805a331616c6bfd80e947"},"headline":"Saint-Centre Maksymilien \u00e0 Harm\u0119\u017ce","datePublished":"2023-07-26T09:20:30+00:00","mainEntityOfPage":{"@id":"https:\/\/noclegioswiecim.eu\/fr\/attractions\/saint-centre-maksymilien-a-harmeze\/"},"wordCount":175,"publisher":{"@id":"https:\/\/noclegioswiecim.eu\/#organization"},"image":{"@id":"https:\/\/noclegioswiecim.eu\/fr\/attractions\/saint-centre-maksymilien-a-harmeze\/#primaryimage"},"thumbnailUrl":"https:\/\/noclegioswiecim.eu\/wp-content\/uploads\/2023\/07\/FR.PL-PROWINCJA-zdjecia-tytulowe-centrum_2.jpg","articleSection":["Attractions"],"inLanguage":"fr-FR"},{"@type":"WebPage","@id":"https:\/\/noclegioswiecim.eu\/fr\/attractions\/saint-centre-maksymilien-a-harmeze\/","url":"https:\/\/noclegioswiecim.eu\/fr\/attractions\/saint-centre-maksymilien-a-harmeze\/","name":"Saint-Centre Maksymilien \u00e0 Harm\u0119\u017ce - Comfort Apartments","isPartOf":{"@id":"https:\/\/noclegioswiecim.eu\/#website"},"primaryImageOfPage":{"@id":"https:\/\/noclegioswiecim.eu\/fr\/attractions\/saint-centre-maksymilien-a-harmeze\/#primaryimage"},"image":{"@id":"https:\/\/noclegioswiecim.eu\/fr\/attractions\/saint-centre-maksymilien-a-harmeze\/#primaryimage"},"thumbnailUrl":"https:\/\/noclegioswiecim.eu\/wp-content\/uploads\/2023\/07\/FR.PL-PROWINCJA-zdjecia-tytulowe-centrum_2.jpg","datePublished":"2023-07-26T09:20:30+00:00","description":"Le centre a \u00e9t\u00e9 cr\u00e9\u00e9 en signe de gratitude pour la vie, l'\u0153uvre et le martyre de saint. Maksymiliana. Il s\u2019agit de r\u00e9pandre Son honneur.","breadcrumb":{"@id":"https:\/\/noclegioswiecim.eu\/fr\/attractions\/saint-centre-maksymilien-a-harmeze\/#breadcrumb"},"inLanguage":"fr-FR","potentialAction":[{"@type":"ReadAction","target":["https:\/\/noclegioswiecim.eu\/fr\/attractions\/saint-centre-maksymilien-a-harmeze\/"]}]},{"@type":"ImageObject","inLanguage":"fr-FR","@id":"https:\/\/noclegioswiecim.eu\/fr\/attractions\/saint-centre-maksymilien-a-harmeze\/#primaryimage","url":"https:\/\/noclegioswiecim.eu\/wp-content\/uploads\/2023\/07\/FR.PL-PROWINCJA-zdjecia-tytulowe-centrum_2.jpg","contentUrl":"https:\/\/noclegioswiecim.eu\/wp-content\/uploads\/2023\/07\/FR.PL-PROWINCJA-zdjecia-tytulowe-centrum_2.jpg","width":1696,"height":816},{"@type":"BreadcrumbList","@id":"https:\/\/noclegioswiecim.eu\/fr\/attractions\/saint-centre-maksymilien-a-harmeze\/#breadcrumb","itemListElement":[{"@type":"ListItem","position":1,"name":"Strona g\u0142\u00f3wna","item":"https:\/\/noclegioswiecim.eu\/fr\/"},{"@type":"ListItem","position":2,"name":"Saint-Centre Maksymilien \u00e0 Harm\u0119\u017ce"}]},{"@type":"WebSite","@id":"https:\/\/noclegioswiecim.eu\/#website","url":"https:\/\/noclegioswiecim.eu\/","name":"Comfort Apartments","description":"Noclegi O\u015bwi\u0119cim \/ Booking O\u015bwi\u0119cim","publisher":{"@id":"https:\/\/noclegioswiecim.eu\/#organization"},"potentialAction":[{"@type":"SearchAction","target":{"@type":"EntryPoint","urlTemplate":"https:\/\/noclegioswiecim.eu\/?s={search_term_string}"},"query-input":{"@type":"PropertyValueSpecification","valueRequired":true,"valueName":"search_term_string"}}],"inLanguage":"fr-FR"},{"@type":"Organization","@id":"https:\/\/noclegioswiecim.eu\/#organization","name":"Comfort Apartments","url":"https:\/\/noclegioswiecim.eu\/","logo":{"@type":"ImageObject","inLanguage":"fr-FR","@id":"https:\/\/noclegioswiecim.eu\/#\/schema\/logo\/image\/","url":"https:\/\/noclegioswiecim.eu\/wp-content\/uploads\/2023\/02\/favicona.png","contentUrl":"https:\/\/noclegioswiecim.eu\/wp-content\/uploads\/2023\/02\/favicona.png","width":200,"height":200,"caption":"Comfort Apartments"},"image":{"@id":"https:\/\/noclegioswiecim.eu\/#\/schema\/logo\/image\/"},"sameAs":["https:\/\/www.facebook.com\/oswiecimapartments\/","https:\/\/goo.gl\/maps\/H9x6rxoZWfK3ad1j6","https:\/\/www.instagram.com\/oswiecimapartments\/"]},{"@type":"Person","@id":"https:\/\/noclegioswiecim.eu\/#\/schema\/person\/feafb30ea03805a331616c6bfd80e947","name":"Patrycja","image":{"@type":"ImageObject","inLanguage":"fr-FR","@id":"https:\/\/secure.gravatar.com\/avatar\/7c37283748b62bb21affee70f751e75b04d527b2d023e14cdffee17064819ea3?s=96&d=mm&r=g","url":"https:\/\/secure.gravatar.com\/avatar\/7c37283748b62bb21affee70f751e75b04d527b2d023e14cdffee17064819ea3?s=96&d=mm&r=g","contentUrl":"https:\/\/secure.gravatar.com\/avatar\/7c37283748b62bb21affee70f751e75b04d527b2d023e14cdffee17064819ea3?s=96&d=mm&r=g","caption":"Patrycja"}}]}},"_links":{"self":[{"href":"https:\/\/noclegioswiecim.eu\/fr\/wp-json\/wp\/v2\/posts\/4086","targetHints":{"allow":["GET"]}}],"collection":[{"href":"https:\/\/noclegioswiecim.eu\/fr\/wp-json\/wp\/v2\/posts"}],"about":[{"href":"https:\/\/noclegioswiecim.eu\/fr\/wp-json\/wp\/v2\/types\/post"}],"author":[{"embeddable":true,"href":"https:\/\/noclegioswiecim.eu\/fr\/wp-json\/wp\/v2\/users\/2"}],"replies":[{"embeddable":true,"href":"https:\/\/noclegioswiecim.eu\/fr\/wp-json\/wp\/v2\/comments?post=4086"}],"version-history":[{"count":0,"href":"https:\/\/noclegioswiecim.eu\/fr\/wp-json\/wp\/v2\/posts\/4086\/revisions"}],"wp:featuredmedia":[{"embeddable":true,"href":"https:\/\/noclegioswiecim.eu\/fr\/wp-json\/wp\/v2\/media\/4087"}],"wp:attachment":[{"href":"https:\/\/noclegioswiecim.eu\/fr\/wp-json\/wp\/v2\/media?parent=4086"}],"wp:term":[{"taxonomy":"category","embeddable":true,"href":"https:\/\/noclegioswiecim.eu\/fr\/wp-json\/wp\/v2\/categories?post=4086"},{"taxonomy":"post_tag","embeddable":true,"href":"https:\/\/noclegioswiecim.eu\/fr\/wp-json\/wp\/v2\/tags?post=4086"}],"curies":[{"name":"wp","href":"https:\/\/api.w.org\/{rel}","templated":true}]}}