{"id":4012,"date":"2022-08-15T00:00:00","date_gmt":"2022-08-14T22:00:00","guid":{"rendered":"https:\/\/noclegioswiecim.eu\/non-classifiee\/la-minorite-juive-doswiecim-decouvrez-son-histoire\/"},"modified":"2024-03-22T11:07:28","modified_gmt":"2024-03-22T10:07:28","slug":"la-minorite-juive-doswiecim-decouvrez-son-histoire","status":"publish","type":"post","link":"https:\/\/noclegioswiecim.eu\/fr\/guide\/la-minorite-juive-doswiecim-decouvrez-son-histoire\/","title":{"rendered":"La minorit\u00e9 juive d&rsquo;O\u015bwi\u0119cim &#8211; d\u00e9couvrez son histoire !"},"content":{"rendered":"<p>La minorit\u00e9 juive habite depuis longtemps le territoire polonais. Le premier document qui confirme l&rsquo;octroi de privil\u00e8ges et d&rsquo;une ind\u00e9pendance juridique aux Juifs est le statut de Kalisz, datant du 13e si\u00e8cle. Les Juifs ont habit\u00e9 diverses r\u00e9gions de Pologne, comme en t\u00e9moignent les cimeti\u00e8res juifs et les synagogues qui existent encore aujourd&rsquo;hui ; \u00e0 <strong>O\u015bwi\u0119cim<\/strong>, avant la Seconde Guerre mondiale, la population juive repr\u00e9sentait plus de la moiti\u00e9 de la population de la ville.<\/p>\n<p>Il vaut la peine de partir sur les traces des Juifs d&rsquo;O\u015bwi\u0119cim et de d\u00e9couvrir l&rsquo;histoire de cette minorit\u00e9 nationale, car ils formaient autrefois une grande partie de la communaut\u00e9 dans de nombreuses villes et villages polonais. Nous devrions pr\u00e9parer notre rencontre avec l&rsquo;histoire en r\u00e9servant un <strong>h\u00f4tel<\/strong> \u00e0 <strong>O\u015bwi\u0119cim<\/strong> ou des <strong>appartements \u00e0 O\u015bwi\u0119cim<\/strong> et en pr\u00e9parant un itin\u00e9raire sur les traces de la minorit\u00e9 juive. Un s\u00e9jour plus long \u00e0 O\u015bwi\u0119cim vous permettra non seulement de visiter les sites de l&rsquo;histoire de la minorit\u00e9 juive, mais sera aussi l&rsquo;occasion de profiter des attractions touristiques environnantes et de vous d\u00e9tendre dans le cadre d&rsquo;une belle nature. <strong>R\u00e9server O\u015bwi\u0119cim<\/strong> vous permet de r\u00e9server un h\u00e9bergement parfaitement adapt\u00e9 \u00e0 vos besoins sans quitter votre domicile.<\/p>\n<p>&nbsp;<\/p>\n<h2>Histoire des Juifs d&rsquo;O\u015bwi\u0119cim<\/h2>\n<p>L&rsquo;installation des Juifs en Pologne a commenc\u00e9 il y a tr\u00e8s longtemps. Pendant de nombreux si\u00e8cles, les Juifs ont r\u00e9sid\u00e9, entre autres, dans les villes suivantes. dans la r\u00e9gion de <strong>Malopolska<\/strong>, o\u00f9 passaient d&rsquo;importantes routes commerciales. Les traces de la pr\u00e9sence de la minorit\u00e9 juive sont visibles dans de nombreuses villes et villages polonais. Depuis 1989, on assiste \u00e0 un renouveau de la vie juive en Pologne.<\/p>\n<p>Mais remontons dans le temps pour retracer l&rsquo;histoire de la minorit\u00e9 juive, qui repr\u00e9sentait autrefois un pourcentage important de la population vivant en Pologne. L&rsquo;une des villes o\u00f9 vivaient de nombreux juifs est O\u015bwi\u0119cim. La ville est principalement associ\u00e9e \u00e0 la Seconde Guerre mondiale et \u00e0 la politique de l&rsquo;Endl\u00f6sung d&rsquo;Hitler, qui a conduit \u00e0 l&rsquo;extermination massive des repr\u00e9sentants de cette nationalit\u00e9 et d&rsquo;autres minorit\u00e9s, sans \u00e9pargner les Polonais. Les preuves des crimes nazis se trouvent au <strong>m\u00e9morial et au mus\u00e9e d&rsquo;Auschwitz-Birkenau<\/strong>, o\u00f9 les Allemands ont priv\u00e9 de leur dignit\u00e9 et de leur vie environ 1 \u00e0 1,35 million de Juifs, environ 75 000 Polonais et environ 20 000 Roms.<\/p>\n<p>Avant la Seconde Guerre mondiale, les Juifs repr\u00e9sentaient environ 10 % de la population totale de la Pologne, menant une vie tranquille et enrichissant culturellement les r\u00e9gions dans lesquelles ils vivaient. Les Juifs sont arriv\u00e9s \u00e0 Oswiecim au XVIe si\u00e8cle. Un document qui confirme l&rsquo;implantation juive est l&rsquo;inventaire de tous les pourcentages d&rsquo;O\u015bwi\u0119cim en 1549 &#8211; \u00e0 cette \u00e9poque, les anciens privil\u00e8ges accord\u00e9s aux Juifs ont \u00e9t\u00e9 confirm\u00e9s par Casimir Jagiellonian. Selon des sources historiques, la minorit\u00e9 juive a d&rsquo;abord v\u00e9cu dans les environs du ch\u00e2teau, avant de s&rsquo;installer progressivement dans d&rsquo;autres quartiers de la ville.<\/p>\n<p>Depuis de nombreux si\u00e8cles, la minorit\u00e9 juive a contribu\u00e9, entre autres, \u00e0 l&rsquo;am\u00e9lioration de l&rsquo;image de marque de l&rsquo;Union europ\u00e9enne. au d\u00e9veloppement \u00e9conomique d&rsquo;O\u015bwi\u0119cim et de ses environs, ainsi qu&rsquo;\u00e0 l&rsquo;enrichissement culturel de la Ma\u0142opolska. Pendant la Premi\u00e8re Guerre mondiale, les Juifs vivant \u00e0 Auschwitz ont \u00e9t\u00e9 impliqu\u00e9s, entre autres, dans&#8230; en promouvant l&rsquo;id\u00e9e des l\u00e9gions polonaises. L&rsquo;entre-deux-guerres a \u00e9t\u00e9 une p\u00e9riode de vie culturelle et sportive florissante pour la communaut\u00e9 juive d&rsquo;O\u015bwi\u0119cim. La vie paisible de la communaut\u00e9 polonaise et juive a \u00e9t\u00e9 interrompue par la Seconde Guerre mondiale.<\/p>\n<p>&nbsp;<\/p>\n<h2>La minorit\u00e9 juive &#8211; monuments et sites importants pour conna\u00eetre l&rsquo;histoire des Juifs d&rsquo;O\u015bwi\u0119cim<\/h2>\n<p>Dans la r\u00e9gion d&rsquo;O\u015bwi\u0119cim, vous trouverez de nombreux souvenirs li\u00e9s \u00e0 la minorit\u00e9 juive. La liste des sites \u00e0 voir comprend<\/p>\n<ul>\n<li><strong>Synagogue Chevra Lomdei Mishnayot<\/strong> (Association des \u00e9tudiants de la <strong>mishna<\/strong> h\u00e9bra\u00efque),<\/li>\n<li><strong>Parc comm\u00e9moratif de la Grande Synagogue,<\/strong><\/li>\n<li><strong>Cimeti\u00e8re juif<\/strong>.<\/li>\n<\/ul>\n<p>Un lieu \u00e0 visiter obligatoirement si l&rsquo;on veut conna\u00eetre l&rsquo;histoire des Juifs d&rsquo;<strong>O\u015bwi\u0119cim<\/strong> est le <strong>Mus\u00e9e juif d&rsquo;O\u015bwi\u0119cim<\/strong>, o\u00f9 l&rsquo;on peut admirer de nombreuses expositions, dont les suivantes. \u00e0 partir de documents et de photographies. Le mus\u00e9e poss\u00e8de \u00e9galement des collections multim\u00e9dias. Les visiteurs peuvent utiliser l&rsquo;app : OSZPICIN Guide de l&rsquo;histoire juive d&rsquo;O\u015bwi\u0119cim. Le <strong>Caf\u00e9 Bergson<\/strong>, qui fait partie du mus\u00e9e juif d&rsquo;Auschwitz, a \u00e9t\u00e9 am\u00e9nag\u00e9 dans la maison du dernier habitant juif de la ville. Vous pourrez y d\u00e9guster des produits r\u00e9gionaux et traditionnels, tout en communiant avec la culture locale.<\/p>\n<p>Les relations entre les communaut\u00e9s juive et catholique d&rsquo;O\u015bwi\u0119cim sont pr\u00e9sent\u00e9es aux touristes par l&rsquo;exposition \u00a0\u00bb O\u015bwi\u0119cim Stories \u00ab\u00a0. <strong>L&rsquo;histoire de Jakob Haberfeld<\/strong> a \u00e9t\u00e9 cr\u00e9\u00e9e pour ceux qui souhaitent en savoir plus sur l&rsquo;histoire de la famille juive la plus influente d&rsquo;Oswiecim. Le mus\u00e9e est situ\u00e9 sur le site de l&rsquo;ancienne <strong>usine de vodka et de liqueur Steam<\/strong>, qui servait \u00e9galement de pub musical.<\/p>\n<p>&nbsp;<\/p>\n<h2>R\u00e9sum\u00e9<\/h2>\n<p>La ville d&rsquo;Oswiecim \u00e9tait habit\u00e9e par une minorit\u00e9 juive depuis le XVIe si\u00e8cle. Dans la ville et ses environs imm\u00e9diats, vous pourrez d\u00e9couvrir l&rsquo;histoire des Juifs d&rsquo;Auschwitz et ressentir l&rsquo;\u00e9normit\u00e9 de la trag\u00e9die qui s&rsquo;est d\u00e9roul\u00e9e dans les camps de concentration mis en place par les Allemands. Lors de la planification d&rsquo;un s\u00e9jour \u00e0 Oswiecim, il est n\u00e9cessaire de r\u00e9server un <strong>logement \u00e0 Oswiecim<\/strong> \u00e0 l&rsquo;avance afin de profiter pleinement du potentiel historique et touristique de la r\u00e9gion, qui regorge de nombreux monuments, de lieux d&rsquo;une beaut\u00e9 naturelle exceptionnelle, et vous permet \u00e9galement de profiter de nombreuses activit\u00e9s de divertissement modernes.<\/p>\n","protected":false},"excerpt":{"rendered":"<p>La minorit\u00e9 juive habite depuis longtemps le territoire polonais. Le [&hellip;]<\/p>\n","protected":false},"author":1,"featured_media":4015,"comment_status":"closed","ping_status":"closed","sticky":false,"template":"","format":"standard","meta":{"footnotes":""},"categories":[152],"tags":[],"class_list":["post-4012","post","type-post","status-publish","format-standard","has-post-thumbnail","hentry","category-guide"],"yoast_head":"<!-- This site is optimized with the Yoast SEO plugin v27.5 - https:\/\/yoast.com\/product\/yoast-seo-wordpress\/ -->\n<title>La minorit\u00e9 juive d&#039;O\u015bwi\u0119cim - d\u00e9couvrez son histoire ! - Comfort Apartments<\/title>\n<meta name=\"description\" content=\"Pendant de nombreux si\u00e8cles, les Juifs ont r\u00e9sid\u00e9, entre autres, dans les villes suivantes. dans la r\u00e9gion de Malopolska, o\u00f9 passaient d&#039;importantes routes commerciales.\" \/>\n<meta name=\"robots\" content=\"index, follow, max-snippet:-1, max-image-preview:large, max-video-preview:-1\" \/>\n<link rel=\"canonical\" href=\"https:\/\/noclegioswiecim.eu\/fr\/?p=4012\" \/>\n<meta property=\"og:locale\" content=\"fr_FR\" \/>\n<meta property=\"og:type\" content=\"article\" \/>\n<meta property=\"og:title\" content=\"La minorit\u00e9 juive d&#039;O\u015bwi\u0119cim - d\u00e9couvrez son histoire ! - Comfort Apartments\" \/>\n<meta property=\"og:description\" content=\"Pendant de nombreux si\u00e8cles, les Juifs ont r\u00e9sid\u00e9, entre autres, dans les villes suivantes. dans la r\u00e9gion de Malopolska, o\u00f9 passaient d&#039;importantes routes commerciales.\" \/>\n<meta property=\"og:url\" content=\"https:\/\/noclegioswiecim.eu\/fr\/?p=4012\" \/>\n<meta property=\"og:site_name\" content=\"Comfort Apartments\" \/>\n<meta property=\"article:publisher\" content=\"https:\/\/www.facebook.com\/oswiecimapartments\/\" \/>\n<meta property=\"article:published_time\" content=\"2022-08-14T22:00:00+00:00\" \/>\n<meta property=\"article:modified_time\" content=\"2024-03-22T10:07:28+00:00\" \/>\n<meta property=\"og:image\" content=\"https:\/\/noclegioswiecim.eu\/wp-content\/uploads\/2023\/07\/Noclegi-oswiecim-mniejszosc-zydowska.jpg\" \/>\n\t<meta property=\"og:image:width\" content=\"1167\" \/>\n\t<meta property=\"og:image:height\" content=\"843\" \/>\n\t<meta property=\"og:image:type\" content=\"image\/jpeg\" \/>\n<meta name=\"author\" content=\"PXadamCA\" \/>\n<meta name=\"twitter:card\" content=\"summary_large_image\" \/>\n<meta name=\"twitter:label1\" content=\"\u00c9crit par\" \/>\n\t<meta name=\"twitter:data1\" content=\"PXadamCA\" \/>\n\t<meta name=\"twitter:label2\" content=\"Dur\u00e9e de lecture estim\u00e9e\" \/>\n\t<meta name=\"twitter:data2\" content=\"5 minutes\" \/>\n<script type=\"application\/ld+json\" class=\"yoast-schema-graph\">{\"@context\":\"https:\\\/\\\/schema.org\",\"@graph\":[{\"@type\":\"Article\",\"@id\":\"https:\\\/\\\/noclegioswiecim.eu\\\/fr\\\/?p=4012#article\",\"isPartOf\":{\"@id\":\"https:\\\/\\\/noclegioswiecim.eu\\\/fr\\\/?p=4012\"},\"author\":{\"name\":\"PXadamCA\",\"@id\":\"https:\\\/\\\/noclegioswiecim.eu\\\/#\\\/schema\\\/person\\\/d89109dc869efec6edf36e8afbef6437\"},\"headline\":\"La minorit\u00e9 juive d&rsquo;O\u015bwi\u0119cim &#8211; d\u00e9couvrez son histoire !\",\"datePublished\":\"2022-08-14T22:00:00+00:00\",\"dateModified\":\"2024-03-22T10:07:28+00:00\",\"mainEntityOfPage\":{\"@id\":\"https:\\\/\\\/noclegioswiecim.eu\\\/fr\\\/?p=4012\"},\"wordCount\":1038,\"publisher\":{\"@id\":\"https:\\\/\\\/noclegioswiecim.eu\\\/#organization\"},\"image\":{\"@id\":\"https:\\\/\\\/noclegioswiecim.eu\\\/fr\\\/?p=4012#primaryimage\"},\"thumbnailUrl\":\"https:\\\/\\\/noclegioswiecim.eu\\\/wp-content\\\/uploads\\\/2023\\\/07\\\/Noclegi-oswiecim-mniejszosc-zydowska.jpg\",\"articleSection\":[\"Guide\"],\"inLanguage\":\"fr-FR\"},{\"@type\":\"WebPage\",\"@id\":\"https:\\\/\\\/noclegioswiecim.eu\\\/fr\\\/?p=4012\",\"url\":\"https:\\\/\\\/noclegioswiecim.eu\\\/fr\\\/?p=4012\",\"name\":\"La minorit\u00e9 juive d'O\u015bwi\u0119cim - d\u00e9couvrez son histoire ! - Comfort Apartments\",\"isPartOf\":{\"@id\":\"https:\\\/\\\/noclegioswiecim.eu\\\/#website\"},\"primaryImageOfPage\":{\"@id\":\"https:\\\/\\\/noclegioswiecim.eu\\\/fr\\\/?p=4012#primaryimage\"},\"image\":{\"@id\":\"https:\\\/\\\/noclegioswiecim.eu\\\/fr\\\/?p=4012#primaryimage\"},\"thumbnailUrl\":\"https:\\\/\\\/noclegioswiecim.eu\\\/wp-content\\\/uploads\\\/2023\\\/07\\\/Noclegi-oswiecim-mniejszosc-zydowska.jpg\",\"datePublished\":\"2022-08-14T22:00:00+00:00\",\"dateModified\":\"2024-03-22T10:07:28+00:00\",\"description\":\"Pendant de nombreux si\u00e8cles, les Juifs ont r\u00e9sid\u00e9, entre autres, dans les villes suivantes. dans la r\u00e9gion de Malopolska, o\u00f9 passaient d'importantes routes commerciales.\",\"breadcrumb\":{\"@id\":\"https:\\\/\\\/noclegioswiecim.eu\\\/fr\\\/?p=4012#breadcrumb\"},\"inLanguage\":\"fr-FR\",\"potentialAction\":[{\"@type\":\"ReadAction\",\"target\":[\"https:\\\/\\\/noclegioswiecim.eu\\\/fr\\\/?p=4012\"]}]},{\"@type\":\"ImageObject\",\"inLanguage\":\"fr-FR\",\"@id\":\"https:\\\/\\\/noclegioswiecim.eu\\\/fr\\\/?p=4012#primaryimage\",\"url\":\"https:\\\/\\\/noclegioswiecim.eu\\\/wp-content\\\/uploads\\\/2023\\\/07\\\/Noclegi-oswiecim-mniejszosc-zydowska.jpg\",\"contentUrl\":\"https:\\\/\\\/noclegioswiecim.eu\\\/wp-content\\\/uploads\\\/2023\\\/07\\\/Noclegi-oswiecim-mniejszosc-zydowska.jpg\",\"width\":1167,\"height\":843},{\"@type\":\"BreadcrumbList\",\"@id\":\"https:\\\/\\\/noclegioswiecim.eu\\\/fr\\\/?p=4012#breadcrumb\",\"itemListElement\":[{\"@type\":\"ListItem\",\"position\":1,\"name\":\"Strona g\u0142\u00f3wna\",\"item\":\"https:\\\/\\\/noclegioswiecim.eu\\\/fr\\\/\"},{\"@type\":\"ListItem\",\"position\":2,\"name\":\"La minorit\u00e9 juive d&rsquo;O\u015bwi\u0119cim &#8211; d\u00e9couvrez son histoire !\"}]},{\"@type\":\"WebSite\",\"@id\":\"https:\\\/\\\/noclegioswiecim.eu\\\/#website\",\"url\":\"https:\\\/\\\/noclegioswiecim.eu\\\/\",\"name\":\"Comfort Apartments\",\"description\":\"Noclegi O\u015bwi\u0119cim \\\/ Booking O\u015bwi\u0119cim\",\"publisher\":{\"@id\":\"https:\\\/\\\/noclegioswiecim.eu\\\/#organization\"},\"potentialAction\":[{\"@type\":\"SearchAction\",\"target\":{\"@type\":\"EntryPoint\",\"urlTemplate\":\"https:\\\/\\\/noclegioswiecim.eu\\\/?s={search_term_string}\"},\"query-input\":{\"@type\":\"PropertyValueSpecification\",\"valueRequired\":true,\"valueName\":\"search_term_string\"}}],\"inLanguage\":\"fr-FR\"},{\"@type\":\"Organization\",\"@id\":\"https:\\\/\\\/noclegioswiecim.eu\\\/#organization\",\"name\":\"Comfort Apartments\",\"url\":\"https:\\\/\\\/noclegioswiecim.eu\\\/\",\"logo\":{\"@type\":\"ImageObject\",\"inLanguage\":\"fr-FR\",\"@id\":\"https:\\\/\\\/noclegioswiecim.eu\\\/#\\\/schema\\\/logo\\\/image\\\/\",\"url\":\"https:\\\/\\\/noclegioswiecim.eu\\\/wp-content\\\/uploads\\\/2023\\\/02\\\/favicona.png\",\"contentUrl\":\"https:\\\/\\\/noclegioswiecim.eu\\\/wp-content\\\/uploads\\\/2023\\\/02\\\/favicona.png\",\"width\":200,\"height\":200,\"caption\":\"Comfort Apartments\"},\"image\":{\"@id\":\"https:\\\/\\\/noclegioswiecim.eu\\\/#\\\/schema\\\/logo\\\/image\\\/\"},\"sameAs\":[\"https:\\\/\\\/www.facebook.com\\\/oswiecimapartments\\\/\",\"https:\\\/\\\/goo.gl\\\/maps\\\/H9x6rxoZWfK3ad1j6\",\"https:\\\/\\\/www.instagram.com\\\/oswiecimapartments\\\/\"]},{\"@type\":\"Person\",\"@id\":\"https:\\\/\\\/noclegioswiecim.eu\\\/#\\\/schema\\\/person\\\/d89109dc869efec6edf36e8afbef6437\",\"name\":\"PXadamCA\",\"image\":{\"@type\":\"ImageObject\",\"inLanguage\":\"fr-FR\",\"@id\":\"https:\\\/\\\/secure.gravatar.com\\\/avatar\\\/adc1dd343d8c5124e40417ce67f1c600f00e279f2aad6a878cce8661419565aa?s=96&d=mm&r=g\",\"url\":\"https:\\\/\\\/secure.gravatar.com\\\/avatar\\\/adc1dd343d8c5124e40417ce67f1c600f00e279f2aad6a878cce8661419565aa?s=96&d=mm&r=g\",\"contentUrl\":\"https:\\\/\\\/secure.gravatar.com\\\/avatar\\\/adc1dd343d8c5124e40417ce67f1c600f00e279f2aad6a878cce8661419565aa?s=96&d=mm&r=g\",\"caption\":\"PXadamCA\"},\"sameAs\":[\"https:\\\/\\\/comfort.proadax-dev.pl\"]}]}<\/script>\n<!-- \/ Yoast SEO plugin. -->","yoast_head_json":{"title":"La minorit\u00e9 juive d'O\u015bwi\u0119cim - d\u00e9couvrez son histoire ! - Comfort Apartments","description":"Pendant de nombreux si\u00e8cles, les Juifs ont r\u00e9sid\u00e9, entre autres, dans les villes suivantes. dans la r\u00e9gion de Malopolska, o\u00f9 passaient d'importantes routes commerciales.","robots":{"index":"index","follow":"follow","max-snippet":"max-snippet:-1","max-image-preview":"max-image-preview:large","max-video-preview":"max-video-preview:-1"},"canonical":"https:\/\/noclegioswiecim.eu\/fr\/?p=4012","og_locale":"fr_FR","og_type":"article","og_title":"La minorit\u00e9 juive d'O\u015bwi\u0119cim - d\u00e9couvrez son histoire ! - Comfort Apartments","og_description":"Pendant de nombreux si\u00e8cles, les Juifs ont r\u00e9sid\u00e9, entre autres, dans les villes suivantes. dans la r\u00e9gion de Malopolska, o\u00f9 passaient d'importantes routes commerciales.","og_url":"https:\/\/noclegioswiecim.eu\/fr\/?p=4012","og_site_name":"Comfort Apartments","article_publisher":"https:\/\/www.facebook.com\/oswiecimapartments\/","article_published_time":"2022-08-14T22:00:00+00:00","article_modified_time":"2024-03-22T10:07:28+00:00","og_image":[{"width":1167,"height":843,"url":"https:\/\/noclegioswiecim.eu\/wp-content\/uploads\/2023\/07\/Noclegi-oswiecim-mniejszosc-zydowska.jpg","type":"image\/jpeg"}],"author":"PXadamCA","twitter_card":"summary_large_image","twitter_misc":{"\u00c9crit par":"PXadamCA","Dur\u00e9e de lecture estim\u00e9e":"5 minutes"},"schema":{"@context":"https:\/\/schema.org","@graph":[{"@type":"Article","@id":"https:\/\/noclegioswiecim.eu\/fr\/?p=4012#article","isPartOf":{"@id":"https:\/\/noclegioswiecim.eu\/fr\/?p=4012"},"author":{"name":"PXadamCA","@id":"https:\/\/noclegioswiecim.eu\/#\/schema\/person\/d89109dc869efec6edf36e8afbef6437"},"headline":"La minorit\u00e9 juive d&rsquo;O\u015bwi\u0119cim &#8211; d\u00e9couvrez son histoire !","datePublished":"2022-08-14T22:00:00+00:00","dateModified":"2024-03-22T10:07:28+00:00","mainEntityOfPage":{"@id":"https:\/\/noclegioswiecim.eu\/fr\/?p=4012"},"wordCount":1038,"publisher":{"@id":"https:\/\/noclegioswiecim.eu\/#organization"},"image":{"@id":"https:\/\/noclegioswiecim.eu\/fr\/?p=4012#primaryimage"},"thumbnailUrl":"https:\/\/noclegioswiecim.eu\/wp-content\/uploads\/2023\/07\/Noclegi-oswiecim-mniejszosc-zydowska.jpg","articleSection":["Guide"],"inLanguage":"fr-FR"},{"@type":"WebPage","@id":"https:\/\/noclegioswiecim.eu\/fr\/?p=4012","url":"https:\/\/noclegioswiecim.eu\/fr\/?p=4012","name":"La minorit\u00e9 juive d'O\u015bwi\u0119cim - d\u00e9couvrez son histoire ! - Comfort Apartments","isPartOf":{"@id":"https:\/\/noclegioswiecim.eu\/#website"},"primaryImageOfPage":{"@id":"https:\/\/noclegioswiecim.eu\/fr\/?p=4012#primaryimage"},"image":{"@id":"https:\/\/noclegioswiecim.eu\/fr\/?p=4012#primaryimage"},"thumbnailUrl":"https:\/\/noclegioswiecim.eu\/wp-content\/uploads\/2023\/07\/Noclegi-oswiecim-mniejszosc-zydowska.jpg","datePublished":"2022-08-14T22:00:00+00:00","dateModified":"2024-03-22T10:07:28+00:00","description":"Pendant de nombreux si\u00e8cles, les Juifs ont r\u00e9sid\u00e9, entre autres, dans les villes suivantes. dans la r\u00e9gion de Malopolska, o\u00f9 passaient d'importantes routes commerciales.","breadcrumb":{"@id":"https:\/\/noclegioswiecim.eu\/fr\/?p=4012#breadcrumb"},"inLanguage":"fr-FR","potentialAction":[{"@type":"ReadAction","target":["https:\/\/noclegioswiecim.eu\/fr\/?p=4012"]}]},{"@type":"ImageObject","inLanguage":"fr-FR","@id":"https:\/\/noclegioswiecim.eu\/fr\/?p=4012#primaryimage","url":"https:\/\/noclegioswiecim.eu\/wp-content\/uploads\/2023\/07\/Noclegi-oswiecim-mniejszosc-zydowska.jpg","contentUrl":"https:\/\/noclegioswiecim.eu\/wp-content\/uploads\/2023\/07\/Noclegi-oswiecim-mniejszosc-zydowska.jpg","width":1167,"height":843},{"@type":"BreadcrumbList","@id":"https:\/\/noclegioswiecim.eu\/fr\/?p=4012#breadcrumb","itemListElement":[{"@type":"ListItem","position":1,"name":"Strona g\u0142\u00f3wna","item":"https:\/\/noclegioswiecim.eu\/fr\/"},{"@type":"ListItem","position":2,"name":"La minorit\u00e9 juive d&rsquo;O\u015bwi\u0119cim &#8211; d\u00e9couvrez son histoire !"}]},{"@type":"WebSite","@id":"https:\/\/noclegioswiecim.eu\/#website","url":"https:\/\/noclegioswiecim.eu\/","name":"Comfort Apartments","description":"Noclegi O\u015bwi\u0119cim \/ Booking O\u015bwi\u0119cim","publisher":{"@id":"https:\/\/noclegioswiecim.eu\/#organization"},"potentialAction":[{"@type":"SearchAction","target":{"@type":"EntryPoint","urlTemplate":"https:\/\/noclegioswiecim.eu\/?s={search_term_string}"},"query-input":{"@type":"PropertyValueSpecification","valueRequired":true,"valueName":"search_term_string"}}],"inLanguage":"fr-FR"},{"@type":"Organization","@id":"https:\/\/noclegioswiecim.eu\/#organization","name":"Comfort Apartments","url":"https:\/\/noclegioswiecim.eu\/","logo":{"@type":"ImageObject","inLanguage":"fr-FR","@id":"https:\/\/noclegioswiecim.eu\/#\/schema\/logo\/image\/","url":"https:\/\/noclegioswiecim.eu\/wp-content\/uploads\/2023\/02\/favicona.png","contentUrl":"https:\/\/noclegioswiecim.eu\/wp-content\/uploads\/2023\/02\/favicona.png","width":200,"height":200,"caption":"Comfort Apartments"},"image":{"@id":"https:\/\/noclegioswiecim.eu\/#\/schema\/logo\/image\/"},"sameAs":["https:\/\/www.facebook.com\/oswiecimapartments\/","https:\/\/goo.gl\/maps\/H9x6rxoZWfK3ad1j6","https:\/\/www.instagram.com\/oswiecimapartments\/"]},{"@type":"Person","@id":"https:\/\/noclegioswiecim.eu\/#\/schema\/person\/d89109dc869efec6edf36e8afbef6437","name":"PXadamCA","image":{"@type":"ImageObject","inLanguage":"fr-FR","@id":"https:\/\/secure.gravatar.com\/avatar\/adc1dd343d8c5124e40417ce67f1c600f00e279f2aad6a878cce8661419565aa?s=96&d=mm&r=g","url":"https:\/\/secure.gravatar.com\/avatar\/adc1dd343d8c5124e40417ce67f1c600f00e279f2aad6a878cce8661419565aa?s=96&d=mm&r=g","contentUrl":"https:\/\/secure.gravatar.com\/avatar\/adc1dd343d8c5124e40417ce67f1c600f00e279f2aad6a878cce8661419565aa?s=96&d=mm&r=g","caption":"PXadamCA"},"sameAs":["https:\/\/comfort.proadax-dev.pl"]}]}},"_links":{"self":[{"href":"https:\/\/noclegioswiecim.eu\/fr\/wp-json\/wp\/v2\/posts\/4012","targetHints":{"allow":["GET"]}}],"collection":[{"href":"https:\/\/noclegioswiecim.eu\/fr\/wp-json\/wp\/v2\/posts"}],"about":[{"href":"https:\/\/noclegioswiecim.eu\/fr\/wp-json\/wp\/v2\/types\/post"}],"author":[{"embeddable":true,"href":"https:\/\/noclegioswiecim.eu\/fr\/wp-json\/wp\/v2\/users\/1"}],"replies":[{"embeddable":true,"href":"https:\/\/noclegioswiecim.eu\/fr\/wp-json\/wp\/v2\/comments?post=4012"}],"version-history":[{"count":1,"href":"https:\/\/noclegioswiecim.eu\/fr\/wp-json\/wp\/v2\/posts\/4012\/revisions"}],"predecessor-version":[{"id":4016,"href":"https:\/\/noclegioswiecim.eu\/fr\/wp-json\/wp\/v2\/posts\/4012\/revisions\/4016"}],"wp:featuredmedia":[{"embeddable":true,"href":"https:\/\/noclegioswiecim.eu\/fr\/wp-json\/wp\/v2\/media\/4015"}],"wp:attachment":[{"href":"https:\/\/noclegioswiecim.eu\/fr\/wp-json\/wp\/v2\/media?parent=4012"}],"wp:term":[{"taxonomy":"category","embeddable":true,"href":"https:\/\/noclegioswiecim.eu\/fr\/wp-json\/wp\/v2\/categories?post=4012"},{"taxonomy":"post_tag","embeddable":true,"href":"https:\/\/noclegioswiecim.eu\/fr\/wp-json\/wp\/v2\/tags?post=4012"}],"curies":[{"name":"wp","href":"https:\/\/api.w.org\/{rel}","templated":true}]}}