{"id":4010,"date":"2023-01-15T00:00:00","date_gmt":"2023-01-14T23:00:00","guid":{"rendered":"https:\/\/noclegioswiecim.eu\/non-classifiee\/visite-du-musee-dauschwitz-birkenau-comment-se-preparer\/"},"modified":"2024-03-22T11:07:27","modified_gmt":"2024-03-22T10:07:27","slug":"visite-du-musee-dauschwitz-birkenau-comment-se-preparer","status":"publish","type":"post","link":"https:\/\/noclegioswiecim.eu\/fr\/guide\/visite-du-musee-dauschwitz-birkenau-comment-se-preparer\/","title":{"rendered":"Visite du mus\u00e9e d&rsquo;Auschwitz-Birkenau &#8211; comment se pr\u00e9parer ?"},"content":{"rendered":"<p>La visite du <strong>mus\u00e9e d&rsquo;Auschwitz-Birkenau<\/strong> est une v\u00e9ritable exp\u00e9rience. Vous devez vous pr\u00e9parer en cons\u00e9quence. Pour faciliter la planification de votre visite \u00e0 Auschwitz, il est conseill\u00e9 de conna\u00eetre \u00e0 l&rsquo;avance les r\u00e8gles de visite du mus\u00e9e, qui sont l\u00e9g\u00e8rement diff\u00e9rentes pour les visiteurs individuels et les groupes organis\u00e9s. Que faut-il savoir sur les r\u00e8gles de visite du mus\u00e9e d&rsquo;Auschwitz-Birkenau ?<\/p>\n<h2>S\u00e9jour \u00e0 Auschwitz &#8211; comment pr\u00e9parer le voyage ?<\/h2>\n<p>Quel que soit le but de notre visite \u00e0 <strong>Auschwitz<\/strong>, nous devons planifier notre voyage \u00e0 l&rsquo;avance afin d&rsquo;\u00e9viter les mauvaises surprises. Pour commencer, il vaut la peine de <strong>r\u00e9server un<\/strong> logement &#8211; <strong>r\u00e9server<\/strong> Auschwitz vous permettra de trouver <strong>un h\u00f4tel<\/strong> \u00e0 Auschwitz et d&rsquo;autres logements tels que des <strong>appartements<\/strong> \u00e0 Auschwitz qui garantissent l&rsquo;intimit\u00e9 et permettent d&rsquo;\u00e9conomiser beaucoup d&rsquo;argent.<\/p>\n<p>L&rsquo;\u00e9tape suivante consiste \u00e0 pr\u00e9parer un plan de tourn\u00e9e. Il doit tenir compte des monuments et des attractions touristiques d&rsquo;int\u00e9r\u00eat, qui sont nombreux \u00e0 O\u015bwi\u0119cim et dans les environs. Il vaut \u00e9galement la peine de d\u00e9cider \u00e0 l&rsquo;avance de votre mode de transport &#8211; depuis O\u015bwi\u0119cim, vous pouvez rejoindre de nombreux endroits int\u00e9ressants en bus ou en train, par exemple, ce qui vous permet de profiter au maximum de votre temps libre.<\/p>\n<h2>Visite du mus\u00e9e d&rsquo;Auschwitz-Birkenau<\/h2>\n<p><strong>Oswiecim<\/strong> est une ville fr\u00e9quemment visit\u00e9e, dont l&rsquo;histoire est li\u00e9e, entre autres, \u00e0 celle de la ville <strong>d&rsquo;Oswiecim<\/strong>. avec les \u00e9v\u00e9nements tragiques de la Seconde Guerre mondiale. C&rsquo;est ici, pendant les cinq longues ann\u00e9es d&rsquo;existence du camp de concentration et d&rsquo;extermination nazi, que les Allemands ont perp\u00e9tr\u00e9 leurs crimes horribles. Selon des sources historiques, 1 \u00e0 1,5 million de personnes sont mortes \u00e0 <strong>Auschwitz-Birkenau<\/strong>. La majorit\u00e9 d&rsquo;entre eux, soit 1 \u00e0 1,35 million, \u00e9taient des Juifs. Environ 70 000 \u00e0 75 000 personnes ont \u00e9galement \u00e9t\u00e9 tu\u00e9es \u00e0 Auschwitz-Birkenau. Polonais, environ 21 000. Roms et des milliers de personnes d&rsquo;autres nationalit\u00e9s.<\/p>\n<p>La visite du mus\u00e9e d&rsquo;Auschwitz-Birkenau exige un respect de l&rsquo;histoire du lieu, car il ne s&rsquo;agit pas d&rsquo;un voyage typique pour voir les monuments. Auschwitz-Birkenau est un lieu qui est devenu le t\u00e9moin silencieux d&rsquo;une souffrance inimaginable et de l&rsquo;effondrement de valeurs fondamentales. La visite du <strong>M\u00e9morial et du Mus\u00e9e d&rsquo;Auschwitz-Birkenau<\/strong>, devenu un symbole du g\u00e9nocide, implique des \u00e9motions auxquelles il faut se pr\u00e9parer \u00e0 l&rsquo;avance.<\/p>\n<p>La visite du mus\u00e9e d&rsquo;Auschwitz-Birkenau ob\u00e9it \u00e0 des r\u00e8gles sp\u00e9cifiques, qui diff\u00e8rent l\u00e9g\u00e8rement selon qu&rsquo;il s&rsquo;agit d&rsquo;un touriste individuel ou d&rsquo;un groupe organis\u00e9, par exemple une excursion scolaire. Avant de visiter le mus\u00e9e d&rsquo;Auschwitz-Birkenau, nous pouvons nous familiariser avec les documents disponibles en ligne afin de nous pr\u00e9parer au d\u00e9fi qui nous attend.  <strong>Sur le site web du mus\u00e9e, nous pouvons entre autres faire appel \u00e0 \u00e0 partir de la plate-forme e-learning<\/strong>pour en savoir plus sur le M\u00e9morial et son histoire.<\/p>\n<p><strong>Sur le site du mus\u00e9e d&rsquo;Auschwitz-Birkenau, vous trouverez \u00e9galement toutes les informations relatives aux r\u00e8gles de visite.  <\/strong>Il s&rsquo;agit d&rsquo;un ouvrage incontournable pour toute personne souhaitant entrer dans le mus\u00e9e. Il est important de noter qu&rsquo;il n&rsquo;est pas recommand\u00e9 de visiter le mus\u00e9e avec des enfants de moins de 14 ans. Le s\u00e9rieux doit \u00eatre maintenu dans l&rsquo;enceinte du mus\u00e9e d&rsquo;Auschwitz-Birkenau. Il est \u00e9galement essentiel de pr\u00eater attention au code vestimentaire, qui doit \u00eatre adapt\u00e9 au caract\u00e8re du lieu.<\/p>\n<p><strong>Les touristes individuels et les groupes organis\u00e9s peuvent entrer dans le mus\u00e9e<\/strong>. Les visites sont possibles avec une carte d&rsquo;entr\u00e9e nominative r\u00e9serv\u00e9e \u00e0 l&rsquo;avance. Les r\u00e9servations de cartes d&rsquo;entr\u00e9e peuvent \u00eatre effectu\u00e9es sur le site visit.auschwitz.org. Le nombre de cartes d&rsquo;entr\u00e9e disponibles le jour m\u00eame \u00e9tant limit\u00e9, il est conseill\u00e9 de r\u00e9server \u00e0 l&rsquo;avance.<\/p>\n<p>Pour les groupes organis\u00e9s, les visites ne sont possibles qu&rsquo;avec un guide du mus\u00e9e. Les visiteurs individuels ne sont pas oblig\u00e9s de suivre une visite guid\u00e9e, mais ils peuvent faire appel \u00e0 un guide pour en savoir plus sur l&rsquo;histoire des anciens camps d&rsquo;Auschwitz I et d&rsquo;Auschwitz II-Birkenau.<\/p>\n<p>L&rsquo;<strong>entr\u00e9e au mus\u00e9e est gratuite, mais l&rsquo;intervention d&rsquo;un guide-\u00e9ducateur<\/strong> est payante, de m\u00eame que la location d&rsquo;un casque, indispensable pour les groupes de plus de 10 personnes.<\/p>\n<p>Les <strong>personnes ayant r\u00e9serv\u00e9 une carte d&rsquo;entr\u00e9e personnalis\u00e9e doivent se pr\u00e9senter dans les locaux du mus\u00e9e au moins 30 minutes avant l&rsquo;heure pr\u00e9vue pour le d\u00e9but de la visite<\/strong>, afin de proc\u00e9der aux contr\u00f4les de s\u00e9curit\u00e9 n\u00e9cessaires. Les sacs, sacs \u00e0 dos et autres bagages de plus de 30x20x10 cm ne sont pas autoris\u00e9s \u00e0 entrer dans le mus\u00e9e ; les bagages plus volumineux peuvent \u00eatre d\u00e9pos\u00e9s dans les casiers payants.<\/p>\n<p>Les terrains des anciens camps d&rsquo;Auschwitz I et d&rsquo;Auschwitz II-Birkenau <strong>ne sont pas enti\u00e8rement adapt\u00e9s aux besoins des personnes ayant des difficult\u00e9s \u00e0 marcher<\/strong>, mais il est possible d&#8217;emprunter gratuitement un fauteuil roulant.<\/p>\n<p>IMPORTANT ! En raison de la nature du site, il est pr\u00e9f\u00e9rable de ne pas visiter le mus\u00e9e avec de jeunes enfants, qui pourraient avoir des difficult\u00e9s \u00e0 se comporter correctement sur le site des anciens camps d&rsquo;Auschwitz I et d&rsquo;Auschwitz II-Birkenau.<\/p>\n<h2>Combien de temps faut-il pour visiter le mus\u00e9e d&rsquo;Auschwitz-Birkenau ?<\/h2>\n<p>Il <strong>faut compter environ 3 \u00e0 4 heures<\/strong> pour visiter les anciens camps d&rsquo;Auschwitz I et d&rsquo;Auschwitz II-Birkenau. La dur\u00e9e de la visite d\u00e9pend, entre autres, des \u00e9l\u00e9ments suivants du rythme individuel de ceux qui se familiarisent avec le site du mus\u00e9e et l&rsquo;exposition.<\/p>\n<h2>R\u00e9sum\u00e9<\/h2>\n<p>Les visiteurs de la ville d&rsquo;O\u015bwi\u0119cim doivent se pr\u00e9parer en cons\u00e9quence pour leur visite du mus\u00e9e d&rsquo;Auschwitz-Birkenau. Il est n\u00e9cessaire de lire \u00e0 l&rsquo;avance le r\u00e8glement de la visite et le r\u00e8glement du mus\u00e9e et de r\u00e9server une carte d&rsquo;entr\u00e9e personnalis\u00e9e. Lorsque l&rsquo;on pr\u00e9voit un s\u00e9jour prolong\u00e9 \u00e0 O\u015bwi\u0119cim et dans les environs, il convient de prendre soin de r\u00e9server \u00e0 l&rsquo;avance un h\u00e9bergement sur mesure.<\/p>\n","protected":false},"excerpt":{"rendered":"<p>La visite du mus\u00e9e d&rsquo;Auschwitz-Birkenau est une v\u00e9ritable exp\u00e9rience. Vous [&hellip;]<\/p>\n","protected":false},"author":1,"featured_media":4013,"comment_status":"closed","ping_status":"closed","sticky":false,"template":"","format":"standard","meta":{"footnotes":""},"categories":[152],"tags":[],"class_list":["post-4010","post","type-post","status-publish","format-standard","has-post-thumbnail","hentry","category-guide"],"yoast_head":"<!-- This site is optimized with the Yoast SEO plugin v27.5 - https:\/\/yoast.com\/product\/yoast-seo-wordpress\/ -->\n<title>Visite du mus\u00e9e d&#039;Auschwitz-Birkenau - comment se pr\u00e9parer ? - Comfort Apartments<\/title>\n<meta name=\"description\" content=\"Oswiecim est une ville fr\u00e9quemment visit\u00e9e, dont l&#039;histoire est li\u00e9e, entre autres, \u00e0 celle de la ville d&#039;Oswiecim. avec les \u00e9v\u00e9nements tragiques de la Seconde Guerre mondiale.\" \/>\n<meta name=\"robots\" content=\"index, follow, max-snippet:-1, max-image-preview:large, max-video-preview:-1\" \/>\n<link rel=\"canonical\" href=\"https:\/\/noclegioswiecim.eu\/fr\/?p=4010\" \/>\n<meta property=\"og:locale\" content=\"fr_FR\" \/>\n<meta property=\"og:type\" content=\"article\" \/>\n<meta property=\"og:title\" content=\"Visite du mus\u00e9e d&#039;Auschwitz-Birkenau - comment se pr\u00e9parer ? - Comfort Apartments\" \/>\n<meta property=\"og:description\" content=\"Oswiecim est une ville fr\u00e9quemment visit\u00e9e, dont l&#039;histoire est li\u00e9e, entre autres, \u00e0 celle de la ville d&#039;Oswiecim. avec les \u00e9v\u00e9nements tragiques de la Seconde Guerre mondiale.\" \/>\n<meta property=\"og:url\" content=\"https:\/\/noclegioswiecim.eu\/fr\/?p=4010\" \/>\n<meta property=\"og:site_name\" content=\"Comfort Apartments\" \/>\n<meta property=\"article:publisher\" content=\"https:\/\/www.facebook.com\/oswiecimapartments\/\" \/>\n<meta property=\"article:published_time\" content=\"2023-01-14T23:00:00+00:00\" \/>\n<meta property=\"article:modified_time\" content=\"2024-03-22T10:07:27+00:00\" \/>\n<meta property=\"og:image\" content=\"https:\/\/noclegioswiecim.eu\/wp-content\/uploads\/2023\/07\/noclegi-oswiecim-jak-przygotowac-sie-do-zwiedzania-auschwitz.jpg\" \/>\n\t<meta property=\"og:image:width\" content=\"800\" \/>\n\t<meta property=\"og:image:height\" content=\"578\" \/>\n\t<meta property=\"og:image:type\" content=\"image\/jpeg\" \/>\n<meta name=\"author\" content=\"PXadamCA\" \/>\n<meta name=\"twitter:card\" content=\"summary_large_image\" \/>\n<meta name=\"twitter:label1\" content=\"\u00c9crit par\" \/>\n\t<meta name=\"twitter:data1\" content=\"PXadamCA\" \/>\n\t<meta name=\"twitter:label2\" content=\"Dur\u00e9e de lecture estim\u00e9e\" \/>\n\t<meta name=\"twitter:data2\" content=\"5 minutes\" \/>\n<script type=\"application\/ld+json\" class=\"yoast-schema-graph\">{\"@context\":\"https:\\\/\\\/schema.org\",\"@graph\":[{\"@type\":\"Article\",\"@id\":\"https:\\\/\\\/noclegioswiecim.eu\\\/fr\\\/?p=4010#article\",\"isPartOf\":{\"@id\":\"https:\\\/\\\/noclegioswiecim.eu\\\/fr\\\/?p=4010\"},\"author\":{\"name\":\"PXadamCA\",\"@id\":\"https:\\\/\\\/noclegioswiecim.eu\\\/#\\\/schema\\\/person\\\/d89109dc869efec6edf36e8afbef6437\"},\"headline\":\"Visite du mus\u00e9e d&rsquo;Auschwitz-Birkenau &#8211; comment se pr\u00e9parer ?\",\"datePublished\":\"2023-01-14T23:00:00+00:00\",\"dateModified\":\"2024-03-22T10:07:27+00:00\",\"mainEntityOfPage\":{\"@id\":\"https:\\\/\\\/noclegioswiecim.eu\\\/fr\\\/?p=4010\"},\"wordCount\":1092,\"publisher\":{\"@id\":\"https:\\\/\\\/noclegioswiecim.eu\\\/#organization\"},\"image\":{\"@id\":\"https:\\\/\\\/noclegioswiecim.eu\\\/fr\\\/?p=4010#primaryimage\"},\"thumbnailUrl\":\"https:\\\/\\\/noclegioswiecim.eu\\\/wp-content\\\/uploads\\\/2023\\\/07\\\/noclegi-oswiecim-jak-przygotowac-sie-do-zwiedzania-auschwitz.jpg\",\"articleSection\":[\"Guide\"],\"inLanguage\":\"fr-FR\"},{\"@type\":\"WebPage\",\"@id\":\"https:\\\/\\\/noclegioswiecim.eu\\\/fr\\\/?p=4010\",\"url\":\"https:\\\/\\\/noclegioswiecim.eu\\\/fr\\\/?p=4010\",\"name\":\"Visite du mus\u00e9e d'Auschwitz-Birkenau - comment se pr\u00e9parer ? - Comfort Apartments\",\"isPartOf\":{\"@id\":\"https:\\\/\\\/noclegioswiecim.eu\\\/#website\"},\"primaryImageOfPage\":{\"@id\":\"https:\\\/\\\/noclegioswiecim.eu\\\/fr\\\/?p=4010#primaryimage\"},\"image\":{\"@id\":\"https:\\\/\\\/noclegioswiecim.eu\\\/fr\\\/?p=4010#primaryimage\"},\"thumbnailUrl\":\"https:\\\/\\\/noclegioswiecim.eu\\\/wp-content\\\/uploads\\\/2023\\\/07\\\/noclegi-oswiecim-jak-przygotowac-sie-do-zwiedzania-auschwitz.jpg\",\"datePublished\":\"2023-01-14T23:00:00+00:00\",\"dateModified\":\"2024-03-22T10:07:27+00:00\",\"description\":\"Oswiecim est une ville fr\u00e9quemment visit\u00e9e, dont l'histoire est li\u00e9e, entre autres, \u00e0 celle de la ville d'Oswiecim. avec les \u00e9v\u00e9nements tragiques de la Seconde Guerre mondiale.\",\"breadcrumb\":{\"@id\":\"https:\\\/\\\/noclegioswiecim.eu\\\/fr\\\/?p=4010#breadcrumb\"},\"inLanguage\":\"fr-FR\",\"potentialAction\":[{\"@type\":\"ReadAction\",\"target\":[\"https:\\\/\\\/noclegioswiecim.eu\\\/fr\\\/?p=4010\"]}]},{\"@type\":\"ImageObject\",\"inLanguage\":\"fr-FR\",\"@id\":\"https:\\\/\\\/noclegioswiecim.eu\\\/fr\\\/?p=4010#primaryimage\",\"url\":\"https:\\\/\\\/noclegioswiecim.eu\\\/wp-content\\\/uploads\\\/2023\\\/07\\\/noclegi-oswiecim-jak-przygotowac-sie-do-zwiedzania-auschwitz.jpg\",\"contentUrl\":\"https:\\\/\\\/noclegioswiecim.eu\\\/wp-content\\\/uploads\\\/2023\\\/07\\\/noclegi-oswiecim-jak-przygotowac-sie-do-zwiedzania-auschwitz.jpg\",\"width\":800,\"height\":578},{\"@type\":\"BreadcrumbList\",\"@id\":\"https:\\\/\\\/noclegioswiecim.eu\\\/fr\\\/?p=4010#breadcrumb\",\"itemListElement\":[{\"@type\":\"ListItem\",\"position\":1,\"name\":\"Strona g\u0142\u00f3wna\",\"item\":\"https:\\\/\\\/noclegioswiecim.eu\\\/fr\\\/\"},{\"@type\":\"ListItem\",\"position\":2,\"name\":\"Visite du mus\u00e9e d&rsquo;Auschwitz-Birkenau &#8211; comment se pr\u00e9parer ?\"}]},{\"@type\":\"WebSite\",\"@id\":\"https:\\\/\\\/noclegioswiecim.eu\\\/#website\",\"url\":\"https:\\\/\\\/noclegioswiecim.eu\\\/\",\"name\":\"Comfort Apartments\",\"description\":\"Noclegi O\u015bwi\u0119cim \\\/ Booking O\u015bwi\u0119cim\",\"publisher\":{\"@id\":\"https:\\\/\\\/noclegioswiecim.eu\\\/#organization\"},\"potentialAction\":[{\"@type\":\"SearchAction\",\"target\":{\"@type\":\"EntryPoint\",\"urlTemplate\":\"https:\\\/\\\/noclegioswiecim.eu\\\/?s={search_term_string}\"},\"query-input\":{\"@type\":\"PropertyValueSpecification\",\"valueRequired\":true,\"valueName\":\"search_term_string\"}}],\"inLanguage\":\"fr-FR\"},{\"@type\":\"Organization\",\"@id\":\"https:\\\/\\\/noclegioswiecim.eu\\\/#organization\",\"name\":\"Comfort Apartments\",\"url\":\"https:\\\/\\\/noclegioswiecim.eu\\\/\",\"logo\":{\"@type\":\"ImageObject\",\"inLanguage\":\"fr-FR\",\"@id\":\"https:\\\/\\\/noclegioswiecim.eu\\\/#\\\/schema\\\/logo\\\/image\\\/\",\"url\":\"https:\\\/\\\/noclegioswiecim.eu\\\/wp-content\\\/uploads\\\/2023\\\/02\\\/favicona.png\",\"contentUrl\":\"https:\\\/\\\/noclegioswiecim.eu\\\/wp-content\\\/uploads\\\/2023\\\/02\\\/favicona.png\",\"width\":200,\"height\":200,\"caption\":\"Comfort Apartments\"},\"image\":{\"@id\":\"https:\\\/\\\/noclegioswiecim.eu\\\/#\\\/schema\\\/logo\\\/image\\\/\"},\"sameAs\":[\"https:\\\/\\\/www.facebook.com\\\/oswiecimapartments\\\/\",\"https:\\\/\\\/goo.gl\\\/maps\\\/H9x6rxoZWfK3ad1j6\",\"https:\\\/\\\/www.instagram.com\\\/oswiecimapartments\\\/\"]},{\"@type\":\"Person\",\"@id\":\"https:\\\/\\\/noclegioswiecim.eu\\\/#\\\/schema\\\/person\\\/d89109dc869efec6edf36e8afbef6437\",\"name\":\"PXadamCA\",\"image\":{\"@type\":\"ImageObject\",\"inLanguage\":\"fr-FR\",\"@id\":\"https:\\\/\\\/secure.gravatar.com\\\/avatar\\\/adc1dd343d8c5124e40417ce67f1c600f00e279f2aad6a878cce8661419565aa?s=96&d=mm&r=g\",\"url\":\"https:\\\/\\\/secure.gravatar.com\\\/avatar\\\/adc1dd343d8c5124e40417ce67f1c600f00e279f2aad6a878cce8661419565aa?s=96&d=mm&r=g\",\"contentUrl\":\"https:\\\/\\\/secure.gravatar.com\\\/avatar\\\/adc1dd343d8c5124e40417ce67f1c600f00e279f2aad6a878cce8661419565aa?s=96&d=mm&r=g\",\"caption\":\"PXadamCA\"},\"sameAs\":[\"https:\\\/\\\/comfort.proadax-dev.pl\"]}]}<\/script>\n<!-- \/ Yoast SEO plugin. -->","yoast_head_json":{"title":"Visite du mus\u00e9e d'Auschwitz-Birkenau - comment se pr\u00e9parer ? - Comfort Apartments","description":"Oswiecim est une ville fr\u00e9quemment visit\u00e9e, dont l'histoire est li\u00e9e, entre autres, \u00e0 celle de la ville d'Oswiecim. avec les \u00e9v\u00e9nements tragiques de la Seconde Guerre mondiale.","robots":{"index":"index","follow":"follow","max-snippet":"max-snippet:-1","max-image-preview":"max-image-preview:large","max-video-preview":"max-video-preview:-1"},"canonical":"https:\/\/noclegioswiecim.eu\/fr\/?p=4010","og_locale":"fr_FR","og_type":"article","og_title":"Visite du mus\u00e9e d'Auschwitz-Birkenau - comment se pr\u00e9parer ? - Comfort Apartments","og_description":"Oswiecim est une ville fr\u00e9quemment visit\u00e9e, dont l'histoire est li\u00e9e, entre autres, \u00e0 celle de la ville d'Oswiecim. avec les \u00e9v\u00e9nements tragiques de la Seconde Guerre mondiale.","og_url":"https:\/\/noclegioswiecim.eu\/fr\/?p=4010","og_site_name":"Comfort Apartments","article_publisher":"https:\/\/www.facebook.com\/oswiecimapartments\/","article_published_time":"2023-01-14T23:00:00+00:00","article_modified_time":"2024-03-22T10:07:27+00:00","og_image":[{"width":800,"height":578,"url":"https:\/\/noclegioswiecim.eu\/wp-content\/uploads\/2023\/07\/noclegi-oswiecim-jak-przygotowac-sie-do-zwiedzania-auschwitz.jpg","type":"image\/jpeg"}],"author":"PXadamCA","twitter_card":"summary_large_image","twitter_misc":{"\u00c9crit par":"PXadamCA","Dur\u00e9e de lecture estim\u00e9e":"5 minutes"},"schema":{"@context":"https:\/\/schema.org","@graph":[{"@type":"Article","@id":"https:\/\/noclegioswiecim.eu\/fr\/?p=4010#article","isPartOf":{"@id":"https:\/\/noclegioswiecim.eu\/fr\/?p=4010"},"author":{"name":"PXadamCA","@id":"https:\/\/noclegioswiecim.eu\/#\/schema\/person\/d89109dc869efec6edf36e8afbef6437"},"headline":"Visite du mus\u00e9e d&rsquo;Auschwitz-Birkenau &#8211; comment se pr\u00e9parer ?","datePublished":"2023-01-14T23:00:00+00:00","dateModified":"2024-03-22T10:07:27+00:00","mainEntityOfPage":{"@id":"https:\/\/noclegioswiecim.eu\/fr\/?p=4010"},"wordCount":1092,"publisher":{"@id":"https:\/\/noclegioswiecim.eu\/#organization"},"image":{"@id":"https:\/\/noclegioswiecim.eu\/fr\/?p=4010#primaryimage"},"thumbnailUrl":"https:\/\/noclegioswiecim.eu\/wp-content\/uploads\/2023\/07\/noclegi-oswiecim-jak-przygotowac-sie-do-zwiedzania-auschwitz.jpg","articleSection":["Guide"],"inLanguage":"fr-FR"},{"@type":"WebPage","@id":"https:\/\/noclegioswiecim.eu\/fr\/?p=4010","url":"https:\/\/noclegioswiecim.eu\/fr\/?p=4010","name":"Visite du mus\u00e9e d'Auschwitz-Birkenau - comment se pr\u00e9parer ? - Comfort Apartments","isPartOf":{"@id":"https:\/\/noclegioswiecim.eu\/#website"},"primaryImageOfPage":{"@id":"https:\/\/noclegioswiecim.eu\/fr\/?p=4010#primaryimage"},"image":{"@id":"https:\/\/noclegioswiecim.eu\/fr\/?p=4010#primaryimage"},"thumbnailUrl":"https:\/\/noclegioswiecim.eu\/wp-content\/uploads\/2023\/07\/noclegi-oswiecim-jak-przygotowac-sie-do-zwiedzania-auschwitz.jpg","datePublished":"2023-01-14T23:00:00+00:00","dateModified":"2024-03-22T10:07:27+00:00","description":"Oswiecim est une ville fr\u00e9quemment visit\u00e9e, dont l'histoire est li\u00e9e, entre autres, \u00e0 celle de la ville d'Oswiecim. avec les \u00e9v\u00e9nements tragiques de la Seconde Guerre mondiale.","breadcrumb":{"@id":"https:\/\/noclegioswiecim.eu\/fr\/?p=4010#breadcrumb"},"inLanguage":"fr-FR","potentialAction":[{"@type":"ReadAction","target":["https:\/\/noclegioswiecim.eu\/fr\/?p=4010"]}]},{"@type":"ImageObject","inLanguage":"fr-FR","@id":"https:\/\/noclegioswiecim.eu\/fr\/?p=4010#primaryimage","url":"https:\/\/noclegioswiecim.eu\/wp-content\/uploads\/2023\/07\/noclegi-oswiecim-jak-przygotowac-sie-do-zwiedzania-auschwitz.jpg","contentUrl":"https:\/\/noclegioswiecim.eu\/wp-content\/uploads\/2023\/07\/noclegi-oswiecim-jak-przygotowac-sie-do-zwiedzania-auschwitz.jpg","width":800,"height":578},{"@type":"BreadcrumbList","@id":"https:\/\/noclegioswiecim.eu\/fr\/?p=4010#breadcrumb","itemListElement":[{"@type":"ListItem","position":1,"name":"Strona g\u0142\u00f3wna","item":"https:\/\/noclegioswiecim.eu\/fr\/"},{"@type":"ListItem","position":2,"name":"Visite du mus\u00e9e d&rsquo;Auschwitz-Birkenau &#8211; comment se pr\u00e9parer ?"}]},{"@type":"WebSite","@id":"https:\/\/noclegioswiecim.eu\/#website","url":"https:\/\/noclegioswiecim.eu\/","name":"Comfort Apartments","description":"Noclegi O\u015bwi\u0119cim \/ Booking O\u015bwi\u0119cim","publisher":{"@id":"https:\/\/noclegioswiecim.eu\/#organization"},"potentialAction":[{"@type":"SearchAction","target":{"@type":"EntryPoint","urlTemplate":"https:\/\/noclegioswiecim.eu\/?s={search_term_string}"},"query-input":{"@type":"PropertyValueSpecification","valueRequired":true,"valueName":"search_term_string"}}],"inLanguage":"fr-FR"},{"@type":"Organization","@id":"https:\/\/noclegioswiecim.eu\/#organization","name":"Comfort Apartments","url":"https:\/\/noclegioswiecim.eu\/","logo":{"@type":"ImageObject","inLanguage":"fr-FR","@id":"https:\/\/noclegioswiecim.eu\/#\/schema\/logo\/image\/","url":"https:\/\/noclegioswiecim.eu\/wp-content\/uploads\/2023\/02\/favicona.png","contentUrl":"https:\/\/noclegioswiecim.eu\/wp-content\/uploads\/2023\/02\/favicona.png","width":200,"height":200,"caption":"Comfort Apartments"},"image":{"@id":"https:\/\/noclegioswiecim.eu\/#\/schema\/logo\/image\/"},"sameAs":["https:\/\/www.facebook.com\/oswiecimapartments\/","https:\/\/goo.gl\/maps\/H9x6rxoZWfK3ad1j6","https:\/\/www.instagram.com\/oswiecimapartments\/"]},{"@type":"Person","@id":"https:\/\/noclegioswiecim.eu\/#\/schema\/person\/d89109dc869efec6edf36e8afbef6437","name":"PXadamCA","image":{"@type":"ImageObject","inLanguage":"fr-FR","@id":"https:\/\/secure.gravatar.com\/avatar\/adc1dd343d8c5124e40417ce67f1c600f00e279f2aad6a878cce8661419565aa?s=96&d=mm&r=g","url":"https:\/\/secure.gravatar.com\/avatar\/adc1dd343d8c5124e40417ce67f1c600f00e279f2aad6a878cce8661419565aa?s=96&d=mm&r=g","contentUrl":"https:\/\/secure.gravatar.com\/avatar\/adc1dd343d8c5124e40417ce67f1c600f00e279f2aad6a878cce8661419565aa?s=96&d=mm&r=g","caption":"PXadamCA"},"sameAs":["https:\/\/comfort.proadax-dev.pl"]}]}},"_links":{"self":[{"href":"https:\/\/noclegioswiecim.eu\/fr\/wp-json\/wp\/v2\/posts\/4010","targetHints":{"allow":["GET"]}}],"collection":[{"href":"https:\/\/noclegioswiecim.eu\/fr\/wp-json\/wp\/v2\/posts"}],"about":[{"href":"https:\/\/noclegioswiecim.eu\/fr\/wp-json\/wp\/v2\/types\/post"}],"author":[{"embeddable":true,"href":"https:\/\/noclegioswiecim.eu\/fr\/wp-json\/wp\/v2\/users\/1"}],"replies":[{"embeddable":true,"href":"https:\/\/noclegioswiecim.eu\/fr\/wp-json\/wp\/v2\/comments?post=4010"}],"version-history":[{"count":1,"href":"https:\/\/noclegioswiecim.eu\/fr\/wp-json\/wp\/v2\/posts\/4010\/revisions"}],"predecessor-version":[{"id":4014,"href":"https:\/\/noclegioswiecim.eu\/fr\/wp-json\/wp\/v2\/posts\/4010\/revisions\/4014"}],"wp:featuredmedia":[{"embeddable":true,"href":"https:\/\/noclegioswiecim.eu\/fr\/wp-json\/wp\/v2\/media\/4013"}],"wp:attachment":[{"href":"https:\/\/noclegioswiecim.eu\/fr\/wp-json\/wp\/v2\/media?parent=4010"}],"wp:term":[{"taxonomy":"category","embeddable":true,"href":"https:\/\/noclegioswiecim.eu\/fr\/wp-json\/wp\/v2\/categories?post=4010"},{"taxonomy":"post_tag","embeddable":true,"href":"https:\/\/noclegioswiecim.eu\/fr\/wp-json\/wp\/v2\/tags?post=4010"}],"curies":[{"name":"wp","href":"https:\/\/api.w.org\/{rel}","templated":true}]}}