{"id":3934,"date":"2022-06-15T00:00:00","date_gmt":"2022-06-14T22:00:00","guid":{"rendered":"https:\/\/noclegioswiecim.eu\/non-classifiee\/les-sentiers-du-pape-sur-les-traces-de-jean-paul-ii\/"},"modified":"2024-03-22T11:07:24","modified_gmt":"2024-03-22T10:07:24","slug":"les-sentiers-du-pape-sur-les-traces-de-jean-paul-ii","status":"publish","type":"post","link":"https:\/\/noclegioswiecim.eu\/fr\/guide\/les-sentiers-du-pape-sur-les-traces-de-jean-paul-ii\/","title":{"rendered":"Les sentiers du pape. Sur les traces de Jean-Paul II."},"content":{"rendered":"<p>La beaut\u00e9 de la nature polonaise a \u00e9t\u00e9 \u00e9voqu\u00e9e \u00e0 plusieurs reprises par Karol Wojtyla et, plus tard, par le pape polonais Jean-Paul II, qui a parcouru la Pologne pendant des ann\u00e9es dans la solitude et en compagnie de jeunes. Il vaut la peine de parcourir les routes emprunt\u00e9es par le pape Jean-Paul II pour d\u00e9couvrir des lieux extraordinaires, non seulement d&rsquo;une beaut\u00e9 captivante, mais aussi d&rsquo;une grande importance historique. Quelles sont les pistes du pape ? Nous avons des indices !<\/p>\n<p>Le monde entier conna\u00eet le pape polonais. <strong>Jean-Paul II<\/strong> \u00e9tait sans aucun doute un pape dont la vie est devenue une source d&rsquo;inspiration non seulement pour les jeunes, bien que ce soit avec les jeunes que nous associons <strong>Karol Wojtyla<\/strong>, qui, pour ceux qui l&rsquo;ont connu personnellement, est toujours rest\u00e9 \u00ab\u00a0Wujek\u00a0\u00bb. Afin de comm\u00e9morer la vie et les p\u00e9r\u00e9grinations du pape polonais, des itin\u00e9raires ont \u00e9t\u00e9 trac\u00e9s, le long desquels il s&rsquo;est souvent promen\u00e9 \u00e0 diff\u00e9rentes \u00e9poques de sa vie. La \u00ab\u00a0Route du Pape\u00a0\u00bb est le nom g\u00e9n\u00e9ral de plusieurs sentiers de randonn\u00e9e qui m\u00e8nent \u00e0 des lieux fr\u00e9quemment visit\u00e9s par Jean-Paul II.<\/p>\n<p>Certains des sentiers du pape se trouvent dans les environs d&rsquo;<strong>O\u015bwi\u0119cim<\/strong>. Lorsque vous serez dans la r\u00e9gion de <strong>Ma\u0142opolska<\/strong>, cela vaut la peine de r\u00e9server un <strong>h\u00e9bergement<\/strong> \u00e0 O\u015bwi\u0119cim et de partir sur les traces du pape polonais, qui aimait et respectait la nature polonaise et aimait \u00eatre avec des personnes qui savaient comment percevoir sa beaut\u00e9 unique.<\/p>\n<h2>Routes pontificales en Pologne<\/h2>\n<p>Les sentiers du Pape font <strong>partie des sentiers du PTTK<\/strong> que Karol Wojtyla a souvent suivis dans sa jeunesse et tout au long de sa vie, voyageant seul et avec les jeunes qui l&rsquo;entouraient et avec lesquels il a toujours eu un excellent contact, tant en tant que pr\u00eatre qu&rsquo;en tant qu&rsquo;\u00e9v\u00eaque, cardinal et chef de l&rsquo;\u00c9glise. Il existe trois sentiers dans les environs d&rsquo;O\u015bwi\u0119cim qui permettent de mieux conna\u00eetre le pape polonais et les lieux importants qu&rsquo;il a visit\u00e9s \u00e0 diff\u00e9rentes \u00e9tapes de sa vie.<\/p>\n<h3>La piste de Karol Wojty\u0142a \u00e0 Wadowice<\/h3>\n<p>C&rsquo;est ici, \u00e0 <strong>Wadowice<\/strong>, que commence l&rsquo;histoire de Karol Wojtyla. La ville natale du pape polonais est un lieu sur la carte de la Pologne qu&rsquo;il faut absolument visiter lorsqu&rsquo;on se rend dans l&rsquo;<strong>ouest de la Ma\u0142opolska<\/strong>. La <strong>route Karol Wojty\u0142a de Wadowice<\/strong> a \u00e9t\u00e9 trac\u00e9e en 2005, en tenant compte des lieux li\u00e9s \u00e0 l&rsquo;enfance et \u00e0 la jeunesse de Karol Wojty\u0142a, ainsi que des lieux particuli\u00e8rement importants pour l&rsquo;un des Polonais les plus c\u00e9l\u00e8bres. Sur le sentier Karol Wojtyla, nous pouvons visiter pas moins de 13 lieux uniques. La possibilit\u00e9 de visiter les lieux \u00e0 l&rsquo;aide d&rsquo;une application mobile rend les choses encore plus int\u00e9ressantes pour les touristes. Sur la piste Karol Wojtyla, nous visiterons, entre autres, les lieux suivants<\/p>\n<ul>\n<li><strong>Mus\u00e9e de la famille Maison du Saint-P\u00e8re Jean-Paul II<\/strong>,<\/li>\n<li><strong>Mus\u00e9e de la ville<\/strong>,<\/li>\n<li>Place du march\u00e9 &#8211; Place Jean-Paul II,<\/li>\n<li>L<strong>O &#8211; l&rsquo;ancien Gymnase des sciences humaines. M. Wadowity<\/strong>,<\/li>\n<li>Monast\u00e8re des Carmes d\u00e9chauss\u00e9s &#8211; Sanctuaire de Saint-Jean-Baptiste. St Joseph,<\/li>\n<li><strong>L&rsquo;ancienne confiserie Hagenhuber<\/strong>,<\/li>\n<li>L&rsquo;ancien centre communautaire \u00ab\u00a0Sokol\u00a0\u00bb.<\/li>\n<\/ul>\n<p>La longueur du sentier Karol Wojtyla \u00e0 Wadowice est d&rsquo;un peu plus de 4 km. <strong>Booking O\u015bwi\u0119cim<\/strong> vous permet de trouver <strong>un h\u00f4tel O\u015bwi\u0119cim<\/strong> ou des <strong>appartements O\u015bwi\u0119cim<\/strong> qui sera parfaitement adapt\u00e9 aux besoins individuels des touristes, devenant ainsi la base parfaite pour explorer la r\u00e9gion. Depuis O\u015bwi\u0119cim, vous pouvez rejoindre <strong>Wadowice<\/strong> et d&rsquo;autres destinations touristiques notables rapidement et sans probl\u00e8me.<\/p>\n<h3>Malopolska Piste du pape Jean-Paul II<\/h3>\n<p>La <strong>route du pape Jean-Paul II de Ma\u0142opolska <\/strong>a \u00e9t\u00e9 balis\u00e9e en 2003. Des itin\u00e9raires secondaires s&rsquo;en \u00e9cartent. <strong>La principale piste du pape Jean-Paul II de Ma\u0142opolska<\/strong>, longue de 231 km, m\u00e8ne de Kalwaria Zebrzydowska \u00e0 Stary S\u0105cz. Une randonn\u00e9e le long de ce sentier est une occasion unique de visiter de nombreux monuments sacr\u00e9s et de d\u00e9couvrir la beaut\u00e9 des montagnes polonaises. L&rsquo;itin\u00e9raire de la route principale de Malopolska, qui porte le nom de Jean-Paul II, comprend les \u00e9l\u00e9ments suivants<\/p>\n<ul>\n<li><strong>Le sanctuaire de la Passion et le sanctuaire marial de Kalwaria Zebrzydowska<\/strong>,<\/li>\n<li>Montagne \u017bar,<\/li>\n<li>Wadowice,<\/li>\n<li><strong>Le Gro\u0144 de Jean-Paul II,<\/strong><\/li>\n<li><strong>Chapelle papale de Leskowiec<\/strong>,<\/li>\n<li>Lud\u017amierz avec le sanctuaire de Notre-Dame de Podhale,<\/li>\n<li><strong>Kro\u015bcienko nad Dunajcem<\/strong>,<\/li>\n<li>Sanctuaire de Sainte-Marie-de-la-Croix. Kinga et l&rsquo;autel papal.<\/li>\n<\/ul>\n<p>La route Jean-Paul II Ma\u0142opolska permet de d\u00e9couvrir la beaut\u00e9 de r\u00e9gions uniques, notamment le Beskid <strong>Ma\u0142y<\/strong>, le Beskid <strong>\u015aredni<\/strong>, le Beskid <strong>\u017bywiecki<\/strong> et le Beskid <strong>S\u0105decki<\/strong>.<\/p>\n<p>La route du pape Jean-Paul II de Malopolska comprend dix itin\u00e9raires qui s&rsquo;\u00e9cartent de la route principale et qui permettent aux visiteurs de mieux conna\u00eetre la r\u00e9gion, en offrant la possibilit\u00e9 d&rsquo;adapter le niveau de difficult\u00e9 et la longueur de l&rsquo;itin\u00e9raire aux besoins individuels.<\/p>\n<h3>Le sentier des papes \u00e0 Kozy<\/h3>\n<p>Le <strong>sentier papal, balis\u00e9 dans la commune de Kozy<\/strong>, est une comm\u00e9moration des nombreuses randonn\u00e9es de Jean-Paul II dans les <strong>Beskid Ma\u0142y<\/strong>. Au d\u00e9but de l&rsquo;itin\u00e9raire, il y a  <strong>\u00c9glise des Saints App. St. Simon et St. Jude Thaddeus en Kozy<\/strong>d&rsquo;o\u00f9 nous partons pour une randonn\u00e9e le long d&rsquo;un itin\u00e9raire pas tr\u00e8s long, mais extr\u00eamement beau et int\u00e9ressant. L&rsquo;itin\u00e9raire de randonn\u00e9e comprend \u00e9galement<\/p>\n<ul>\n<li>Carri\u00e8re,<\/li>\n<li><strong>Le sanctuaire de la Vierge<\/strong>,<\/li>\n<li><strong>U Panienki Pass<\/strong>,<\/li>\n<li>Magurka Wilkowicka.<\/li>\n<\/ul>\n<h2>R\u00e9sum\u00e9<\/h2>\n<p>La randonn\u00e9e sur les traces de Jean-Paul II est une exp\u00e9rience non seulement passionnante, mais aussi extr\u00eamement agr\u00e9able, qui vous permet de communier avec une nature magnifique, de visiter des monuments int\u00e9ressants et d&rsquo;en apprendre davantage sur la vie du pape polonais. Sur les itin\u00e9raires balis\u00e9s, de nombreux panneaux d&rsquo;information et de signalisation indiquent les lieux particuli\u00e8rement aim\u00e9s et fr\u00e9quent\u00e9s par Jean-Paul II.<\/p>\n","protected":false},"excerpt":{"rendered":"<p>La beaut\u00e9 de la nature polonaise a \u00e9t\u00e9 \u00e9voqu\u00e9e \u00e0 [&hellip;]<\/p>\n","protected":false},"author":1,"featured_media":3937,"comment_status":"closed","ping_status":"closed","sticky":false,"template":"","format":"standard","meta":{"footnotes":""},"categories":[152],"tags":[],"class_list":["post-3934","post","type-post","status-publish","format-standard","has-post-thumbnail","hentry","category-guide"],"yoast_head":"<!-- This site is optimized with the Yoast SEO plugin v27.5 - https:\/\/yoast.com\/product\/yoast-seo-wordpress\/ -->\n<title>Les sentiers du pape. Sur les traces de Jean-Paul II. - Comfort Apartments<\/title>\n<meta name=\"description\" content=\"Lors d&#039;un s\u00e9jour dans la r\u00e9gion de Ma\u0142opolska, il est int\u00e9ressant de r\u00e9server un h\u00e9bergement \u00e0 O\u015bwi\u0119cim et de partir sur les traces du pape polonais, qui aimait et respectait la nature polonaise.\" \/>\n<meta name=\"robots\" content=\"index, follow, max-snippet:-1, max-image-preview:large, max-video-preview:-1\" \/>\n<link rel=\"canonical\" href=\"https:\/\/noclegioswiecim.eu\/fr\/?p=3934\" \/>\n<meta property=\"og:locale\" content=\"fr_FR\" \/>\n<meta property=\"og:type\" content=\"article\" \/>\n<meta property=\"og:title\" content=\"Les sentiers du pape. Sur les traces de Jean-Paul II. - Comfort Apartments\" \/>\n<meta property=\"og:description\" content=\"Lors d&#039;un s\u00e9jour dans la r\u00e9gion de Ma\u0142opolska, il est int\u00e9ressant de r\u00e9server un h\u00e9bergement \u00e0 O\u015bwi\u0119cim et de partir sur les traces du pape polonais, qui aimait et respectait la nature polonaise.\" \/>\n<meta property=\"og:url\" content=\"https:\/\/noclegioswiecim.eu\/fr\/?p=3934\" \/>\n<meta property=\"og:site_name\" content=\"Comfort Apartments\" \/>\n<meta property=\"article:publisher\" content=\"https:\/\/www.facebook.com\/oswiecimapartments\/\" \/>\n<meta property=\"article:published_time\" content=\"2022-06-14T22:00:00+00:00\" \/>\n<meta property=\"article:modified_time\" content=\"2024-03-22T10:07:24+00:00\" \/>\n<meta property=\"og:image\" content=\"https:\/\/noclegioswiecim.eu\/wp-content\/uploads\/2023\/07\/noclegi-oswiecim-w-slad-za-janem-pawlem-ii.png\" \/>\n\t<meta property=\"og:image:width\" content=\"1167\" \/>\n\t<meta property=\"og:image:height\" content=\"843\" \/>\n\t<meta property=\"og:image:type\" content=\"image\/png\" \/>\n<meta name=\"author\" content=\"PXadamCA\" \/>\n<meta name=\"twitter:card\" content=\"summary_large_image\" \/>\n<meta name=\"twitter:label1\" content=\"\u00c9crit par\" \/>\n\t<meta name=\"twitter:data1\" content=\"PXadamCA\" \/>\n\t<meta name=\"twitter:label2\" content=\"Dur\u00e9e de lecture estim\u00e9e\" \/>\n\t<meta name=\"twitter:data2\" content=\"5 minutes\" \/>\n<script type=\"application\/ld+json\" class=\"yoast-schema-graph\">{\"@context\":\"https:\\\/\\\/schema.org\",\"@graph\":[{\"@type\":\"Article\",\"@id\":\"https:\\\/\\\/noclegioswiecim.eu\\\/fr\\\/?p=3934#article\",\"isPartOf\":{\"@id\":\"https:\\\/\\\/noclegioswiecim.eu\\\/fr\\\/?p=3934\"},\"author\":{\"name\":\"PXadamCA\",\"@id\":\"https:\\\/\\\/noclegioswiecim.eu\\\/#\\\/schema\\\/person\\\/d89109dc869efec6edf36e8afbef6437\"},\"headline\":\"Les sentiers du pape. Sur les traces de Jean-Paul II.\",\"datePublished\":\"2022-06-14T22:00:00+00:00\",\"dateModified\":\"2024-03-22T10:07:24+00:00\",\"mainEntityOfPage\":{\"@id\":\"https:\\\/\\\/noclegioswiecim.eu\\\/fr\\\/?p=3934\"},\"wordCount\":1047,\"publisher\":{\"@id\":\"https:\\\/\\\/noclegioswiecim.eu\\\/#organization\"},\"image\":{\"@id\":\"https:\\\/\\\/noclegioswiecim.eu\\\/fr\\\/?p=3934#primaryimage\"},\"thumbnailUrl\":\"https:\\\/\\\/noclegioswiecim.eu\\\/wp-content\\\/uploads\\\/2023\\\/07\\\/noclegi-oswiecim-w-slad-za-janem-pawlem-ii.png\",\"articleSection\":[\"Guide\"],\"inLanguage\":\"fr-FR\"},{\"@type\":\"WebPage\",\"@id\":\"https:\\\/\\\/noclegioswiecim.eu\\\/fr\\\/?p=3934\",\"url\":\"https:\\\/\\\/noclegioswiecim.eu\\\/fr\\\/?p=3934\",\"name\":\"Les sentiers du pape. Sur les traces de Jean-Paul II. - Comfort Apartments\",\"isPartOf\":{\"@id\":\"https:\\\/\\\/noclegioswiecim.eu\\\/#website\"},\"primaryImageOfPage\":{\"@id\":\"https:\\\/\\\/noclegioswiecim.eu\\\/fr\\\/?p=3934#primaryimage\"},\"image\":{\"@id\":\"https:\\\/\\\/noclegioswiecim.eu\\\/fr\\\/?p=3934#primaryimage\"},\"thumbnailUrl\":\"https:\\\/\\\/noclegioswiecim.eu\\\/wp-content\\\/uploads\\\/2023\\\/07\\\/noclegi-oswiecim-w-slad-za-janem-pawlem-ii.png\",\"datePublished\":\"2022-06-14T22:00:00+00:00\",\"dateModified\":\"2024-03-22T10:07:24+00:00\",\"description\":\"Lors d'un s\u00e9jour dans la r\u00e9gion de Ma\u0142opolska, il est int\u00e9ressant de r\u00e9server un h\u00e9bergement \u00e0 O\u015bwi\u0119cim et de partir sur les traces du pape polonais, qui aimait et respectait la nature polonaise.\",\"breadcrumb\":{\"@id\":\"https:\\\/\\\/noclegioswiecim.eu\\\/fr\\\/?p=3934#breadcrumb\"},\"inLanguage\":\"fr-FR\",\"potentialAction\":[{\"@type\":\"ReadAction\",\"target\":[\"https:\\\/\\\/noclegioswiecim.eu\\\/fr\\\/?p=3934\"]}]},{\"@type\":\"ImageObject\",\"inLanguage\":\"fr-FR\",\"@id\":\"https:\\\/\\\/noclegioswiecim.eu\\\/fr\\\/?p=3934#primaryimage\",\"url\":\"https:\\\/\\\/noclegioswiecim.eu\\\/wp-content\\\/uploads\\\/2023\\\/07\\\/noclegi-oswiecim-w-slad-za-janem-pawlem-ii.png\",\"contentUrl\":\"https:\\\/\\\/noclegioswiecim.eu\\\/wp-content\\\/uploads\\\/2023\\\/07\\\/noclegi-oswiecim-w-slad-za-janem-pawlem-ii.png\",\"width\":1167,\"height\":843},{\"@type\":\"BreadcrumbList\",\"@id\":\"https:\\\/\\\/noclegioswiecim.eu\\\/fr\\\/?p=3934#breadcrumb\",\"itemListElement\":[{\"@type\":\"ListItem\",\"position\":1,\"name\":\"Strona g\u0142\u00f3wna\",\"item\":\"https:\\\/\\\/noclegioswiecim.eu\\\/fr\\\/\"},{\"@type\":\"ListItem\",\"position\":2,\"name\":\"Les sentiers du pape. Sur les traces de Jean-Paul II.\"}]},{\"@type\":\"WebSite\",\"@id\":\"https:\\\/\\\/noclegioswiecim.eu\\\/#website\",\"url\":\"https:\\\/\\\/noclegioswiecim.eu\\\/\",\"name\":\"Comfort Apartments\",\"description\":\"Noclegi O\u015bwi\u0119cim \\\/ Booking O\u015bwi\u0119cim\",\"publisher\":{\"@id\":\"https:\\\/\\\/noclegioswiecim.eu\\\/#organization\"},\"potentialAction\":[{\"@type\":\"SearchAction\",\"target\":{\"@type\":\"EntryPoint\",\"urlTemplate\":\"https:\\\/\\\/noclegioswiecim.eu\\\/?s={search_term_string}\"},\"query-input\":{\"@type\":\"PropertyValueSpecification\",\"valueRequired\":true,\"valueName\":\"search_term_string\"}}],\"inLanguage\":\"fr-FR\"},{\"@type\":\"Organization\",\"@id\":\"https:\\\/\\\/noclegioswiecim.eu\\\/#organization\",\"name\":\"Comfort Apartments\",\"url\":\"https:\\\/\\\/noclegioswiecim.eu\\\/\",\"logo\":{\"@type\":\"ImageObject\",\"inLanguage\":\"fr-FR\",\"@id\":\"https:\\\/\\\/noclegioswiecim.eu\\\/#\\\/schema\\\/logo\\\/image\\\/\",\"url\":\"https:\\\/\\\/noclegioswiecim.eu\\\/wp-content\\\/uploads\\\/2023\\\/02\\\/favicona.png\",\"contentUrl\":\"https:\\\/\\\/noclegioswiecim.eu\\\/wp-content\\\/uploads\\\/2023\\\/02\\\/favicona.png\",\"width\":200,\"height\":200,\"caption\":\"Comfort Apartments\"},\"image\":{\"@id\":\"https:\\\/\\\/noclegioswiecim.eu\\\/#\\\/schema\\\/logo\\\/image\\\/\"},\"sameAs\":[\"https:\\\/\\\/www.facebook.com\\\/oswiecimapartments\\\/\",\"https:\\\/\\\/goo.gl\\\/maps\\\/H9x6rxoZWfK3ad1j6\",\"https:\\\/\\\/www.instagram.com\\\/oswiecimapartments\\\/\"]},{\"@type\":\"Person\",\"@id\":\"https:\\\/\\\/noclegioswiecim.eu\\\/#\\\/schema\\\/person\\\/d89109dc869efec6edf36e8afbef6437\",\"name\":\"PXadamCA\",\"image\":{\"@type\":\"ImageObject\",\"inLanguage\":\"fr-FR\",\"@id\":\"https:\\\/\\\/secure.gravatar.com\\\/avatar\\\/adc1dd343d8c5124e40417ce67f1c600f00e279f2aad6a878cce8661419565aa?s=96&d=mm&r=g\",\"url\":\"https:\\\/\\\/secure.gravatar.com\\\/avatar\\\/adc1dd343d8c5124e40417ce67f1c600f00e279f2aad6a878cce8661419565aa?s=96&d=mm&r=g\",\"contentUrl\":\"https:\\\/\\\/secure.gravatar.com\\\/avatar\\\/adc1dd343d8c5124e40417ce67f1c600f00e279f2aad6a878cce8661419565aa?s=96&d=mm&r=g\",\"caption\":\"PXadamCA\"},\"sameAs\":[\"https:\\\/\\\/comfort.proadax-dev.pl\"]}]}<\/script>\n<!-- \/ Yoast SEO plugin. -->","yoast_head_json":{"title":"Les sentiers du pape. Sur les traces de Jean-Paul II. - Comfort Apartments","description":"Lors d'un s\u00e9jour dans la r\u00e9gion de Ma\u0142opolska, il est int\u00e9ressant de r\u00e9server un h\u00e9bergement \u00e0 O\u015bwi\u0119cim et de partir sur les traces du pape polonais, qui aimait et respectait la nature polonaise.","robots":{"index":"index","follow":"follow","max-snippet":"max-snippet:-1","max-image-preview":"max-image-preview:large","max-video-preview":"max-video-preview:-1"},"canonical":"https:\/\/noclegioswiecim.eu\/fr\/?p=3934","og_locale":"fr_FR","og_type":"article","og_title":"Les sentiers du pape. Sur les traces de Jean-Paul II. - Comfort Apartments","og_description":"Lors d'un s\u00e9jour dans la r\u00e9gion de Ma\u0142opolska, il est int\u00e9ressant de r\u00e9server un h\u00e9bergement \u00e0 O\u015bwi\u0119cim et de partir sur les traces du pape polonais, qui aimait et respectait la nature polonaise.","og_url":"https:\/\/noclegioswiecim.eu\/fr\/?p=3934","og_site_name":"Comfort Apartments","article_publisher":"https:\/\/www.facebook.com\/oswiecimapartments\/","article_published_time":"2022-06-14T22:00:00+00:00","article_modified_time":"2024-03-22T10:07:24+00:00","og_image":[{"width":1167,"height":843,"url":"https:\/\/noclegioswiecim.eu\/wp-content\/uploads\/2023\/07\/noclegi-oswiecim-w-slad-za-janem-pawlem-ii.png","type":"image\/png"}],"author":"PXadamCA","twitter_card":"summary_large_image","twitter_misc":{"\u00c9crit par":"PXadamCA","Dur\u00e9e de lecture estim\u00e9e":"5 minutes"},"schema":{"@context":"https:\/\/schema.org","@graph":[{"@type":"Article","@id":"https:\/\/noclegioswiecim.eu\/fr\/?p=3934#article","isPartOf":{"@id":"https:\/\/noclegioswiecim.eu\/fr\/?p=3934"},"author":{"name":"PXadamCA","@id":"https:\/\/noclegioswiecim.eu\/#\/schema\/person\/d89109dc869efec6edf36e8afbef6437"},"headline":"Les sentiers du pape. Sur les traces de Jean-Paul II.","datePublished":"2022-06-14T22:00:00+00:00","dateModified":"2024-03-22T10:07:24+00:00","mainEntityOfPage":{"@id":"https:\/\/noclegioswiecim.eu\/fr\/?p=3934"},"wordCount":1047,"publisher":{"@id":"https:\/\/noclegioswiecim.eu\/#organization"},"image":{"@id":"https:\/\/noclegioswiecim.eu\/fr\/?p=3934#primaryimage"},"thumbnailUrl":"https:\/\/noclegioswiecim.eu\/wp-content\/uploads\/2023\/07\/noclegi-oswiecim-w-slad-za-janem-pawlem-ii.png","articleSection":["Guide"],"inLanguage":"fr-FR"},{"@type":"WebPage","@id":"https:\/\/noclegioswiecim.eu\/fr\/?p=3934","url":"https:\/\/noclegioswiecim.eu\/fr\/?p=3934","name":"Les sentiers du pape. Sur les traces de Jean-Paul II. - Comfort Apartments","isPartOf":{"@id":"https:\/\/noclegioswiecim.eu\/#website"},"primaryImageOfPage":{"@id":"https:\/\/noclegioswiecim.eu\/fr\/?p=3934#primaryimage"},"image":{"@id":"https:\/\/noclegioswiecim.eu\/fr\/?p=3934#primaryimage"},"thumbnailUrl":"https:\/\/noclegioswiecim.eu\/wp-content\/uploads\/2023\/07\/noclegi-oswiecim-w-slad-za-janem-pawlem-ii.png","datePublished":"2022-06-14T22:00:00+00:00","dateModified":"2024-03-22T10:07:24+00:00","description":"Lors d'un s\u00e9jour dans la r\u00e9gion de Ma\u0142opolska, il est int\u00e9ressant de r\u00e9server un h\u00e9bergement \u00e0 O\u015bwi\u0119cim et de partir sur les traces du pape polonais, qui aimait et respectait la nature polonaise.","breadcrumb":{"@id":"https:\/\/noclegioswiecim.eu\/fr\/?p=3934#breadcrumb"},"inLanguage":"fr-FR","potentialAction":[{"@type":"ReadAction","target":["https:\/\/noclegioswiecim.eu\/fr\/?p=3934"]}]},{"@type":"ImageObject","inLanguage":"fr-FR","@id":"https:\/\/noclegioswiecim.eu\/fr\/?p=3934#primaryimage","url":"https:\/\/noclegioswiecim.eu\/wp-content\/uploads\/2023\/07\/noclegi-oswiecim-w-slad-za-janem-pawlem-ii.png","contentUrl":"https:\/\/noclegioswiecim.eu\/wp-content\/uploads\/2023\/07\/noclegi-oswiecim-w-slad-za-janem-pawlem-ii.png","width":1167,"height":843},{"@type":"BreadcrumbList","@id":"https:\/\/noclegioswiecim.eu\/fr\/?p=3934#breadcrumb","itemListElement":[{"@type":"ListItem","position":1,"name":"Strona g\u0142\u00f3wna","item":"https:\/\/noclegioswiecim.eu\/fr\/"},{"@type":"ListItem","position":2,"name":"Les sentiers du pape. Sur les traces de Jean-Paul II."}]},{"@type":"WebSite","@id":"https:\/\/noclegioswiecim.eu\/#website","url":"https:\/\/noclegioswiecim.eu\/","name":"Comfort Apartments","description":"Noclegi O\u015bwi\u0119cim \/ Booking O\u015bwi\u0119cim","publisher":{"@id":"https:\/\/noclegioswiecim.eu\/#organization"},"potentialAction":[{"@type":"SearchAction","target":{"@type":"EntryPoint","urlTemplate":"https:\/\/noclegioswiecim.eu\/?s={search_term_string}"},"query-input":{"@type":"PropertyValueSpecification","valueRequired":true,"valueName":"search_term_string"}}],"inLanguage":"fr-FR"},{"@type":"Organization","@id":"https:\/\/noclegioswiecim.eu\/#organization","name":"Comfort Apartments","url":"https:\/\/noclegioswiecim.eu\/","logo":{"@type":"ImageObject","inLanguage":"fr-FR","@id":"https:\/\/noclegioswiecim.eu\/#\/schema\/logo\/image\/","url":"https:\/\/noclegioswiecim.eu\/wp-content\/uploads\/2023\/02\/favicona.png","contentUrl":"https:\/\/noclegioswiecim.eu\/wp-content\/uploads\/2023\/02\/favicona.png","width":200,"height":200,"caption":"Comfort Apartments"},"image":{"@id":"https:\/\/noclegioswiecim.eu\/#\/schema\/logo\/image\/"},"sameAs":["https:\/\/www.facebook.com\/oswiecimapartments\/","https:\/\/goo.gl\/maps\/H9x6rxoZWfK3ad1j6","https:\/\/www.instagram.com\/oswiecimapartments\/"]},{"@type":"Person","@id":"https:\/\/noclegioswiecim.eu\/#\/schema\/person\/d89109dc869efec6edf36e8afbef6437","name":"PXadamCA","image":{"@type":"ImageObject","inLanguage":"fr-FR","@id":"https:\/\/secure.gravatar.com\/avatar\/adc1dd343d8c5124e40417ce67f1c600f00e279f2aad6a878cce8661419565aa?s=96&d=mm&r=g","url":"https:\/\/secure.gravatar.com\/avatar\/adc1dd343d8c5124e40417ce67f1c600f00e279f2aad6a878cce8661419565aa?s=96&d=mm&r=g","contentUrl":"https:\/\/secure.gravatar.com\/avatar\/adc1dd343d8c5124e40417ce67f1c600f00e279f2aad6a878cce8661419565aa?s=96&d=mm&r=g","caption":"PXadamCA"},"sameAs":["https:\/\/comfort.proadax-dev.pl"]}]}},"_links":{"self":[{"href":"https:\/\/noclegioswiecim.eu\/fr\/wp-json\/wp\/v2\/posts\/3934","targetHints":{"allow":["GET"]}}],"collection":[{"href":"https:\/\/noclegioswiecim.eu\/fr\/wp-json\/wp\/v2\/posts"}],"about":[{"href":"https:\/\/noclegioswiecim.eu\/fr\/wp-json\/wp\/v2\/types\/post"}],"author":[{"embeddable":true,"href":"https:\/\/noclegioswiecim.eu\/fr\/wp-json\/wp\/v2\/users\/1"}],"replies":[{"embeddable":true,"href":"https:\/\/noclegioswiecim.eu\/fr\/wp-json\/wp\/v2\/comments?post=3934"}],"version-history":[{"count":1,"href":"https:\/\/noclegioswiecim.eu\/fr\/wp-json\/wp\/v2\/posts\/3934\/revisions"}],"predecessor-version":[{"id":3941,"href":"https:\/\/noclegioswiecim.eu\/fr\/wp-json\/wp\/v2\/posts\/3934\/revisions\/3941"}],"wp:featuredmedia":[{"embeddable":true,"href":"https:\/\/noclegioswiecim.eu\/fr\/wp-json\/wp\/v2\/media\/3937"}],"wp:attachment":[{"href":"https:\/\/noclegioswiecim.eu\/fr\/wp-json\/wp\/v2\/media?parent=3934"}],"wp:term":[{"taxonomy":"category","embeddable":true,"href":"https:\/\/noclegioswiecim.eu\/fr\/wp-json\/wp\/v2\/categories?post=3934"},{"taxonomy":"post_tag","embeddable":true,"href":"https:\/\/noclegioswiecim.eu\/fr\/wp-json\/wp\/v2\/tags?post=3934"}],"curies":[{"name":"wp","href":"https:\/\/api.w.org\/{rel}","templated":true}]}}