{"id":3930,"date":"2023-04-15T00:00:00","date_gmt":"2023-04-14T22:00:00","guid":{"rendered":"https:\/\/noclegioswiecim.eu\/non-classifiee\/les-itineraires-cyclables-les-plus-interessants-a-oswiecim-et-dans-les-environs-ou-faire-du-velo\/"},"modified":"2024-03-22T12:04:44","modified_gmt":"2024-03-22T11:04:44","slug":"les-itineraires-cyclables-les-plus-interessants-a-oswiecim-et-dans-les-environs-ou-faire-du-velo","status":"publish","type":"post","link":"https:\/\/noclegioswiecim.eu\/fr\/guide\/les-itineraires-cyclables-les-plus-interessants-a-oswiecim-et-dans-les-environs-ou-faire-du-velo\/","title":{"rendered":"Les itin\u00e9raires cyclables les plus int\u00e9ressants \u00e0 O\u015bwi\u0119cim et dans les environs &#8211; o\u00f9 faire du v\u00e9lo ?"},"content":{"rendered":"<p><strong>O\u015bwi\u0119cim<\/strong> et ses environs sont l&rsquo;endroit id\u00e9al pour se d\u00e9tendre pour ceux qui pr\u00e9f\u00e8rent \u00eatre actifs. De belles r\u00e9gions aux paysages exceptionnels vous permettent de profiter de votre temps libre pour faire des promenades \u00e0 pied ou \u00e0 v\u00e9lo. Quels itin\u00e9raires cyclables choisir \u00e0 O\u015bwi\u0119cim ? Nous sugg\u00e9rons.<\/p>\n<p>O\u015bwi\u0119cim est une ville o\u00f9 vous trouverez non seulement des sites int\u00e9ressants et des divertissements modernes. La situation d&rsquo;O\u015bwi\u0119cim au centre du <strong>bassin d&rsquo;O\u015bwi\u0119cim<\/strong> favorise le contact avec la nature, offrant la possibilit\u00e9 de passer du temps entour\u00e9 d&rsquo;une nature magnifique. Lorsque vous planifiez un s\u00e9jour \u00e0 Oswiecim, il est conseill\u00e9 de r\u00e9server votre h\u00e9bergement \u00e0 l&rsquo;avance sur <strong>booking Oswiecim<\/strong>, o\u00f9 vous pouvez trouver une vari\u00e9t\u00e9 d&rsquo;h\u00e9bergements pour tous les budgets. <strong>Hotel O\u015bwi\u0119cim<\/strong> et d&rsquo;autres structures d&rsquo;h\u00e9bergement comme les <strong>appartements<\/strong> O\u015bwi\u0119cim ou les <strong>cottages O\u015bwi\u0119cim<\/strong> vous permettront de profiter du confort et de la commodit\u00e9. En r\u00e9servant votre logement \u00e0 l&rsquo;avance, vous pouvez en outre \u00e9conomiser beaucoup d&rsquo;argent et vous assurer qu&rsquo;aucune mauvaise surprise ne vous attendra une fois arriv\u00e9 \u00e0 destination.<\/p>\n<h2>O\u015bwi\u0119cim &#8211; une ville o\u00f9 l&rsquo;on peut passer activement son temps libre<\/h2>\n<p>Les loisirs actifs sont une option de plus en plus populaire, qui est li\u00e9e, entre autres, \u00e0 la avec le d\u00e9sir de prendre soin de sa sant\u00e9 et les effets b\u00e9n\u00e9fiques du mouvement sur la forme mentale. Des vacances actives vous permettent de recharger compl\u00e8tement vos batteries et de retrouver l&rsquo;\u00e9nergie dont vous avez besoin pour votre travail et vos t\u00e2ches m\u00e9nag\u00e8res quotidiennes.<\/p>\n<h2>Itin\u00e9raires cyclables recommand\u00e9s \u00e0 O\u015bwi\u0119cim et dans les environs<\/h2>\n<p>Quel est le meilleur endroit pour faire du v\u00e9lo \u00e0 O\u015bwi\u0119cim ? Nous avons quelques suggestions int\u00e9ressantes pour les amateurs de cyclisme. Parmi les points forts, on peut citer<\/p>\n<ul>\n<li>La <strong>piste cyclable de la Vistule &#8211; O\u015bwi\u0119cim-Krak\u00f3w<\/strong> &#8211; est un excellent choix pour ceux qui veulent profiter d&rsquo;une promenade \u00e0 v\u00e9lo sans stress sur un terrain (en grande partie) plat, par exemple les parents utilisant des remorques \u00e0 v\u00e9lo pour les enfants en bas \u00e2ge et les cyclistes d\u00e9butants. L&rsquo;itin\u00e9raire <strong>longe la Vistule<\/strong>, ce qui vous permet d&rsquo;atteindre <strong>Cracovie<\/strong> en toute s\u00e9curit\u00e9. Une excursion le long de la piste cyclable de la Vistule vous permettra de profiter de vues uniques et d&rsquo;une verdure qui apaise les sens. L&rsquo;ensemble de la piste cyclable de la Vistule, qui reliera \u00e0 l&rsquo;avenir les Beskides \u00e0 la mer Baltique, est actuellement longue de <strong>230 km<\/strong>;<\/li>\n<li>la <strong>piste cyclable autour d&rsquo;O\u015bwi\u0119cim<\/strong> &#8211; il s&rsquo;agit d&rsquo;une piste cyclable rouge qui vous permet de combiner une excursion \u00e0 v\u00e9lo et des visites de sites int\u00e9ressants &#8211; le long de l&rsquo;itin\u00e9raire, vous trouverez, entre autres, les endroits suivants Ch\u00e2teau d&rsquo;o\u015bwi\u0119cim. L&rsquo;itin\u00e9raire commence sur la <strong>place Kosciuszko<\/strong> et passe par les anciens \u00e9tangs, le domaine et revient dans la <strong>vieille ville<\/strong>. La longueur de la piste cyclable autour d&rsquo;O\u015bwi\u0119cim est de <strong>18,9 km<\/strong>;<\/li>\n<li><strong>Voies vertes &#8211;<\/strong> V\u00e9loroute des voies vertes &#8211; un tour \u00e0 v\u00e9lo le long de la voie verte permet de visiter les monuments et les lieux importants d&rsquo;O\u015bwi\u0119cim. Sur la route se trouvent, entre autres : Le <strong>mus\u00e9e d&rsquo;Auschwitz-Birkenau<\/strong>, le <strong>ch\u00e2teau<\/strong>, ainsi que la <strong>synagogue Chevra Lomdei Mishnayot et le centre juif<\/strong>. La longueur de la section O\u015bwi\u0119cim du sentier est de <strong>22,5 km<\/strong>;<\/li>\n<li><strong>piste cyclable jaune P\u0119tla O\u015bwi\u0119cim-Graboszyce-O\u015bwi\u0119cim<\/strong> &#8211; ici aussi de nombreuses attractions attendent les amateurs de v\u00e9lo. Le sentier comprend <strong>Zator<\/strong>, la <strong>r\u00e9serve naturelle de Przecisz\u00f3w<\/strong>, <strong>\u00c9glise Sainte-Marie. \u00c9glise Saint-Nicolas \u00e0 Polanka Wielka<\/strong> et les <strong>\u00e9tangs de Przyr\u0119b<\/strong>. L&rsquo;itin\u00e9raire est vari\u00e9, avec des mont\u00e9es et des descentes assez raides. La boucle Oswiecim-Graboszyce-Oswiecim est longue de <strong>53,3 km<\/strong>;<\/li>\n<li><strong>piste cyclable jaune Boucle O\u015bwi\u0119cim-Nidek-O\u015bwi\u0119cim<\/strong> &#8211; une excursion sur cette piste vous permettra de visiter, entre autres, les lieux suivants. <strong>\u00c9glise Sainte-Marie. Ap\u00f4tres Simon et Jude Thadd\u00e9e \u00e0 Nidek<\/strong>Le mus\u00e9e en plein air de l&rsquo;apiculture et Grojec. Cette piste cyclable offre de nombreuses activit\u00e9s et possibilit\u00e9s de profiter de la belle campagne. Il est tr\u00e8s vari\u00e9, avec de nombreuses mont\u00e9es et descentes abruptes. L&rsquo;itin\u00e9raire est long de <strong>48,1 km<\/strong>.<\/li>\n<\/ul>\n<p>Dans les environs d&rsquo;O\u015bwi\u0119cim, on trouve \u00e9galement des sentiers et des pistes cyclables int\u00e9ressants, par exemple la <strong>piste cyclable de la vall\u00e9e de la Carpe<\/strong>, qui traverse des coins charmants et pittoresques et permet de profiter de la proximit\u00e9 d&rsquo;une belle nature. Le sentier commence \u00e0 <strong>Osiek<\/strong> et est assez exigeant. L&rsquo;itin\u00e9raire, d&rsquo;une <strong>longueur de 86 km<\/strong>, emprunte principalement des chemins de campagne et des routes foresti\u00e8res et recoupe en partie la route cyclable de la Vistule.<\/p>\n<h2>R\u00e9sum\u00e9<\/h2>\n<p>O\u015bwi\u0119cim est un endroit id\u00e9al pour les personnes qui veulent passer leur temps libre activement. Les pistes cyclables et les sentiers de randonn\u00e9e offrent de nombreuses heures de contact avec la nature, tout en permettant de visiter des sites int\u00e9ressants. Chaque touriste trouvera un itin\u00e9raire cyclable adapt\u00e9 \u00e0 ses besoins et \u00e0 ses capacit\u00e9s.<\/p>\n","protected":false},"excerpt":{"rendered":"<p>O\u015bwi\u0119cim et ses environs sont l&rsquo;endroit id\u00e9al pour se d\u00e9tendre [&hellip;]<\/p>\n","protected":false},"author":1,"featured_media":3931,"comment_status":"closed","ping_status":"closed","sticky":false,"template":"","format":"standard","meta":{"footnotes":""},"categories":[152],"tags":[],"class_list":["post-3930","post","type-post","status-publish","format-standard","has-post-thumbnail","hentry","category-guide"],"yoast_head":"<!-- This site is optimized with the Yoast SEO plugin v27.5 - https:\/\/yoast.com\/product\/yoast-seo-wordpress\/ -->\n<title>Les itin\u00e9raires cyclables les plus int\u00e9ressants \u00e0 O\u015bwi\u0119cim et dans les environs - o\u00f9 faire du v\u00e9lo ? - Comfort Apartments<\/title>\n<meta name=\"description\" content=\"O\u015bwi\u0119cim et ses environs sont l&#039;endroit id\u00e9al pour se d\u00e9tendre pour ceux qui pr\u00e9f\u00e8rent \u00eatre actifs. De beaux espaces verts.\" \/>\n<meta name=\"robots\" content=\"index, follow, max-snippet:-1, max-image-preview:large, max-video-preview:-1\" \/>\n<link rel=\"canonical\" href=\"https:\/\/noclegioswiecim.eu\/fr\/guide\/les-itineraires-cyclables-les-plus-interessants-a-oswiecim-et-dans-les-environs-ou-faire-du-velo\/\" \/>\n<meta property=\"og:locale\" content=\"fr_FR\" \/>\n<meta property=\"og:type\" content=\"article\" \/>\n<meta property=\"og:title\" content=\"Les itin\u00e9raires cyclables les plus int\u00e9ressants \u00e0 O\u015bwi\u0119cim et dans les environs - o\u00f9 faire du v\u00e9lo ? - Comfort Apartments\" \/>\n<meta property=\"og:description\" content=\"O\u015bwi\u0119cim et ses environs sont l&#039;endroit id\u00e9al pour se d\u00e9tendre pour ceux qui pr\u00e9f\u00e8rent \u00eatre actifs. De beaux espaces verts.\" \/>\n<meta property=\"og:url\" content=\"https:\/\/noclegioswiecim.eu\/fr\/guide\/les-itineraires-cyclables-les-plus-interessants-a-oswiecim-et-dans-les-environs-ou-faire-du-velo\/\" \/>\n<meta property=\"og:site_name\" content=\"Comfort Apartments\" \/>\n<meta property=\"article:publisher\" content=\"https:\/\/www.facebook.com\/oswiecimapartments\/\" \/>\n<meta property=\"article:published_time\" content=\"2023-04-14T22:00:00+00:00\" \/>\n<meta property=\"article:modified_time\" content=\"2024-03-22T11:04:44+00:00\" \/>\n<meta property=\"og:image\" content=\"https:\/\/noclegioswiecim.eu\/wp-content\/uploads\/2023\/07\/noclegi-oswiecim-trasy-rowerowe-w-oswiecimiu.jpg\" \/>\n\t<meta property=\"og:image:width\" content=\"1167\" \/>\n\t<meta property=\"og:image:height\" content=\"843\" \/>\n\t<meta property=\"og:image:type\" content=\"image\/jpeg\" \/>\n<meta name=\"author\" content=\"PXadamCA\" \/>\n<meta name=\"twitter:card\" content=\"summary_large_image\" \/>\n<meta name=\"twitter:label1\" content=\"\u00c9crit par\" \/>\n\t<meta name=\"twitter:data1\" content=\"PXadamCA\" \/>\n\t<meta name=\"twitter:label2\" content=\"Dur\u00e9e de lecture estim\u00e9e\" \/>\n\t<meta name=\"twitter:data2\" content=\"5 minutes\" \/>\n<script type=\"application\/ld+json\" class=\"yoast-schema-graph\">{\"@context\":\"https:\\\/\\\/schema.org\",\"@graph\":[{\"@type\":\"Article\",\"@id\":\"https:\\\/\\\/noclegioswiecim.eu\\\/fr\\\/guide\\\/les-itineraires-cyclables-les-plus-interessants-a-oswiecim-et-dans-les-environs-ou-faire-du-velo\\\/#article\",\"isPartOf\":{\"@id\":\"https:\\\/\\\/noclegioswiecim.eu\\\/fr\\\/guide\\\/les-itineraires-cyclables-les-plus-interessants-a-oswiecim-et-dans-les-environs-ou-faire-du-velo\\\/\"},\"author\":{\"name\":\"PXadamCA\",\"@id\":\"https:\\\/\\\/noclegioswiecim.eu\\\/#\\\/schema\\\/person\\\/d89109dc869efec6edf36e8afbef6437\"},\"headline\":\"Les itin\u00e9raires cyclables les plus int\u00e9ressants \u00e0 O\u015bwi\u0119cim et dans les environs &#8211; o\u00f9 faire du v\u00e9lo ?\",\"datePublished\":\"2023-04-14T22:00:00+00:00\",\"dateModified\":\"2024-03-22T11:04:44+00:00\",\"mainEntityOfPage\":{\"@id\":\"https:\\\/\\\/noclegioswiecim.eu\\\/fr\\\/guide\\\/les-itineraires-cyclables-les-plus-interessants-a-oswiecim-et-dans-les-environs-ou-faire-du-velo\\\/\"},\"wordCount\":929,\"publisher\":{\"@id\":\"https:\\\/\\\/noclegioswiecim.eu\\\/#organization\"},\"image\":{\"@id\":\"https:\\\/\\\/noclegioswiecim.eu\\\/fr\\\/guide\\\/les-itineraires-cyclables-les-plus-interessants-a-oswiecim-et-dans-les-environs-ou-faire-du-velo\\\/#primaryimage\"},\"thumbnailUrl\":\"https:\\\/\\\/noclegioswiecim.eu\\\/wp-content\\\/uploads\\\/2023\\\/07\\\/noclegi-oswiecim-trasy-rowerowe-w-oswiecimiu.jpg\",\"articleSection\":[\"Guide\"],\"inLanguage\":\"fr-FR\"},{\"@type\":\"WebPage\",\"@id\":\"https:\\\/\\\/noclegioswiecim.eu\\\/fr\\\/guide\\\/les-itineraires-cyclables-les-plus-interessants-a-oswiecim-et-dans-les-environs-ou-faire-du-velo\\\/\",\"url\":\"https:\\\/\\\/noclegioswiecim.eu\\\/fr\\\/guide\\\/les-itineraires-cyclables-les-plus-interessants-a-oswiecim-et-dans-les-environs-ou-faire-du-velo\\\/\",\"name\":\"Les itin\u00e9raires cyclables les plus int\u00e9ressants \u00e0 O\u015bwi\u0119cim et dans les environs - o\u00f9 faire du v\u00e9lo ? - Comfort Apartments\",\"isPartOf\":{\"@id\":\"https:\\\/\\\/noclegioswiecim.eu\\\/#website\"},\"primaryImageOfPage\":{\"@id\":\"https:\\\/\\\/noclegioswiecim.eu\\\/fr\\\/guide\\\/les-itineraires-cyclables-les-plus-interessants-a-oswiecim-et-dans-les-environs-ou-faire-du-velo\\\/#primaryimage\"},\"image\":{\"@id\":\"https:\\\/\\\/noclegioswiecim.eu\\\/fr\\\/guide\\\/les-itineraires-cyclables-les-plus-interessants-a-oswiecim-et-dans-les-environs-ou-faire-du-velo\\\/#primaryimage\"},\"thumbnailUrl\":\"https:\\\/\\\/noclegioswiecim.eu\\\/wp-content\\\/uploads\\\/2023\\\/07\\\/noclegi-oswiecim-trasy-rowerowe-w-oswiecimiu.jpg\",\"datePublished\":\"2023-04-14T22:00:00+00:00\",\"dateModified\":\"2024-03-22T11:04:44+00:00\",\"description\":\"O\u015bwi\u0119cim et ses environs sont l'endroit id\u00e9al pour se d\u00e9tendre pour ceux qui pr\u00e9f\u00e8rent \u00eatre actifs. De beaux espaces verts.\",\"breadcrumb\":{\"@id\":\"https:\\\/\\\/noclegioswiecim.eu\\\/fr\\\/guide\\\/les-itineraires-cyclables-les-plus-interessants-a-oswiecim-et-dans-les-environs-ou-faire-du-velo\\\/#breadcrumb\"},\"inLanguage\":\"fr-FR\",\"potentialAction\":[{\"@type\":\"ReadAction\",\"target\":[\"https:\\\/\\\/noclegioswiecim.eu\\\/fr\\\/guide\\\/les-itineraires-cyclables-les-plus-interessants-a-oswiecim-et-dans-les-environs-ou-faire-du-velo\\\/\"]}]},{\"@type\":\"ImageObject\",\"inLanguage\":\"fr-FR\",\"@id\":\"https:\\\/\\\/noclegioswiecim.eu\\\/fr\\\/guide\\\/les-itineraires-cyclables-les-plus-interessants-a-oswiecim-et-dans-les-environs-ou-faire-du-velo\\\/#primaryimage\",\"url\":\"https:\\\/\\\/noclegioswiecim.eu\\\/wp-content\\\/uploads\\\/2023\\\/07\\\/noclegi-oswiecim-trasy-rowerowe-w-oswiecimiu.jpg\",\"contentUrl\":\"https:\\\/\\\/noclegioswiecim.eu\\\/wp-content\\\/uploads\\\/2023\\\/07\\\/noclegi-oswiecim-trasy-rowerowe-w-oswiecimiu.jpg\",\"width\":1167,\"height\":843},{\"@type\":\"BreadcrumbList\",\"@id\":\"https:\\\/\\\/noclegioswiecim.eu\\\/fr\\\/guide\\\/les-itineraires-cyclables-les-plus-interessants-a-oswiecim-et-dans-les-environs-ou-faire-du-velo\\\/#breadcrumb\",\"itemListElement\":[{\"@type\":\"ListItem\",\"position\":1,\"name\":\"Strona g\u0142\u00f3wna\",\"item\":\"https:\\\/\\\/noclegioswiecim.eu\\\/fr\\\/\"},{\"@type\":\"ListItem\",\"position\":2,\"name\":\"Les itin\u00e9raires cyclables les plus int\u00e9ressants \u00e0 O\u015bwi\u0119cim et dans les environs &#8211; o\u00f9 faire du v\u00e9lo ?\"}]},{\"@type\":\"WebSite\",\"@id\":\"https:\\\/\\\/noclegioswiecim.eu\\\/#website\",\"url\":\"https:\\\/\\\/noclegioswiecim.eu\\\/\",\"name\":\"Comfort Apartments\",\"description\":\"Noclegi O\u015bwi\u0119cim \\\/ Booking O\u015bwi\u0119cim\",\"publisher\":{\"@id\":\"https:\\\/\\\/noclegioswiecim.eu\\\/#organization\"},\"potentialAction\":[{\"@type\":\"SearchAction\",\"target\":{\"@type\":\"EntryPoint\",\"urlTemplate\":\"https:\\\/\\\/noclegioswiecim.eu\\\/?s={search_term_string}\"},\"query-input\":{\"@type\":\"PropertyValueSpecification\",\"valueRequired\":true,\"valueName\":\"search_term_string\"}}],\"inLanguage\":\"fr-FR\"},{\"@type\":\"Organization\",\"@id\":\"https:\\\/\\\/noclegioswiecim.eu\\\/#organization\",\"name\":\"Comfort Apartments\",\"url\":\"https:\\\/\\\/noclegioswiecim.eu\\\/\",\"logo\":{\"@type\":\"ImageObject\",\"inLanguage\":\"fr-FR\",\"@id\":\"https:\\\/\\\/noclegioswiecim.eu\\\/#\\\/schema\\\/logo\\\/image\\\/\",\"url\":\"https:\\\/\\\/noclegioswiecim.eu\\\/wp-content\\\/uploads\\\/2023\\\/02\\\/favicona.png\",\"contentUrl\":\"https:\\\/\\\/noclegioswiecim.eu\\\/wp-content\\\/uploads\\\/2023\\\/02\\\/favicona.png\",\"width\":200,\"height\":200,\"caption\":\"Comfort Apartments\"},\"image\":{\"@id\":\"https:\\\/\\\/noclegioswiecim.eu\\\/#\\\/schema\\\/logo\\\/image\\\/\"},\"sameAs\":[\"https:\\\/\\\/www.facebook.com\\\/oswiecimapartments\\\/\",\"https:\\\/\\\/goo.gl\\\/maps\\\/H9x6rxoZWfK3ad1j6\",\"https:\\\/\\\/www.instagram.com\\\/oswiecimapartments\\\/\"]},{\"@type\":\"Person\",\"@id\":\"https:\\\/\\\/noclegioswiecim.eu\\\/#\\\/schema\\\/person\\\/d89109dc869efec6edf36e8afbef6437\",\"name\":\"PXadamCA\",\"image\":{\"@type\":\"ImageObject\",\"inLanguage\":\"fr-FR\",\"@id\":\"https:\\\/\\\/secure.gravatar.com\\\/avatar\\\/adc1dd343d8c5124e40417ce67f1c600f00e279f2aad6a878cce8661419565aa?s=96&d=mm&r=g\",\"url\":\"https:\\\/\\\/secure.gravatar.com\\\/avatar\\\/adc1dd343d8c5124e40417ce67f1c600f00e279f2aad6a878cce8661419565aa?s=96&d=mm&r=g\",\"contentUrl\":\"https:\\\/\\\/secure.gravatar.com\\\/avatar\\\/adc1dd343d8c5124e40417ce67f1c600f00e279f2aad6a878cce8661419565aa?s=96&d=mm&r=g\",\"caption\":\"PXadamCA\"},\"sameAs\":[\"https:\\\/\\\/comfort.proadax-dev.pl\"]}]}<\/script>\n<!-- \/ Yoast SEO plugin. -->","yoast_head_json":{"title":"Les itin\u00e9raires cyclables les plus int\u00e9ressants \u00e0 O\u015bwi\u0119cim et dans les environs - o\u00f9 faire du v\u00e9lo ? - Comfort Apartments","description":"O\u015bwi\u0119cim et ses environs sont l'endroit id\u00e9al pour se d\u00e9tendre pour ceux qui pr\u00e9f\u00e8rent \u00eatre actifs. De beaux espaces verts.","robots":{"index":"index","follow":"follow","max-snippet":"max-snippet:-1","max-image-preview":"max-image-preview:large","max-video-preview":"max-video-preview:-1"},"canonical":"https:\/\/noclegioswiecim.eu\/fr\/guide\/les-itineraires-cyclables-les-plus-interessants-a-oswiecim-et-dans-les-environs-ou-faire-du-velo\/","og_locale":"fr_FR","og_type":"article","og_title":"Les itin\u00e9raires cyclables les plus int\u00e9ressants \u00e0 O\u015bwi\u0119cim et dans les environs - o\u00f9 faire du v\u00e9lo ? - Comfort Apartments","og_description":"O\u015bwi\u0119cim et ses environs sont l'endroit id\u00e9al pour se d\u00e9tendre pour ceux qui pr\u00e9f\u00e8rent \u00eatre actifs. De beaux espaces verts.","og_url":"https:\/\/noclegioswiecim.eu\/fr\/guide\/les-itineraires-cyclables-les-plus-interessants-a-oswiecim-et-dans-les-environs-ou-faire-du-velo\/","og_site_name":"Comfort Apartments","article_publisher":"https:\/\/www.facebook.com\/oswiecimapartments\/","article_published_time":"2023-04-14T22:00:00+00:00","article_modified_time":"2024-03-22T11:04:44+00:00","og_image":[{"width":1167,"height":843,"url":"https:\/\/noclegioswiecim.eu\/wp-content\/uploads\/2023\/07\/noclegi-oswiecim-trasy-rowerowe-w-oswiecimiu.jpg","type":"image\/jpeg"}],"author":"PXadamCA","twitter_card":"summary_large_image","twitter_misc":{"\u00c9crit par":"PXadamCA","Dur\u00e9e de lecture estim\u00e9e":"5 minutes"},"schema":{"@context":"https:\/\/schema.org","@graph":[{"@type":"Article","@id":"https:\/\/noclegioswiecim.eu\/fr\/guide\/les-itineraires-cyclables-les-plus-interessants-a-oswiecim-et-dans-les-environs-ou-faire-du-velo\/#article","isPartOf":{"@id":"https:\/\/noclegioswiecim.eu\/fr\/guide\/les-itineraires-cyclables-les-plus-interessants-a-oswiecim-et-dans-les-environs-ou-faire-du-velo\/"},"author":{"name":"PXadamCA","@id":"https:\/\/noclegioswiecim.eu\/#\/schema\/person\/d89109dc869efec6edf36e8afbef6437"},"headline":"Les itin\u00e9raires cyclables les plus int\u00e9ressants \u00e0 O\u015bwi\u0119cim et dans les environs &#8211; o\u00f9 faire du v\u00e9lo ?","datePublished":"2023-04-14T22:00:00+00:00","dateModified":"2024-03-22T11:04:44+00:00","mainEntityOfPage":{"@id":"https:\/\/noclegioswiecim.eu\/fr\/guide\/les-itineraires-cyclables-les-plus-interessants-a-oswiecim-et-dans-les-environs-ou-faire-du-velo\/"},"wordCount":929,"publisher":{"@id":"https:\/\/noclegioswiecim.eu\/#organization"},"image":{"@id":"https:\/\/noclegioswiecim.eu\/fr\/guide\/les-itineraires-cyclables-les-plus-interessants-a-oswiecim-et-dans-les-environs-ou-faire-du-velo\/#primaryimage"},"thumbnailUrl":"https:\/\/noclegioswiecim.eu\/wp-content\/uploads\/2023\/07\/noclegi-oswiecim-trasy-rowerowe-w-oswiecimiu.jpg","articleSection":["Guide"],"inLanguage":"fr-FR"},{"@type":"WebPage","@id":"https:\/\/noclegioswiecim.eu\/fr\/guide\/les-itineraires-cyclables-les-plus-interessants-a-oswiecim-et-dans-les-environs-ou-faire-du-velo\/","url":"https:\/\/noclegioswiecim.eu\/fr\/guide\/les-itineraires-cyclables-les-plus-interessants-a-oswiecim-et-dans-les-environs-ou-faire-du-velo\/","name":"Les itin\u00e9raires cyclables les plus int\u00e9ressants \u00e0 O\u015bwi\u0119cim et dans les environs - o\u00f9 faire du v\u00e9lo ? - Comfort Apartments","isPartOf":{"@id":"https:\/\/noclegioswiecim.eu\/#website"},"primaryImageOfPage":{"@id":"https:\/\/noclegioswiecim.eu\/fr\/guide\/les-itineraires-cyclables-les-plus-interessants-a-oswiecim-et-dans-les-environs-ou-faire-du-velo\/#primaryimage"},"image":{"@id":"https:\/\/noclegioswiecim.eu\/fr\/guide\/les-itineraires-cyclables-les-plus-interessants-a-oswiecim-et-dans-les-environs-ou-faire-du-velo\/#primaryimage"},"thumbnailUrl":"https:\/\/noclegioswiecim.eu\/wp-content\/uploads\/2023\/07\/noclegi-oswiecim-trasy-rowerowe-w-oswiecimiu.jpg","datePublished":"2023-04-14T22:00:00+00:00","dateModified":"2024-03-22T11:04:44+00:00","description":"O\u015bwi\u0119cim et ses environs sont l'endroit id\u00e9al pour se d\u00e9tendre pour ceux qui pr\u00e9f\u00e8rent \u00eatre actifs. De beaux espaces verts.","breadcrumb":{"@id":"https:\/\/noclegioswiecim.eu\/fr\/guide\/les-itineraires-cyclables-les-plus-interessants-a-oswiecim-et-dans-les-environs-ou-faire-du-velo\/#breadcrumb"},"inLanguage":"fr-FR","potentialAction":[{"@type":"ReadAction","target":["https:\/\/noclegioswiecim.eu\/fr\/guide\/les-itineraires-cyclables-les-plus-interessants-a-oswiecim-et-dans-les-environs-ou-faire-du-velo\/"]}]},{"@type":"ImageObject","inLanguage":"fr-FR","@id":"https:\/\/noclegioswiecim.eu\/fr\/guide\/les-itineraires-cyclables-les-plus-interessants-a-oswiecim-et-dans-les-environs-ou-faire-du-velo\/#primaryimage","url":"https:\/\/noclegioswiecim.eu\/wp-content\/uploads\/2023\/07\/noclegi-oswiecim-trasy-rowerowe-w-oswiecimiu.jpg","contentUrl":"https:\/\/noclegioswiecim.eu\/wp-content\/uploads\/2023\/07\/noclegi-oswiecim-trasy-rowerowe-w-oswiecimiu.jpg","width":1167,"height":843},{"@type":"BreadcrumbList","@id":"https:\/\/noclegioswiecim.eu\/fr\/guide\/les-itineraires-cyclables-les-plus-interessants-a-oswiecim-et-dans-les-environs-ou-faire-du-velo\/#breadcrumb","itemListElement":[{"@type":"ListItem","position":1,"name":"Strona g\u0142\u00f3wna","item":"https:\/\/noclegioswiecim.eu\/fr\/"},{"@type":"ListItem","position":2,"name":"Les itin\u00e9raires cyclables les plus int\u00e9ressants \u00e0 O\u015bwi\u0119cim et dans les environs &#8211; o\u00f9 faire du v\u00e9lo ?"}]},{"@type":"WebSite","@id":"https:\/\/noclegioswiecim.eu\/#website","url":"https:\/\/noclegioswiecim.eu\/","name":"Comfort Apartments","description":"Noclegi O\u015bwi\u0119cim \/ Booking O\u015bwi\u0119cim","publisher":{"@id":"https:\/\/noclegioswiecim.eu\/#organization"},"potentialAction":[{"@type":"SearchAction","target":{"@type":"EntryPoint","urlTemplate":"https:\/\/noclegioswiecim.eu\/?s={search_term_string}"},"query-input":{"@type":"PropertyValueSpecification","valueRequired":true,"valueName":"search_term_string"}}],"inLanguage":"fr-FR"},{"@type":"Organization","@id":"https:\/\/noclegioswiecim.eu\/#organization","name":"Comfort Apartments","url":"https:\/\/noclegioswiecim.eu\/","logo":{"@type":"ImageObject","inLanguage":"fr-FR","@id":"https:\/\/noclegioswiecim.eu\/#\/schema\/logo\/image\/","url":"https:\/\/noclegioswiecim.eu\/wp-content\/uploads\/2023\/02\/favicona.png","contentUrl":"https:\/\/noclegioswiecim.eu\/wp-content\/uploads\/2023\/02\/favicona.png","width":200,"height":200,"caption":"Comfort Apartments"},"image":{"@id":"https:\/\/noclegioswiecim.eu\/#\/schema\/logo\/image\/"},"sameAs":["https:\/\/www.facebook.com\/oswiecimapartments\/","https:\/\/goo.gl\/maps\/H9x6rxoZWfK3ad1j6","https:\/\/www.instagram.com\/oswiecimapartments\/"]},{"@type":"Person","@id":"https:\/\/noclegioswiecim.eu\/#\/schema\/person\/d89109dc869efec6edf36e8afbef6437","name":"PXadamCA","image":{"@type":"ImageObject","inLanguage":"fr-FR","@id":"https:\/\/secure.gravatar.com\/avatar\/adc1dd343d8c5124e40417ce67f1c600f00e279f2aad6a878cce8661419565aa?s=96&d=mm&r=g","url":"https:\/\/secure.gravatar.com\/avatar\/adc1dd343d8c5124e40417ce67f1c600f00e279f2aad6a878cce8661419565aa?s=96&d=mm&r=g","contentUrl":"https:\/\/secure.gravatar.com\/avatar\/adc1dd343d8c5124e40417ce67f1c600f00e279f2aad6a878cce8661419565aa?s=96&d=mm&r=g","caption":"PXadamCA"},"sameAs":["https:\/\/comfort.proadax-dev.pl"]}]}},"_links":{"self":[{"href":"https:\/\/noclegioswiecim.eu\/fr\/wp-json\/wp\/v2\/posts\/3930","targetHints":{"allow":["GET"]}}],"collection":[{"href":"https:\/\/noclegioswiecim.eu\/fr\/wp-json\/wp\/v2\/posts"}],"about":[{"href":"https:\/\/noclegioswiecim.eu\/fr\/wp-json\/wp\/v2\/types\/post"}],"author":[{"embeddable":true,"href":"https:\/\/noclegioswiecim.eu\/fr\/wp-json\/wp\/v2\/users\/1"}],"replies":[{"embeddable":true,"href":"https:\/\/noclegioswiecim.eu\/fr\/wp-json\/wp\/v2\/comments?post=3930"}],"version-history":[{"count":1,"href":"https:\/\/noclegioswiecim.eu\/fr\/wp-json\/wp\/v2\/posts\/3930\/revisions"}],"predecessor-version":[{"id":3932,"href":"https:\/\/noclegioswiecim.eu\/fr\/wp-json\/wp\/v2\/posts\/3930\/revisions\/3932"}],"wp:featuredmedia":[{"embeddable":true,"href":"https:\/\/noclegioswiecim.eu\/fr\/wp-json\/wp\/v2\/media\/3931"}],"wp:attachment":[{"href":"https:\/\/noclegioswiecim.eu\/fr\/wp-json\/wp\/v2\/media?parent=3930"}],"wp:term":[{"taxonomy":"category","embeddable":true,"href":"https:\/\/noclegioswiecim.eu\/fr\/wp-json\/wp\/v2\/categories?post=3930"},{"taxonomy":"post_tag","embeddable":true,"href":"https:\/\/noclegioswiecim.eu\/fr\/wp-json\/wp\/v2\/tags?post=3930"}],"curies":[{"name":"wp","href":"https:\/\/api.w.org\/{rel}","templated":true}]}}