{"id":3911,"date":"2021-12-15T00:00:00","date_gmt":"2021-12-14T23:00:00","guid":{"rendered":"https:\/\/noclegioswiecim.eu\/non-classifiee\/musee-du-chateau-dauschwitz-pourquoi-vaut-il-la-peine-detre-visite\/"},"modified":"2024-03-22T11:07:20","modified_gmt":"2024-03-22T10:07:20","slug":"musee-du-chateau-dauschwitz-pourquoi-vaut-il-la-peine-detre-visite","status":"publish","type":"post","link":"https:\/\/noclegioswiecim.eu\/fr\/guide\/musee-du-chateau-dauschwitz-pourquoi-vaut-il-la-peine-detre-visite\/","title":{"rendered":"Mus\u00e9e du ch\u00e2teau d&rsquo;Auschwitz. Pourquoi vaut-il la peine d&rsquo;\u00eatre visit\u00e9 ?"},"content":{"rendered":"<p>Pr\u00e8s de 800 ans de tradition bourgeoise, passant de main en main, avec en arri\u00e8re-plan de grandes politiques et des querelles dynastiques &#8211; c&rsquo;est ainsi que l&rsquo;on peut r\u00e9sumer l&rsquo;histoire du ch\u00e2teau d&rsquo;O\u015bwi\u0119cim. En 2010. Le b\u00e2timent le plus important de la ville a \u00e9t\u00e9 transform\u00e9 en <strong>mus\u00e9e du ch\u00e2teau d&rsquo;<\/strong>Auschwitz. Le prestige du site s&rsquo;en est trouv\u00e9 accru, ce qui a donn\u00e9 \u00e0 la ville un nouvel \u00e9lan de d\u00e9veloppement gr\u00e2ce \u00e0 des \u00e9v\u00e9nements culturels et des expositions historiques. C&rsquo;est donc un v\u00e9ritable plaisir pour les touristes venant de Pologne et d&rsquo;autres pays du monde. Qu&rsquo;est-ce que le ch\u00e2teau cache d&rsquo;autre que nous n&rsquo;avons pas mentionn\u00e9 ci-dessus ? Vous le lirez &#8230; ci-dessous.<\/p>\n<h2>Mus\u00e9e du ch\u00e2teau d&rsquo;Auschwitz &#8211; un lieu d&rsquo;inspiration historique<\/h2>\n<p>L&rsquo;histoire du ch\u00e2teau est inextricablement li\u00e9e \u00e0 la fondation d&rsquo;<strong>Auschwitz<\/strong>.. Les documents les plus anciens de la r\u00e9gion remontent au XIe si\u00e8cle, \u00e9poque \u00e0 laquelle il y avait un petit \u00e9tablissement agricole compos\u00e9 de huttes en bois. Les premiers documents sur l&rsquo;existence de la ville et du ch\u00e2teau datent de 1179, lorsque la ch\u00e2tellenie d&rsquo;O\u015bwi\u0119cim a \u00e9t\u00e9 s\u00e9par\u00e9e de la juridiction de Cracovie en faveur des ducs d&rsquo;Opole et de Racib\u00f3rz. C&rsquo;\u00e9tait une \u00e9poque incertaine en raison de la division de la Pologne et de la rivalit\u00e9 dynamique entre les princes individuels et les h\u00e9ritiers successifs pour la supr\u00e9matie. Dans les ann\u00e9es qui suivirent, le ch\u00e2teau fut renforc\u00e9 et agrandi par de nouveaux \u00e9l\u00e9ments remplissant des fonctions d\u00e9fensives et militaires. Ces travaux alternent avec des incendies et les destructions qui en r\u00e9sultent. La ville et le ch\u00e2teau ont commenc\u00e9 \u00e0 prendre de l&rsquo;importance au d\u00e9but du 14e si\u00e8cle, lorsque les princes d&rsquo;Angleterre ont commenc\u00e9 \u00e0 s&rsquo;installer dans la ville.  <strong>Duch\u00e9 d&rsquo;O\u015bwi\u0119cim<\/strong>. Depuis, l&rsquo;\u00e2ge d&rsquo;or est venu et les administrateurs successifs &#8211; les starosts royaux &#8211; ont veill\u00e9 \u00e0 son d\u00e9veloppement. Les XVIIIe et XIXe si\u00e8cles ont \u00e9t\u00e9 une p\u00e9riode de catastrophes naturelles (inondations), de destruction, de n\u00e9gligence et de d\u00e9gradation de l&rsquo;\u00e9tat technique du b\u00e2timent, qui a souvent chang\u00e9 de propri\u00e9taire et a finalement \u00e9t\u00e9 utilis\u00e9 comme d\u00e9p\u00f4t commercial. Ce n&rsquo;est qu&rsquo;au d\u00e9but de la Dans les ann\u00e9es 1970. Apr\u00e8s que le nouveau propri\u00e9taire, Karol Kaszny, a achet\u00e9 le b\u00e2timent, le ch\u00e2teau a \u00e9t\u00e9 r\u00e9par\u00e9 et reconstruit, de sorte que des chambres d&rsquo;h\u00f4tel ainsi qu&rsquo;un bar \u00e0 vins et \u00e0 bi\u00e8res y sont exploit\u00e9s. En 1926. Le ch\u00e2teau devient la propri\u00e9t\u00e9 des autorit\u00e9s publiques &#8211; le d\u00e9partement du district de Bia\u0142a Krakowska (aujourd&rsquo;hui Bielsko-Bia\u0142a). Depuis lors et jusqu&rsquo;en 2010. est le si\u00e8ge de divers bureaux et administrations au niveau r\u00e9gional ou local. M\u00eame pendant la Seconde Guerre mondiale, les autorit\u00e9s d&rsquo;occupation du Troisi\u00e8me Reich y \u00e9taient stationn\u00e9es. Entre 2004 et 2006, le ch\u00e2teau a fait l&rsquo;objet d&rsquo;une r\u00e9novation majeure et les int\u00e9rieurs et b\u00e2timents les plus importants ont \u00e9t\u00e9 restaur\u00e9s. \u00c0 partir du 1er janvier 2010. est devenu le si\u00e8ge d&rsquo;une institution culturelle appel\u00e9e le <strong>mus\u00e9e du ch\u00e2teau d&rsquo;O\u015bwi\u0119cim<\/strong>, avec un large \u00e9ventail d&rsquo;expositions qui attirent les touristes comme un aimant chaque ann\u00e9e.<\/p>\n<h3>Qu&rsquo;y a-t-il d&rsquo;int\u00e9ressant dans le ch\u00e2teau ?<\/h3>\n<p>Dans le ch\u00e2teau lui-m\u00eame, les visiteurs peuvent admirer des expositions permanentes sur l&rsquo;histoire de la <strong>r\u00e9gion d&rsquo;O\u015bwi\u0119cim<\/strong> et le patrimoine culturel local. Il s&rsquo;agit de<\/p>\n<ul>\n<li>\u00ab\u00a0L&rsquo;arch\u00e9ologie,<\/li>\n<li>\u00ab\u00a0Int\u00e9rieurs bourgeois,<\/li>\n<li>\u00ab\u00a0Dans la ville royale d&rsquo;Oswiecim\u00a0\u00bb.<\/li>\n<\/ul>\n<p>Bien entendu, les expositions temporaires uniques et tr\u00e8s int\u00e9ressantes qui traitent de sujets socialement pertinents ne manquent pas &#8211; tenez-vous au courant <a href=\"https:\/\/www.muzeum-zamek.pl\/wystawy\/czasowe\">ici<\/a>.<\/p>\n<p>Le mus\u00e9e est ouvert toute l&rsquo;ann\u00e9e \u00e0 l&rsquo;exception des jours f\u00e9ri\u00e9s et de certains jours de la semaine &#8211; d&rsquo;octobre \u00e0 mai, c&rsquo;est le samedi et les autres mois, le lundi. Il est \u00e0 noter que le mardi, il est possible de visiter gratuitement l&rsquo;exposition permanente du ch\u00e2teau et de monter dans la tour. Le prix d&rsquo;un billet normal est de 10 \u00a3, celui d&rsquo;un billet \u00e0 tarif r\u00e9duit est de 6 \u00a3 et celui d&rsquo;un billet familial pour cinq personnes est de 24 \u00a3. Moyennant paiement, vous pouvez louer les services d&rsquo;un audioguide en 5 langues. De plus amples informations utiles, notamment sur les r\u00e9servations et les r\u00e8gles de visite pour les groupes organis\u00e9s, sont disponibles <a href=\"https:\/\/www.muzeum-zamek.pl\/godziny-otwarcia\">ici<\/a>.<\/p>\n<h2>Voir l&rsquo;h\u00f4tel de ville, la tour et les tunnels secrets&#8230;.<\/h2>\n<h3>H\u00f4tel de ville<\/h3>\n<p>Le <strong>mus\u00e9e du ch\u00e2teau d&rsquo;O\u015bwi\u0119cim <\/strong>comprend \u00e9galement l&rsquo;h\u00f4tel de ville, qui date du 19e si\u00e8cle. et restaur\u00e9 apr\u00e8s un incendie en 1863. b\u00e2timent des autorit\u00e9s municipales. Il est actuellement situ\u00e9 au num\u00e9ro 2 de la place principale. Vous pouvez admirer l&rsquo;exposition permanente \u00ab\u00a0Dans les espaces de l&rsquo;histoire. L&rsquo;histoire de la ville d&rsquo;Oswiecim\u00a0\u00bb. C&rsquo;est l&rsquo;occasion de vivre une aventure fascinante dans des int\u00e9rieurs stylis\u00e9s avec de nombreuses pi\u00e8ces d&rsquo;exposition de diff\u00e9rentes \u00e9poques. Une poign\u00e9e d&rsquo;informations pratiques vous attend <a href=\"https:\/\/www.muzeum-zamek.pl\/ratusz-godziny-otwarcia\">ici<\/a>.<\/p>\n<h3>Tour de d\u00e9fense<\/h3>\n<p>Un autre tr\u00e9sor appartenant au mus\u00e9e est une tour de d\u00e9fense m\u00e9di\u00e9vale en briques datant du tournant des 13e et 14e si\u00e8cles. C&rsquo;est le plus ancien b\u00e2timent de la colline du ch\u00e2teau et l&rsquo;un des plus anciens de ce type en Petite Pologne. Il domine toujours les environs et nous rappelle l&rsquo;\u00e2ge d&rsquo;or du Commonwealth polono-lituanien. Cela vaut vraiment la peine d&rsquo;aller au sommet et de profiter des vues magnifiques, en particulier du panorama de la ville ou des sommets des montagnes Beskydy.<\/p>\n<h3>Tunnels<\/h3>\n<p>Si vous aimez d\u00e9couvrir les myst\u00e8res des anciens b\u00e2timents et fortifications, vous devriez vous diriger vers les tunnels du ch\u00e2teau qui courent sous la colline du ch\u00e2teau. Le plus ancien d&rsquo;entre eux, appel\u00e9 le tunnel long ou autrichien, a \u00e9t\u00e9 creus\u00e9 \u00e0 la fin du XVIIIe si\u00e8cle, tandis que les plus jeunes ont \u00e9t\u00e9 creus\u00e9s pendant l&rsquo;occupation nazie. Voulez-vous savoir \u00e0 quoi ils servaient, o\u00f9 ils m\u00e8nent et ce qu&rsquo;ils cachent ? Nous vous invitons \u00e0 les visiter.<\/p>\n<h2>Attractions et \u00e9v\u00e9nements connexes<\/h2>\n<p><strong>Le mus\u00e9e du ch\u00e2teau d&rsquo;O\u015bwi\u0119cim<\/strong> est l&rsquo;endroit id\u00e9al pour vulgariser la connaissance de l&rsquo;histoire, des traditions et du folklore local de la ville. C&rsquo;est pourquoi elle accueille une grande vari\u00e9t\u00e9 d&rsquo;\u00e9v\u00e9nements, de conf\u00e9rences, d&rsquo;ateliers, de concerts ou de festivals qui attirent \u00e0 la fois les habitants et les touristes. C&rsquo;est une merveilleuse occasion de d\u00e9couvrir des lieux apparemment familiers sous un angle compl\u00e8tement diff\u00e9rent et d&rsquo;apprendre comment vivaient nos anc\u00eatres. Une offre d&rsquo;\u00e9v\u00e9nements actuels peut \u00eatre trouv\u00e9e <a href=\"https:\/\/www.muzeum-zamek.pl\/wydarzenia\">ici<\/a>.<\/p>\n<h2>O\u00f9 trouver un logement bon march\u00e9 et confortable \u00e0 Oswiecim ?<\/h2>\n<p>La ville et ses environs constituent un v\u00e9ritable eldorado en termes d&rsquo;offre d&rsquo;h\u00e9bergement, car il existe de nombreux <strong>chalets et appartements \u00e0 Oswiecim<\/strong>, bien situ\u00e9s, bien \u00e9quip\u00e9s et \u00e0 des prix raisonnables. Nous vous encourageons \u00e9galement \u00e0 utiliser l&rsquo;<strong>application booking Auschwitz<\/strong> &#8211; non seulement vous obtenez toutes les offres \u00e0 port\u00e9e de votre smartphone, mais vous pouvez \u00e9galement lire leurs descriptions et faire des <strong>r\u00e9servations en ligne<\/strong>. Par cons\u00e9quent, vous n&rsquo;aurez pas \u00e0 vous soucier de l&rsquo;<strong>h\u00e9bergement \u00e0 O\u015bwi\u0119cim<\/strong> peu de temps apr\u00e8s votre arriv\u00e9e. Pour ceux qui ont besoin de quelque chose de plus, nous recommandons de choisir des \u00e9tablissements d&rsquo;un niveau plus \u00e9lev\u00e9 et dot\u00e9s de nombreux \u00e9quipements, comme un <strong>h\u00f4tel confortable \u00e0 Oswiecim<\/strong> dans le centre-ville ou dans des banlieues intimes entour\u00e9es de nature. En venant ici, chaque touriste trouvera certainement son bonheur, tant en termes de visites que d&rsquo;h\u00e9bergement. Le ch\u00e2teau, l&rsquo;h\u00f4tel de ville, la tour et les tunnels attendent les aventuriers et les amateurs de grande histoire.<\/p>\n","protected":false},"excerpt":{"rendered":"<p>Pr\u00e8s de 800 ans de tradition bourgeoise, passant de main [&hellip;]<\/p>\n","protected":false},"author":1,"featured_media":3914,"comment_status":"closed","ping_status":"closed","sticky":false,"template":"","format":"standard","meta":{"footnotes":""},"categories":[152],"tags":[],"class_list":["post-3911","post","type-post","status-publish","format-standard","has-post-thumbnail","hentry","category-guide"],"yoast_head":"<!-- This site is optimized with the Yoast SEO plugin v27.5 - https:\/\/yoast.com\/product\/yoast-seo-wordpress\/ -->\n<title>Mus\u00e9e du ch\u00e2teau d&#039;Auschwitz. Pourquoi vaut-il la peine d&#039;\u00eatre visit\u00e9 ? - Comfort Apartments<\/title>\n<meta name=\"description\" content=\"L&#039;histoire du ch\u00e2teau est inextricablement li\u00e9e \u00e0 la fondation d&#039;Auschwitz. Les premi\u00e8res r\u00e9f\u00e9rences \u00e0 la r\u00e9gion remontent au XIe si\u00e8cle.\" \/>\n<meta name=\"robots\" content=\"index, follow, max-snippet:-1, max-image-preview:large, max-video-preview:-1\" \/>\n<link rel=\"canonical\" href=\"https:\/\/noclegioswiecim.eu\/fr\/?p=3911\" \/>\n<meta property=\"og:locale\" content=\"fr_FR\" \/>\n<meta property=\"og:type\" content=\"article\" \/>\n<meta property=\"og:title\" content=\"Mus\u00e9e du ch\u00e2teau d&#039;Auschwitz. Pourquoi vaut-il la peine d&#039;\u00eatre visit\u00e9 ? - Comfort Apartments\" \/>\n<meta property=\"og:description\" content=\"L&#039;histoire du ch\u00e2teau est inextricablement li\u00e9e \u00e0 la fondation d&#039;Auschwitz. Les premi\u00e8res r\u00e9f\u00e9rences \u00e0 la r\u00e9gion remontent au XIe si\u00e8cle.\" \/>\n<meta property=\"og:url\" content=\"https:\/\/noclegioswiecim.eu\/fr\/?p=3911\" \/>\n<meta property=\"og:site_name\" content=\"Comfort Apartments\" \/>\n<meta property=\"article:publisher\" content=\"https:\/\/www.facebook.com\/oswiecimapartments\/\" \/>\n<meta property=\"article:published_time\" content=\"2021-12-14T23:00:00+00:00\" \/>\n<meta property=\"article:modified_time\" content=\"2024-03-22T10:07:20+00:00\" \/>\n<meta property=\"og:image\" content=\"https:\/\/noclegioswiecim.eu\/wp-content\/uploads\/2023\/07\/Zamek-Oswiecim-29-of-49-scaled-1-e1689235551747.jpg\" \/>\n\t<meta property=\"og:image:width\" content=\"1900\" \/>\n\t<meta property=\"og:image:height\" content=\"1067\" \/>\n\t<meta property=\"og:image:type\" content=\"image\/jpeg\" \/>\n<meta name=\"author\" content=\"PXadamCA\" \/>\n<meta name=\"twitter:card\" content=\"summary_large_image\" \/>\n<meta name=\"twitter:label1\" content=\"\u00c9crit par\" \/>\n\t<meta name=\"twitter:data1\" content=\"PXadamCA\" \/>\n\t<meta name=\"twitter:label2\" content=\"Dur\u00e9e de lecture estim\u00e9e\" \/>\n\t<meta name=\"twitter:data2\" content=\"7 minutes\" \/>\n<script type=\"application\/ld+json\" class=\"yoast-schema-graph\">{\"@context\":\"https:\\\/\\\/schema.org\",\"@graph\":[{\"@type\":\"Article\",\"@id\":\"https:\\\/\\\/noclegioswiecim.eu\\\/fr\\\/?p=3911#article\",\"isPartOf\":{\"@id\":\"https:\\\/\\\/noclegioswiecim.eu\\\/fr\\\/?p=3911\"},\"author\":{\"name\":\"PXadamCA\",\"@id\":\"https:\\\/\\\/noclegioswiecim.eu\\\/#\\\/schema\\\/person\\\/d89109dc869efec6edf36e8afbef6437\"},\"headline\":\"Mus\u00e9e du ch\u00e2teau d&rsquo;Auschwitz. Pourquoi vaut-il la peine d&rsquo;\u00eatre visit\u00e9 ?\",\"datePublished\":\"2021-12-14T23:00:00+00:00\",\"dateModified\":\"2024-03-22T10:07:20+00:00\",\"mainEntityOfPage\":{\"@id\":\"https:\\\/\\\/noclegioswiecim.eu\\\/fr\\\/?p=3911\"},\"wordCount\":1412,\"publisher\":{\"@id\":\"https:\\\/\\\/noclegioswiecim.eu\\\/#organization\"},\"image\":{\"@id\":\"https:\\\/\\\/noclegioswiecim.eu\\\/fr\\\/?p=3911#primaryimage\"},\"thumbnailUrl\":\"https:\\\/\\\/noclegioswiecim.eu\\\/wp-content\\\/uploads\\\/2023\\\/07\\\/Zamek-Oswiecim-29-of-49-scaled-1-e1689235551747.jpg\",\"articleSection\":[\"Guide\"],\"inLanguage\":\"fr-FR\"},{\"@type\":\"WebPage\",\"@id\":\"https:\\\/\\\/noclegioswiecim.eu\\\/fr\\\/?p=3911\",\"url\":\"https:\\\/\\\/noclegioswiecim.eu\\\/fr\\\/?p=3911\",\"name\":\"Mus\u00e9e du ch\u00e2teau d'Auschwitz. Pourquoi vaut-il la peine d'\u00eatre visit\u00e9 ? - Comfort Apartments\",\"isPartOf\":{\"@id\":\"https:\\\/\\\/noclegioswiecim.eu\\\/#website\"},\"primaryImageOfPage\":{\"@id\":\"https:\\\/\\\/noclegioswiecim.eu\\\/fr\\\/?p=3911#primaryimage\"},\"image\":{\"@id\":\"https:\\\/\\\/noclegioswiecim.eu\\\/fr\\\/?p=3911#primaryimage\"},\"thumbnailUrl\":\"https:\\\/\\\/noclegioswiecim.eu\\\/wp-content\\\/uploads\\\/2023\\\/07\\\/Zamek-Oswiecim-29-of-49-scaled-1-e1689235551747.jpg\",\"datePublished\":\"2021-12-14T23:00:00+00:00\",\"dateModified\":\"2024-03-22T10:07:20+00:00\",\"description\":\"L'histoire du ch\u00e2teau est inextricablement li\u00e9e \u00e0 la fondation d'Auschwitz. Les premi\u00e8res r\u00e9f\u00e9rences \u00e0 la r\u00e9gion remontent au XIe si\u00e8cle.\",\"breadcrumb\":{\"@id\":\"https:\\\/\\\/noclegioswiecim.eu\\\/fr\\\/?p=3911#breadcrumb\"},\"inLanguage\":\"fr-FR\",\"potentialAction\":[{\"@type\":\"ReadAction\",\"target\":[\"https:\\\/\\\/noclegioswiecim.eu\\\/fr\\\/?p=3911\"]}]},{\"@type\":\"ImageObject\",\"inLanguage\":\"fr-FR\",\"@id\":\"https:\\\/\\\/noclegioswiecim.eu\\\/fr\\\/?p=3911#primaryimage\",\"url\":\"https:\\\/\\\/noclegioswiecim.eu\\\/wp-content\\\/uploads\\\/2023\\\/07\\\/Zamek-Oswiecim-29-of-49-scaled-1-e1689235551747.jpg\",\"contentUrl\":\"https:\\\/\\\/noclegioswiecim.eu\\\/wp-content\\\/uploads\\\/2023\\\/07\\\/Zamek-Oswiecim-29-of-49-scaled-1-e1689235551747.jpg\",\"width\":1900,\"height\":1067},{\"@type\":\"BreadcrumbList\",\"@id\":\"https:\\\/\\\/noclegioswiecim.eu\\\/fr\\\/?p=3911#breadcrumb\",\"itemListElement\":[{\"@type\":\"ListItem\",\"position\":1,\"name\":\"Strona g\u0142\u00f3wna\",\"item\":\"https:\\\/\\\/noclegioswiecim.eu\\\/fr\\\/\"},{\"@type\":\"ListItem\",\"position\":2,\"name\":\"Mus\u00e9e du ch\u00e2teau d&#8217;Auschwitz. Pourquoi vaut-il la peine d&#8217;\u00eatre visit\u00e9 ?\"}]},{\"@type\":\"WebSite\",\"@id\":\"https:\\\/\\\/noclegioswiecim.eu\\\/#website\",\"url\":\"https:\\\/\\\/noclegioswiecim.eu\\\/\",\"name\":\"Comfort Apartments\",\"description\":\"Noclegi O\u015bwi\u0119cim \\\/ Booking O\u015bwi\u0119cim\",\"publisher\":{\"@id\":\"https:\\\/\\\/noclegioswiecim.eu\\\/#organization\"},\"potentialAction\":[{\"@type\":\"SearchAction\",\"target\":{\"@type\":\"EntryPoint\",\"urlTemplate\":\"https:\\\/\\\/noclegioswiecim.eu\\\/?s={search_term_string}\"},\"query-input\":{\"@type\":\"PropertyValueSpecification\",\"valueRequired\":true,\"valueName\":\"search_term_string\"}}],\"inLanguage\":\"fr-FR\"},{\"@type\":\"Organization\",\"@id\":\"https:\\\/\\\/noclegioswiecim.eu\\\/#organization\",\"name\":\"Comfort Apartments\",\"url\":\"https:\\\/\\\/noclegioswiecim.eu\\\/\",\"logo\":{\"@type\":\"ImageObject\",\"inLanguage\":\"fr-FR\",\"@id\":\"https:\\\/\\\/noclegioswiecim.eu\\\/#\\\/schema\\\/logo\\\/image\\\/\",\"url\":\"https:\\\/\\\/noclegioswiecim.eu\\\/wp-content\\\/uploads\\\/2023\\\/02\\\/favicona.png\",\"contentUrl\":\"https:\\\/\\\/noclegioswiecim.eu\\\/wp-content\\\/uploads\\\/2023\\\/02\\\/favicona.png\",\"width\":200,\"height\":200,\"caption\":\"Comfort Apartments\"},\"image\":{\"@id\":\"https:\\\/\\\/noclegioswiecim.eu\\\/#\\\/schema\\\/logo\\\/image\\\/\"},\"sameAs\":[\"https:\\\/\\\/www.facebook.com\\\/oswiecimapartments\\\/\",\"https:\\\/\\\/goo.gl\\\/maps\\\/H9x6rxoZWfK3ad1j6\",\"https:\\\/\\\/www.instagram.com\\\/oswiecimapartments\\\/\"]},{\"@type\":\"Person\",\"@id\":\"https:\\\/\\\/noclegioswiecim.eu\\\/#\\\/schema\\\/person\\\/d89109dc869efec6edf36e8afbef6437\",\"name\":\"PXadamCA\",\"image\":{\"@type\":\"ImageObject\",\"inLanguage\":\"fr-FR\",\"@id\":\"https:\\\/\\\/secure.gravatar.com\\\/avatar\\\/adc1dd343d8c5124e40417ce67f1c600f00e279f2aad6a878cce8661419565aa?s=96&d=mm&r=g\",\"url\":\"https:\\\/\\\/secure.gravatar.com\\\/avatar\\\/adc1dd343d8c5124e40417ce67f1c600f00e279f2aad6a878cce8661419565aa?s=96&d=mm&r=g\",\"contentUrl\":\"https:\\\/\\\/secure.gravatar.com\\\/avatar\\\/adc1dd343d8c5124e40417ce67f1c600f00e279f2aad6a878cce8661419565aa?s=96&d=mm&r=g\",\"caption\":\"PXadamCA\"},\"sameAs\":[\"https:\\\/\\\/comfort.proadax-dev.pl\"]}]}<\/script>\n<!-- \/ Yoast SEO plugin. -->","yoast_head_json":{"title":"Mus\u00e9e du ch\u00e2teau d'Auschwitz. Pourquoi vaut-il la peine d'\u00eatre visit\u00e9 ? - Comfort Apartments","description":"L'histoire du ch\u00e2teau est inextricablement li\u00e9e \u00e0 la fondation d'Auschwitz. Les premi\u00e8res r\u00e9f\u00e9rences \u00e0 la r\u00e9gion remontent au XIe si\u00e8cle.","robots":{"index":"index","follow":"follow","max-snippet":"max-snippet:-1","max-image-preview":"max-image-preview:large","max-video-preview":"max-video-preview:-1"},"canonical":"https:\/\/noclegioswiecim.eu\/fr\/?p=3911","og_locale":"fr_FR","og_type":"article","og_title":"Mus\u00e9e du ch\u00e2teau d'Auschwitz. Pourquoi vaut-il la peine d'\u00eatre visit\u00e9 ? - Comfort Apartments","og_description":"L'histoire du ch\u00e2teau est inextricablement li\u00e9e \u00e0 la fondation d'Auschwitz. Les premi\u00e8res r\u00e9f\u00e9rences \u00e0 la r\u00e9gion remontent au XIe si\u00e8cle.","og_url":"https:\/\/noclegioswiecim.eu\/fr\/?p=3911","og_site_name":"Comfort Apartments","article_publisher":"https:\/\/www.facebook.com\/oswiecimapartments\/","article_published_time":"2021-12-14T23:00:00+00:00","article_modified_time":"2024-03-22T10:07:20+00:00","og_image":[{"width":1900,"height":1067,"url":"https:\/\/noclegioswiecim.eu\/wp-content\/uploads\/2023\/07\/Zamek-Oswiecim-29-of-49-scaled-1-e1689235551747.jpg","type":"image\/jpeg"}],"author":"PXadamCA","twitter_card":"summary_large_image","twitter_misc":{"\u00c9crit par":"PXadamCA","Dur\u00e9e de lecture estim\u00e9e":"7 minutes"},"schema":{"@context":"https:\/\/schema.org","@graph":[{"@type":"Article","@id":"https:\/\/noclegioswiecim.eu\/fr\/?p=3911#article","isPartOf":{"@id":"https:\/\/noclegioswiecim.eu\/fr\/?p=3911"},"author":{"name":"PXadamCA","@id":"https:\/\/noclegioswiecim.eu\/#\/schema\/person\/d89109dc869efec6edf36e8afbef6437"},"headline":"Mus\u00e9e du ch\u00e2teau d&rsquo;Auschwitz. Pourquoi vaut-il la peine d&rsquo;\u00eatre visit\u00e9 ?","datePublished":"2021-12-14T23:00:00+00:00","dateModified":"2024-03-22T10:07:20+00:00","mainEntityOfPage":{"@id":"https:\/\/noclegioswiecim.eu\/fr\/?p=3911"},"wordCount":1412,"publisher":{"@id":"https:\/\/noclegioswiecim.eu\/#organization"},"image":{"@id":"https:\/\/noclegioswiecim.eu\/fr\/?p=3911#primaryimage"},"thumbnailUrl":"https:\/\/noclegioswiecim.eu\/wp-content\/uploads\/2023\/07\/Zamek-Oswiecim-29-of-49-scaled-1-e1689235551747.jpg","articleSection":["Guide"],"inLanguage":"fr-FR"},{"@type":"WebPage","@id":"https:\/\/noclegioswiecim.eu\/fr\/?p=3911","url":"https:\/\/noclegioswiecim.eu\/fr\/?p=3911","name":"Mus\u00e9e du ch\u00e2teau d'Auschwitz. Pourquoi vaut-il la peine d'\u00eatre visit\u00e9 ? - Comfort Apartments","isPartOf":{"@id":"https:\/\/noclegioswiecim.eu\/#website"},"primaryImageOfPage":{"@id":"https:\/\/noclegioswiecim.eu\/fr\/?p=3911#primaryimage"},"image":{"@id":"https:\/\/noclegioswiecim.eu\/fr\/?p=3911#primaryimage"},"thumbnailUrl":"https:\/\/noclegioswiecim.eu\/wp-content\/uploads\/2023\/07\/Zamek-Oswiecim-29-of-49-scaled-1-e1689235551747.jpg","datePublished":"2021-12-14T23:00:00+00:00","dateModified":"2024-03-22T10:07:20+00:00","description":"L'histoire du ch\u00e2teau est inextricablement li\u00e9e \u00e0 la fondation d'Auschwitz. Les premi\u00e8res r\u00e9f\u00e9rences \u00e0 la r\u00e9gion remontent au XIe si\u00e8cle.","breadcrumb":{"@id":"https:\/\/noclegioswiecim.eu\/fr\/?p=3911#breadcrumb"},"inLanguage":"fr-FR","potentialAction":[{"@type":"ReadAction","target":["https:\/\/noclegioswiecim.eu\/fr\/?p=3911"]}]},{"@type":"ImageObject","inLanguage":"fr-FR","@id":"https:\/\/noclegioswiecim.eu\/fr\/?p=3911#primaryimage","url":"https:\/\/noclegioswiecim.eu\/wp-content\/uploads\/2023\/07\/Zamek-Oswiecim-29-of-49-scaled-1-e1689235551747.jpg","contentUrl":"https:\/\/noclegioswiecim.eu\/wp-content\/uploads\/2023\/07\/Zamek-Oswiecim-29-of-49-scaled-1-e1689235551747.jpg","width":1900,"height":1067},{"@type":"BreadcrumbList","@id":"https:\/\/noclegioswiecim.eu\/fr\/?p=3911#breadcrumb","itemListElement":[{"@type":"ListItem","position":1,"name":"Strona g\u0142\u00f3wna","item":"https:\/\/noclegioswiecim.eu\/fr\/"},{"@type":"ListItem","position":2,"name":"Mus\u00e9e du ch\u00e2teau d&#8217;Auschwitz. Pourquoi vaut-il la peine d&#8217;\u00eatre visit\u00e9 ?"}]},{"@type":"WebSite","@id":"https:\/\/noclegioswiecim.eu\/#website","url":"https:\/\/noclegioswiecim.eu\/","name":"Comfort Apartments","description":"Noclegi O\u015bwi\u0119cim \/ Booking O\u015bwi\u0119cim","publisher":{"@id":"https:\/\/noclegioswiecim.eu\/#organization"},"potentialAction":[{"@type":"SearchAction","target":{"@type":"EntryPoint","urlTemplate":"https:\/\/noclegioswiecim.eu\/?s={search_term_string}"},"query-input":{"@type":"PropertyValueSpecification","valueRequired":true,"valueName":"search_term_string"}}],"inLanguage":"fr-FR"},{"@type":"Organization","@id":"https:\/\/noclegioswiecim.eu\/#organization","name":"Comfort Apartments","url":"https:\/\/noclegioswiecim.eu\/","logo":{"@type":"ImageObject","inLanguage":"fr-FR","@id":"https:\/\/noclegioswiecim.eu\/#\/schema\/logo\/image\/","url":"https:\/\/noclegioswiecim.eu\/wp-content\/uploads\/2023\/02\/favicona.png","contentUrl":"https:\/\/noclegioswiecim.eu\/wp-content\/uploads\/2023\/02\/favicona.png","width":200,"height":200,"caption":"Comfort Apartments"},"image":{"@id":"https:\/\/noclegioswiecim.eu\/#\/schema\/logo\/image\/"},"sameAs":["https:\/\/www.facebook.com\/oswiecimapartments\/","https:\/\/goo.gl\/maps\/H9x6rxoZWfK3ad1j6","https:\/\/www.instagram.com\/oswiecimapartments\/"]},{"@type":"Person","@id":"https:\/\/noclegioswiecim.eu\/#\/schema\/person\/d89109dc869efec6edf36e8afbef6437","name":"PXadamCA","image":{"@type":"ImageObject","inLanguage":"fr-FR","@id":"https:\/\/secure.gravatar.com\/avatar\/adc1dd343d8c5124e40417ce67f1c600f00e279f2aad6a878cce8661419565aa?s=96&d=mm&r=g","url":"https:\/\/secure.gravatar.com\/avatar\/adc1dd343d8c5124e40417ce67f1c600f00e279f2aad6a878cce8661419565aa?s=96&d=mm&r=g","contentUrl":"https:\/\/secure.gravatar.com\/avatar\/adc1dd343d8c5124e40417ce67f1c600f00e279f2aad6a878cce8661419565aa?s=96&d=mm&r=g","caption":"PXadamCA"},"sameAs":["https:\/\/comfort.proadax-dev.pl"]}]}},"_links":{"self":[{"href":"https:\/\/noclegioswiecim.eu\/fr\/wp-json\/wp\/v2\/posts\/3911","targetHints":{"allow":["GET"]}}],"collection":[{"href":"https:\/\/noclegioswiecim.eu\/fr\/wp-json\/wp\/v2\/posts"}],"about":[{"href":"https:\/\/noclegioswiecim.eu\/fr\/wp-json\/wp\/v2\/types\/post"}],"author":[{"embeddable":true,"href":"https:\/\/noclegioswiecim.eu\/fr\/wp-json\/wp\/v2\/users\/1"}],"replies":[{"embeddable":true,"href":"https:\/\/noclegioswiecim.eu\/fr\/wp-json\/wp\/v2\/comments?post=3911"}],"version-history":[{"count":1,"href":"https:\/\/noclegioswiecim.eu\/fr\/wp-json\/wp\/v2\/posts\/3911\/revisions"}],"predecessor-version":[{"id":3915,"href":"https:\/\/noclegioswiecim.eu\/fr\/wp-json\/wp\/v2\/posts\/3911\/revisions\/3915"}],"wp:featuredmedia":[{"embeddable":true,"href":"https:\/\/noclegioswiecim.eu\/fr\/wp-json\/wp\/v2\/media\/3914"}],"wp:attachment":[{"href":"https:\/\/noclegioswiecim.eu\/fr\/wp-json\/wp\/v2\/media?parent=3911"}],"wp:term":[{"taxonomy":"category","embeddable":true,"href":"https:\/\/noclegioswiecim.eu\/fr\/wp-json\/wp\/v2\/categories?post=3911"},{"taxonomy":"post_tag","embeddable":true,"href":"https:\/\/noclegioswiecim.eu\/fr\/wp-json\/wp\/v2\/tags?post=3911"}],"curies":[{"name":"wp","href":"https:\/\/api.w.org\/{rel}","templated":true}]}}