{"id":3909,"date":"2021-09-17T00:00:00","date_gmt":"2021-09-16T22:00:00","guid":{"rendered":"https:\/\/noclegioswiecim.eu\/non-classifiee\/pres-dauschwitz-il-vaut-la-peine-detre-visite-la-route-de-wadowice-de-karol-wojtyla\/"},"modified":"2024-03-22T11:07:20","modified_gmt":"2024-03-22T10:07:20","slug":"pres-dauschwitz-il-vaut-la-peine-detre-visite-la-route-de-wadowice-de-karol-wojtyla","status":"publish","type":"post","link":"https:\/\/noclegioswiecim.eu\/fr\/guide\/pres-dauschwitz-il-vaut-la-peine-detre-visite-la-route-de-wadowice-de-karol-wojtyla\/","title":{"rendered":"Pr\u00e8s d&rsquo;Auschwitz, il vaut la peine d&rsquo;\u00eatre visit\u00e9 : La route de Wadowice de Karol Wojty\u0142a"},"content":{"rendered":"<p>\u00c0 moins de 32 km au sud-est d&rsquo;<strong>O\u015bwi\u0119cim<\/strong> se trouve une autre ville de Malopolska qui m\u00e9rite d&rsquo;\u00eatre visit\u00e9e, quelle que soit la saison ou le temps. Il s&rsquo;agit bien s\u00fbr de <strong>Wadowice<\/strong>, la ville qui a donn\u00e9 naissance au pape polonais. C&rsquo;est l\u00e0 que l&rsquo;on peut d\u00e9couvrir l&rsquo;histoire du personnage, un saint qui est entr\u00e9 en lettres d&rsquo;or dans les annales de l&rsquo;\u00c9glise catholique romaine. Ce sont les lieux o\u00f9 <strong>Karol Wojtyla<\/strong> est n\u00e9 et a grandi, et o\u00f9, depuis le 16 octobre 1978, le pape  <strong>St. Jean-Paul II<\/strong>. <strong>Wadowice<\/strong>, avec son <strong>sentier<\/strong> \u00e9ponyme <strong>Wadowice Karol Wojty\u0142a<\/strong>, est un espace unique o\u00f9 les touristes de toute la Pologne, d&rsquo;Europe et d&rsquo;autres pays du monde viennent d\u00e9couvrir la patrie du pape et ce qu&rsquo;\u00e9tait sa vie avant que le Vatican ne le r\u00e9clame. Wadowice est \u00e9galement une \u00e9tape incontournable sur la carte touristique de la <strong>vall\u00e9e des Carpates<\/strong>. Quelles sont donc les attractions qui vous attendent sur l&rsquo;<strong>itin\u00e9raire<\/strong> susmentionn\u00e9 et o\u00f9 trouver un bon <strong>h\u00e9bergement \u00e0 Oswiecim<\/strong>?<\/p>\n<h2>Qu&rsquo;est-ce que la piste Karol Wojtyla ?<\/h2>\n<p>Elle a \u00e9t\u00e9 cr\u00e9\u00e9e en 2005. un groupe de 13 sites situ\u00e9s dans le <strong>centre de Wadowice<\/strong> qui sont \u00e9troitement li\u00e9s \u00e0 la vie de <strong>Karol Wojty\u0142a<\/strong>. Il est int\u00e9ressant de noter qu&rsquo;aucun autre pape n&rsquo;a effectu\u00e9 autant de p\u00e8lerinages et n&rsquo;a \u00e9t\u00e9 aussi proche des gens que  <strong>St. Jean-Paul II<\/strong>ou le <strong> pape-p\u00e8lerin<\/strong>. Il a \u00e9t\u00e9 le pionnier d&rsquo;une nouvelle approche dans l&rsquo;\u00e9tablissement de relations avec les fid\u00e8les, qui le consid\u00e9raient comme un homme ordinaire, et non comme une personnalit\u00e9 cool connue uniquement gr\u00e2ce aux reportages t\u00e9l\u00e9vis\u00e9s ou \u00e0 la pri\u00e8re de l&rsquo;Ang\u00e9lus du dimanche sur la place Saint-Pierre. Elle s&rsquo;est d\u00e9roul\u00e9e dans la basilique Saint-Pierre de Rome. Le sentier a \u00e9galement \u00e9t\u00e9 cr\u00e9\u00e9 parce que <strong>Karol Wojtyla<\/strong> aimait parler, de mani\u00e8re tr\u00e8s personnelle, de sa ville natale, comme en t\u00e9moigne sa rencontre avec les fid\u00e8les de l&rsquo;\u00e9glise paroissiale <strong>de la N.M.P. de Wadowice<\/strong> lors de son huiti\u00e8me p\u00e8lerinage en Pologne en 1999. Vous trouverez ci-dessous une liste des 13 sites qui composent le <strong>sentier Karol Wojtyla de Wadowice<\/strong>. Avant de commencer la visite, nous vous recommandons de t\u00e9l\u00e9charger l&rsquo;application mobile qui vous aidera \u00e0 naviguer dans les sites importants et vous fournira des informations pr\u00e9cieuses &#8211; l&rsquo;application peut \u00eatre t\u00e9l\u00e9charg\u00e9e <a href=\"https:\/\/www.it.wadowice.pl\/do-pobrania\/aplikacje-mobilne\/szlak-karola-wojtyly-1.html\">ici<\/a>.<\/p>\n<h3>1) Mus\u00e9e de la maison familiale du pape Jean-Paul II \u00e0 Wadowice<\/h3>\n<p>Maison de tentes datant d&rsquo;env. 1870 r. situ\u00e9 \u00e0 l&rsquo;adresse suivante  <strong>ul. 7 rue de l&rsquo;\u00e9glise<\/strong>C&rsquo;est ici qu&rsquo;est n\u00e9 <strong>Karol Wojtyla<\/strong>. Le premier mus\u00e9e sur la vie du pape a \u00e9t\u00e9 cr\u00e9\u00e9 ici en 1984, tandis que l&rsquo;apparence actuelle est due \u00e0 des travaux achev\u00e9s en 2014. \u00c0 l&rsquo;int\u00e9rieur, les visiteurs peuvent admirer pas moins de 16 zones th\u00e9matiques r\u00e9parties sur les quatre \u00e9tages du b\u00e2timent, toutes consacr\u00e9es \u00e0 la vie et \u00e0 l&rsquo;enseignement du pape.  <strong>St. Jean-Paul II<\/strong>. Les int\u00e9rieurs ont \u00e9t\u00e9 restaur\u00e9s dans le respect de l&rsquo;esprit de l&rsquo;\u00e9poque et pr\u00e9sentent de nombreux objets int\u00e9ressants tels que des skis ou des m\u00e9daillons, des objets de famille et des photographies.<\/p>\n<p>Pour visiter le mus\u00e9e, il faut r\u00e9server \u00e0 l&rsquo;avance <a href=\"https:\/\/bilety.domjp2.pl\/\">en ligne<\/a> ou par t\u00e9l\u00e9phone \u00e0 l&rsquo;adresse suivante  <strong>tel. no. 33 823 35 55<\/strong>. L&rsquo;\u00e9tablissement est ouvert sept jours sur sept, g\u00e9n\u00e9ralement entre 10 heures et 17 heures. En 2021. Le prix d&rsquo;un billet normal est de 27 PLN, celui d&rsquo;un billet de groupe de 22 PLN, celui d&rsquo;un billet familial de 70 PLN et celui d&rsquo;un billet \u00e0 tarif r\u00e9duit de 10 PLN. Il existe \u00e9galement des billets \u00e0 prix r\u00e9duit pour les familles titulaires d&rsquo;une carte de famille nombreuse et des billets gratuits, entre autres. pour l&rsquo;assistant d&rsquo;une personne handicap\u00e9e. L&rsquo;<strong>entr\u00e9e est <\/strong><a href=\"https:\/\/domjp2.pl\/odwiedz-nas\/#rezerwacje-biletow-na-darmowe-wtorki\">gratuite<\/a> <strong>le mardi <\/strong>. Pour plus d&rsquo;informations sur les expositions et les activit\u00e9s, ainsi que sur les modalit\u00e9s de visite, visitez le <a href=\"https:\/\/domjp2.pl\/\">site web<\/a> du mus\u00e9e.<\/p>\n<h3>2. la basilique mineure Sainte-Marie-Madeleine Pr\u00e9sentation de la Vierge Marie<\/h3>\n<p>C&rsquo;est ici que Karol Wojtyla a \u00e9t\u00e9 baptis\u00e9, notamment dans les magnifiques fonts baptismaux baroques. Charles, lorsqu&rsquo;il \u00e9tait \u00e9tudiant, priait ici tous les matins devant l&rsquo;image de Notre-Dame du Perp\u00e9tuel Secours. En revanche, en  <strong>La chapelle Saint-Jean-Baptiste Jean-Paul II<\/strong>  les reliques du grand Polonais sont conserv\u00e9es. Il est \u00e9galement utile de v\u00e9rifier les horaires des messes et des confessions sur le <a href=\"https:\/\/www.wadowicejp2.pl\/\">site Internet de<\/a> la basilique.<\/p>\n<h3>3 Le march\u00e9<\/h3>\n<p>La place du march\u00e9 de Wadowice est le c\u0153ur de la ville et un espace pr\u00e9par\u00e9 avec le grand p\u00f4le \u00e0 l&rsquo;esprit. Avant la Seconde Guerre mondiale, il s&rsquo;agissait de la place du Mar\u00e9chal J\u00f3zef Pi\u0142sudski, tandis qu&rsquo;aujourd&rsquo;hui, elle porte fi\u00e8rement le nom de <strong>place Jean-Paul II<\/strong>. Pas moins de 161 plaques comm\u00e9moratives ont \u00e9t\u00e9 install\u00e9es sur la place, rappelant les nombreux p\u00e8lerinages du pape en Pologne et dans plus de 100 pays. En outre, <strong>une statue de Jean-Paul II<\/strong> a \u00e9t\u00e9 \u00e9rig\u00e9e pr\u00e8s de la basilique mineure.<\/p>\n<h3>4. le foyer catholique<\/h3>\n<p>C&rsquo;est l\u00e0 que le th\u00e9\u00e2tre a vu le jour, et vous pouvez aujourd&rsquo;hui profiter d&rsquo;une exposition r\u00e9alis\u00e9e par l&rsquo;\u00e9quipe du  <strong>Mus\u00e9e de la maison de la famille JPII. \u00ab\u00a0La souffrance a un sens\u00a0\u00bb.<\/strong>  inspir\u00e9e de son s\u00e9jour \u00e0 l&rsquo;h\u00f4pital apr\u00e8s la tentative d&rsquo;assassinat du Pape en 1981, et qui pr\u00e9sente un v\u00e9ritable \u00e9quipement de chambre d&rsquo;h\u00f4pital provenant de la clinique Gemelli en Italie. \u00c0 la <strong>Maison catholique, Karol Wojtyla<\/strong> a fait ses d\u00e9buts en tant que l&rsquo;un des metteurs en sc\u00e8ne d&rsquo;une pi\u00e8ce intitul\u00e9e \u00ab\u00a0L&rsquo;h\u00f4pital du pape\u00a0\u00bb. Com\u00e9die non-bosque\u00a0\u00bb. En outre, il y joue le r\u00f4le principal, celui du comte Henry.<\/p>\n<h3>5. centre communautaire &#8211; ancien b\u00e2timent de la Sokol Gymnastic Society<\/h3>\n<p>L&rsquo;exercice physique et la participation \u00e0 des comp\u00e9titions sportives ne sont pas \u00e9trangers \u00e0 <strong>Karol Wojtyla<\/strong>, mais c&rsquo;est sur la sc\u00e8ne du \u00ab\u00a0Sokol\u00a0\u00bb que le futur pape joue dans des productions th\u00e9\u00e2trales.<\/p>\n<h3>6. le mus\u00e9e de la ville avec l&rsquo;exposition permanente \u00ab\u00a0Wadowice. La ville o\u00f9 tout a commenc\u00e9\u00a0\u00bb<\/h3>\n<p>Il s&rsquo;agit d&rsquo;un site tr\u00e8s int\u00e9ressant qui raconte l&rsquo;histoire de <strong>Wadowice<\/strong> dans la p\u00e9riode d&rsquo;avant-guerre, notamment en ce qui concerne la vie quotidienne de ses habitants, y compris le jeune Charles. Situ\u00e9 sur ul. Le mus\u00e9e situ\u00e9 au 4 Church Street est un r\u00e9gal pour les amateurs de culture et d&rsquo;histoire. Il est ouvert du mardi au dimanche. Les prix des billets varient de 3 \u00e0 10 livres sterling. Vous pouvez \u00e9galement louer les services d&rsquo;un guide. De plus amples informations sont disponibles sur le <a href=\"https:\/\/wck.wadowice.pl\/kontakt-z-muzeum\/\">site web<\/a> du mus\u00e9e.<\/p>\n<h3>7. magistrat &#8211; ancienne \u00e9cole polyvalente<\/h3>\n<p>Le petit Lolek y a fait ses \u00e9tudes entre 1926 et 1930.<\/p>\n<h3>8th Grammar School &#8211; anciennement connu sous le nom de Gymnasium for the Humanities. Martin Wadowita<\/h3>\n<p>Apr\u00e8s avoir quitt\u00e9 l&rsquo;\u00e9cole primaire, <strong>Karol Wojtyla<\/strong> entre au Gymnasium (1930-1938), o\u00f9 il passe son baccalaur\u00e9at, puis se rend avec ses camarades de classe \u00e0 la <strong>confiserie Hagenhuber<\/strong> pour y acheter des cr\u00e8mes. Il est int\u00e9ressant de noter qu&rsquo;<strong>un banc Karol Wojtyla<\/strong> a \u00e9t\u00e9 plac\u00e9 devant ce qui est aujourd&rsquo;hui l&rsquo;\u00e9cole secondaire &#8211; profitez-en pour vous asseoir et prendre quelques photos comm\u00e9moratives.<\/p>\n<h3>9. l&rsquo;ancienne confiserie de Karl Hagenhuber<\/h3>\n<p>\u00ab\u00a0Apr\u00e8s le baccalaur\u00e9at, nous avions l&rsquo;habitude d&rsquo;aller chercher des cr\u00e8mes. Cette phrase c\u00e9l\u00e8bre de 1999. est inoubliable, tout comme le go\u00fbt des fameuses cr\u00e8mes, qui sont toujours propos\u00e9es ici aujourd&rsquo;hui, mais par deux autres p\u00e2tisseries. Cela vaut la peine d&rsquo;\u00eatre pr\u00e9sent et de go\u00fbter \u00e0 ce mets papal.<\/p>\n<h3>10. monast\u00e8re des carm\u00e9lites d\u00e9chauss\u00e9es &#8211; Sanctuaire de Saint-Jean-Baptiste. Joseph<\/h3>\n<p>Un des lieux privil\u00e9gi\u00e9s de la vie du futur pape. Il fr\u00e9quentait r\u00e9guli\u00e8rement l&rsquo;\u00e9glise de St. La cath\u00e9drale Saint-Joseph sur le site dit \u00ab\u00a0Saint-Joseph\u00a0\u00bb. \u00ab\u00a0C&rsquo;est l\u00e0 qu&rsquo;il a re\u00e7u une formation spirituelle. C&rsquo;est d&rsquo;ailleurs dans cette \u00e9glise qu&rsquo;il a re\u00e7u son premier scapulaire, devant l&rsquo;autel de Notre-Dame du Scapulaire. Actuellement, on peut admirer une relique sous la forme d&rsquo;un scapulaire dans une rosette dor\u00e9e, qui a \u00e9t\u00e9 plac\u00e9e sur l&rsquo;autel. En 2004. A l&rsquo;image de Saint Jean Baptiste. Une d\u00e9coration papale, l&rsquo;anneau du p\u00eacheur du Saint-P\u00e8re JPII, a \u00e9t\u00e9 ajout\u00e9e \u00e0 l&rsquo;\u00e9glise Saint-Joseph. Les activit\u00e9s du <a href=\"https:\/\/karmel-wadowice.pl\/\">Sanctuaire<\/a> m\u00e9ritent \u00e9galement d&rsquo;\u00eatre connues.<\/p>\n<h3>11. ancienne caserne militaire<\/h3>\n<p>Le jeune <strong>Karol Wojtyla<\/strong> a \u00e9galement \u00e9t\u00e9 soldat, o\u00f9 il s&rsquo;est exerc\u00e9 \u00e0 l&rsquo;exercice et au maniement des armes dans des casernes du XIXe si\u00e8cle. Le b\u00e2timent lui-m\u00eame est l&rsquo;une des perles de l&rsquo;architecture militaire polonaise, principalement en raison de son \u00e9tat de conservation. Malheureusement, les propri\u00e9taires actuels ne rendent pas le site accessible aux touristes.<\/p>\n<h3>12. st. Pierre l&rsquo;ap\u00f4tre<\/h3>\n<p>Un temple-symbole \u00e9rig\u00e9 gr\u00e2ce aux efforts des habitants de Wadowice entre 1984 et 1991 en guise de remerciement pour lui avoir sauv\u00e9 la vie lors de la tentative d&rsquo;assassinat et de l&rsquo;\u00e9lection de <strong>Karol Wojtyla<\/strong> en tant que pape. Des informations utiles sont disponibles sur le <a href=\"http:\/\/www.swpiotr.wadowice.pl\/\">site web<\/a> du temple.<\/p>\n<h3>13. Maison de la Divine Providence de la Congr\u00e9gation des S\u0153urs de la Sainte Famille de Nazareth<\/h3>\n<p>Il s&rsquo;agissait autrefois d&rsquo;un centre d&rsquo;accueil pour jeunes enfants, o\u00f9 Lolek avait l&rsquo;habitude de s\u00e9journer lorsque son p\u00e8re s&rsquo;occupait de sa femme malade, la m\u00e8re de Lolek. Le b\u00e2timent abrite actuellement  <strong>Le centre d&rsquo;accueil de jour pour enfants St. John&rsquo;s Jean-Paul II<\/strong>.<\/p>\n<h2>Base touristique et h\u00e9bergement<\/h2>\n<p>Si vous vous rendez \u00e0 Wadowice pour visiter le <strong>sentier Karol Wojtyla<\/strong>, vous devriez \u00e9galement chercher un lieu d&rsquo;h\u00e9bergement convivial. L&rsquo;<strong>h\u00e9bergement \u00e0 <\/strong>Auschwitz semble id\u00e9al, car sa situation offre de tr\u00e8s bonnes possibilit\u00e9s d&rsquo;explorer les attractions environnantes. L&rsquo;une des options les plus int\u00e9ressantes est de regarder la <strong>r\u00e9servation O\u015bwi\u0119cim<\/strong>, o\u00f9 vous pouvez v\u00e9rifier l&rsquo;offre d&rsquo;<strong>h\u00f4tels<\/strong> confortables, d&rsquo;<strong>auberges<\/strong>, de <strong>chalets<\/strong> et de <strong>logements priv\u00e9s<\/strong>, en un mot, quelque chose d&rsquo;agr\u00e9able pour tout le monde et pour tous les budgets.<\/p>\n","protected":false},"excerpt":{"rendered":"<p>\u00c0 moins de 32 km au sud-est d&rsquo;O\u015bwi\u0119cim se trouve [&hellip;]<\/p>\n","protected":false},"author":1,"featured_media":3910,"comment_status":"closed","ping_status":"closed","sticky":false,"template":"","format":"standard","meta":{"footnotes":""},"categories":[152],"tags":[],"class_list":["post-3909","post","type-post","status-publish","format-standard","has-post-thumbnail","hentry","category-guide"],"yoast_head":"<!-- This site is optimized with the Yoast SEO plugin v27.5 - https:\/\/yoast.com\/product\/yoast-seo-wordpress\/ -->\n<title>Pr\u00e8s d&#039;Auschwitz, il vaut la peine d&#039;\u00eatre visit\u00e9 : La route de Wadowice de Karol Wojty\u0142a - Comfort Apartments<\/title>\n<meta name=\"description\" content=\"\u00c0 moins de 32 km au sud-est d&#039;O\u015bwi\u0119cim se trouve une autre ville de Malopolska qui m\u00e9rite d&#039;\u00eatre visit\u00e9e. Wadowice - la ville qui a vu na\u00eetre le pape polonais.\" \/>\n<meta name=\"robots\" content=\"index, follow, max-snippet:-1, max-image-preview:large, max-video-preview:-1\" \/>\n<link rel=\"canonical\" href=\"https:\/\/noclegioswiecim.eu\/fr\/?p=3909\" \/>\n<meta property=\"og:locale\" content=\"fr_FR\" \/>\n<meta property=\"og:type\" content=\"article\" \/>\n<meta property=\"og:title\" content=\"Pr\u00e8s d&#039;Auschwitz, il vaut la peine d&#039;\u00eatre visit\u00e9 : La route de Wadowice de Karol Wojty\u0142a - Comfort Apartments\" \/>\n<meta property=\"og:description\" content=\"\u00c0 moins de 32 km au sud-est d&#039;O\u015bwi\u0119cim se trouve une autre ville de Malopolska qui m\u00e9rite d&#039;\u00eatre visit\u00e9e. Wadowice - la ville qui a vu na\u00eetre le pape polonais.\" \/>\n<meta property=\"og:url\" content=\"https:\/\/noclegioswiecim.eu\/fr\/?p=3909\" \/>\n<meta property=\"og:site_name\" content=\"Comfort Apartments\" \/>\n<meta property=\"article:publisher\" content=\"https:\/\/www.facebook.com\/oswiecimapartments\/\" \/>\n<meta property=\"article:published_time\" content=\"2021-09-16T22:00:00+00:00\" \/>\n<meta property=\"article:modified_time\" content=\"2024-03-22T10:07:20+00:00\" \/>\n<meta property=\"og:image\" content=\"https:\/\/noclegioswiecim.eu\/wp-content\/uploads\/2023\/07\/wadowice-595460_1920-1.jpg\" \/>\n\t<meta property=\"og:image:width\" content=\"1920\" \/>\n\t<meta property=\"og:image:height\" content=\"1276\" \/>\n\t<meta property=\"og:image:type\" content=\"image\/jpeg\" \/>\n<meta name=\"author\" content=\"PXadamCA\" \/>\n<meta name=\"twitter:card\" content=\"summary_large_image\" \/>\n<meta name=\"twitter:label1\" content=\"\u00c9crit par\" \/>\n\t<meta name=\"twitter:data1\" content=\"PXadamCA\" \/>\n\t<meta name=\"twitter:label2\" content=\"Dur\u00e9e de lecture estim\u00e9e\" \/>\n\t<meta name=\"twitter:data2\" content=\"8 minutes\" \/>\n<script type=\"application\/ld+json\" class=\"yoast-schema-graph\">{\"@context\":\"https:\\\/\\\/schema.org\",\"@graph\":[{\"@type\":\"Article\",\"@id\":\"https:\\\/\\\/noclegioswiecim.eu\\\/fr\\\/?p=3909#article\",\"isPartOf\":{\"@id\":\"https:\\\/\\\/noclegioswiecim.eu\\\/fr\\\/?p=3909\"},\"author\":{\"name\":\"PXadamCA\",\"@id\":\"https:\\\/\\\/noclegioswiecim.eu\\\/#\\\/schema\\\/person\\\/d89109dc869efec6edf36e8afbef6437\"},\"headline\":\"Pr\u00e8s d&rsquo;Auschwitz, il vaut la peine d&rsquo;\u00eatre visit\u00e9 : La route de Wadowice de Karol Wojty\u0142a\",\"datePublished\":\"2021-09-16T22:00:00+00:00\",\"dateModified\":\"2024-03-22T10:07:20+00:00\",\"mainEntityOfPage\":{\"@id\":\"https:\\\/\\\/noclegioswiecim.eu\\\/fr\\\/?p=3909\"},\"wordCount\":1798,\"publisher\":{\"@id\":\"https:\\\/\\\/noclegioswiecim.eu\\\/#organization\"},\"image\":{\"@id\":\"https:\\\/\\\/noclegioswiecim.eu\\\/fr\\\/?p=3909#primaryimage\"},\"thumbnailUrl\":\"https:\\\/\\\/noclegioswiecim.eu\\\/wp-content\\\/uploads\\\/2023\\\/07\\\/wadowice-595460_1920-1.jpg\",\"articleSection\":[\"Guide\"],\"inLanguage\":\"fr-FR\"},{\"@type\":\"WebPage\",\"@id\":\"https:\\\/\\\/noclegioswiecim.eu\\\/fr\\\/?p=3909\",\"url\":\"https:\\\/\\\/noclegioswiecim.eu\\\/fr\\\/?p=3909\",\"name\":\"Pr\u00e8s d'Auschwitz, il vaut la peine d'\u00eatre visit\u00e9 : La route de Wadowice de Karol Wojty\u0142a - Comfort Apartments\",\"isPartOf\":{\"@id\":\"https:\\\/\\\/noclegioswiecim.eu\\\/#website\"},\"primaryImageOfPage\":{\"@id\":\"https:\\\/\\\/noclegioswiecim.eu\\\/fr\\\/?p=3909#primaryimage\"},\"image\":{\"@id\":\"https:\\\/\\\/noclegioswiecim.eu\\\/fr\\\/?p=3909#primaryimage\"},\"thumbnailUrl\":\"https:\\\/\\\/noclegioswiecim.eu\\\/wp-content\\\/uploads\\\/2023\\\/07\\\/wadowice-595460_1920-1.jpg\",\"datePublished\":\"2021-09-16T22:00:00+00:00\",\"dateModified\":\"2024-03-22T10:07:20+00:00\",\"description\":\"\u00c0 moins de 32 km au sud-est d'O\u015bwi\u0119cim se trouve une autre ville de Malopolska qui m\u00e9rite d'\u00eatre visit\u00e9e. Wadowice - la ville qui a vu na\u00eetre le pape polonais.\",\"breadcrumb\":{\"@id\":\"https:\\\/\\\/noclegioswiecim.eu\\\/fr\\\/?p=3909#breadcrumb\"},\"inLanguage\":\"fr-FR\",\"potentialAction\":[{\"@type\":\"ReadAction\",\"target\":[\"https:\\\/\\\/noclegioswiecim.eu\\\/fr\\\/?p=3909\"]}]},{\"@type\":\"ImageObject\",\"inLanguage\":\"fr-FR\",\"@id\":\"https:\\\/\\\/noclegioswiecim.eu\\\/fr\\\/?p=3909#primaryimage\",\"url\":\"https:\\\/\\\/noclegioswiecim.eu\\\/wp-content\\\/uploads\\\/2023\\\/07\\\/wadowice-595460_1920-1.jpg\",\"contentUrl\":\"https:\\\/\\\/noclegioswiecim.eu\\\/wp-content\\\/uploads\\\/2023\\\/07\\\/wadowice-595460_1920-1.jpg\",\"width\":1920,\"height\":1276},{\"@type\":\"BreadcrumbList\",\"@id\":\"https:\\\/\\\/noclegioswiecim.eu\\\/fr\\\/?p=3909#breadcrumb\",\"itemListElement\":[{\"@type\":\"ListItem\",\"position\":1,\"name\":\"Strona g\u0142\u00f3wna\",\"item\":\"https:\\\/\\\/noclegioswiecim.eu\\\/fr\\\/\"},{\"@type\":\"ListItem\",\"position\":2,\"name\":\"Pr\u00e8s d&rsquo;Auschwitz, il vaut la peine d&rsquo;\u00eatre visit\u00e9 : La route de Wadowice de Karol Wojty\u0142a\"}]},{\"@type\":\"WebSite\",\"@id\":\"https:\\\/\\\/noclegioswiecim.eu\\\/#website\",\"url\":\"https:\\\/\\\/noclegioswiecim.eu\\\/\",\"name\":\"Comfort Apartments\",\"description\":\"Noclegi O\u015bwi\u0119cim \\\/ Booking O\u015bwi\u0119cim\",\"publisher\":{\"@id\":\"https:\\\/\\\/noclegioswiecim.eu\\\/#organization\"},\"potentialAction\":[{\"@type\":\"SearchAction\",\"target\":{\"@type\":\"EntryPoint\",\"urlTemplate\":\"https:\\\/\\\/noclegioswiecim.eu\\\/?s={search_term_string}\"},\"query-input\":{\"@type\":\"PropertyValueSpecification\",\"valueRequired\":true,\"valueName\":\"search_term_string\"}}],\"inLanguage\":\"fr-FR\"},{\"@type\":\"Organization\",\"@id\":\"https:\\\/\\\/noclegioswiecim.eu\\\/#organization\",\"name\":\"Comfort Apartments\",\"url\":\"https:\\\/\\\/noclegioswiecim.eu\\\/\",\"logo\":{\"@type\":\"ImageObject\",\"inLanguage\":\"fr-FR\",\"@id\":\"https:\\\/\\\/noclegioswiecim.eu\\\/#\\\/schema\\\/logo\\\/image\\\/\",\"url\":\"https:\\\/\\\/noclegioswiecim.eu\\\/wp-content\\\/uploads\\\/2023\\\/02\\\/favicona.png\",\"contentUrl\":\"https:\\\/\\\/noclegioswiecim.eu\\\/wp-content\\\/uploads\\\/2023\\\/02\\\/favicona.png\",\"width\":200,\"height\":200,\"caption\":\"Comfort Apartments\"},\"image\":{\"@id\":\"https:\\\/\\\/noclegioswiecim.eu\\\/#\\\/schema\\\/logo\\\/image\\\/\"},\"sameAs\":[\"https:\\\/\\\/www.facebook.com\\\/oswiecimapartments\\\/\",\"https:\\\/\\\/goo.gl\\\/maps\\\/H9x6rxoZWfK3ad1j6\",\"https:\\\/\\\/www.instagram.com\\\/oswiecimapartments\\\/\"]},{\"@type\":\"Person\",\"@id\":\"https:\\\/\\\/noclegioswiecim.eu\\\/#\\\/schema\\\/person\\\/d89109dc869efec6edf36e8afbef6437\",\"name\":\"PXadamCA\",\"image\":{\"@type\":\"ImageObject\",\"inLanguage\":\"fr-FR\",\"@id\":\"https:\\\/\\\/secure.gravatar.com\\\/avatar\\\/adc1dd343d8c5124e40417ce67f1c600f00e279f2aad6a878cce8661419565aa?s=96&d=mm&r=g\",\"url\":\"https:\\\/\\\/secure.gravatar.com\\\/avatar\\\/adc1dd343d8c5124e40417ce67f1c600f00e279f2aad6a878cce8661419565aa?s=96&d=mm&r=g\",\"contentUrl\":\"https:\\\/\\\/secure.gravatar.com\\\/avatar\\\/adc1dd343d8c5124e40417ce67f1c600f00e279f2aad6a878cce8661419565aa?s=96&d=mm&r=g\",\"caption\":\"PXadamCA\"},\"sameAs\":[\"https:\\\/\\\/comfort.proadax-dev.pl\"]}]}<\/script>\n<!-- \/ Yoast SEO plugin. -->","yoast_head_json":{"title":"Pr\u00e8s d'Auschwitz, il vaut la peine d'\u00eatre visit\u00e9 : La route de Wadowice de Karol Wojty\u0142a - Comfort Apartments","description":"\u00c0 moins de 32 km au sud-est d'O\u015bwi\u0119cim se trouve une autre ville de Malopolska qui m\u00e9rite d'\u00eatre visit\u00e9e. Wadowice - la ville qui a vu na\u00eetre le pape polonais.","robots":{"index":"index","follow":"follow","max-snippet":"max-snippet:-1","max-image-preview":"max-image-preview:large","max-video-preview":"max-video-preview:-1"},"canonical":"https:\/\/noclegioswiecim.eu\/fr\/?p=3909","og_locale":"fr_FR","og_type":"article","og_title":"Pr\u00e8s d'Auschwitz, il vaut la peine d'\u00eatre visit\u00e9 : La route de Wadowice de Karol Wojty\u0142a - Comfort Apartments","og_description":"\u00c0 moins de 32 km au sud-est d'O\u015bwi\u0119cim se trouve une autre ville de Malopolska qui m\u00e9rite d'\u00eatre visit\u00e9e. Wadowice - la ville qui a vu na\u00eetre le pape polonais.","og_url":"https:\/\/noclegioswiecim.eu\/fr\/?p=3909","og_site_name":"Comfort Apartments","article_publisher":"https:\/\/www.facebook.com\/oswiecimapartments\/","article_published_time":"2021-09-16T22:00:00+00:00","article_modified_time":"2024-03-22T10:07:20+00:00","og_image":[{"width":1920,"height":1276,"url":"https:\/\/noclegioswiecim.eu\/wp-content\/uploads\/2023\/07\/wadowice-595460_1920-1.jpg","type":"image\/jpeg"}],"author":"PXadamCA","twitter_card":"summary_large_image","twitter_misc":{"\u00c9crit par":"PXadamCA","Dur\u00e9e de lecture estim\u00e9e":"8 minutes"},"schema":{"@context":"https:\/\/schema.org","@graph":[{"@type":"Article","@id":"https:\/\/noclegioswiecim.eu\/fr\/?p=3909#article","isPartOf":{"@id":"https:\/\/noclegioswiecim.eu\/fr\/?p=3909"},"author":{"name":"PXadamCA","@id":"https:\/\/noclegioswiecim.eu\/#\/schema\/person\/d89109dc869efec6edf36e8afbef6437"},"headline":"Pr\u00e8s d&rsquo;Auschwitz, il vaut la peine d&rsquo;\u00eatre visit\u00e9 : La route de Wadowice de Karol Wojty\u0142a","datePublished":"2021-09-16T22:00:00+00:00","dateModified":"2024-03-22T10:07:20+00:00","mainEntityOfPage":{"@id":"https:\/\/noclegioswiecim.eu\/fr\/?p=3909"},"wordCount":1798,"publisher":{"@id":"https:\/\/noclegioswiecim.eu\/#organization"},"image":{"@id":"https:\/\/noclegioswiecim.eu\/fr\/?p=3909#primaryimage"},"thumbnailUrl":"https:\/\/noclegioswiecim.eu\/wp-content\/uploads\/2023\/07\/wadowice-595460_1920-1.jpg","articleSection":["Guide"],"inLanguage":"fr-FR"},{"@type":"WebPage","@id":"https:\/\/noclegioswiecim.eu\/fr\/?p=3909","url":"https:\/\/noclegioswiecim.eu\/fr\/?p=3909","name":"Pr\u00e8s d'Auschwitz, il vaut la peine d'\u00eatre visit\u00e9 : La route de Wadowice de Karol Wojty\u0142a - Comfort Apartments","isPartOf":{"@id":"https:\/\/noclegioswiecim.eu\/#website"},"primaryImageOfPage":{"@id":"https:\/\/noclegioswiecim.eu\/fr\/?p=3909#primaryimage"},"image":{"@id":"https:\/\/noclegioswiecim.eu\/fr\/?p=3909#primaryimage"},"thumbnailUrl":"https:\/\/noclegioswiecim.eu\/wp-content\/uploads\/2023\/07\/wadowice-595460_1920-1.jpg","datePublished":"2021-09-16T22:00:00+00:00","dateModified":"2024-03-22T10:07:20+00:00","description":"\u00c0 moins de 32 km au sud-est d'O\u015bwi\u0119cim se trouve une autre ville de Malopolska qui m\u00e9rite d'\u00eatre visit\u00e9e. Wadowice - la ville qui a vu na\u00eetre le pape polonais.","breadcrumb":{"@id":"https:\/\/noclegioswiecim.eu\/fr\/?p=3909#breadcrumb"},"inLanguage":"fr-FR","potentialAction":[{"@type":"ReadAction","target":["https:\/\/noclegioswiecim.eu\/fr\/?p=3909"]}]},{"@type":"ImageObject","inLanguage":"fr-FR","@id":"https:\/\/noclegioswiecim.eu\/fr\/?p=3909#primaryimage","url":"https:\/\/noclegioswiecim.eu\/wp-content\/uploads\/2023\/07\/wadowice-595460_1920-1.jpg","contentUrl":"https:\/\/noclegioswiecim.eu\/wp-content\/uploads\/2023\/07\/wadowice-595460_1920-1.jpg","width":1920,"height":1276},{"@type":"BreadcrumbList","@id":"https:\/\/noclegioswiecim.eu\/fr\/?p=3909#breadcrumb","itemListElement":[{"@type":"ListItem","position":1,"name":"Strona g\u0142\u00f3wna","item":"https:\/\/noclegioswiecim.eu\/fr\/"},{"@type":"ListItem","position":2,"name":"Pr\u00e8s d&rsquo;Auschwitz, il vaut la peine d&rsquo;\u00eatre visit\u00e9 : La route de Wadowice de Karol Wojty\u0142a"}]},{"@type":"WebSite","@id":"https:\/\/noclegioswiecim.eu\/#website","url":"https:\/\/noclegioswiecim.eu\/","name":"Comfort Apartments","description":"Noclegi O\u015bwi\u0119cim \/ Booking O\u015bwi\u0119cim","publisher":{"@id":"https:\/\/noclegioswiecim.eu\/#organization"},"potentialAction":[{"@type":"SearchAction","target":{"@type":"EntryPoint","urlTemplate":"https:\/\/noclegioswiecim.eu\/?s={search_term_string}"},"query-input":{"@type":"PropertyValueSpecification","valueRequired":true,"valueName":"search_term_string"}}],"inLanguage":"fr-FR"},{"@type":"Organization","@id":"https:\/\/noclegioswiecim.eu\/#organization","name":"Comfort Apartments","url":"https:\/\/noclegioswiecim.eu\/","logo":{"@type":"ImageObject","inLanguage":"fr-FR","@id":"https:\/\/noclegioswiecim.eu\/#\/schema\/logo\/image\/","url":"https:\/\/noclegioswiecim.eu\/wp-content\/uploads\/2023\/02\/favicona.png","contentUrl":"https:\/\/noclegioswiecim.eu\/wp-content\/uploads\/2023\/02\/favicona.png","width":200,"height":200,"caption":"Comfort Apartments"},"image":{"@id":"https:\/\/noclegioswiecim.eu\/#\/schema\/logo\/image\/"},"sameAs":["https:\/\/www.facebook.com\/oswiecimapartments\/","https:\/\/goo.gl\/maps\/H9x6rxoZWfK3ad1j6","https:\/\/www.instagram.com\/oswiecimapartments\/"]},{"@type":"Person","@id":"https:\/\/noclegioswiecim.eu\/#\/schema\/person\/d89109dc869efec6edf36e8afbef6437","name":"PXadamCA","image":{"@type":"ImageObject","inLanguage":"fr-FR","@id":"https:\/\/secure.gravatar.com\/avatar\/adc1dd343d8c5124e40417ce67f1c600f00e279f2aad6a878cce8661419565aa?s=96&d=mm&r=g","url":"https:\/\/secure.gravatar.com\/avatar\/adc1dd343d8c5124e40417ce67f1c600f00e279f2aad6a878cce8661419565aa?s=96&d=mm&r=g","contentUrl":"https:\/\/secure.gravatar.com\/avatar\/adc1dd343d8c5124e40417ce67f1c600f00e279f2aad6a878cce8661419565aa?s=96&d=mm&r=g","caption":"PXadamCA"},"sameAs":["https:\/\/comfort.proadax-dev.pl"]}]}},"_links":{"self":[{"href":"https:\/\/noclegioswiecim.eu\/fr\/wp-json\/wp\/v2\/posts\/3909","targetHints":{"allow":["GET"]}}],"collection":[{"href":"https:\/\/noclegioswiecim.eu\/fr\/wp-json\/wp\/v2\/posts"}],"about":[{"href":"https:\/\/noclegioswiecim.eu\/fr\/wp-json\/wp\/v2\/types\/post"}],"author":[{"embeddable":true,"href":"https:\/\/noclegioswiecim.eu\/fr\/wp-json\/wp\/v2\/users\/1"}],"replies":[{"embeddable":true,"href":"https:\/\/noclegioswiecim.eu\/fr\/wp-json\/wp\/v2\/comments?post=3909"}],"version-history":[{"count":1,"href":"https:\/\/noclegioswiecim.eu\/fr\/wp-json\/wp\/v2\/posts\/3909\/revisions"}],"predecessor-version":[{"id":3912,"href":"https:\/\/noclegioswiecim.eu\/fr\/wp-json\/wp\/v2\/posts\/3909\/revisions\/3912"}],"wp:featuredmedia":[{"embeddable":true,"href":"https:\/\/noclegioswiecim.eu\/fr\/wp-json\/wp\/v2\/media\/3910"}],"wp:attachment":[{"href":"https:\/\/noclegioswiecim.eu\/fr\/wp-json\/wp\/v2\/media?parent=3909"}],"wp:term":[{"taxonomy":"category","embeddable":true,"href":"https:\/\/noclegioswiecim.eu\/fr\/wp-json\/wp\/v2\/categories?post=3909"},{"taxonomy":"post_tag","embeddable":true,"href":"https:\/\/noclegioswiecim.eu\/fr\/wp-json\/wp\/v2\/tags?post=3909"}],"curies":[{"name":"wp","href":"https:\/\/api.w.org\/{rel}","templated":true}]}}