{"id":3894,"date":"2021-11-15T00:00:00","date_gmt":"2021-11-14T23:00:00","guid":{"rendered":"https:\/\/noclegioswiecim.eu\/non-classifiee\/automne-dore-polonais-a-oswiecim-quest-ce-qui-vaut-la-peine-detre-vu\/"},"modified":"2024-03-22T11:07:18","modified_gmt":"2024-03-22T10:07:18","slug":"automne-dore-polonais-a-oswiecim-quest-ce-qui-vaut-la-peine-detre-vu","status":"publish","type":"post","link":"https:\/\/noclegioswiecim.eu\/fr\/guide\/automne-dore-polonais-a-oswiecim-quest-ce-qui-vaut-la-peine-detre-vu\/","title":{"rendered":"Automne dor\u00e9 polonais \u00e0 Oswiecim. Qu&rsquo;est-ce qui vaut la peine d&rsquo;\u00eatre vu ?"},"content":{"rendered":"<p>En un rien de temps, la plus belle des saisons, l&rsquo;automne, est arriv\u00e9e. Dans l&rsquo;\u00e9dition polonaise, elle s&rsquo;exprime dans un cadre incroyablement color\u00e9, o\u00f9 les arbres se m\u00e9tamorphosent en l&rsquo;espace de quelques semaines, nous surprenant par un festin unique de couleurs agr\u00e9ables \u00e0 l&rsquo;\u0153il. En revanche, dans la <strong>Petite Pologne occidentale<\/strong>, une terre d&rsquo;une grande richesse naturelle et culturelle, vous pouvez passer un moment int\u00e9ressant en parcourant divers itin\u00e9raires touristiques. Cette fois, nous allons nous int\u00e9resser \u00e0 la capitale d&rsquo;<strong>O\u015bwi\u0119cim<\/strong> et vous proposer 5 attractions qui feront de votre week-end en ville une escapade exceptionnellement r\u00e9ussie.<\/p>\n<h2>Unobvious O\u015bwi\u0119cim<\/h2>\n<p><strong>O\u015bwi\u0119cim<\/strong> n&rsquo;est peut-\u00eatre pas une grande m\u00e9tropole, avec une population de moins de 40 000 habitants. Les habitants de l&rsquo;\u00eele sont nombreux, mais ils ont bien d&rsquo;autres qualit\u00e9s, notamment gr\u00e2ce \u00e0 leur longue histoire, qui remonte \u00e0 plus de 700 ans. Par ailleurs, sa situation au point de rencontre des territoires historiques de la <strong>Sil\u00e9sie<\/strong> et de la <strong>Petite Pologne<\/strong>, o\u00f9 se sont m\u00eal\u00e9es diverses influences et cultures (y compris juives), a donn\u00e9 naissance au riche patrimoine de la ville et de la r\u00e9gion, sous la forme d&rsquo;un grand nombre de monuments historiques. Il convient \u00e9galement de noter que la vie ici se d\u00e9roule \u00e0 un rythme plus lent et que les attractions touristiques et les points d&rsquo;int\u00e9r\u00eat ne manquent pas. Voici 5 lieux\/trails qui, selon nous, m\u00e9ritent d&rsquo;\u00eatre visit\u00e9s en automne, lorsque l&rsquo;environnement prend une couleur unique et que les chemins et les coins pittoresques semblent f\u00e9eriques et magiques.<\/p>\n<h3>Boulevards sur la rivi\u00e8re So\u0142a<\/h3>\n<p>Sans aucun doute, la So\u0142a, les boulevards qui l&rsquo;entourent et toute la vall\u00e9e de la So\u0142a sont la fiert\u00e9 naturelle d&rsquo;<strong>O\u015bwi\u0119cim<\/strong>. A premi\u00e8re vue, il s&rsquo;agit d&rsquo;une rivi\u00e8re discr\u00e8te, mais si vous vous promenez le long de ses rives en automne, elle r\u00e9compensera de nombreux touristes en leur offrant des vues fascinantes. L&rsquo;un des sentiers de randonn\u00e9e &#8211; sur lequel nous reviendrons dans un instant &#8211; est particuli\u00e8rement remarquable. Il s&rsquo;agit en fait d&rsquo;un sentier didactique qui traverse la vall\u00e9e de la So\u0142a, de l&rsquo;\u00e9tang de Kamieniec au lotissement de B\u0142onie. Il s&rsquo;agit d&rsquo;un <strong>itin\u00e9raire bleu fonc\u00e9<\/strong> d&rsquo;environ 3,5 km de long. On y trouve la zone prot\u00e9g\u00e9e \u00ab\u00a0Vall\u00e9e de la rivi\u00e8re So\u0142a\u00a0\u00bb avec ses richesses naturelles, sous forme d&rsquo;habitats de repr\u00e9sentants de la faune et de la flore sauvages. Sept points d&rsquo;observation jalonnent le parcours, d&rsquo;o\u00f9 l&rsquo;on peut admirer le paysage pittoresque et d\u00e9couvrir l&rsquo;histoire de lieux particuliers tels que les sites \u00e9cologiques \u00ab\u00a0Stare Stawy \u0141\u0119g\u00a0\u00bb, \u00ab\u00a0Kamieniec \u0141\u0119g\u00a0\u00bb et \u00ab\u00a0B\u0142onie \u0141\u0119g\u00a0\u00bb.<\/p>\n<h3>Itin\u00e9raires de randonn\u00e9e<\/h3>\n<p>Si vous r\u00eavez de vous promener sur les places principales et dans les ruelles du quartier <strong>historique d&rsquo;O\u015bwi\u0119cim<\/strong>, optez pour l&rsquo;itin\u00e9raire <strong>bleu<\/strong> <strong>\u00ab\u00a0Old Town Monuments\u00a0\u00bb<\/strong>. La longueur de l&rsquo;itin\u00e9raire est d&rsquo;environ 2,3 km, o\u00f9 vous d\u00e9couvrirez une multitude de monuments architecturaux et culturels. L&rsquo;itin\u00e9raire commence sur la <strong>place Kosciuszko<\/strong>, ou place du <strong>Nouveau March\u00e9<\/strong>, am\u00e9nag\u00e9e au XIXe si\u00e8cle, o\u00f9 se trouvent <strong>le monument au soldat inconnu<\/strong> et l&rsquo;<strong>\u00e9glise Notre-Dame des Douleurs<\/strong>. Vous marcherez ensuite jusqu&rsquo;au <strong>Petit March\u00e9<\/strong>, qui est la plus ancienne place de march\u00e9 de la ville, entour\u00e9e de belles maisons de ville. D&rsquo;autres monuments profanes et sacr\u00e9s vous attendent tout au long de la route, notamment le <strong>quartier juif<\/strong> avec sa <strong>rue<\/strong> principale <strong>, Berek Joselewicz<\/strong>, et le <strong>ch\u00e2teau avec sa tour et ses tunnels<\/strong>, ainsi que d&rsquo;autres tr\u00e9sors qui m\u00e9ritent d&rsquo;\u00eatre d\u00e9couverts. Bien entendu, il existe \u00e9galement d&rsquo;autres itin\u00e9raires de promenade tels que <strong>\u00ab\u00a0Auschwitz apr\u00e8s la guerre\u00a0\u00bb<\/strong> (itin\u00e9raire rouge) ou <strong>\u00ab\u00a0Du mus\u00e9e d&rsquo;Auschwitz \u00e0 la vieille ville\u00a0\u00bb<\/strong> (itin\u00e9raire jaune).<\/p>\n<h3>Itin\u00e9raires cyclables<\/h3>\n<p>Les amateurs de cyclisme trouveront au moins 6 pistes \u00e0 <strong>O\u015bwi\u0119cim<\/strong>, ce qui peut constituer une attraction tr\u00e8s int\u00e9ressante pour les journ\u00e9es d&rsquo;automne. Il suffit de mentionner la <strong>piste cyclable de<\/strong> la Vistule, d\u00e9j\u00e0 embl\u00e9matique, qui part des quartiers sud de la ville et qui est presque parall\u00e8le \u00e0 la rivi\u00e8re So\u0142a, jusqu&rsquo;\u00e0 la gravi\u00e8re de Broszkowice et, plus loin, le long de la Vistule en direction de Cracovie. <strong>Le sentier autour de O\u015bwi\u0119cim<\/strong> est \u00e9galement tr\u00e8s int\u00e9ressant, tout comme les boucles <strong>\u00ab\u00a0O\u015bwi\u0119cim-Graboszyce-O\u015bwi\u0119cim\u00a0\u00bb<\/strong> et \u00a0\u00bb <strong>O\u015bwi\u0119cim-Nidek-O\u015bwi\u0119cim\u00a0\u00bb<\/strong>, ainsi que <strong>\u00ab\u00a0Czajki-O\u015bwi\u0119cim\u00a0\u00bb<\/strong> et la voie verte internationale <strong>\u00ab\u00a0Greenways R4 &#8211; green route<\/strong>\u00ab\u00a0. Les pistes cyclables sont l&rsquo;occasion id\u00e9ale de passer du temps activement en famille ou entre amis.<\/p>\n<h3>Sentier mural<\/h3>\n<p>Il s&rsquo;agit d&rsquo;une alternative tr\u00e8s int\u00e9ressante \u00e0 la route touristique classique, car elle traverse des espaces urbains ordinaires avec des peintures murales inhabituelles &#8211; des peintures sur les fa\u00e7ades des b\u00e2timents qui donnent \u00e0 r\u00e9fl\u00e9chir et dont les th\u00e8mes sont profond\u00e9ment r\u00e9fl\u00e9chis. Il s&rsquo;agit bien s\u00fbr de valeurs telles que la tol\u00e9rance, la paix, la compr\u00e9hension des autres cultures et l&rsquo;\u00e9limination des barri\u00e8res internes. Les peintures murales sont r\u00e9alis\u00e9es p\u00e9riodiquement par des artistes de renom pendant le <strong>festival Life O\u015bwi\u0119cim<\/strong>. Les peintures murales intitul\u00e9es <strong>\u00ab\u00a0Cath\u00e9drale\u00a0\u00bb,<\/strong> <strong>\u00ab\u00a0Calme b\u00e9ni du n\u00e9ant\u00a0\u00bb<\/strong> ou <strong>\u00ab\u00a0Vie<\/strong>\u00a0\u00bb m\u00e9ritent d&rsquo;\u00eatre d\u00e9couvertes.<\/p>\n<h3>Parc de la Paix<\/h3>\n<p>Situ\u00e9 dans un quartier r\u00e9sidentiel. Le parc Chemik\u00f3w de 7 hectares est l&rsquo;une des enclaves vertes d&rsquo;<strong>O\u015bwi\u0119cim<\/strong>, riche en arbres, en buissons, en fleurs et en deux aires de jeux pour enfants. Il y a \u00e9galement un r\u00e9servoir avec une fontaine illumin\u00e9e qui attire les jeunes et les moins jeunes. Le parc de l&rsquo;\u00e9tang constitue un excellent lieu de repos pour les r\u00e9sidents et permet de se promener dans les nombreuses all\u00e9es. Il convient d&rsquo;ajouter qu&rsquo;il s&rsquo;agit d&rsquo;un lieu id\u00e9al pour les familles avec enfants et d&rsquo;une invitation \u00e0 passer du temps activement en plein air. Le parc est cl\u00f4tur\u00e9 et dispose d&rsquo;une surveillance et d&rsquo;un \u00e9clairage permanents.<\/p>\n<h2>Un s\u00e9jour plus long ? La solution est de passer la nuit dans un bon h\u00f4tel \u00e0 Oswiecim !<\/h2>\n<p>Si vous pensez que les attractions touristiques d&rsquo;<strong>O\u015bwi\u0119cim<\/strong> valent la peine d&rsquo;\u00eatre vues de vos propres yeux et de ressentir l&rsquo;atmosph\u00e8re de la ville, alors cela vaut vraiment la peine de venir ici pour un week-end, en r\u00e9servant un <strong>h\u00e9bergement bon march\u00e9 O\u015bwi\u0119cim<\/strong> en m\u00eame temps. Contrairement aux apparences, l&rsquo;offre de logement dans la ville est large et vari\u00e9e et donc comp\u00e9titive. Vous trouverez de petits logements priv\u00e9s, des <strong>auberges de<\/strong> <strong>jeunesse<\/strong> bon march\u00e9, mais aussi des <strong>pensions accueillantes<\/strong>, des <strong>appartements<\/strong> bien \u00e9quip\u00e9s <strong>O\u015bwi\u0119cim<\/strong> ou des <strong>installations h\u00f4teli\u00e8res<\/strong> tr\u00e8s bien situ\u00e9es. Il est conseill\u00e9 d&rsquo;effectuer une reconnaissance en ligne des <strong>logements propos\u00e9s<\/strong> avant l&rsquo;arriv\u00e9e. Un bon outil pour cela sera l&rsquo;<strong>application booking Oswiecim<\/strong>, qui vous permettra de rechercher rapidement et facilement des <strong>chalets<\/strong> attrayants ou d&rsquo;autres lieux id\u00e9aux pour l&rsquo;<strong>h\u00e9bergement \u00e0 Oswiecim<\/strong>.<\/p>\n","protected":false},"excerpt":{"rendered":"<p>En un rien de temps, la plus belle des saisons, [&hellip;]<\/p>\n","protected":false},"author":1,"featured_media":3896,"comment_status":"closed","ping_status":"closed","sticky":false,"template":"","format":"standard","meta":{"footnotes":""},"categories":[152],"tags":[],"class_list":["post-3894","post","type-post","status-publish","format-standard","has-post-thumbnail","hentry","category-guide"],"yoast_head":"<!-- This site is optimized with the Yoast SEO plugin v27.5 - https:\/\/yoast.com\/product\/yoast-seo-wordpress\/ -->\n<title>Automne dor\u00e9 polonais \u00e0 Oswiecim. Qu&#039;est-ce qui vaut la peine d&#039;\u00eatre vu ? - Comfort Apartments<\/title>\n<meta name=\"description\" content=\"Si vous pensez que les attractions touristiques de O\u015bwi\u0119cim valent la peine d&#039;\u00eatre vues de vos propres yeux et de ressentir l&#039;atmosph\u00e8re de la ville, r\u00e9servez un h\u00e9bergement pas cher O\u015bwi\u0119cim.\" \/>\n<meta name=\"robots\" content=\"index, follow, max-snippet:-1, max-image-preview:large, max-video-preview:-1\" \/>\n<link rel=\"canonical\" href=\"https:\/\/noclegioswiecim.eu\/fr\/?p=3894\" \/>\n<meta property=\"og:locale\" content=\"fr_FR\" \/>\n<meta property=\"og:type\" content=\"article\" \/>\n<meta property=\"og:title\" content=\"Automne dor\u00e9 polonais \u00e0 Oswiecim. Qu&#039;est-ce qui vaut la peine d&#039;\u00eatre vu ? - Comfort Apartments\" \/>\n<meta property=\"og:description\" content=\"Si vous pensez que les attractions touristiques de O\u015bwi\u0119cim valent la peine d&#039;\u00eatre vues de vos propres yeux et de ressentir l&#039;atmosph\u00e8re de la ville, r\u00e9servez un h\u00e9bergement pas cher O\u015bwi\u0119cim.\" \/>\n<meta property=\"og:url\" content=\"https:\/\/noclegioswiecim.eu\/fr\/?p=3894\" \/>\n<meta property=\"og:site_name\" content=\"Comfort Apartments\" \/>\n<meta property=\"article:publisher\" content=\"https:\/\/www.facebook.com\/oswiecimapartments\/\" \/>\n<meta property=\"article:published_time\" content=\"2021-11-14T23:00:00+00:00\" \/>\n<meta property=\"article:modified_time\" content=\"2024-03-22T10:07:18+00:00\" \/>\n<meta property=\"og:image\" content=\"https:\/\/noclegioswiecim.eu\/wp-content\/uploads\/2023\/07\/Oswiecim-turystyka-szlak-atrakcje-stare-miasto-warto-zobaczyc-mn.jpg\" \/>\n\t<meta property=\"og:image:width\" content=\"1390\" \/>\n\t<meta property=\"og:image:height\" content=\"730\" \/>\n\t<meta property=\"og:image:type\" content=\"image\/jpeg\" \/>\n<meta name=\"author\" content=\"PXadamCA\" \/>\n<meta name=\"twitter:card\" content=\"summary_large_image\" \/>\n<meta name=\"twitter:label1\" content=\"\u00c9crit par\" \/>\n\t<meta name=\"twitter:data1\" content=\"PXadamCA\" \/>\n\t<meta name=\"twitter:label2\" content=\"Dur\u00e9e de lecture estim\u00e9e\" \/>\n\t<meta name=\"twitter:data2\" content=\"6 minutes\" \/>\n<script type=\"application\/ld+json\" class=\"yoast-schema-graph\">{\"@context\":\"https:\\\/\\\/schema.org\",\"@graph\":[{\"@type\":\"Article\",\"@id\":\"https:\\\/\\\/noclegioswiecim.eu\\\/fr\\\/?p=3894#article\",\"isPartOf\":{\"@id\":\"https:\\\/\\\/noclegioswiecim.eu\\\/fr\\\/?p=3894\"},\"author\":{\"name\":\"PXadamCA\",\"@id\":\"https:\\\/\\\/noclegioswiecim.eu\\\/#\\\/schema\\\/person\\\/d89109dc869efec6edf36e8afbef6437\"},\"headline\":\"Automne dor\u00e9 polonais \u00e0 Oswiecim. Qu&rsquo;est-ce qui vaut la peine d&rsquo;\u00eatre vu ?\",\"datePublished\":\"2021-11-14T23:00:00+00:00\",\"dateModified\":\"2024-03-22T10:07:18+00:00\",\"mainEntityOfPage\":{\"@id\":\"https:\\\/\\\/noclegioswiecim.eu\\\/fr\\\/?p=3894\"},\"wordCount\":1273,\"publisher\":{\"@id\":\"https:\\\/\\\/noclegioswiecim.eu\\\/#organization\"},\"image\":{\"@id\":\"https:\\\/\\\/noclegioswiecim.eu\\\/fr\\\/?p=3894#primaryimage\"},\"thumbnailUrl\":\"https:\\\/\\\/noclegioswiecim.eu\\\/wp-content\\\/uploads\\\/2023\\\/07\\\/Oswiecim-turystyka-szlak-atrakcje-stare-miasto-warto-zobaczyc-mn.jpg\",\"articleSection\":[\"Guide\"],\"inLanguage\":\"fr-FR\"},{\"@type\":\"WebPage\",\"@id\":\"https:\\\/\\\/noclegioswiecim.eu\\\/fr\\\/?p=3894\",\"url\":\"https:\\\/\\\/noclegioswiecim.eu\\\/fr\\\/?p=3894\",\"name\":\"Automne dor\u00e9 polonais \u00e0 Oswiecim. Qu'est-ce qui vaut la peine d'\u00eatre vu ? - Comfort Apartments\",\"isPartOf\":{\"@id\":\"https:\\\/\\\/noclegioswiecim.eu\\\/#website\"},\"primaryImageOfPage\":{\"@id\":\"https:\\\/\\\/noclegioswiecim.eu\\\/fr\\\/?p=3894#primaryimage\"},\"image\":{\"@id\":\"https:\\\/\\\/noclegioswiecim.eu\\\/fr\\\/?p=3894#primaryimage\"},\"thumbnailUrl\":\"https:\\\/\\\/noclegioswiecim.eu\\\/wp-content\\\/uploads\\\/2023\\\/07\\\/Oswiecim-turystyka-szlak-atrakcje-stare-miasto-warto-zobaczyc-mn.jpg\",\"datePublished\":\"2021-11-14T23:00:00+00:00\",\"dateModified\":\"2024-03-22T10:07:18+00:00\",\"description\":\"Si vous pensez que les attractions touristiques de O\u015bwi\u0119cim valent la peine d'\u00eatre vues de vos propres yeux et de ressentir l'atmosph\u00e8re de la ville, r\u00e9servez un h\u00e9bergement pas cher O\u015bwi\u0119cim.\",\"breadcrumb\":{\"@id\":\"https:\\\/\\\/noclegioswiecim.eu\\\/fr\\\/?p=3894#breadcrumb\"},\"inLanguage\":\"fr-FR\",\"potentialAction\":[{\"@type\":\"ReadAction\",\"target\":[\"https:\\\/\\\/noclegioswiecim.eu\\\/fr\\\/?p=3894\"]}]},{\"@type\":\"ImageObject\",\"inLanguage\":\"fr-FR\",\"@id\":\"https:\\\/\\\/noclegioswiecim.eu\\\/fr\\\/?p=3894#primaryimage\",\"url\":\"https:\\\/\\\/noclegioswiecim.eu\\\/wp-content\\\/uploads\\\/2023\\\/07\\\/Oswiecim-turystyka-szlak-atrakcje-stare-miasto-warto-zobaczyc-mn.jpg\",\"contentUrl\":\"https:\\\/\\\/noclegioswiecim.eu\\\/wp-content\\\/uploads\\\/2023\\\/07\\\/Oswiecim-turystyka-szlak-atrakcje-stare-miasto-warto-zobaczyc-mn.jpg\",\"width\":1390,\"height\":730},{\"@type\":\"BreadcrumbList\",\"@id\":\"https:\\\/\\\/noclegioswiecim.eu\\\/fr\\\/?p=3894#breadcrumb\",\"itemListElement\":[{\"@type\":\"ListItem\",\"position\":1,\"name\":\"Strona g\u0142\u00f3wna\",\"item\":\"https:\\\/\\\/noclegioswiecim.eu\\\/fr\\\/\"},{\"@type\":\"ListItem\",\"position\":2,\"name\":\"Automne dor\u00e9 polonais \u00e0 Oswiecim. Qu&#8217;est-ce qui vaut la peine d&#8217;\u00eatre vu ?\"}]},{\"@type\":\"WebSite\",\"@id\":\"https:\\\/\\\/noclegioswiecim.eu\\\/#website\",\"url\":\"https:\\\/\\\/noclegioswiecim.eu\\\/\",\"name\":\"Comfort Apartments\",\"description\":\"Noclegi O\u015bwi\u0119cim \\\/ Booking O\u015bwi\u0119cim\",\"publisher\":{\"@id\":\"https:\\\/\\\/noclegioswiecim.eu\\\/#organization\"},\"potentialAction\":[{\"@type\":\"SearchAction\",\"target\":{\"@type\":\"EntryPoint\",\"urlTemplate\":\"https:\\\/\\\/noclegioswiecim.eu\\\/?s={search_term_string}\"},\"query-input\":{\"@type\":\"PropertyValueSpecification\",\"valueRequired\":true,\"valueName\":\"search_term_string\"}}],\"inLanguage\":\"fr-FR\"},{\"@type\":\"Organization\",\"@id\":\"https:\\\/\\\/noclegioswiecim.eu\\\/#organization\",\"name\":\"Comfort Apartments\",\"url\":\"https:\\\/\\\/noclegioswiecim.eu\\\/\",\"logo\":{\"@type\":\"ImageObject\",\"inLanguage\":\"fr-FR\",\"@id\":\"https:\\\/\\\/noclegioswiecim.eu\\\/#\\\/schema\\\/logo\\\/image\\\/\",\"url\":\"https:\\\/\\\/noclegioswiecim.eu\\\/wp-content\\\/uploads\\\/2023\\\/02\\\/favicona.png\",\"contentUrl\":\"https:\\\/\\\/noclegioswiecim.eu\\\/wp-content\\\/uploads\\\/2023\\\/02\\\/favicona.png\",\"width\":200,\"height\":200,\"caption\":\"Comfort Apartments\"},\"image\":{\"@id\":\"https:\\\/\\\/noclegioswiecim.eu\\\/#\\\/schema\\\/logo\\\/image\\\/\"},\"sameAs\":[\"https:\\\/\\\/www.facebook.com\\\/oswiecimapartments\\\/\",\"https:\\\/\\\/goo.gl\\\/maps\\\/H9x6rxoZWfK3ad1j6\",\"https:\\\/\\\/www.instagram.com\\\/oswiecimapartments\\\/\"]},{\"@type\":\"Person\",\"@id\":\"https:\\\/\\\/noclegioswiecim.eu\\\/#\\\/schema\\\/person\\\/d89109dc869efec6edf36e8afbef6437\",\"name\":\"PXadamCA\",\"image\":{\"@type\":\"ImageObject\",\"inLanguage\":\"fr-FR\",\"@id\":\"https:\\\/\\\/secure.gravatar.com\\\/avatar\\\/adc1dd343d8c5124e40417ce67f1c600f00e279f2aad6a878cce8661419565aa?s=96&d=mm&r=g\",\"url\":\"https:\\\/\\\/secure.gravatar.com\\\/avatar\\\/adc1dd343d8c5124e40417ce67f1c600f00e279f2aad6a878cce8661419565aa?s=96&d=mm&r=g\",\"contentUrl\":\"https:\\\/\\\/secure.gravatar.com\\\/avatar\\\/adc1dd343d8c5124e40417ce67f1c600f00e279f2aad6a878cce8661419565aa?s=96&d=mm&r=g\",\"caption\":\"PXadamCA\"},\"sameAs\":[\"https:\\\/\\\/comfort.proadax-dev.pl\"]}]}<\/script>\n<!-- \/ Yoast SEO plugin. -->","yoast_head_json":{"title":"Automne dor\u00e9 polonais \u00e0 Oswiecim. Qu'est-ce qui vaut la peine d'\u00eatre vu ? - Comfort Apartments","description":"Si vous pensez que les attractions touristiques de O\u015bwi\u0119cim valent la peine d'\u00eatre vues de vos propres yeux et de ressentir l'atmosph\u00e8re de la ville, r\u00e9servez un h\u00e9bergement pas cher O\u015bwi\u0119cim.","robots":{"index":"index","follow":"follow","max-snippet":"max-snippet:-1","max-image-preview":"max-image-preview:large","max-video-preview":"max-video-preview:-1"},"canonical":"https:\/\/noclegioswiecim.eu\/fr\/?p=3894","og_locale":"fr_FR","og_type":"article","og_title":"Automne dor\u00e9 polonais \u00e0 Oswiecim. Qu'est-ce qui vaut la peine d'\u00eatre vu ? - Comfort Apartments","og_description":"Si vous pensez que les attractions touristiques de O\u015bwi\u0119cim valent la peine d'\u00eatre vues de vos propres yeux et de ressentir l'atmosph\u00e8re de la ville, r\u00e9servez un h\u00e9bergement pas cher O\u015bwi\u0119cim.","og_url":"https:\/\/noclegioswiecim.eu\/fr\/?p=3894","og_site_name":"Comfort Apartments","article_publisher":"https:\/\/www.facebook.com\/oswiecimapartments\/","article_published_time":"2021-11-14T23:00:00+00:00","article_modified_time":"2024-03-22T10:07:18+00:00","og_image":[{"width":1390,"height":730,"url":"https:\/\/noclegioswiecim.eu\/wp-content\/uploads\/2023\/07\/Oswiecim-turystyka-szlak-atrakcje-stare-miasto-warto-zobaczyc-mn.jpg","type":"image\/jpeg"}],"author":"PXadamCA","twitter_card":"summary_large_image","twitter_misc":{"\u00c9crit par":"PXadamCA","Dur\u00e9e de lecture estim\u00e9e":"6 minutes"},"schema":{"@context":"https:\/\/schema.org","@graph":[{"@type":"Article","@id":"https:\/\/noclegioswiecim.eu\/fr\/?p=3894#article","isPartOf":{"@id":"https:\/\/noclegioswiecim.eu\/fr\/?p=3894"},"author":{"name":"PXadamCA","@id":"https:\/\/noclegioswiecim.eu\/#\/schema\/person\/d89109dc869efec6edf36e8afbef6437"},"headline":"Automne dor\u00e9 polonais \u00e0 Oswiecim. Qu&rsquo;est-ce qui vaut la peine d&rsquo;\u00eatre vu ?","datePublished":"2021-11-14T23:00:00+00:00","dateModified":"2024-03-22T10:07:18+00:00","mainEntityOfPage":{"@id":"https:\/\/noclegioswiecim.eu\/fr\/?p=3894"},"wordCount":1273,"publisher":{"@id":"https:\/\/noclegioswiecim.eu\/#organization"},"image":{"@id":"https:\/\/noclegioswiecim.eu\/fr\/?p=3894#primaryimage"},"thumbnailUrl":"https:\/\/noclegioswiecim.eu\/wp-content\/uploads\/2023\/07\/Oswiecim-turystyka-szlak-atrakcje-stare-miasto-warto-zobaczyc-mn.jpg","articleSection":["Guide"],"inLanguage":"fr-FR"},{"@type":"WebPage","@id":"https:\/\/noclegioswiecim.eu\/fr\/?p=3894","url":"https:\/\/noclegioswiecim.eu\/fr\/?p=3894","name":"Automne dor\u00e9 polonais \u00e0 Oswiecim. Qu'est-ce qui vaut la peine d'\u00eatre vu ? - Comfort Apartments","isPartOf":{"@id":"https:\/\/noclegioswiecim.eu\/#website"},"primaryImageOfPage":{"@id":"https:\/\/noclegioswiecim.eu\/fr\/?p=3894#primaryimage"},"image":{"@id":"https:\/\/noclegioswiecim.eu\/fr\/?p=3894#primaryimage"},"thumbnailUrl":"https:\/\/noclegioswiecim.eu\/wp-content\/uploads\/2023\/07\/Oswiecim-turystyka-szlak-atrakcje-stare-miasto-warto-zobaczyc-mn.jpg","datePublished":"2021-11-14T23:00:00+00:00","dateModified":"2024-03-22T10:07:18+00:00","description":"Si vous pensez que les attractions touristiques de O\u015bwi\u0119cim valent la peine d'\u00eatre vues de vos propres yeux et de ressentir l'atmosph\u00e8re de la ville, r\u00e9servez un h\u00e9bergement pas cher O\u015bwi\u0119cim.","breadcrumb":{"@id":"https:\/\/noclegioswiecim.eu\/fr\/?p=3894#breadcrumb"},"inLanguage":"fr-FR","potentialAction":[{"@type":"ReadAction","target":["https:\/\/noclegioswiecim.eu\/fr\/?p=3894"]}]},{"@type":"ImageObject","inLanguage":"fr-FR","@id":"https:\/\/noclegioswiecim.eu\/fr\/?p=3894#primaryimage","url":"https:\/\/noclegioswiecim.eu\/wp-content\/uploads\/2023\/07\/Oswiecim-turystyka-szlak-atrakcje-stare-miasto-warto-zobaczyc-mn.jpg","contentUrl":"https:\/\/noclegioswiecim.eu\/wp-content\/uploads\/2023\/07\/Oswiecim-turystyka-szlak-atrakcje-stare-miasto-warto-zobaczyc-mn.jpg","width":1390,"height":730},{"@type":"BreadcrumbList","@id":"https:\/\/noclegioswiecim.eu\/fr\/?p=3894#breadcrumb","itemListElement":[{"@type":"ListItem","position":1,"name":"Strona g\u0142\u00f3wna","item":"https:\/\/noclegioswiecim.eu\/fr\/"},{"@type":"ListItem","position":2,"name":"Automne dor\u00e9 polonais \u00e0 Oswiecim. Qu&#8217;est-ce qui vaut la peine d&#8217;\u00eatre vu ?"}]},{"@type":"WebSite","@id":"https:\/\/noclegioswiecim.eu\/#website","url":"https:\/\/noclegioswiecim.eu\/","name":"Comfort Apartments","description":"Noclegi O\u015bwi\u0119cim \/ Booking O\u015bwi\u0119cim","publisher":{"@id":"https:\/\/noclegioswiecim.eu\/#organization"},"potentialAction":[{"@type":"SearchAction","target":{"@type":"EntryPoint","urlTemplate":"https:\/\/noclegioswiecim.eu\/?s={search_term_string}"},"query-input":{"@type":"PropertyValueSpecification","valueRequired":true,"valueName":"search_term_string"}}],"inLanguage":"fr-FR"},{"@type":"Organization","@id":"https:\/\/noclegioswiecim.eu\/#organization","name":"Comfort Apartments","url":"https:\/\/noclegioswiecim.eu\/","logo":{"@type":"ImageObject","inLanguage":"fr-FR","@id":"https:\/\/noclegioswiecim.eu\/#\/schema\/logo\/image\/","url":"https:\/\/noclegioswiecim.eu\/wp-content\/uploads\/2023\/02\/favicona.png","contentUrl":"https:\/\/noclegioswiecim.eu\/wp-content\/uploads\/2023\/02\/favicona.png","width":200,"height":200,"caption":"Comfort Apartments"},"image":{"@id":"https:\/\/noclegioswiecim.eu\/#\/schema\/logo\/image\/"},"sameAs":["https:\/\/www.facebook.com\/oswiecimapartments\/","https:\/\/goo.gl\/maps\/H9x6rxoZWfK3ad1j6","https:\/\/www.instagram.com\/oswiecimapartments\/"]},{"@type":"Person","@id":"https:\/\/noclegioswiecim.eu\/#\/schema\/person\/d89109dc869efec6edf36e8afbef6437","name":"PXadamCA","image":{"@type":"ImageObject","inLanguage":"fr-FR","@id":"https:\/\/secure.gravatar.com\/avatar\/adc1dd343d8c5124e40417ce67f1c600f00e279f2aad6a878cce8661419565aa?s=96&d=mm&r=g","url":"https:\/\/secure.gravatar.com\/avatar\/adc1dd343d8c5124e40417ce67f1c600f00e279f2aad6a878cce8661419565aa?s=96&d=mm&r=g","contentUrl":"https:\/\/secure.gravatar.com\/avatar\/adc1dd343d8c5124e40417ce67f1c600f00e279f2aad6a878cce8661419565aa?s=96&d=mm&r=g","caption":"PXadamCA"},"sameAs":["https:\/\/comfort.proadax-dev.pl"]}]}},"_links":{"self":[{"href":"https:\/\/noclegioswiecim.eu\/fr\/wp-json\/wp\/v2\/posts\/3894","targetHints":{"allow":["GET"]}}],"collection":[{"href":"https:\/\/noclegioswiecim.eu\/fr\/wp-json\/wp\/v2\/posts"}],"about":[{"href":"https:\/\/noclegioswiecim.eu\/fr\/wp-json\/wp\/v2\/types\/post"}],"author":[{"embeddable":true,"href":"https:\/\/noclegioswiecim.eu\/fr\/wp-json\/wp\/v2\/users\/1"}],"replies":[{"embeddable":true,"href":"https:\/\/noclegioswiecim.eu\/fr\/wp-json\/wp\/v2\/comments?post=3894"}],"version-history":[{"count":1,"href":"https:\/\/noclegioswiecim.eu\/fr\/wp-json\/wp\/v2\/posts\/3894\/revisions"}],"predecessor-version":[{"id":3898,"href":"https:\/\/noclegioswiecim.eu\/fr\/wp-json\/wp\/v2\/posts\/3894\/revisions\/3898"}],"wp:featuredmedia":[{"embeddable":true,"href":"https:\/\/noclegioswiecim.eu\/fr\/wp-json\/wp\/v2\/media\/3896"}],"wp:attachment":[{"href":"https:\/\/noclegioswiecim.eu\/fr\/wp-json\/wp\/v2\/media?parent=3894"}],"wp:term":[{"taxonomy":"category","embeddable":true,"href":"https:\/\/noclegioswiecim.eu\/fr\/wp-json\/wp\/v2\/categories?post=3894"},{"taxonomy":"post_tag","embeddable":true,"href":"https:\/\/noclegioswiecim.eu\/fr\/wp-json\/wp\/v2\/tags?post=3894"}],"curies":[{"name":"wp","href":"https:\/\/api.w.org\/{rel}","templated":true}]}}