{"id":3858,"date":"2021-06-25T00:00:00","date_gmt":"2021-06-24T22:00:00","guid":{"rendered":"https:\/\/noclegioswiecim.eu\/non-classifiee\/musee-detat-dauschwitz-birkenau\/"},"modified":"2024-03-22T11:07:17","modified_gmt":"2024-03-22T10:07:17","slug":"musee-detat-dauschwitz-birkenau","status":"publish","type":"post","link":"https:\/\/noclegioswiecim.eu\/fr\/guide\/musee-detat-dauschwitz-birkenau\/","title":{"rendered":"Mus\u00e9e d&rsquo;\u00c9tat d&rsquo;Auschwitz-Birkenau"},"content":{"rendered":"<p>Si l&rsquo;on demandait \u00e0 un Polonais moyen quel est l&rsquo;endroit le plus c\u00e9l\u00e8bre d&rsquo;O\u015bwi\u0119cim ou \u00e0 quoi son nom est associ\u00e9, la premi\u00e8re r\u00e9ponse serait certainement le sombre camp de concentration. Ce n&rsquo;est pas surprenant, car les ombres de la Seconde Guerre mondiale dans cette partie de la Malopolska sont toujours visibles, m\u00eame pr\u00e8s de 80 ans apr\u00e8s la lib\u00e9ration. Auschwitz occupe une place \u00e0 part sur la carte touristique de la Pologne, car au lieu d&rsquo;un divertissement bruyant, nous verrons ici un complexe inscrit au patrimoine mondial de l&rsquo;UNESCO, qui incite \u00e0 une r\u00e9flexion vraiment profonde sur les limites de l&rsquo;humanit\u00e9 et les effets de la propagande nazie. Voyons donc pourquoi une visite au mus\u00e9e en vaut la peine.<\/p>\n<h2>Que faut-il visiter au mus\u00e9e d&rsquo;Auschwitz-Birkenau ?<\/h2>\n<p>De pr\u00e9f\u00e9rence, toutes les parties, afin que vous puissiez \u00e9couter toute l&rsquo;histoire du lieu tout en suivant un guide-\u00e9ducateur. Le mus\u00e9e a \u00e9t\u00e9 cr\u00e9\u00e9 en 1947. pour comm\u00e9morer les victimes de la terreur nazie, en restaurant syst\u00e9matiquement les b\u00e2timents et en cr\u00e9ant des expositions. Dans les b\u00e2timents des blocs 4, 5, 6, 7 et 11, une exposition principale permanente est pr\u00e9sent\u00e9e. Elle comprend de nombreuses pi\u00e8ces, notamment des photographies, des salles de prison et des objets li\u00e9s \u00e0 la vie des prisonniers et aux activit\u00e9s du camp. En outre, des expositions nationales permanentes pr\u00e9sentent le camp et ses \u00e9quivalents dans d&rsquo;autres pays du point de vue de prisonniers de diff\u00e9rentes nationalit\u00e9s : Polonais (bloc 15), Isra\u00e9liens (27), Roms (13), Russes (14), Slovaques (16), Tch\u00e8ques (16), Hongrois (18), Fran\u00e7ais (20), Belges (20) et N\u00e9erlandais (21). Le symbole de l&rsquo;ancien camp est la porte d&rsquo;entr\u00e9e lugubre avec une inscription en m\u00e9tal dans la langue. En allemand, \u00ab\u00a0Arbeit Macht Frei\u00a0\u00bb (\u00ab\u00a0Le travail rend libre\u00a0\u00bb).<\/p>\n<p>Tout au long de l&rsquo;ann\u00e9e, des journ\u00e9es de comm\u00e9moration sont organis\u00e9es sur le site du camp, par exemple le 27 janvier &#8211; comm\u00e9moration de l&rsquo;anniversaire de la lib\u00e9ration d&rsquo;Auschwitz, connue sous le nom de Journ\u00e9e internationale de comm\u00e9moration de l&rsquo;Holocauste, le 14 juin &#8211; Journ\u00e9e nationale de comm\u00e9moration, mars ou avril &#8211; \u00ab\u00a0Marche des vivants\u00a0\u00bb. Tous les \u00e9v\u00e9nements attirent des t\u00e9moins de l&rsquo;histoire &#8211; d&rsquo;anciens prisonniers, leurs descendants, ainsi que des repr\u00e9sentants des autorit\u00e9s et des d\u00e9l\u00e9gations de nombreux pays europ\u00e9ens et internationaux. Le Centre international d&rsquo;\u00e9ducation sur Auschwitz et l&rsquo;Holocauste fonctionne \u00e9galement au sein du mus\u00e9e.<\/p>\n<p>Le complexe de l&rsquo;ancien camp se compose d&rsquo;Auschwitz I Stammlager et d&rsquo;Auschwitz II &#8211; Birkenau, sur une superficie de pr\u00e8s de 200 hectares, o\u00f9 se trouvent des b\u00e2timents administratifs bien conserv\u00e9s, des baraquements pour les prisonniers, ainsi que des rampes de chemin de fer, des portes, des tours de garde et des cr\u00e9matoriums. Il convient de noter qu&rsquo;il s&rsquo;agit d&rsquo;un lieu d&rsquo;ex\u00e9cution pour de nombreuses nations, notamment des Juifs, des Polonais, des Roms, des Russes et des Serbes. On estime \u00e0 environ 1,1 million le nombre de victimes (hommes, femmes et enfants) dans le complexe des camps de concentration et d&rsquo;extermination nazis allemands d&rsquo;Auschwitz et de Birkenau entre 1940 et 1945. Les camps sont principalement un symbole de l&rsquo;extermination des Juifs (Holocauste), car les prisonniers qui y \u00e9taient h\u00e9berg\u00e9s \u00e9taient contraints \u00e0 des travaux forc\u00e9s, puis tu\u00e9s dans des chambres sp\u00e9ciales, impr\u00e9gn\u00e9es du gaz toxique Zyklon \u00ab\u00a0B\u00a0\u00bb, et enfin leurs cadavres br\u00fbl\u00e9s dans les fours cr\u00e9matoires.<\/p>\n<p>Le mus\u00e9e, c&rsquo;est aussi une collection de documents, d&rsquo;archives et d&rsquo;objets choquants (chaussures, lunettes, tenues de prison et divers autres objets du quotidien) qui, \u00e0 leur seule vue, suscitent l&rsquo;horreur et agissent sur l&rsquo;imagination, \u00e9voquant l&rsquo;ampleur et l&rsquo;impitoyabilit\u00e9 du g\u00e9nocide commis. L&rsquo;une des expositions les plus effrayantes, avec les chambres et les fours cr\u00e9matoires, sont les monticules de cheveux conserv\u00e9s qui ont \u00e9t\u00e9 coup\u00e9s aux prisonniers juste apr\u00e8s le transport ferroviaire.<\/p>\n<p>La section de Birkenau \u00e0 Birkenau vaut \u00e9galement la peine d&rsquo;\u00eatre visit\u00e9e, o\u00f9 se trouvent les baraquements, la porte d&rsquo;entr\u00e9e, la rampe et les voies de chemin de fer, ainsi que le m\u00e9morial des victimes. Il s&rsquo;agit du M\u00e9morial o\u00f9 se d\u00e9roulent les comm\u00e9morations susmentionn\u00e9es.<\/p>\n<h2>Conseils aux visiteurs<\/h2>\n<p>Le si\u00e8ge principal du mus\u00e9e d&rsquo;Auschwitz-Birkenau est situ\u00e9 \u00e0 O\u015bwi\u0119cim, au 20 rue des Prisonniers d&rsquo;Auschwitz, entour\u00e9 de b\u00e2timents en briques et de baraquements du camp. La deuxi\u00e8me partie du complexe se trouve quant \u00e0 elle dans le village voisin de Brzezinka, au 12 de la rue Ofiar Ofzyzmu, \u00e0 environ 2 km au nord-ouest du quartier g\u00e9n\u00e9ral d&rsquo;Auschwitz. On peut se rendre au mus\u00e9e avec sa propre voiture, en la laissant dans un parking pr\u00e9vu \u00e0 cet effet, et avec les transports publics locaux depuis n&rsquo;importe quel endroit de la ville, y compris la place du march\u00e9 d&rsquo;O\u015bwi\u0119cim. Il convient de rappeler que l&rsquo;entr\u00e9e principale et l&rsquo;entr\u00e9e du parking se trouvent au 11 de la rue Leszczy\u0144ska. Sur le terrain et dans les environs de l&rsquo;ancien camp, vous trouverez, entre autres, un bureau de poste, un distributeur automatique de billets, une librairie, des toilettes et un kiosque \u00e0 rafra\u00eechissements. Le mus\u00e9e d&rsquo;Auschwitz est ouvert 7 jours sur 7 de 8h \u00e0 14h ou 19h selon la p\u00e9riode de l&rsquo;ann\u00e9e, et l&rsquo;entr\u00e9e est gratuite, sauf si vous optez pour une visite guid\u00e9e de 2,5 ou 3,5 heures avec un guide \u00e9ducateur, auquel cas vous paierez 75 PLN pour un billet normal et 65 PLN pour un billet \u00e0 tarif r\u00e9duit. N&rsquo;oubliez pas de r\u00e9server en ligne \u00e0 l&rsquo;avance \u00e0 l&rsquo;adresse suivante  <a href=\"https:\/\/visit.auschwitz.org\/\">https:\/\/visit.auschwitz.org\/.<\/a> Il est int\u00e9ressant de noter qu&rsquo;\u00e0 l&rsquo;\u00e8re du pand\u00e9monium, il est \u00e9galement possible de faire une <a href=\"https:\/\/panorama.auschwitz.org\/\">visite en ligne<\/a>, qui permet de voir tous les objets et espaces les plus importants avec des descriptions. Il est \u00e0 noter que la visite du mus\u00e9e est d\u00e9conseill\u00e9e aux enfants de moins de 14 ans. ann\u00e9e d&rsquo;\u00e2ge.<\/p>\n<h3>H\u00e9bergement \u00e0 O\u015bwi\u0119cim<\/h3>\n<p>La ville \u00e9tant un centre important du tourisme du martyre \u00e0 l&rsquo;\u00e9chelle mondiale, il ne manque pas d&rsquo;h\u00f4tels, de cottages et de logements priv\u00e9s o\u00f9 vous pourrez s\u00e9journer confortablement \u00e0 un prix raisonnable. <a href=\"https:\/\/noclegioswiecim.eu\"><br \/>\n  <strong>L&rsquo;h\u00e9bergement \u00e0 Oswiecim<\/strong><br \/>\n<\/a> se trouvent dans pratiquement tous les quartiers de la ville et de ses environs imm\u00e9diats. La plupart d&rsquo;entre eux sont disponibles via l&rsquo;<strong>application de<\/strong> <strong>r\u00e9servation<\/strong> <strong>en ligne<\/strong> Auschwitz, o\u00f9 un large \u00e9ventail d&rsquo;offres d&rsquo;h\u00f4tels locaux et autres vous attendent du bout des doigts.<\/p>\n","protected":false},"excerpt":{"rendered":"<p>Si l&rsquo;on demandait \u00e0 un Polonais moyen quel est l&rsquo;endroit [&hellip;]<\/p>\n","protected":false},"author":1,"featured_media":3869,"comment_status":"closed","ping_status":"closed","sticky":false,"template":"","format":"standard","meta":{"footnotes":""},"categories":[152],"tags":[],"class_list":["post-3858","post","type-post","status-publish","format-standard","has-post-thumbnail","hentry","category-guide"],"yoast_head":"<!-- This site is optimized with the Yoast SEO plugin v27.5 - https:\/\/yoast.com\/product\/yoast-seo-wordpress\/ -->\n<title>Mus\u00e9e d&#039;\u00c9tat d&#039;Auschwitz-Birkenau - Comfort Apartments<\/title>\n<meta name=\"description\" content=\"Que faut-il visiter au mus\u00e9e d&#039;Auschwitz-Birkenau - le site le plus c\u00e9l\u00e8bre d&#039;O\u015bwi\u0119cim - ou \u00e0 quoi est associ\u00e9 le nom de la ville ?\" \/>\n<meta name=\"robots\" content=\"index, follow, max-snippet:-1, max-image-preview:large, max-video-preview:-1\" \/>\n<link rel=\"canonical\" href=\"https:\/\/noclegioswiecim.eu\/fr\/?p=3858\" \/>\n<meta property=\"og:locale\" content=\"fr_FR\" \/>\n<meta property=\"og:type\" content=\"article\" \/>\n<meta property=\"og:title\" content=\"Mus\u00e9e d&#039;\u00c9tat d&#039;Auschwitz-Birkenau - Comfort Apartments\" \/>\n<meta property=\"og:description\" content=\"Que faut-il visiter au mus\u00e9e d&#039;Auschwitz-Birkenau - le site le plus c\u00e9l\u00e8bre d&#039;O\u015bwi\u0119cim - ou \u00e0 quoi est associ\u00e9 le nom de la ville ?\" \/>\n<meta property=\"og:url\" content=\"https:\/\/noclegioswiecim.eu\/fr\/?p=3858\" \/>\n<meta property=\"og:site_name\" content=\"Comfort Apartments\" \/>\n<meta property=\"article:publisher\" content=\"https:\/\/www.facebook.com\/oswiecimapartments\/\" \/>\n<meta property=\"article:published_time\" content=\"2021-06-24T22:00:00+00:00\" \/>\n<meta property=\"article:modified_time\" content=\"2024-03-22T10:07:17+00:00\" \/>\n<meta property=\"og:image\" content=\"https:\/\/noclegioswiecim.eu\/wp-content\/uploads\/2023\/07\/20210517_konkurs_2-scaled-1.jpg\" \/>\n\t<meta property=\"og:image:width\" content=\"2560\" \/>\n\t<meta property=\"og:image:height\" content=\"1364\" \/>\n\t<meta property=\"og:image:type\" content=\"image\/jpeg\" \/>\n<meta name=\"author\" content=\"PXadamCA\" \/>\n<meta name=\"twitter:card\" content=\"summary_large_image\" \/>\n<meta name=\"twitter:label1\" content=\"\u00c9crit par\" \/>\n\t<meta name=\"twitter:data1\" content=\"PXadamCA\" \/>\n\t<meta name=\"twitter:label2\" content=\"Dur\u00e9e de lecture estim\u00e9e\" \/>\n\t<meta name=\"twitter:data2\" content=\"5 minutes\" \/>\n<script type=\"application\/ld+json\" class=\"yoast-schema-graph\">{\"@context\":\"https:\\\/\\\/schema.org\",\"@graph\":[{\"@type\":\"Article\",\"@id\":\"https:\\\/\\\/noclegioswiecim.eu\\\/fr\\\/?p=3858#article\",\"isPartOf\":{\"@id\":\"https:\\\/\\\/noclegioswiecim.eu\\\/fr\\\/?p=3858\"},\"author\":{\"name\":\"PXadamCA\",\"@id\":\"https:\\\/\\\/noclegioswiecim.eu\\\/#\\\/schema\\\/person\\\/d89109dc869efec6edf36e8afbef6437\"},\"headline\":\"Mus\u00e9e d&rsquo;\u00c9tat d&rsquo;Auschwitz-Birkenau\",\"datePublished\":\"2021-06-24T22:00:00+00:00\",\"dateModified\":\"2024-03-22T10:07:17+00:00\",\"mainEntityOfPage\":{\"@id\":\"https:\\\/\\\/noclegioswiecim.eu\\\/fr\\\/?p=3858\"},\"wordCount\":1153,\"publisher\":{\"@id\":\"https:\\\/\\\/noclegioswiecim.eu\\\/#organization\"},\"image\":{\"@id\":\"https:\\\/\\\/noclegioswiecim.eu\\\/fr\\\/?p=3858#primaryimage\"},\"thumbnailUrl\":\"https:\\\/\\\/noclegioswiecim.eu\\\/wp-content\\\/uploads\\\/2023\\\/07\\\/20210517_konkurs_2-scaled-1.jpg\",\"articleSection\":[\"Guide\"],\"inLanguage\":\"fr-FR\"},{\"@type\":\"WebPage\",\"@id\":\"https:\\\/\\\/noclegioswiecim.eu\\\/fr\\\/?p=3858\",\"url\":\"https:\\\/\\\/noclegioswiecim.eu\\\/fr\\\/?p=3858\",\"name\":\"Mus\u00e9e d'\u00c9tat d'Auschwitz-Birkenau - Comfort Apartments\",\"isPartOf\":{\"@id\":\"https:\\\/\\\/noclegioswiecim.eu\\\/#website\"},\"primaryImageOfPage\":{\"@id\":\"https:\\\/\\\/noclegioswiecim.eu\\\/fr\\\/?p=3858#primaryimage\"},\"image\":{\"@id\":\"https:\\\/\\\/noclegioswiecim.eu\\\/fr\\\/?p=3858#primaryimage\"},\"thumbnailUrl\":\"https:\\\/\\\/noclegioswiecim.eu\\\/wp-content\\\/uploads\\\/2023\\\/07\\\/20210517_konkurs_2-scaled-1.jpg\",\"datePublished\":\"2021-06-24T22:00:00+00:00\",\"dateModified\":\"2024-03-22T10:07:17+00:00\",\"description\":\"Que faut-il visiter au mus\u00e9e d'Auschwitz-Birkenau - le site le plus c\u00e9l\u00e8bre d'O\u015bwi\u0119cim - ou \u00e0 quoi est associ\u00e9 le nom de la ville ?\",\"breadcrumb\":{\"@id\":\"https:\\\/\\\/noclegioswiecim.eu\\\/fr\\\/?p=3858#breadcrumb\"},\"inLanguage\":\"fr-FR\",\"potentialAction\":[{\"@type\":\"ReadAction\",\"target\":[\"https:\\\/\\\/noclegioswiecim.eu\\\/fr\\\/?p=3858\"]}]},{\"@type\":\"ImageObject\",\"inLanguage\":\"fr-FR\",\"@id\":\"https:\\\/\\\/noclegioswiecim.eu\\\/fr\\\/?p=3858#primaryimage\",\"url\":\"https:\\\/\\\/noclegioswiecim.eu\\\/wp-content\\\/uploads\\\/2023\\\/07\\\/20210517_konkurs_2-scaled-1.jpg\",\"contentUrl\":\"https:\\\/\\\/noclegioswiecim.eu\\\/wp-content\\\/uploads\\\/2023\\\/07\\\/20210517_konkurs_2-scaled-1.jpg\",\"width\":2560,\"height\":1364},{\"@type\":\"BreadcrumbList\",\"@id\":\"https:\\\/\\\/noclegioswiecim.eu\\\/fr\\\/?p=3858#breadcrumb\",\"itemListElement\":[{\"@type\":\"ListItem\",\"position\":1,\"name\":\"Strona g\u0142\u00f3wna\",\"item\":\"https:\\\/\\\/noclegioswiecim.eu\\\/fr\\\/\"},{\"@type\":\"ListItem\",\"position\":2,\"name\":\"Mus\u00e9e d&#8217;\u00c9tat d&#8217;Auschwitz-Birkenau\"}]},{\"@type\":\"WebSite\",\"@id\":\"https:\\\/\\\/noclegioswiecim.eu\\\/#website\",\"url\":\"https:\\\/\\\/noclegioswiecim.eu\\\/\",\"name\":\"Comfort Apartments\",\"description\":\"Noclegi O\u015bwi\u0119cim \\\/ Booking O\u015bwi\u0119cim\",\"publisher\":{\"@id\":\"https:\\\/\\\/noclegioswiecim.eu\\\/#organization\"},\"potentialAction\":[{\"@type\":\"SearchAction\",\"target\":{\"@type\":\"EntryPoint\",\"urlTemplate\":\"https:\\\/\\\/noclegioswiecim.eu\\\/?s={search_term_string}\"},\"query-input\":{\"@type\":\"PropertyValueSpecification\",\"valueRequired\":true,\"valueName\":\"search_term_string\"}}],\"inLanguage\":\"fr-FR\"},{\"@type\":\"Organization\",\"@id\":\"https:\\\/\\\/noclegioswiecim.eu\\\/#organization\",\"name\":\"Comfort Apartments\",\"url\":\"https:\\\/\\\/noclegioswiecim.eu\\\/\",\"logo\":{\"@type\":\"ImageObject\",\"inLanguage\":\"fr-FR\",\"@id\":\"https:\\\/\\\/noclegioswiecim.eu\\\/#\\\/schema\\\/logo\\\/image\\\/\",\"url\":\"https:\\\/\\\/noclegioswiecim.eu\\\/wp-content\\\/uploads\\\/2023\\\/02\\\/favicona.png\",\"contentUrl\":\"https:\\\/\\\/noclegioswiecim.eu\\\/wp-content\\\/uploads\\\/2023\\\/02\\\/favicona.png\",\"width\":200,\"height\":200,\"caption\":\"Comfort Apartments\"},\"image\":{\"@id\":\"https:\\\/\\\/noclegioswiecim.eu\\\/#\\\/schema\\\/logo\\\/image\\\/\"},\"sameAs\":[\"https:\\\/\\\/www.facebook.com\\\/oswiecimapartments\\\/\",\"https:\\\/\\\/goo.gl\\\/maps\\\/H9x6rxoZWfK3ad1j6\",\"https:\\\/\\\/www.instagram.com\\\/oswiecimapartments\\\/\"]},{\"@type\":\"Person\",\"@id\":\"https:\\\/\\\/noclegioswiecim.eu\\\/#\\\/schema\\\/person\\\/d89109dc869efec6edf36e8afbef6437\",\"name\":\"PXadamCA\",\"image\":{\"@type\":\"ImageObject\",\"inLanguage\":\"fr-FR\",\"@id\":\"https:\\\/\\\/secure.gravatar.com\\\/avatar\\\/adc1dd343d8c5124e40417ce67f1c600f00e279f2aad6a878cce8661419565aa?s=96&d=mm&r=g\",\"url\":\"https:\\\/\\\/secure.gravatar.com\\\/avatar\\\/adc1dd343d8c5124e40417ce67f1c600f00e279f2aad6a878cce8661419565aa?s=96&d=mm&r=g\",\"contentUrl\":\"https:\\\/\\\/secure.gravatar.com\\\/avatar\\\/adc1dd343d8c5124e40417ce67f1c600f00e279f2aad6a878cce8661419565aa?s=96&d=mm&r=g\",\"caption\":\"PXadamCA\"},\"sameAs\":[\"https:\\\/\\\/comfort.proadax-dev.pl\"]}]}<\/script>\n<!-- \/ Yoast SEO plugin. -->","yoast_head_json":{"title":"Mus\u00e9e d'\u00c9tat d'Auschwitz-Birkenau - Comfort Apartments","description":"Que faut-il visiter au mus\u00e9e d'Auschwitz-Birkenau - le site le plus c\u00e9l\u00e8bre d'O\u015bwi\u0119cim - ou \u00e0 quoi est associ\u00e9 le nom de la ville ?","robots":{"index":"index","follow":"follow","max-snippet":"max-snippet:-1","max-image-preview":"max-image-preview:large","max-video-preview":"max-video-preview:-1"},"canonical":"https:\/\/noclegioswiecim.eu\/fr\/?p=3858","og_locale":"fr_FR","og_type":"article","og_title":"Mus\u00e9e d'\u00c9tat d'Auschwitz-Birkenau - Comfort Apartments","og_description":"Que faut-il visiter au mus\u00e9e d'Auschwitz-Birkenau - le site le plus c\u00e9l\u00e8bre d'O\u015bwi\u0119cim - ou \u00e0 quoi est associ\u00e9 le nom de la ville ?","og_url":"https:\/\/noclegioswiecim.eu\/fr\/?p=3858","og_site_name":"Comfort Apartments","article_publisher":"https:\/\/www.facebook.com\/oswiecimapartments\/","article_published_time":"2021-06-24T22:00:00+00:00","article_modified_time":"2024-03-22T10:07:17+00:00","og_image":[{"width":2560,"height":1364,"url":"https:\/\/noclegioswiecim.eu\/wp-content\/uploads\/2023\/07\/20210517_konkurs_2-scaled-1.jpg","type":"image\/jpeg"}],"author":"PXadamCA","twitter_card":"summary_large_image","twitter_misc":{"\u00c9crit par":"PXadamCA","Dur\u00e9e de lecture estim\u00e9e":"5 minutes"},"schema":{"@context":"https:\/\/schema.org","@graph":[{"@type":"Article","@id":"https:\/\/noclegioswiecim.eu\/fr\/?p=3858#article","isPartOf":{"@id":"https:\/\/noclegioswiecim.eu\/fr\/?p=3858"},"author":{"name":"PXadamCA","@id":"https:\/\/noclegioswiecim.eu\/#\/schema\/person\/d89109dc869efec6edf36e8afbef6437"},"headline":"Mus\u00e9e d&rsquo;\u00c9tat d&rsquo;Auschwitz-Birkenau","datePublished":"2021-06-24T22:00:00+00:00","dateModified":"2024-03-22T10:07:17+00:00","mainEntityOfPage":{"@id":"https:\/\/noclegioswiecim.eu\/fr\/?p=3858"},"wordCount":1153,"publisher":{"@id":"https:\/\/noclegioswiecim.eu\/#organization"},"image":{"@id":"https:\/\/noclegioswiecim.eu\/fr\/?p=3858#primaryimage"},"thumbnailUrl":"https:\/\/noclegioswiecim.eu\/wp-content\/uploads\/2023\/07\/20210517_konkurs_2-scaled-1.jpg","articleSection":["Guide"],"inLanguage":"fr-FR"},{"@type":"WebPage","@id":"https:\/\/noclegioswiecim.eu\/fr\/?p=3858","url":"https:\/\/noclegioswiecim.eu\/fr\/?p=3858","name":"Mus\u00e9e d'\u00c9tat d'Auschwitz-Birkenau - Comfort Apartments","isPartOf":{"@id":"https:\/\/noclegioswiecim.eu\/#website"},"primaryImageOfPage":{"@id":"https:\/\/noclegioswiecim.eu\/fr\/?p=3858#primaryimage"},"image":{"@id":"https:\/\/noclegioswiecim.eu\/fr\/?p=3858#primaryimage"},"thumbnailUrl":"https:\/\/noclegioswiecim.eu\/wp-content\/uploads\/2023\/07\/20210517_konkurs_2-scaled-1.jpg","datePublished":"2021-06-24T22:00:00+00:00","dateModified":"2024-03-22T10:07:17+00:00","description":"Que faut-il visiter au mus\u00e9e d'Auschwitz-Birkenau - le site le plus c\u00e9l\u00e8bre d'O\u015bwi\u0119cim - ou \u00e0 quoi est associ\u00e9 le nom de la ville ?","breadcrumb":{"@id":"https:\/\/noclegioswiecim.eu\/fr\/?p=3858#breadcrumb"},"inLanguage":"fr-FR","potentialAction":[{"@type":"ReadAction","target":["https:\/\/noclegioswiecim.eu\/fr\/?p=3858"]}]},{"@type":"ImageObject","inLanguage":"fr-FR","@id":"https:\/\/noclegioswiecim.eu\/fr\/?p=3858#primaryimage","url":"https:\/\/noclegioswiecim.eu\/wp-content\/uploads\/2023\/07\/20210517_konkurs_2-scaled-1.jpg","contentUrl":"https:\/\/noclegioswiecim.eu\/wp-content\/uploads\/2023\/07\/20210517_konkurs_2-scaled-1.jpg","width":2560,"height":1364},{"@type":"BreadcrumbList","@id":"https:\/\/noclegioswiecim.eu\/fr\/?p=3858#breadcrumb","itemListElement":[{"@type":"ListItem","position":1,"name":"Strona g\u0142\u00f3wna","item":"https:\/\/noclegioswiecim.eu\/fr\/"},{"@type":"ListItem","position":2,"name":"Mus\u00e9e d&#8217;\u00c9tat d&#8217;Auschwitz-Birkenau"}]},{"@type":"WebSite","@id":"https:\/\/noclegioswiecim.eu\/#website","url":"https:\/\/noclegioswiecim.eu\/","name":"Comfort Apartments","description":"Noclegi O\u015bwi\u0119cim \/ Booking O\u015bwi\u0119cim","publisher":{"@id":"https:\/\/noclegioswiecim.eu\/#organization"},"potentialAction":[{"@type":"SearchAction","target":{"@type":"EntryPoint","urlTemplate":"https:\/\/noclegioswiecim.eu\/?s={search_term_string}"},"query-input":{"@type":"PropertyValueSpecification","valueRequired":true,"valueName":"search_term_string"}}],"inLanguage":"fr-FR"},{"@type":"Organization","@id":"https:\/\/noclegioswiecim.eu\/#organization","name":"Comfort Apartments","url":"https:\/\/noclegioswiecim.eu\/","logo":{"@type":"ImageObject","inLanguage":"fr-FR","@id":"https:\/\/noclegioswiecim.eu\/#\/schema\/logo\/image\/","url":"https:\/\/noclegioswiecim.eu\/wp-content\/uploads\/2023\/02\/favicona.png","contentUrl":"https:\/\/noclegioswiecim.eu\/wp-content\/uploads\/2023\/02\/favicona.png","width":200,"height":200,"caption":"Comfort Apartments"},"image":{"@id":"https:\/\/noclegioswiecim.eu\/#\/schema\/logo\/image\/"},"sameAs":["https:\/\/www.facebook.com\/oswiecimapartments\/","https:\/\/goo.gl\/maps\/H9x6rxoZWfK3ad1j6","https:\/\/www.instagram.com\/oswiecimapartments\/"]},{"@type":"Person","@id":"https:\/\/noclegioswiecim.eu\/#\/schema\/person\/d89109dc869efec6edf36e8afbef6437","name":"PXadamCA","image":{"@type":"ImageObject","inLanguage":"fr-FR","@id":"https:\/\/secure.gravatar.com\/avatar\/adc1dd343d8c5124e40417ce67f1c600f00e279f2aad6a878cce8661419565aa?s=96&d=mm&r=g","url":"https:\/\/secure.gravatar.com\/avatar\/adc1dd343d8c5124e40417ce67f1c600f00e279f2aad6a878cce8661419565aa?s=96&d=mm&r=g","contentUrl":"https:\/\/secure.gravatar.com\/avatar\/adc1dd343d8c5124e40417ce67f1c600f00e279f2aad6a878cce8661419565aa?s=96&d=mm&r=g","caption":"PXadamCA"},"sameAs":["https:\/\/comfort.proadax-dev.pl"]}]}},"_links":{"self":[{"href":"https:\/\/noclegioswiecim.eu\/fr\/wp-json\/wp\/v2\/posts\/3858","targetHints":{"allow":["GET"]}}],"collection":[{"href":"https:\/\/noclegioswiecim.eu\/fr\/wp-json\/wp\/v2\/posts"}],"about":[{"href":"https:\/\/noclegioswiecim.eu\/fr\/wp-json\/wp\/v2\/types\/post"}],"author":[{"embeddable":true,"href":"https:\/\/noclegioswiecim.eu\/fr\/wp-json\/wp\/v2\/users\/1"}],"replies":[{"embeddable":true,"href":"https:\/\/noclegioswiecim.eu\/fr\/wp-json\/wp\/v2\/comments?post=3858"}],"version-history":[{"count":1,"href":"https:\/\/noclegioswiecim.eu\/fr\/wp-json\/wp\/v2\/posts\/3858\/revisions"}],"predecessor-version":[{"id":3872,"href":"https:\/\/noclegioswiecim.eu\/fr\/wp-json\/wp\/v2\/posts\/3858\/revisions\/3872"}],"wp:featuredmedia":[{"embeddable":true,"href":"https:\/\/noclegioswiecim.eu\/fr\/wp-json\/wp\/v2\/media\/3869"}],"wp:attachment":[{"href":"https:\/\/noclegioswiecim.eu\/fr\/wp-json\/wp\/v2\/media?parent=3858"}],"wp:term":[{"taxonomy":"category","embeddable":true,"href":"https:\/\/noclegioswiecim.eu\/fr\/wp-json\/wp\/v2\/categories?post=3858"},{"taxonomy":"post_tag","embeddable":true,"href":"https:\/\/noclegioswiecim.eu\/fr\/wp-json\/wp\/v2\/tags?post=3858"}],"curies":[{"name":"wp","href":"https:\/\/api.w.org\/{rel}","templated":true}]}}