{"id":3827,"date":"2023-04-13T01:07:11","date_gmt":"2023-04-12T23:07:11","guid":{"rendered":"https:\/\/noclegioswiecim.eu\/non-classifiee\/terrasse-avec-cafe-le-matin\/"},"modified":"2025-07-08T11:26:30","modified_gmt":"2025-07-08T09:26:30","slug":"terrasse-avec-cafe-le-matin","status":"publish","type":"post","link":"https:\/\/noclegioswiecim.eu\/fr\/points-forts\/terrasse-avec-cafe-le-matin\/","title":{"rendered":"Terrasse &#8211; avec caf\u00e9 le matin"},"content":{"rendered":"<p>Les appartements avec terrasse d&rsquo;Oswiecim sont un asile et un espace unique o\u00f9 vous pourrez vivre des moments inoubliables. Un caf\u00e9 matinal ou un repas en plein air, entour\u00e9 par la nature, est un r\u00eave devenu r\u00e9alit\u00e9 lorsque vous s\u00e9journez chez nous. Loin de l&rsquo;agitation de la ville.<\/p>\n","protected":false},"excerpt":{"rendered":"<p>Les appartements avec terrasse d&rsquo;Oswiecim sont un asile et un [&hellip;]<\/p>\n","protected":false},"author":1,"featured_media":9407,"comment_status":"closed","ping_status":"closed","sticky":false,"template":"","format":"standard","meta":{"footnotes":""},"categories":[149],"tags":[],"class_list":["post-3827","post","type-post","status-publish","format-standard","has-post-thumbnail","hentry","category-points-forts"],"yoast_head":"<!-- This site is optimized with the Yoast SEO plugin v27.5 - https:\/\/yoast.com\/product\/yoast-seo-wordpress\/ -->\n<title>Terrasse - avec caf\u00e9 le matin - Comfort Apartments<\/title>\n<meta name=\"robots\" content=\"index, follow, max-snippet:-1, max-image-preview:large, max-video-preview:-1\" \/>\n<link rel=\"canonical\" href=\"https:\/\/noclegioswiecim.eu\/fr\/points-forts\/terrasse-avec-cafe-le-matin\/\" \/>\n<meta property=\"og:locale\" content=\"fr_FR\" \/>\n<meta property=\"og:type\" content=\"article\" \/>\n<meta property=\"og:title\" content=\"Terrasse - avec caf\u00e9 le matin - Comfort Apartments\" \/>\n<meta property=\"og:description\" content=\"Les appartements avec terrasse d&rsquo;Oswiecim sont un asile et un [&hellip;]\" \/>\n<meta property=\"og:url\" content=\"https:\/\/noclegioswiecim.eu\/fr\/points-forts\/terrasse-avec-cafe-le-matin\/\" \/>\n<meta property=\"og:site_name\" content=\"Comfort Apartments\" \/>\n<meta property=\"article:publisher\" content=\"https:\/\/www.facebook.com\/oswiecimapartments\/\" \/>\n<meta property=\"article:published_time\" content=\"2023-04-12T23:07:11+00:00\" \/>\n<meta property=\"article:modified_time\" content=\"2025-07-08T09:26:30+00:00\" \/>\n<meta property=\"og:image\" content=\"https:\/\/noclegioswiecim.eu\/wp-content\/uploads\/2023\/04\/RH6_3416.jpg\" \/>\n\t<meta property=\"og:image:width\" content=\"1500\" \/>\n\t<meta property=\"og:image:height\" content=\"1000\" \/>\n\t<meta property=\"og:image:type\" content=\"image\/jpeg\" \/>\n<meta name=\"author\" content=\"PXadamCA\" \/>\n<meta name=\"twitter:card\" content=\"summary_large_image\" \/>\n<meta name=\"twitter:label1\" content=\"\u00c9crit par\" \/>\n\t<meta name=\"twitter:data1\" content=\"PXadamCA\" \/>\n\t<meta name=\"twitter:label2\" content=\"Dur\u00e9e de lecture estim\u00e9e\" \/>\n\t<meta name=\"twitter:data2\" content=\"1 minute\" \/>\n<script type=\"application\/ld+json\" class=\"yoast-schema-graph\">{\"@context\":\"https:\\\/\\\/schema.org\",\"@graph\":[{\"@type\":\"Article\",\"@id\":\"https:\\\/\\\/noclegioswiecim.eu\\\/fr\\\/points-forts\\\/terrasse-avec-cafe-le-matin\\\/#article\",\"isPartOf\":{\"@id\":\"https:\\\/\\\/noclegioswiecim.eu\\\/fr\\\/points-forts\\\/terrasse-avec-cafe-le-matin\\\/\"},\"author\":{\"name\":\"PXadamCA\",\"@id\":\"https:\\\/\\\/noclegioswiecim.eu\\\/#\\\/schema\\\/person\\\/d89109dc869efec6edf36e8afbef6437\"},\"headline\":\"Terrasse &#8211; avec caf\u00e9 le matin\",\"datePublished\":\"2023-04-12T23:07:11+00:00\",\"dateModified\":\"2025-07-08T09:26:30+00:00\",\"mainEntityOfPage\":{\"@id\":\"https:\\\/\\\/noclegioswiecim.eu\\\/fr\\\/points-forts\\\/terrasse-avec-cafe-le-matin\\\/\"},\"wordCount\":59,\"publisher\":{\"@id\":\"https:\\\/\\\/noclegioswiecim.eu\\\/#organization\"},\"image\":{\"@id\":\"https:\\\/\\\/noclegioswiecim.eu\\\/fr\\\/points-forts\\\/terrasse-avec-cafe-le-matin\\\/#primaryimage\"},\"thumbnailUrl\":\"https:\\\/\\\/noclegioswiecim.eu\\\/wp-content\\\/uploads\\\/2023\\\/04\\\/RH6_3416.jpg\",\"articleSection\":[\"Points forts\"],\"inLanguage\":\"fr-FR\"},{\"@type\":\"WebPage\",\"@id\":\"https:\\\/\\\/noclegioswiecim.eu\\\/fr\\\/points-forts\\\/terrasse-avec-cafe-le-matin\\\/\",\"url\":\"https:\\\/\\\/noclegioswiecim.eu\\\/fr\\\/points-forts\\\/terrasse-avec-cafe-le-matin\\\/\",\"name\":\"Terrasse - avec caf\u00e9 le matin - Comfort Apartments\",\"isPartOf\":{\"@id\":\"https:\\\/\\\/noclegioswiecim.eu\\\/#website\"},\"primaryImageOfPage\":{\"@id\":\"https:\\\/\\\/noclegioswiecim.eu\\\/fr\\\/points-forts\\\/terrasse-avec-cafe-le-matin\\\/#primaryimage\"},\"image\":{\"@id\":\"https:\\\/\\\/noclegioswiecim.eu\\\/fr\\\/points-forts\\\/terrasse-avec-cafe-le-matin\\\/#primaryimage\"},\"thumbnailUrl\":\"https:\\\/\\\/noclegioswiecim.eu\\\/wp-content\\\/uploads\\\/2023\\\/04\\\/RH6_3416.jpg\",\"datePublished\":\"2023-04-12T23:07:11+00:00\",\"dateModified\":\"2025-07-08T09:26:30+00:00\",\"breadcrumb\":{\"@id\":\"https:\\\/\\\/noclegioswiecim.eu\\\/fr\\\/points-forts\\\/terrasse-avec-cafe-le-matin\\\/#breadcrumb\"},\"inLanguage\":\"fr-FR\",\"potentialAction\":[{\"@type\":\"ReadAction\",\"target\":[\"https:\\\/\\\/noclegioswiecim.eu\\\/fr\\\/points-forts\\\/terrasse-avec-cafe-le-matin\\\/\"]}]},{\"@type\":\"ImageObject\",\"inLanguage\":\"fr-FR\",\"@id\":\"https:\\\/\\\/noclegioswiecim.eu\\\/fr\\\/points-forts\\\/terrasse-avec-cafe-le-matin\\\/#primaryimage\",\"url\":\"https:\\\/\\\/noclegioswiecim.eu\\\/wp-content\\\/uploads\\\/2023\\\/04\\\/RH6_3416.jpg\",\"contentUrl\":\"https:\\\/\\\/noclegioswiecim.eu\\\/wp-content\\\/uploads\\\/2023\\\/04\\\/RH6_3416.jpg\",\"width\":1500,\"height\":1000,\"caption\":\"RH_FOTO ROMAN_HOLOWKO\"},{\"@type\":\"BreadcrumbList\",\"@id\":\"https:\\\/\\\/noclegioswiecim.eu\\\/fr\\\/points-forts\\\/terrasse-avec-cafe-le-matin\\\/#breadcrumb\",\"itemListElement\":[{\"@type\":\"ListItem\",\"position\":1,\"name\":\"Strona g\u0142\u00f3wna\",\"item\":\"https:\\\/\\\/noclegioswiecim.eu\\\/fr\\\/\"},{\"@type\":\"ListItem\",\"position\":2,\"name\":\"Terrasse &#8211; avec caf\u00e9 le matin\"}]},{\"@type\":\"WebSite\",\"@id\":\"https:\\\/\\\/noclegioswiecim.eu\\\/#website\",\"url\":\"https:\\\/\\\/noclegioswiecim.eu\\\/\",\"name\":\"Comfort Apartments\",\"description\":\"Noclegi O\u015bwi\u0119cim \\\/ Booking O\u015bwi\u0119cim\",\"publisher\":{\"@id\":\"https:\\\/\\\/noclegioswiecim.eu\\\/#organization\"},\"potentialAction\":[{\"@type\":\"SearchAction\",\"target\":{\"@type\":\"EntryPoint\",\"urlTemplate\":\"https:\\\/\\\/noclegioswiecim.eu\\\/?s={search_term_string}\"},\"query-input\":{\"@type\":\"PropertyValueSpecification\",\"valueRequired\":true,\"valueName\":\"search_term_string\"}}],\"inLanguage\":\"fr-FR\"},{\"@type\":\"Organization\",\"@id\":\"https:\\\/\\\/noclegioswiecim.eu\\\/#organization\",\"name\":\"Comfort Apartments\",\"url\":\"https:\\\/\\\/noclegioswiecim.eu\\\/\",\"logo\":{\"@type\":\"ImageObject\",\"inLanguage\":\"fr-FR\",\"@id\":\"https:\\\/\\\/noclegioswiecim.eu\\\/#\\\/schema\\\/logo\\\/image\\\/\",\"url\":\"https:\\\/\\\/noclegioswiecim.eu\\\/wp-content\\\/uploads\\\/2023\\\/02\\\/favicona.png\",\"contentUrl\":\"https:\\\/\\\/noclegioswiecim.eu\\\/wp-content\\\/uploads\\\/2023\\\/02\\\/favicona.png\",\"width\":200,\"height\":200,\"caption\":\"Comfort Apartments\"},\"image\":{\"@id\":\"https:\\\/\\\/noclegioswiecim.eu\\\/#\\\/schema\\\/logo\\\/image\\\/\"},\"sameAs\":[\"https:\\\/\\\/www.facebook.com\\\/oswiecimapartments\\\/\",\"https:\\\/\\\/goo.gl\\\/maps\\\/H9x6rxoZWfK3ad1j6\",\"https:\\\/\\\/www.instagram.com\\\/oswiecimapartments\\\/\"]},{\"@type\":\"Person\",\"@id\":\"https:\\\/\\\/noclegioswiecim.eu\\\/#\\\/schema\\\/person\\\/d89109dc869efec6edf36e8afbef6437\",\"name\":\"PXadamCA\",\"image\":{\"@type\":\"ImageObject\",\"inLanguage\":\"fr-FR\",\"@id\":\"https:\\\/\\\/secure.gravatar.com\\\/avatar\\\/adc1dd343d8c5124e40417ce67f1c600f00e279f2aad6a878cce8661419565aa?s=96&d=mm&r=g\",\"url\":\"https:\\\/\\\/secure.gravatar.com\\\/avatar\\\/adc1dd343d8c5124e40417ce67f1c600f00e279f2aad6a878cce8661419565aa?s=96&d=mm&r=g\",\"contentUrl\":\"https:\\\/\\\/secure.gravatar.com\\\/avatar\\\/adc1dd343d8c5124e40417ce67f1c600f00e279f2aad6a878cce8661419565aa?s=96&d=mm&r=g\",\"caption\":\"PXadamCA\"},\"sameAs\":[\"https:\\\/\\\/comfort.proadax-dev.pl\"]}]}<\/script>\n<!-- \/ Yoast SEO plugin. -->","yoast_head_json":{"title":"Terrasse - avec caf\u00e9 le matin - Comfort Apartments","robots":{"index":"index","follow":"follow","max-snippet":"max-snippet:-1","max-image-preview":"max-image-preview:large","max-video-preview":"max-video-preview:-1"},"canonical":"https:\/\/noclegioswiecim.eu\/fr\/points-forts\/terrasse-avec-cafe-le-matin\/","og_locale":"fr_FR","og_type":"article","og_title":"Terrasse - avec caf\u00e9 le matin - Comfort Apartments","og_description":"Les appartements avec terrasse d&rsquo;Oswiecim sont un asile et un [&hellip;]","og_url":"https:\/\/noclegioswiecim.eu\/fr\/points-forts\/terrasse-avec-cafe-le-matin\/","og_site_name":"Comfort Apartments","article_publisher":"https:\/\/www.facebook.com\/oswiecimapartments\/","article_published_time":"2023-04-12T23:07:11+00:00","article_modified_time":"2025-07-08T09:26:30+00:00","og_image":[{"width":1500,"height":1000,"url":"https:\/\/noclegioswiecim.eu\/wp-content\/uploads\/2023\/04\/RH6_3416.jpg","type":"image\/jpeg"}],"author":"PXadamCA","twitter_card":"summary_large_image","twitter_misc":{"\u00c9crit par":"PXadamCA","Dur\u00e9e de lecture estim\u00e9e":"1 minute"},"schema":{"@context":"https:\/\/schema.org","@graph":[{"@type":"Article","@id":"https:\/\/noclegioswiecim.eu\/fr\/points-forts\/terrasse-avec-cafe-le-matin\/#article","isPartOf":{"@id":"https:\/\/noclegioswiecim.eu\/fr\/points-forts\/terrasse-avec-cafe-le-matin\/"},"author":{"name":"PXadamCA","@id":"https:\/\/noclegioswiecim.eu\/#\/schema\/person\/d89109dc869efec6edf36e8afbef6437"},"headline":"Terrasse &#8211; avec caf\u00e9 le matin","datePublished":"2023-04-12T23:07:11+00:00","dateModified":"2025-07-08T09:26:30+00:00","mainEntityOfPage":{"@id":"https:\/\/noclegioswiecim.eu\/fr\/points-forts\/terrasse-avec-cafe-le-matin\/"},"wordCount":59,"publisher":{"@id":"https:\/\/noclegioswiecim.eu\/#organization"},"image":{"@id":"https:\/\/noclegioswiecim.eu\/fr\/points-forts\/terrasse-avec-cafe-le-matin\/#primaryimage"},"thumbnailUrl":"https:\/\/noclegioswiecim.eu\/wp-content\/uploads\/2023\/04\/RH6_3416.jpg","articleSection":["Points forts"],"inLanguage":"fr-FR"},{"@type":"WebPage","@id":"https:\/\/noclegioswiecim.eu\/fr\/points-forts\/terrasse-avec-cafe-le-matin\/","url":"https:\/\/noclegioswiecim.eu\/fr\/points-forts\/terrasse-avec-cafe-le-matin\/","name":"Terrasse - avec caf\u00e9 le matin - Comfort Apartments","isPartOf":{"@id":"https:\/\/noclegioswiecim.eu\/#website"},"primaryImageOfPage":{"@id":"https:\/\/noclegioswiecim.eu\/fr\/points-forts\/terrasse-avec-cafe-le-matin\/#primaryimage"},"image":{"@id":"https:\/\/noclegioswiecim.eu\/fr\/points-forts\/terrasse-avec-cafe-le-matin\/#primaryimage"},"thumbnailUrl":"https:\/\/noclegioswiecim.eu\/wp-content\/uploads\/2023\/04\/RH6_3416.jpg","datePublished":"2023-04-12T23:07:11+00:00","dateModified":"2025-07-08T09:26:30+00:00","breadcrumb":{"@id":"https:\/\/noclegioswiecim.eu\/fr\/points-forts\/terrasse-avec-cafe-le-matin\/#breadcrumb"},"inLanguage":"fr-FR","potentialAction":[{"@type":"ReadAction","target":["https:\/\/noclegioswiecim.eu\/fr\/points-forts\/terrasse-avec-cafe-le-matin\/"]}]},{"@type":"ImageObject","inLanguage":"fr-FR","@id":"https:\/\/noclegioswiecim.eu\/fr\/points-forts\/terrasse-avec-cafe-le-matin\/#primaryimage","url":"https:\/\/noclegioswiecim.eu\/wp-content\/uploads\/2023\/04\/RH6_3416.jpg","contentUrl":"https:\/\/noclegioswiecim.eu\/wp-content\/uploads\/2023\/04\/RH6_3416.jpg","width":1500,"height":1000,"caption":"RH_FOTO ROMAN_HOLOWKO"},{"@type":"BreadcrumbList","@id":"https:\/\/noclegioswiecim.eu\/fr\/points-forts\/terrasse-avec-cafe-le-matin\/#breadcrumb","itemListElement":[{"@type":"ListItem","position":1,"name":"Strona g\u0142\u00f3wna","item":"https:\/\/noclegioswiecim.eu\/fr\/"},{"@type":"ListItem","position":2,"name":"Terrasse &#8211; avec caf\u00e9 le matin"}]},{"@type":"WebSite","@id":"https:\/\/noclegioswiecim.eu\/#website","url":"https:\/\/noclegioswiecim.eu\/","name":"Comfort Apartments","description":"Noclegi O\u015bwi\u0119cim \/ Booking O\u015bwi\u0119cim","publisher":{"@id":"https:\/\/noclegioswiecim.eu\/#organization"},"potentialAction":[{"@type":"SearchAction","target":{"@type":"EntryPoint","urlTemplate":"https:\/\/noclegioswiecim.eu\/?s={search_term_string}"},"query-input":{"@type":"PropertyValueSpecification","valueRequired":true,"valueName":"search_term_string"}}],"inLanguage":"fr-FR"},{"@type":"Organization","@id":"https:\/\/noclegioswiecim.eu\/#organization","name":"Comfort Apartments","url":"https:\/\/noclegioswiecim.eu\/","logo":{"@type":"ImageObject","inLanguage":"fr-FR","@id":"https:\/\/noclegioswiecim.eu\/#\/schema\/logo\/image\/","url":"https:\/\/noclegioswiecim.eu\/wp-content\/uploads\/2023\/02\/favicona.png","contentUrl":"https:\/\/noclegioswiecim.eu\/wp-content\/uploads\/2023\/02\/favicona.png","width":200,"height":200,"caption":"Comfort Apartments"},"image":{"@id":"https:\/\/noclegioswiecim.eu\/#\/schema\/logo\/image\/"},"sameAs":["https:\/\/www.facebook.com\/oswiecimapartments\/","https:\/\/goo.gl\/maps\/H9x6rxoZWfK3ad1j6","https:\/\/www.instagram.com\/oswiecimapartments\/"]},{"@type":"Person","@id":"https:\/\/noclegioswiecim.eu\/#\/schema\/person\/d89109dc869efec6edf36e8afbef6437","name":"PXadamCA","image":{"@type":"ImageObject","inLanguage":"fr-FR","@id":"https:\/\/secure.gravatar.com\/avatar\/adc1dd343d8c5124e40417ce67f1c600f00e279f2aad6a878cce8661419565aa?s=96&d=mm&r=g","url":"https:\/\/secure.gravatar.com\/avatar\/adc1dd343d8c5124e40417ce67f1c600f00e279f2aad6a878cce8661419565aa?s=96&d=mm&r=g","contentUrl":"https:\/\/secure.gravatar.com\/avatar\/adc1dd343d8c5124e40417ce67f1c600f00e279f2aad6a878cce8661419565aa?s=96&d=mm&r=g","caption":"PXadamCA"},"sameAs":["https:\/\/comfort.proadax-dev.pl"]}]}},"_links":{"self":[{"href":"https:\/\/noclegioswiecim.eu\/fr\/wp-json\/wp\/v2\/posts\/3827","targetHints":{"allow":["GET"]}}],"collection":[{"href":"https:\/\/noclegioswiecim.eu\/fr\/wp-json\/wp\/v2\/posts"}],"about":[{"href":"https:\/\/noclegioswiecim.eu\/fr\/wp-json\/wp\/v2\/types\/post"}],"author":[{"embeddable":true,"href":"https:\/\/noclegioswiecim.eu\/fr\/wp-json\/wp\/v2\/users\/1"}],"replies":[{"embeddable":true,"href":"https:\/\/noclegioswiecim.eu\/fr\/wp-json\/wp\/v2\/comments?post=3827"}],"version-history":[{"count":1,"href":"https:\/\/noclegioswiecim.eu\/fr\/wp-json\/wp\/v2\/posts\/3827\/revisions"}],"predecessor-version":[{"id":3845,"href":"https:\/\/noclegioswiecim.eu\/fr\/wp-json\/wp\/v2\/posts\/3827\/revisions\/3845"}],"wp:featuredmedia":[{"embeddable":true,"href":"https:\/\/noclegioswiecim.eu\/fr\/wp-json\/wp\/v2\/media\/9407"}],"wp:attachment":[{"href":"https:\/\/noclegioswiecim.eu\/fr\/wp-json\/wp\/v2\/media?parent=3827"}],"wp:term":[{"taxonomy":"category","embeddable":true,"href":"https:\/\/noclegioswiecim.eu\/fr\/wp-json\/wp\/v2\/categories?post=3827"},{"taxonomy":"post_tag","embeddable":true,"href":"https:\/\/noclegioswiecim.eu\/fr\/wp-json\/wp\/v2\/tags?post=3827"}],"curies":[{"name":"wp","href":"https:\/\/api.w.org\/{rel}","templated":true}]}}