{"id":1854,"date":"2023-07-26T11:20:30","date_gmt":"2023-07-26T09:20:30","guid":{"rendered":"https:\/\/noclegioswiecim.eu\/bez-kategorii\/centrum-sw-maksymiliana-w-harmezach\/"},"modified":"2024-01-16T12:18:04","modified_gmt":"2024-01-16T11:18:04","slug":"st-maximilian-centre-in-harmeze","status":"publish","type":"post","link":"https:\/\/noclegioswiecim.eu\/en\/attractions\/st-maximilian-centre-in-harmeze\/","title":{"rendered":"St. Maximilian Centre in Harm\u0119\u017ce"},"content":{"rendered":"<p><strong>Distance: <\/strong>8 km<\/p>\n<p>The centre was established as a token of gratitude for the life, work, and martyrdom of St. Maximilian. It is intended to spread devotion to him, promote an understanding of his charism, and champion the idea of &#8220;victorious Love,&#8221; through which God triumphed in St. Maximilian, enabling him to bear witness to this Love in the assembly square and in the death bunker at Auschwitz.<\/p>\n<p>This is a place dedicated to prayer and the reinforcement of peace, love, and reconciliation among people of different nations and religions, in the spirit of St. Francis of Assisi and St. Maximilian Kolbe. Here, one can experience spiritual care, participate in days of reflection, retreats, or engage in a scientific symposium. It is also a place of remembrance and prayer for those who perished in the concentration camp.<\/p>\n<p><strong>For more information:<\/strong> <a href=\"http:\/\/www.harmeze.franciszkanie.pl\/centrum\">www.harmeze.franciszkanie.pl\/centrum<\/a><\/p>\n","protected":false},"excerpt":{"rendered":"<p>Distance: 8 km<\/p>\n","protected":false},"author":2,"featured_media":1435,"comment_status":"closed","ping_status":"closed","sticky":false,"template":"","format":"standard","meta":{"footnotes":""},"categories":[25],"tags":[],"class_list":["post-1854","post","type-post","status-publish","format-standard","has-post-thumbnail","hentry","category-attractions"],"yoast_head":"<!-- This site is optimized with the Yoast SEO plugin v27.5 - https:\/\/yoast.com\/product\/yoast-seo-wordpress\/ -->\n<title>St. Maximilian Centre in Harm\u0119\u017ce - Comfort Apartments<\/title>\n<meta name=\"description\" content=\"Centrum powsta\u0142o jako wotum wdzi\u0119czno\u015bci za \u017cycie, dzie\u0142o oraz \u015bmier\u0107 m\u0119cze\u0144sk\u0105 \u015bw. Maksymiliana. Ma s\u0142u\u017cy\u0107 szerzeniu Jego czci.\" \/>\n<meta name=\"robots\" content=\"index, follow, max-snippet:-1, max-image-preview:large, max-video-preview:-1\" \/>\n<link rel=\"canonical\" href=\"https:\/\/noclegioswiecim.eu\/en\/attractions\/st-maximilian-centre-in-harmeze\/\" \/>\n<meta property=\"og:locale\" content=\"en_GB\" \/>\n<meta property=\"og:type\" content=\"article\" \/>\n<meta property=\"og:title\" content=\"St. Maximilian Centre in Harm\u0119\u017ce - Comfort Apartments\" \/>\n<meta property=\"og:description\" content=\"Centrum powsta\u0142o jako wotum wdzi\u0119czno\u015bci za \u017cycie, dzie\u0142o oraz \u015bmier\u0107 m\u0119cze\u0144sk\u0105 \u015bw. Maksymiliana. Ma s\u0142u\u017cy\u0107 szerzeniu Jego czci.\" \/>\n<meta property=\"og:url\" content=\"https:\/\/noclegioswiecim.eu\/en\/attractions\/st-maximilian-centre-in-harmeze\/\" \/>\n<meta property=\"og:site_name\" content=\"Comfort Apartments\" \/>\n<meta property=\"article:publisher\" content=\"https:\/\/www.facebook.com\/oswiecimapartments\/\" \/>\n<meta property=\"article:published_time\" content=\"2023-07-26T09:20:30+00:00\" \/>\n<meta property=\"article:modified_time\" content=\"2024-01-16T11:18:04+00:00\" \/>\n<meta property=\"og:image\" content=\"https:\/\/noclegioswiecim.eu\/wp-content\/uploads\/2023\/07\/FR.PL-PROWINCJA-zdjecia-tytulowe-centrum_2.jpg\" \/>\n\t<meta property=\"og:image:width\" content=\"1696\" \/>\n\t<meta property=\"og:image:height\" content=\"816\" \/>\n\t<meta property=\"og:image:type\" content=\"image\/jpeg\" \/>\n<meta name=\"author\" content=\"Patrycja\" \/>\n<meta name=\"twitter:card\" content=\"summary_large_image\" \/>\n<meta name=\"twitter:label1\" content=\"Written by\" \/>\n\t<meta name=\"twitter:data1\" content=\"Patrycja\" \/>\n\t<meta name=\"twitter:label2\" content=\"Estimated reading time\" \/>\n\t<meta name=\"twitter:data2\" content=\"2 minutes\" \/>\n<script type=\"application\/ld+json\" class=\"yoast-schema-graph\">{\"@context\":\"https:\\\/\\\/schema.org\",\"@graph\":[{\"@type\":\"Article\",\"@id\":\"https:\\\/\\\/noclegioswiecim.eu\\\/en\\\/attractions\\\/st-maximilian-centre-in-harmeze\\\/#article\",\"isPartOf\":{\"@id\":\"https:\\\/\\\/noclegioswiecim.eu\\\/en\\\/attractions\\\/st-maximilian-centre-in-harmeze\\\/\"},\"author\":{\"name\":\"Patrycja\",\"@id\":\"https:\\\/\\\/noclegioswiecim.eu\\\/#\\\/schema\\\/person\\\/feafb30ea03805a331616c6bfd80e947\"},\"headline\":\"St. Maximilian Centre in Harm\u0119\u017ce\",\"datePublished\":\"2023-07-26T09:20:30+00:00\",\"dateModified\":\"2024-01-16T11:18:04+00:00\",\"mainEntityOfPage\":{\"@id\":\"https:\\\/\\\/noclegioswiecim.eu\\\/en\\\/attractions\\\/st-maximilian-centre-in-harmeze\\\/\"},\"wordCount\":150,\"publisher\":{\"@id\":\"https:\\\/\\\/noclegioswiecim.eu\\\/#organization\"},\"image\":{\"@id\":\"https:\\\/\\\/noclegioswiecim.eu\\\/en\\\/attractions\\\/st-maximilian-centre-in-harmeze\\\/#primaryimage\"},\"thumbnailUrl\":\"https:\\\/\\\/noclegioswiecim.eu\\\/wp-content\\\/uploads\\\/2023\\\/07\\\/FR.PL-PROWINCJA-zdjecia-tytulowe-centrum_2.jpg\",\"articleSection\":[\"Attractions\"],\"inLanguage\":\"en-GB\"},{\"@type\":\"WebPage\",\"@id\":\"https:\\\/\\\/noclegioswiecim.eu\\\/en\\\/attractions\\\/st-maximilian-centre-in-harmeze\\\/\",\"url\":\"https:\\\/\\\/noclegioswiecim.eu\\\/en\\\/attractions\\\/st-maximilian-centre-in-harmeze\\\/\",\"name\":\"St. Maximilian Centre in Harm\u0119\u017ce - Comfort Apartments\",\"isPartOf\":{\"@id\":\"https:\\\/\\\/noclegioswiecim.eu\\\/#website\"},\"primaryImageOfPage\":{\"@id\":\"https:\\\/\\\/noclegioswiecim.eu\\\/en\\\/attractions\\\/st-maximilian-centre-in-harmeze\\\/#primaryimage\"},\"image\":{\"@id\":\"https:\\\/\\\/noclegioswiecim.eu\\\/en\\\/attractions\\\/st-maximilian-centre-in-harmeze\\\/#primaryimage\"},\"thumbnailUrl\":\"https:\\\/\\\/noclegioswiecim.eu\\\/wp-content\\\/uploads\\\/2023\\\/07\\\/FR.PL-PROWINCJA-zdjecia-tytulowe-centrum_2.jpg\",\"datePublished\":\"2023-07-26T09:20:30+00:00\",\"dateModified\":\"2024-01-16T11:18:04+00:00\",\"description\":\"Centrum powsta\u0142o jako wotum wdzi\u0119czno\u015bci za \u017cycie, dzie\u0142o oraz \u015bmier\u0107 m\u0119cze\u0144sk\u0105 \u015bw. Maksymiliana. Ma s\u0142u\u017cy\u0107 szerzeniu Jego czci.\",\"breadcrumb\":{\"@id\":\"https:\\\/\\\/noclegioswiecim.eu\\\/en\\\/attractions\\\/st-maximilian-centre-in-harmeze\\\/#breadcrumb\"},\"inLanguage\":\"en-GB\",\"potentialAction\":[{\"@type\":\"ReadAction\",\"target\":[\"https:\\\/\\\/noclegioswiecim.eu\\\/en\\\/attractions\\\/st-maximilian-centre-in-harmeze\\\/\"]}]},{\"@type\":\"ImageObject\",\"inLanguage\":\"en-GB\",\"@id\":\"https:\\\/\\\/noclegioswiecim.eu\\\/en\\\/attractions\\\/st-maximilian-centre-in-harmeze\\\/#primaryimage\",\"url\":\"https:\\\/\\\/noclegioswiecim.eu\\\/wp-content\\\/uploads\\\/2023\\\/07\\\/FR.PL-PROWINCJA-zdjecia-tytulowe-centrum_2.jpg\",\"contentUrl\":\"https:\\\/\\\/noclegioswiecim.eu\\\/wp-content\\\/uploads\\\/2023\\\/07\\\/FR.PL-PROWINCJA-zdjecia-tytulowe-centrum_2.jpg\",\"width\":1696,\"height\":816,\"caption\":\"centrum-sw-maksymiliana-w-harmezach\"},{\"@type\":\"BreadcrumbList\",\"@id\":\"https:\\\/\\\/noclegioswiecim.eu\\\/en\\\/attractions\\\/st-maximilian-centre-in-harmeze\\\/#breadcrumb\",\"itemListElement\":[{\"@type\":\"ListItem\",\"position\":1,\"name\":\"Strona g\u0142\u00f3wna\",\"item\":\"https:\\\/\\\/noclegioswiecim.eu\\\/en\\\/\"},{\"@type\":\"ListItem\",\"position\":2,\"name\":\"St. Maximilian Centre in Harm\u0119\u017ce\"}]},{\"@type\":\"WebSite\",\"@id\":\"https:\\\/\\\/noclegioswiecim.eu\\\/#website\",\"url\":\"https:\\\/\\\/noclegioswiecim.eu\\\/\",\"name\":\"Comfort Apartments\",\"description\":\"Noclegi O\u015bwi\u0119cim \\\/ Booking O\u015bwi\u0119cim\",\"publisher\":{\"@id\":\"https:\\\/\\\/noclegioswiecim.eu\\\/#organization\"},\"potentialAction\":[{\"@type\":\"SearchAction\",\"target\":{\"@type\":\"EntryPoint\",\"urlTemplate\":\"https:\\\/\\\/noclegioswiecim.eu\\\/?s={search_term_string}\"},\"query-input\":{\"@type\":\"PropertyValueSpecification\",\"valueRequired\":true,\"valueName\":\"search_term_string\"}}],\"inLanguage\":\"en-GB\"},{\"@type\":\"Organization\",\"@id\":\"https:\\\/\\\/noclegioswiecim.eu\\\/#organization\",\"name\":\"Comfort Apartments\",\"url\":\"https:\\\/\\\/noclegioswiecim.eu\\\/\",\"logo\":{\"@type\":\"ImageObject\",\"inLanguage\":\"en-GB\",\"@id\":\"https:\\\/\\\/noclegioswiecim.eu\\\/#\\\/schema\\\/logo\\\/image\\\/\",\"url\":\"https:\\\/\\\/noclegioswiecim.eu\\\/wp-content\\\/uploads\\\/2023\\\/02\\\/favicona.png\",\"contentUrl\":\"https:\\\/\\\/noclegioswiecim.eu\\\/wp-content\\\/uploads\\\/2023\\\/02\\\/favicona.png\",\"width\":200,\"height\":200,\"caption\":\"Comfort Apartments\"},\"image\":{\"@id\":\"https:\\\/\\\/noclegioswiecim.eu\\\/#\\\/schema\\\/logo\\\/image\\\/\"},\"sameAs\":[\"https:\\\/\\\/www.facebook.com\\\/oswiecimapartments\\\/\",\"https:\\\/\\\/goo.gl\\\/maps\\\/H9x6rxoZWfK3ad1j6\",\"https:\\\/\\\/www.instagram.com\\\/oswiecimapartments\\\/\"]},{\"@type\":\"Person\",\"@id\":\"https:\\\/\\\/noclegioswiecim.eu\\\/#\\\/schema\\\/person\\\/feafb30ea03805a331616c6bfd80e947\",\"name\":\"Patrycja\",\"image\":{\"@type\":\"ImageObject\",\"inLanguage\":\"en-GB\",\"@id\":\"https:\\\/\\\/secure.gravatar.com\\\/avatar\\\/7c37283748b62bb21affee70f751e75b04d527b2d023e14cdffee17064819ea3?s=96&d=mm&r=g\",\"url\":\"https:\\\/\\\/secure.gravatar.com\\\/avatar\\\/7c37283748b62bb21affee70f751e75b04d527b2d023e14cdffee17064819ea3?s=96&d=mm&r=g\",\"contentUrl\":\"https:\\\/\\\/secure.gravatar.com\\\/avatar\\\/7c37283748b62bb21affee70f751e75b04d527b2d023e14cdffee17064819ea3?s=96&d=mm&r=g\",\"caption\":\"Patrycja\"}}]}<\/script>\n<!-- \/ Yoast SEO plugin. -->","yoast_head_json":{"title":"St. Maximilian Centre in Harm\u0119\u017ce - Comfort Apartments","description":"Centrum powsta\u0142o jako wotum wdzi\u0119czno\u015bci za \u017cycie, dzie\u0142o oraz \u015bmier\u0107 m\u0119cze\u0144sk\u0105 \u015bw. Maksymiliana. Ma s\u0142u\u017cy\u0107 szerzeniu Jego czci.","robots":{"index":"index","follow":"follow","max-snippet":"max-snippet:-1","max-image-preview":"max-image-preview:large","max-video-preview":"max-video-preview:-1"},"canonical":"https:\/\/noclegioswiecim.eu\/en\/attractions\/st-maximilian-centre-in-harmeze\/","og_locale":"en_GB","og_type":"article","og_title":"St. Maximilian Centre in Harm\u0119\u017ce - Comfort Apartments","og_description":"Centrum powsta\u0142o jako wotum wdzi\u0119czno\u015bci za \u017cycie, dzie\u0142o oraz \u015bmier\u0107 m\u0119cze\u0144sk\u0105 \u015bw. Maksymiliana. Ma s\u0142u\u017cy\u0107 szerzeniu Jego czci.","og_url":"https:\/\/noclegioswiecim.eu\/en\/attractions\/st-maximilian-centre-in-harmeze\/","og_site_name":"Comfort Apartments","article_publisher":"https:\/\/www.facebook.com\/oswiecimapartments\/","article_published_time":"2023-07-26T09:20:30+00:00","article_modified_time":"2024-01-16T11:18:04+00:00","og_image":[{"width":1696,"height":816,"url":"https:\/\/noclegioswiecim.eu\/wp-content\/uploads\/2023\/07\/FR.PL-PROWINCJA-zdjecia-tytulowe-centrum_2.jpg","type":"image\/jpeg"}],"author":"Patrycja","twitter_card":"summary_large_image","twitter_misc":{"Written by":"Patrycja","Estimated reading time":"2 minutes"},"schema":{"@context":"https:\/\/schema.org","@graph":[{"@type":"Article","@id":"https:\/\/noclegioswiecim.eu\/en\/attractions\/st-maximilian-centre-in-harmeze\/#article","isPartOf":{"@id":"https:\/\/noclegioswiecim.eu\/en\/attractions\/st-maximilian-centre-in-harmeze\/"},"author":{"name":"Patrycja","@id":"https:\/\/noclegioswiecim.eu\/#\/schema\/person\/feafb30ea03805a331616c6bfd80e947"},"headline":"St. Maximilian Centre in Harm\u0119\u017ce","datePublished":"2023-07-26T09:20:30+00:00","dateModified":"2024-01-16T11:18:04+00:00","mainEntityOfPage":{"@id":"https:\/\/noclegioswiecim.eu\/en\/attractions\/st-maximilian-centre-in-harmeze\/"},"wordCount":150,"publisher":{"@id":"https:\/\/noclegioswiecim.eu\/#organization"},"image":{"@id":"https:\/\/noclegioswiecim.eu\/en\/attractions\/st-maximilian-centre-in-harmeze\/#primaryimage"},"thumbnailUrl":"https:\/\/noclegioswiecim.eu\/wp-content\/uploads\/2023\/07\/FR.PL-PROWINCJA-zdjecia-tytulowe-centrum_2.jpg","articleSection":["Attractions"],"inLanguage":"en-GB"},{"@type":"WebPage","@id":"https:\/\/noclegioswiecim.eu\/en\/attractions\/st-maximilian-centre-in-harmeze\/","url":"https:\/\/noclegioswiecim.eu\/en\/attractions\/st-maximilian-centre-in-harmeze\/","name":"St. Maximilian Centre in Harm\u0119\u017ce - Comfort Apartments","isPartOf":{"@id":"https:\/\/noclegioswiecim.eu\/#website"},"primaryImageOfPage":{"@id":"https:\/\/noclegioswiecim.eu\/en\/attractions\/st-maximilian-centre-in-harmeze\/#primaryimage"},"image":{"@id":"https:\/\/noclegioswiecim.eu\/en\/attractions\/st-maximilian-centre-in-harmeze\/#primaryimage"},"thumbnailUrl":"https:\/\/noclegioswiecim.eu\/wp-content\/uploads\/2023\/07\/FR.PL-PROWINCJA-zdjecia-tytulowe-centrum_2.jpg","datePublished":"2023-07-26T09:20:30+00:00","dateModified":"2024-01-16T11:18:04+00:00","description":"Centrum powsta\u0142o jako wotum wdzi\u0119czno\u015bci za \u017cycie, dzie\u0142o oraz \u015bmier\u0107 m\u0119cze\u0144sk\u0105 \u015bw. Maksymiliana. Ma s\u0142u\u017cy\u0107 szerzeniu Jego czci.","breadcrumb":{"@id":"https:\/\/noclegioswiecim.eu\/en\/attractions\/st-maximilian-centre-in-harmeze\/#breadcrumb"},"inLanguage":"en-GB","potentialAction":[{"@type":"ReadAction","target":["https:\/\/noclegioswiecim.eu\/en\/attractions\/st-maximilian-centre-in-harmeze\/"]}]},{"@type":"ImageObject","inLanguage":"en-GB","@id":"https:\/\/noclegioswiecim.eu\/en\/attractions\/st-maximilian-centre-in-harmeze\/#primaryimage","url":"https:\/\/noclegioswiecim.eu\/wp-content\/uploads\/2023\/07\/FR.PL-PROWINCJA-zdjecia-tytulowe-centrum_2.jpg","contentUrl":"https:\/\/noclegioswiecim.eu\/wp-content\/uploads\/2023\/07\/FR.PL-PROWINCJA-zdjecia-tytulowe-centrum_2.jpg","width":1696,"height":816,"caption":"centrum-sw-maksymiliana-w-harmezach"},{"@type":"BreadcrumbList","@id":"https:\/\/noclegioswiecim.eu\/en\/attractions\/st-maximilian-centre-in-harmeze\/#breadcrumb","itemListElement":[{"@type":"ListItem","position":1,"name":"Strona g\u0142\u00f3wna","item":"https:\/\/noclegioswiecim.eu\/en\/"},{"@type":"ListItem","position":2,"name":"St. Maximilian Centre in Harm\u0119\u017ce"}]},{"@type":"WebSite","@id":"https:\/\/noclegioswiecim.eu\/#website","url":"https:\/\/noclegioswiecim.eu\/","name":"Comfort Apartments","description":"Noclegi O\u015bwi\u0119cim \/ Booking O\u015bwi\u0119cim","publisher":{"@id":"https:\/\/noclegioswiecim.eu\/#organization"},"potentialAction":[{"@type":"SearchAction","target":{"@type":"EntryPoint","urlTemplate":"https:\/\/noclegioswiecim.eu\/?s={search_term_string}"},"query-input":{"@type":"PropertyValueSpecification","valueRequired":true,"valueName":"search_term_string"}}],"inLanguage":"en-GB"},{"@type":"Organization","@id":"https:\/\/noclegioswiecim.eu\/#organization","name":"Comfort Apartments","url":"https:\/\/noclegioswiecim.eu\/","logo":{"@type":"ImageObject","inLanguage":"en-GB","@id":"https:\/\/noclegioswiecim.eu\/#\/schema\/logo\/image\/","url":"https:\/\/noclegioswiecim.eu\/wp-content\/uploads\/2023\/02\/favicona.png","contentUrl":"https:\/\/noclegioswiecim.eu\/wp-content\/uploads\/2023\/02\/favicona.png","width":200,"height":200,"caption":"Comfort Apartments"},"image":{"@id":"https:\/\/noclegioswiecim.eu\/#\/schema\/logo\/image\/"},"sameAs":["https:\/\/www.facebook.com\/oswiecimapartments\/","https:\/\/goo.gl\/maps\/H9x6rxoZWfK3ad1j6","https:\/\/www.instagram.com\/oswiecimapartments\/"]},{"@type":"Person","@id":"https:\/\/noclegioswiecim.eu\/#\/schema\/person\/feafb30ea03805a331616c6bfd80e947","name":"Patrycja","image":{"@type":"ImageObject","inLanguage":"en-GB","@id":"https:\/\/secure.gravatar.com\/avatar\/7c37283748b62bb21affee70f751e75b04d527b2d023e14cdffee17064819ea3?s=96&d=mm&r=g","url":"https:\/\/secure.gravatar.com\/avatar\/7c37283748b62bb21affee70f751e75b04d527b2d023e14cdffee17064819ea3?s=96&d=mm&r=g","contentUrl":"https:\/\/secure.gravatar.com\/avatar\/7c37283748b62bb21affee70f751e75b04d527b2d023e14cdffee17064819ea3?s=96&d=mm&r=g","caption":"Patrycja"}}]}},"_links":{"self":[{"href":"https:\/\/noclegioswiecim.eu\/en\/wp-json\/wp\/v2\/posts\/1854","targetHints":{"allow":["GET"]}}],"collection":[{"href":"https:\/\/noclegioswiecim.eu\/en\/wp-json\/wp\/v2\/posts"}],"about":[{"href":"https:\/\/noclegioswiecim.eu\/en\/wp-json\/wp\/v2\/types\/post"}],"author":[{"embeddable":true,"href":"https:\/\/noclegioswiecim.eu\/en\/wp-json\/wp\/v2\/users\/2"}],"replies":[{"embeddable":true,"href":"https:\/\/noclegioswiecim.eu\/en\/wp-json\/wp\/v2\/comments?post=1854"}],"version-history":[{"count":1,"href":"https:\/\/noclegioswiecim.eu\/en\/wp-json\/wp\/v2\/posts\/1854\/revisions"}],"predecessor-version":[{"id":1855,"href":"https:\/\/noclegioswiecim.eu\/en\/wp-json\/wp\/v2\/posts\/1854\/revisions\/1855"}],"wp:featuredmedia":[{"embeddable":true,"href":"https:\/\/noclegioswiecim.eu\/en\/wp-json\/wp\/v2\/media\/1435"}],"wp:attachment":[{"href":"https:\/\/noclegioswiecim.eu\/en\/wp-json\/wp\/v2\/media?parent=1854"}],"wp:term":[{"taxonomy":"category","embeddable":true,"href":"https:\/\/noclegioswiecim.eu\/en\/wp-json\/wp\/v2\/categories?post=1854"},{"taxonomy":"post_tag","embeddable":true,"href":"https:\/\/noclegioswiecim.eu\/en\/wp-json\/wp\/v2\/tags?post=1854"}],"curies":[{"name":"wp","href":"https:\/\/api.w.org\/{rel}","templated":true}]}}