{"id":1672,"date":"2023-02-02T23:21:58","date_gmt":"2023-02-02T22:21:58","guid":{"rendered":"https:\/\/noclegioswiecim.eu\/bez-kategorii\/muzeum-auschwitz-birkenau\/"},"modified":"2024-01-15T12:38:28","modified_gmt":"2024-01-15T11:38:28","slug":"auschwitz-museum-and-auschwitz-birkenau","status":"publish","type":"post","link":"https:\/\/noclegioswiecim.eu\/en\/attractions\/auschwitz-museum-and-auschwitz-birkenau\/","title":{"rendered":"Auschwitz Museum and Auschwitz-Birkenau"},"content":{"rendered":"<p>This place has become a symbol of the Holocaust for European Jews and the Nazi crimes committed, among others, against Poles and Roma. Located in the former German concentration camp Auschwitz-Birkenau, the museum plays a crucial role in educating and commemorating the tragedy. By preserving the original barracks, gas chambers, and crematoria, the museum provides a chilling testimony to the Nazi crimes. Visitors can recall the tragic history witnessed by our grandparents and great-grandparents.<\/p>\n<p><strong>More information:<\/strong> <a href=\"https:\/\/www.auschwitz.org\/\">www.auschwitz.org<\/a><\/p>\n","protected":false},"excerpt":{"rendered":"<p>Distance: 2 km<\/p>\n","protected":false},"author":1,"featured_media":1226,"comment_status":"closed","ping_status":"closed","sticky":false,"template":"","format":"standard","meta":{"footnotes":""},"categories":[25],"tags":[],"class_list":["post-1672","post","type-post","status-publish","format-standard","has-post-thumbnail","hentry","category-attractions"],"yoast_head":"<!-- This site is optimized with the Yoast SEO plugin v27.5 - https:\/\/yoast.com\/product\/yoast-seo-wordpress\/ -->\n<title>Auschwitz Museum and Auschwitz-Birkenau - Comfort Apartments<\/title>\n<meta name=\"description\" content=\"Miejsce to sta\u0142o si\u0119 symbolem Holokaustu europejskich \u017byd\u00f3w i nazistowskich zbrodni pope\u0142nionych m.in. na Polakach oraz Romach\" \/>\n<meta name=\"robots\" content=\"index, follow, max-snippet:-1, max-image-preview:large, max-video-preview:-1\" \/>\n<link rel=\"canonical\" href=\"https:\/\/noclegioswiecim.eu\/en\/attractions\/auschwitz-museum-and-auschwitz-birkenau\/\" \/>\n<meta property=\"og:locale\" content=\"en_GB\" \/>\n<meta property=\"og:type\" content=\"article\" \/>\n<meta property=\"og:title\" content=\"Auschwitz Museum and Auschwitz-Birkenau - Comfort Apartments\" \/>\n<meta property=\"og:description\" content=\"Miejsce to sta\u0142o si\u0119 symbolem Holokaustu europejskich \u017byd\u00f3w i nazistowskich zbrodni pope\u0142nionych m.in. na Polakach oraz Romach\" \/>\n<meta property=\"og:url\" content=\"https:\/\/noclegioswiecim.eu\/en\/attractions\/auschwitz-museum-and-auschwitz-birkenau\/\" \/>\n<meta property=\"og:site_name\" content=\"Comfort Apartments\" \/>\n<meta property=\"article:publisher\" content=\"https:\/\/www.facebook.com\/oswiecimapartments\/\" \/>\n<meta property=\"article:published_time\" content=\"2023-02-02T22:21:58+00:00\" \/>\n<meta property=\"article:modified_time\" content=\"2024-01-15T11:38:28+00:00\" \/>\n<meta property=\"og:image\" content=\"https:\/\/noclegioswiecim.eu\/wp-content\/uploads\/2023\/02\/AdobeStock_551876708_Editorial_Use_Only.jpeg\" \/>\n\t<meta property=\"og:image:width\" content=\"1900\" \/>\n\t<meta property=\"og:image:height\" content=\"1268\" \/>\n\t<meta property=\"og:image:type\" content=\"image\/jpeg\" \/>\n<meta name=\"author\" content=\"PXadamCA\" \/>\n<meta name=\"twitter:card\" content=\"summary_large_image\" \/>\n<meta name=\"twitter:label1\" content=\"Written by\" \/>\n\t<meta name=\"twitter:data1\" content=\"PXadamCA\" \/>\n\t<meta name=\"twitter:label2\" content=\"Estimated reading time\" \/>\n\t<meta name=\"twitter:data2\" content=\"1 minute\" \/>\n<script type=\"application\/ld+json\" class=\"yoast-schema-graph\">{\"@context\":\"https:\\\/\\\/schema.org\",\"@graph\":[{\"@type\":\"Article\",\"@id\":\"https:\\\/\\\/noclegioswiecim.eu\\\/en\\\/attractions\\\/auschwitz-museum-and-auschwitz-birkenau\\\/#article\",\"isPartOf\":{\"@id\":\"https:\\\/\\\/noclegioswiecim.eu\\\/en\\\/attractions\\\/auschwitz-museum-and-auschwitz-birkenau\\\/\"},\"author\":{\"name\":\"PXadamCA\",\"@id\":\"https:\\\/\\\/noclegioswiecim.eu\\\/#\\\/schema\\\/person\\\/d89109dc869efec6edf36e8afbef6437\"},\"headline\":\"Auschwitz Museum and Auschwitz-Birkenau\",\"datePublished\":\"2023-02-02T22:21:58+00:00\",\"dateModified\":\"2024-01-15T11:38:28+00:00\",\"mainEntityOfPage\":{\"@id\":\"https:\\\/\\\/noclegioswiecim.eu\\\/en\\\/attractions\\\/auschwitz-museum-and-auschwitz-birkenau\\\/\"},\"wordCount\":83,\"publisher\":{\"@id\":\"https:\\\/\\\/noclegioswiecim.eu\\\/#organization\"},\"image\":{\"@id\":\"https:\\\/\\\/noclegioswiecim.eu\\\/en\\\/attractions\\\/auschwitz-museum-and-auschwitz-birkenau\\\/#primaryimage\"},\"thumbnailUrl\":\"https:\\\/\\\/noclegioswiecim.eu\\\/wp-content\\\/uploads\\\/2023\\\/02\\\/AdobeStock_551876708_Editorial_Use_Only.jpeg\",\"articleSection\":[\"Attractions\"],\"inLanguage\":\"en-GB\"},{\"@type\":\"WebPage\",\"@id\":\"https:\\\/\\\/noclegioswiecim.eu\\\/en\\\/attractions\\\/auschwitz-museum-and-auschwitz-birkenau\\\/\",\"url\":\"https:\\\/\\\/noclegioswiecim.eu\\\/en\\\/attractions\\\/auschwitz-museum-and-auschwitz-birkenau\\\/\",\"name\":\"Auschwitz Museum and Auschwitz-Birkenau - Comfort Apartments\",\"isPartOf\":{\"@id\":\"https:\\\/\\\/noclegioswiecim.eu\\\/#website\"},\"primaryImageOfPage\":{\"@id\":\"https:\\\/\\\/noclegioswiecim.eu\\\/en\\\/attractions\\\/auschwitz-museum-and-auschwitz-birkenau\\\/#primaryimage\"},\"image\":{\"@id\":\"https:\\\/\\\/noclegioswiecim.eu\\\/en\\\/attractions\\\/auschwitz-museum-and-auschwitz-birkenau\\\/#primaryimage\"},\"thumbnailUrl\":\"https:\\\/\\\/noclegioswiecim.eu\\\/wp-content\\\/uploads\\\/2023\\\/02\\\/AdobeStock_551876708_Editorial_Use_Only.jpeg\",\"datePublished\":\"2023-02-02T22:21:58+00:00\",\"dateModified\":\"2024-01-15T11:38:28+00:00\",\"description\":\"Miejsce to sta\u0142o si\u0119 symbolem Holokaustu europejskich \u017byd\u00f3w i nazistowskich zbrodni pope\u0142nionych m.in. na Polakach oraz Romach\",\"breadcrumb\":{\"@id\":\"https:\\\/\\\/noclegioswiecim.eu\\\/en\\\/attractions\\\/auschwitz-museum-and-auschwitz-birkenau\\\/#breadcrumb\"},\"inLanguage\":\"en-GB\",\"potentialAction\":[{\"@type\":\"ReadAction\",\"target\":[\"https:\\\/\\\/noclegioswiecim.eu\\\/en\\\/attractions\\\/auschwitz-museum-and-auschwitz-birkenau\\\/\"]}]},{\"@type\":\"ImageObject\",\"inLanguage\":\"en-GB\",\"@id\":\"https:\\\/\\\/noclegioswiecim.eu\\\/en\\\/attractions\\\/auschwitz-museum-and-auschwitz-birkenau\\\/#primaryimage\",\"url\":\"https:\\\/\\\/noclegioswiecim.eu\\\/wp-content\\\/uploads\\\/2023\\\/02\\\/AdobeStock_551876708_Editorial_Use_Only.jpeg\",\"contentUrl\":\"https:\\\/\\\/noclegioswiecim.eu\\\/wp-content\\\/uploads\\\/2023\\\/02\\\/AdobeStock_551876708_Editorial_Use_Only.jpeg\",\"width\":1900,\"height\":1268},{\"@type\":\"BreadcrumbList\",\"@id\":\"https:\\\/\\\/noclegioswiecim.eu\\\/en\\\/attractions\\\/auschwitz-museum-and-auschwitz-birkenau\\\/#breadcrumb\",\"itemListElement\":[{\"@type\":\"ListItem\",\"position\":1,\"name\":\"Strona g\u0142\u00f3wna\",\"item\":\"https:\\\/\\\/noclegioswiecim.eu\\\/en\\\/\"},{\"@type\":\"ListItem\",\"position\":2,\"name\":\"Auschwitz Museum and Auschwitz-Birkenau\"}]},{\"@type\":\"WebSite\",\"@id\":\"https:\\\/\\\/noclegioswiecim.eu\\\/#website\",\"url\":\"https:\\\/\\\/noclegioswiecim.eu\\\/\",\"name\":\"Comfort Apartments\",\"description\":\"Noclegi O\u015bwi\u0119cim \\\/ Booking O\u015bwi\u0119cim\",\"publisher\":{\"@id\":\"https:\\\/\\\/noclegioswiecim.eu\\\/#organization\"},\"potentialAction\":[{\"@type\":\"SearchAction\",\"target\":{\"@type\":\"EntryPoint\",\"urlTemplate\":\"https:\\\/\\\/noclegioswiecim.eu\\\/?s={search_term_string}\"},\"query-input\":{\"@type\":\"PropertyValueSpecification\",\"valueRequired\":true,\"valueName\":\"search_term_string\"}}],\"inLanguage\":\"en-GB\"},{\"@type\":\"Organization\",\"@id\":\"https:\\\/\\\/noclegioswiecim.eu\\\/#organization\",\"name\":\"Comfort Apartments\",\"url\":\"https:\\\/\\\/noclegioswiecim.eu\\\/\",\"logo\":{\"@type\":\"ImageObject\",\"inLanguage\":\"en-GB\",\"@id\":\"https:\\\/\\\/noclegioswiecim.eu\\\/#\\\/schema\\\/logo\\\/image\\\/\",\"url\":\"https:\\\/\\\/noclegioswiecim.eu\\\/wp-content\\\/uploads\\\/2023\\\/02\\\/favicona.png\",\"contentUrl\":\"https:\\\/\\\/noclegioswiecim.eu\\\/wp-content\\\/uploads\\\/2023\\\/02\\\/favicona.png\",\"width\":200,\"height\":200,\"caption\":\"Comfort Apartments\"},\"image\":{\"@id\":\"https:\\\/\\\/noclegioswiecim.eu\\\/#\\\/schema\\\/logo\\\/image\\\/\"},\"sameAs\":[\"https:\\\/\\\/www.facebook.com\\\/oswiecimapartments\\\/\",\"https:\\\/\\\/goo.gl\\\/maps\\\/H9x6rxoZWfK3ad1j6\",\"https:\\\/\\\/www.instagram.com\\\/oswiecimapartments\\\/\"]},{\"@type\":\"Person\",\"@id\":\"https:\\\/\\\/noclegioswiecim.eu\\\/#\\\/schema\\\/person\\\/d89109dc869efec6edf36e8afbef6437\",\"name\":\"PXadamCA\",\"image\":{\"@type\":\"ImageObject\",\"inLanguage\":\"en-GB\",\"@id\":\"https:\\\/\\\/secure.gravatar.com\\\/avatar\\\/adc1dd343d8c5124e40417ce67f1c600f00e279f2aad6a878cce8661419565aa?s=96&d=mm&r=g\",\"url\":\"https:\\\/\\\/secure.gravatar.com\\\/avatar\\\/adc1dd343d8c5124e40417ce67f1c600f00e279f2aad6a878cce8661419565aa?s=96&d=mm&r=g\",\"contentUrl\":\"https:\\\/\\\/secure.gravatar.com\\\/avatar\\\/adc1dd343d8c5124e40417ce67f1c600f00e279f2aad6a878cce8661419565aa?s=96&d=mm&r=g\",\"caption\":\"PXadamCA\"},\"sameAs\":[\"https:\\\/\\\/comfort.proadax-dev.pl\"]}]}<\/script>\n<!-- \/ Yoast SEO plugin. -->","yoast_head_json":{"title":"Auschwitz Museum and Auschwitz-Birkenau - Comfort Apartments","description":"Miejsce to sta\u0142o si\u0119 symbolem Holokaustu europejskich \u017byd\u00f3w i nazistowskich zbrodni pope\u0142nionych m.in. na Polakach oraz Romach","robots":{"index":"index","follow":"follow","max-snippet":"max-snippet:-1","max-image-preview":"max-image-preview:large","max-video-preview":"max-video-preview:-1"},"canonical":"https:\/\/noclegioswiecim.eu\/en\/attractions\/auschwitz-museum-and-auschwitz-birkenau\/","og_locale":"en_GB","og_type":"article","og_title":"Auschwitz Museum and Auschwitz-Birkenau - Comfort Apartments","og_description":"Miejsce to sta\u0142o si\u0119 symbolem Holokaustu europejskich \u017byd\u00f3w i nazistowskich zbrodni pope\u0142nionych m.in. na Polakach oraz Romach","og_url":"https:\/\/noclegioswiecim.eu\/en\/attractions\/auschwitz-museum-and-auschwitz-birkenau\/","og_site_name":"Comfort Apartments","article_publisher":"https:\/\/www.facebook.com\/oswiecimapartments\/","article_published_time":"2023-02-02T22:21:58+00:00","article_modified_time":"2024-01-15T11:38:28+00:00","og_image":[{"width":1900,"height":1268,"url":"https:\/\/noclegioswiecim.eu\/wp-content\/uploads\/2023\/02\/AdobeStock_551876708_Editorial_Use_Only.jpeg","type":"image\/jpeg"}],"author":"PXadamCA","twitter_card":"summary_large_image","twitter_misc":{"Written by":"PXadamCA","Estimated reading time":"1 minute"},"schema":{"@context":"https:\/\/schema.org","@graph":[{"@type":"Article","@id":"https:\/\/noclegioswiecim.eu\/en\/attractions\/auschwitz-museum-and-auschwitz-birkenau\/#article","isPartOf":{"@id":"https:\/\/noclegioswiecim.eu\/en\/attractions\/auschwitz-museum-and-auschwitz-birkenau\/"},"author":{"name":"PXadamCA","@id":"https:\/\/noclegioswiecim.eu\/#\/schema\/person\/d89109dc869efec6edf36e8afbef6437"},"headline":"Auschwitz Museum and Auschwitz-Birkenau","datePublished":"2023-02-02T22:21:58+00:00","dateModified":"2024-01-15T11:38:28+00:00","mainEntityOfPage":{"@id":"https:\/\/noclegioswiecim.eu\/en\/attractions\/auschwitz-museum-and-auschwitz-birkenau\/"},"wordCount":83,"publisher":{"@id":"https:\/\/noclegioswiecim.eu\/#organization"},"image":{"@id":"https:\/\/noclegioswiecim.eu\/en\/attractions\/auschwitz-museum-and-auschwitz-birkenau\/#primaryimage"},"thumbnailUrl":"https:\/\/noclegioswiecim.eu\/wp-content\/uploads\/2023\/02\/AdobeStock_551876708_Editorial_Use_Only.jpeg","articleSection":["Attractions"],"inLanguage":"en-GB"},{"@type":"WebPage","@id":"https:\/\/noclegioswiecim.eu\/en\/attractions\/auschwitz-museum-and-auschwitz-birkenau\/","url":"https:\/\/noclegioswiecim.eu\/en\/attractions\/auschwitz-museum-and-auschwitz-birkenau\/","name":"Auschwitz Museum and Auschwitz-Birkenau - Comfort Apartments","isPartOf":{"@id":"https:\/\/noclegioswiecim.eu\/#website"},"primaryImageOfPage":{"@id":"https:\/\/noclegioswiecim.eu\/en\/attractions\/auschwitz-museum-and-auschwitz-birkenau\/#primaryimage"},"image":{"@id":"https:\/\/noclegioswiecim.eu\/en\/attractions\/auschwitz-museum-and-auschwitz-birkenau\/#primaryimage"},"thumbnailUrl":"https:\/\/noclegioswiecim.eu\/wp-content\/uploads\/2023\/02\/AdobeStock_551876708_Editorial_Use_Only.jpeg","datePublished":"2023-02-02T22:21:58+00:00","dateModified":"2024-01-15T11:38:28+00:00","description":"Miejsce to sta\u0142o si\u0119 symbolem Holokaustu europejskich \u017byd\u00f3w i nazistowskich zbrodni pope\u0142nionych m.in. na Polakach oraz Romach","breadcrumb":{"@id":"https:\/\/noclegioswiecim.eu\/en\/attractions\/auschwitz-museum-and-auschwitz-birkenau\/#breadcrumb"},"inLanguage":"en-GB","potentialAction":[{"@type":"ReadAction","target":["https:\/\/noclegioswiecim.eu\/en\/attractions\/auschwitz-museum-and-auschwitz-birkenau\/"]}]},{"@type":"ImageObject","inLanguage":"en-GB","@id":"https:\/\/noclegioswiecim.eu\/en\/attractions\/auschwitz-museum-and-auschwitz-birkenau\/#primaryimage","url":"https:\/\/noclegioswiecim.eu\/wp-content\/uploads\/2023\/02\/AdobeStock_551876708_Editorial_Use_Only.jpeg","contentUrl":"https:\/\/noclegioswiecim.eu\/wp-content\/uploads\/2023\/02\/AdobeStock_551876708_Editorial_Use_Only.jpeg","width":1900,"height":1268},{"@type":"BreadcrumbList","@id":"https:\/\/noclegioswiecim.eu\/en\/attractions\/auschwitz-museum-and-auschwitz-birkenau\/#breadcrumb","itemListElement":[{"@type":"ListItem","position":1,"name":"Strona g\u0142\u00f3wna","item":"https:\/\/noclegioswiecim.eu\/en\/"},{"@type":"ListItem","position":2,"name":"Auschwitz Museum and Auschwitz-Birkenau"}]},{"@type":"WebSite","@id":"https:\/\/noclegioswiecim.eu\/#website","url":"https:\/\/noclegioswiecim.eu\/","name":"Comfort Apartments","description":"Noclegi O\u015bwi\u0119cim \/ Booking O\u015bwi\u0119cim","publisher":{"@id":"https:\/\/noclegioswiecim.eu\/#organization"},"potentialAction":[{"@type":"SearchAction","target":{"@type":"EntryPoint","urlTemplate":"https:\/\/noclegioswiecim.eu\/?s={search_term_string}"},"query-input":{"@type":"PropertyValueSpecification","valueRequired":true,"valueName":"search_term_string"}}],"inLanguage":"en-GB"},{"@type":"Organization","@id":"https:\/\/noclegioswiecim.eu\/#organization","name":"Comfort Apartments","url":"https:\/\/noclegioswiecim.eu\/","logo":{"@type":"ImageObject","inLanguage":"en-GB","@id":"https:\/\/noclegioswiecim.eu\/#\/schema\/logo\/image\/","url":"https:\/\/noclegioswiecim.eu\/wp-content\/uploads\/2023\/02\/favicona.png","contentUrl":"https:\/\/noclegioswiecim.eu\/wp-content\/uploads\/2023\/02\/favicona.png","width":200,"height":200,"caption":"Comfort Apartments"},"image":{"@id":"https:\/\/noclegioswiecim.eu\/#\/schema\/logo\/image\/"},"sameAs":["https:\/\/www.facebook.com\/oswiecimapartments\/","https:\/\/goo.gl\/maps\/H9x6rxoZWfK3ad1j6","https:\/\/www.instagram.com\/oswiecimapartments\/"]},{"@type":"Person","@id":"https:\/\/noclegioswiecim.eu\/#\/schema\/person\/d89109dc869efec6edf36e8afbef6437","name":"PXadamCA","image":{"@type":"ImageObject","inLanguage":"en-GB","@id":"https:\/\/secure.gravatar.com\/avatar\/adc1dd343d8c5124e40417ce67f1c600f00e279f2aad6a878cce8661419565aa?s=96&d=mm&r=g","url":"https:\/\/secure.gravatar.com\/avatar\/adc1dd343d8c5124e40417ce67f1c600f00e279f2aad6a878cce8661419565aa?s=96&d=mm&r=g","contentUrl":"https:\/\/secure.gravatar.com\/avatar\/adc1dd343d8c5124e40417ce67f1c600f00e279f2aad6a878cce8661419565aa?s=96&d=mm&r=g","caption":"PXadamCA"},"sameAs":["https:\/\/comfort.proadax-dev.pl"]}]}},"_links":{"self":[{"href":"https:\/\/noclegioswiecim.eu\/en\/wp-json\/wp\/v2\/posts\/1672","targetHints":{"allow":["GET"]}}],"collection":[{"href":"https:\/\/noclegioswiecim.eu\/en\/wp-json\/wp\/v2\/posts"}],"about":[{"href":"https:\/\/noclegioswiecim.eu\/en\/wp-json\/wp\/v2\/types\/post"}],"author":[{"embeddable":true,"href":"https:\/\/noclegioswiecim.eu\/en\/wp-json\/wp\/v2\/users\/1"}],"replies":[{"embeddable":true,"href":"https:\/\/noclegioswiecim.eu\/en\/wp-json\/wp\/v2\/comments?post=1672"}],"version-history":[{"count":2,"href":"https:\/\/noclegioswiecim.eu\/en\/wp-json\/wp\/v2\/posts\/1672\/revisions"}],"predecessor-version":[{"id":1674,"href":"https:\/\/noclegioswiecim.eu\/en\/wp-json\/wp\/v2\/posts\/1672\/revisions\/1674"}],"wp:featuredmedia":[{"embeddable":true,"href":"https:\/\/noclegioswiecim.eu\/en\/wp-json\/wp\/v2\/media\/1226"}],"wp:attachment":[{"href":"https:\/\/noclegioswiecim.eu\/en\/wp-json\/wp\/v2\/media?parent=1672"}],"wp:term":[{"taxonomy":"category","embeddable":true,"href":"https:\/\/noclegioswiecim.eu\/en\/wp-json\/wp\/v2\/categories?post=1672"},{"taxonomy":"post_tag","embeddable":true,"href":"https:\/\/noclegioswiecim.eu\/en\/wp-json\/wp\/v2\/tags?post=1672"}],"curies":[{"name":"wp","href":"https:\/\/api.w.org\/{rel}","templated":true}]}}