{"id":1642,"date":"2023-07-13T11:04:48","date_gmt":"2023-07-13T09:04:48","guid":{"rendered":"https:\/\/noclegioswiecim.eu\/bez-kategorii\/czarny-gron-narty\/"},"modified":"2024-01-15T11:54:10","modified_gmt":"2024-01-15T10:54:10","slug":"czarny-gron-skiing","status":"publish","type":"post","link":"https:\/\/noclegioswiecim.eu\/en\/attractions\/czarny-gron-skiing\/","title":{"rendered":"Czarny Gron &#8211; Skiing"},"content":{"rendered":"<p><strong>Distance:<\/strong> 37 km<\/p>\n<p>Is anyone interested in skiing? The Czarny Gron resort offers one of the more interesting slopes in the Beskids. Both beginners and more advanced skiers will find something for themselves here. The high standard and beautiful view of the surrounding mountains make it an ideal place for skiers.<\/p>\n<p><strong>More information:<\/strong> <a href=\"https:\/\/www.czarnygron.pl\/resort\/atrakcje\/stacja-narciarska\">www.czarnygron.pl\/resort\/atrakcje\/stacja-narciarska<\/a><\/p>\n","protected":false},"excerpt":{"rendered":"<p>Distance: 37 km<\/p>\n","protected":false},"author":2,"featured_media":1235,"comment_status":"open","ping_status":"open","sticky":false,"template":"","format":"standard","meta":{"footnotes":""},"categories":[25],"tags":[],"class_list":["post-1642","post","type-post","status-publish","format-standard","has-post-thumbnail","hentry","category-attractions"],"yoast_head":"<!-- This site is optimized with the Yoast SEO plugin v27.5 - https:\/\/yoast.com\/product\/yoast-seo-wordpress\/ -->\n<title>Czarny Gron - Skiing - Comfort Apartments<\/title>\n<meta name=\"description\" content=\"Czy s\u0105 jacy\u015b ch\u0119tni na narty? O\u015brodek Czarny Gro\u0144 oferuje jedn\u0105 z ciekawszych tras Beskid\u00f3w. Wysoki standard i pi\u0119kny widok na okoliczne g\u00f3ry.\" \/>\n<meta name=\"robots\" content=\"index, follow, max-snippet:-1, max-image-preview:large, max-video-preview:-1\" \/>\n<link rel=\"canonical\" href=\"https:\/\/noclegioswiecim.eu\/en\/attractions\/czarny-gron-skiing\/\" \/>\n<meta property=\"og:locale\" content=\"en_GB\" \/>\n<meta property=\"og:type\" content=\"article\" \/>\n<meta property=\"og:title\" content=\"Czarny Gron - Skiing - Comfort Apartments\" \/>\n<meta property=\"og:description\" content=\"Czy s\u0105 jacy\u015b ch\u0119tni na narty? O\u015brodek Czarny Gro\u0144 oferuje jedn\u0105 z ciekawszych tras Beskid\u00f3w. Wysoki standard i pi\u0119kny widok na okoliczne g\u00f3ry.\" \/>\n<meta property=\"og:url\" content=\"https:\/\/noclegioswiecim.eu\/en\/attractions\/czarny-gron-skiing\/\" \/>\n<meta property=\"og:site_name\" content=\"Comfort Apartments\" \/>\n<meta property=\"article:publisher\" content=\"https:\/\/www.facebook.com\/oswiecimapartments\/\" \/>\n<meta property=\"article:published_time\" content=\"2023-07-13T09:04:48+00:00\" \/>\n<meta property=\"article:modified_time\" content=\"2024-01-15T10:54:10+00:00\" \/>\n<meta property=\"og:image\" content=\"https:\/\/noclegioswiecim.eu\/wp-content\/uploads\/2023\/07\/zima_Czarny_Gron_Beskid.jpg\" \/>\n\t<meta property=\"og:image:width\" content=\"1900\" \/>\n\t<meta property=\"og:image:height\" content=\"1225\" \/>\n\t<meta property=\"og:image:type\" content=\"image\/jpeg\" \/>\n<meta name=\"author\" content=\"Patrycja\" \/>\n<meta name=\"twitter:card\" content=\"summary_large_image\" \/>\n<meta name=\"twitter:label1\" content=\"Written by\" \/>\n\t<meta name=\"twitter:data1\" content=\"Patrycja\" \/>\n\t<meta name=\"twitter:label2\" content=\"Estimated reading time\" \/>\n\t<meta name=\"twitter:data2\" content=\"1 minute\" \/>\n<script type=\"application\/ld+json\" class=\"yoast-schema-graph\">{\"@context\":\"https:\\\/\\\/schema.org\",\"@graph\":[{\"@type\":\"Article\",\"@id\":\"https:\\\/\\\/noclegioswiecim.eu\\\/en\\\/attractions\\\/czarny-gron-skiing\\\/#article\",\"isPartOf\":{\"@id\":\"https:\\\/\\\/noclegioswiecim.eu\\\/en\\\/attractions\\\/czarny-gron-skiing\\\/\"},\"author\":{\"name\":\"Patrycja\",\"@id\":\"https:\\\/\\\/noclegioswiecim.eu\\\/#\\\/schema\\\/person\\\/feafb30ea03805a331616c6bfd80e947\"},\"headline\":\"Czarny Gron &#8211; Skiing\",\"datePublished\":\"2023-07-13T09:04:48+00:00\",\"dateModified\":\"2024-01-15T10:54:10+00:00\",\"mainEntityOfPage\":{\"@id\":\"https:\\\/\\\/noclegioswiecim.eu\\\/en\\\/attractions\\\/czarny-gron-skiing\\\/\"},\"wordCount\":62,\"commentCount\":0,\"publisher\":{\"@id\":\"https:\\\/\\\/noclegioswiecim.eu\\\/#organization\"},\"image\":{\"@id\":\"https:\\\/\\\/noclegioswiecim.eu\\\/en\\\/attractions\\\/czarny-gron-skiing\\\/#primaryimage\"},\"thumbnailUrl\":\"https:\\\/\\\/noclegioswiecim.eu\\\/wp-content\\\/uploads\\\/2023\\\/07\\\/zima_Czarny_Gron_Beskid.jpg\",\"articleSection\":[\"Attractions\"],\"inLanguage\":\"en-GB\",\"potentialAction\":[{\"@type\":\"CommentAction\",\"name\":\"Comment\",\"target\":[\"https:\\\/\\\/noclegioswiecim.eu\\\/en\\\/attractions\\\/czarny-gron-skiing\\\/#respond\"]}]},{\"@type\":\"WebPage\",\"@id\":\"https:\\\/\\\/noclegioswiecim.eu\\\/en\\\/attractions\\\/czarny-gron-skiing\\\/\",\"url\":\"https:\\\/\\\/noclegioswiecim.eu\\\/en\\\/attractions\\\/czarny-gron-skiing\\\/\",\"name\":\"Czarny Gron - Skiing - Comfort Apartments\",\"isPartOf\":{\"@id\":\"https:\\\/\\\/noclegioswiecim.eu\\\/#website\"},\"primaryImageOfPage\":{\"@id\":\"https:\\\/\\\/noclegioswiecim.eu\\\/en\\\/attractions\\\/czarny-gron-skiing\\\/#primaryimage\"},\"image\":{\"@id\":\"https:\\\/\\\/noclegioswiecim.eu\\\/en\\\/attractions\\\/czarny-gron-skiing\\\/#primaryimage\"},\"thumbnailUrl\":\"https:\\\/\\\/noclegioswiecim.eu\\\/wp-content\\\/uploads\\\/2023\\\/07\\\/zima_Czarny_Gron_Beskid.jpg\",\"datePublished\":\"2023-07-13T09:04:48+00:00\",\"dateModified\":\"2024-01-15T10:54:10+00:00\",\"description\":\"Czy s\u0105 jacy\u015b ch\u0119tni na narty? O\u015brodek Czarny Gro\u0144 oferuje jedn\u0105 z ciekawszych tras Beskid\u00f3w. Wysoki standard i pi\u0119kny widok na okoliczne g\u00f3ry.\",\"breadcrumb\":{\"@id\":\"https:\\\/\\\/noclegioswiecim.eu\\\/en\\\/attractions\\\/czarny-gron-skiing\\\/#breadcrumb\"},\"inLanguage\":\"en-GB\",\"potentialAction\":[{\"@type\":\"ReadAction\",\"target\":[\"https:\\\/\\\/noclegioswiecim.eu\\\/en\\\/attractions\\\/czarny-gron-skiing\\\/\"]}]},{\"@type\":\"ImageObject\",\"inLanguage\":\"en-GB\",\"@id\":\"https:\\\/\\\/noclegioswiecim.eu\\\/en\\\/attractions\\\/czarny-gron-skiing\\\/#primaryimage\",\"url\":\"https:\\\/\\\/noclegioswiecim.eu\\\/wp-content\\\/uploads\\\/2023\\\/07\\\/zima_Czarny_Gron_Beskid.jpg\",\"contentUrl\":\"https:\\\/\\\/noclegioswiecim.eu\\\/wp-content\\\/uploads\\\/2023\\\/07\\\/zima_Czarny_Gron_Beskid.jpg\",\"width\":1900,\"height\":1225},{\"@type\":\"BreadcrumbList\",\"@id\":\"https:\\\/\\\/noclegioswiecim.eu\\\/en\\\/attractions\\\/czarny-gron-skiing\\\/#breadcrumb\",\"itemListElement\":[{\"@type\":\"ListItem\",\"position\":1,\"name\":\"Strona g\u0142\u00f3wna\",\"item\":\"https:\\\/\\\/noclegioswiecim.eu\\\/en\\\/\"},{\"@type\":\"ListItem\",\"position\":2,\"name\":\"Czarny Gron &#8211; Skiing\"}]},{\"@type\":\"WebSite\",\"@id\":\"https:\\\/\\\/noclegioswiecim.eu\\\/#website\",\"url\":\"https:\\\/\\\/noclegioswiecim.eu\\\/\",\"name\":\"Comfort Apartments\",\"description\":\"Noclegi O\u015bwi\u0119cim \\\/ Booking O\u015bwi\u0119cim\",\"publisher\":{\"@id\":\"https:\\\/\\\/noclegioswiecim.eu\\\/#organization\"},\"potentialAction\":[{\"@type\":\"SearchAction\",\"target\":{\"@type\":\"EntryPoint\",\"urlTemplate\":\"https:\\\/\\\/noclegioswiecim.eu\\\/?s={search_term_string}\"},\"query-input\":{\"@type\":\"PropertyValueSpecification\",\"valueRequired\":true,\"valueName\":\"search_term_string\"}}],\"inLanguage\":\"en-GB\"},{\"@type\":\"Organization\",\"@id\":\"https:\\\/\\\/noclegioswiecim.eu\\\/#organization\",\"name\":\"Comfort Apartments\",\"url\":\"https:\\\/\\\/noclegioswiecim.eu\\\/\",\"logo\":{\"@type\":\"ImageObject\",\"inLanguage\":\"en-GB\",\"@id\":\"https:\\\/\\\/noclegioswiecim.eu\\\/#\\\/schema\\\/logo\\\/image\\\/\",\"url\":\"https:\\\/\\\/noclegioswiecim.eu\\\/wp-content\\\/uploads\\\/2023\\\/02\\\/favicona.png\",\"contentUrl\":\"https:\\\/\\\/noclegioswiecim.eu\\\/wp-content\\\/uploads\\\/2023\\\/02\\\/favicona.png\",\"width\":200,\"height\":200,\"caption\":\"Comfort Apartments\"},\"image\":{\"@id\":\"https:\\\/\\\/noclegioswiecim.eu\\\/#\\\/schema\\\/logo\\\/image\\\/\"},\"sameAs\":[\"https:\\\/\\\/www.facebook.com\\\/oswiecimapartments\\\/\",\"https:\\\/\\\/goo.gl\\\/maps\\\/H9x6rxoZWfK3ad1j6\",\"https:\\\/\\\/www.instagram.com\\\/oswiecimapartments\\\/\"]},{\"@type\":\"Person\",\"@id\":\"https:\\\/\\\/noclegioswiecim.eu\\\/#\\\/schema\\\/person\\\/feafb30ea03805a331616c6bfd80e947\",\"name\":\"Patrycja\",\"image\":{\"@type\":\"ImageObject\",\"inLanguage\":\"en-GB\",\"@id\":\"https:\\\/\\\/secure.gravatar.com\\\/avatar\\\/7c37283748b62bb21affee70f751e75b04d527b2d023e14cdffee17064819ea3?s=96&d=mm&r=g\",\"url\":\"https:\\\/\\\/secure.gravatar.com\\\/avatar\\\/7c37283748b62bb21affee70f751e75b04d527b2d023e14cdffee17064819ea3?s=96&d=mm&r=g\",\"contentUrl\":\"https:\\\/\\\/secure.gravatar.com\\\/avatar\\\/7c37283748b62bb21affee70f751e75b04d527b2d023e14cdffee17064819ea3?s=96&d=mm&r=g\",\"caption\":\"Patrycja\"}}]}<\/script>\n<!-- \/ Yoast SEO plugin. -->","yoast_head_json":{"title":"Czarny Gron - Skiing - Comfort Apartments","description":"Czy s\u0105 jacy\u015b ch\u0119tni na narty? O\u015brodek Czarny Gro\u0144 oferuje jedn\u0105 z ciekawszych tras Beskid\u00f3w. Wysoki standard i pi\u0119kny widok na okoliczne g\u00f3ry.","robots":{"index":"index","follow":"follow","max-snippet":"max-snippet:-1","max-image-preview":"max-image-preview:large","max-video-preview":"max-video-preview:-1"},"canonical":"https:\/\/noclegioswiecim.eu\/en\/attractions\/czarny-gron-skiing\/","og_locale":"en_GB","og_type":"article","og_title":"Czarny Gron - Skiing - Comfort Apartments","og_description":"Czy s\u0105 jacy\u015b ch\u0119tni na narty? O\u015brodek Czarny Gro\u0144 oferuje jedn\u0105 z ciekawszych tras Beskid\u00f3w. Wysoki standard i pi\u0119kny widok na okoliczne g\u00f3ry.","og_url":"https:\/\/noclegioswiecim.eu\/en\/attractions\/czarny-gron-skiing\/","og_site_name":"Comfort Apartments","article_publisher":"https:\/\/www.facebook.com\/oswiecimapartments\/","article_published_time":"2023-07-13T09:04:48+00:00","article_modified_time":"2024-01-15T10:54:10+00:00","og_image":[{"width":1900,"height":1225,"url":"https:\/\/noclegioswiecim.eu\/wp-content\/uploads\/2023\/07\/zima_Czarny_Gron_Beskid.jpg","type":"image\/jpeg"}],"author":"Patrycja","twitter_card":"summary_large_image","twitter_misc":{"Written by":"Patrycja","Estimated reading time":"1 minute"},"schema":{"@context":"https:\/\/schema.org","@graph":[{"@type":"Article","@id":"https:\/\/noclegioswiecim.eu\/en\/attractions\/czarny-gron-skiing\/#article","isPartOf":{"@id":"https:\/\/noclegioswiecim.eu\/en\/attractions\/czarny-gron-skiing\/"},"author":{"name":"Patrycja","@id":"https:\/\/noclegioswiecim.eu\/#\/schema\/person\/feafb30ea03805a331616c6bfd80e947"},"headline":"Czarny Gron &#8211; Skiing","datePublished":"2023-07-13T09:04:48+00:00","dateModified":"2024-01-15T10:54:10+00:00","mainEntityOfPage":{"@id":"https:\/\/noclegioswiecim.eu\/en\/attractions\/czarny-gron-skiing\/"},"wordCount":62,"commentCount":0,"publisher":{"@id":"https:\/\/noclegioswiecim.eu\/#organization"},"image":{"@id":"https:\/\/noclegioswiecim.eu\/en\/attractions\/czarny-gron-skiing\/#primaryimage"},"thumbnailUrl":"https:\/\/noclegioswiecim.eu\/wp-content\/uploads\/2023\/07\/zima_Czarny_Gron_Beskid.jpg","articleSection":["Attractions"],"inLanguage":"en-GB","potentialAction":[{"@type":"CommentAction","name":"Comment","target":["https:\/\/noclegioswiecim.eu\/en\/attractions\/czarny-gron-skiing\/#respond"]}]},{"@type":"WebPage","@id":"https:\/\/noclegioswiecim.eu\/en\/attractions\/czarny-gron-skiing\/","url":"https:\/\/noclegioswiecim.eu\/en\/attractions\/czarny-gron-skiing\/","name":"Czarny Gron - Skiing - Comfort Apartments","isPartOf":{"@id":"https:\/\/noclegioswiecim.eu\/#website"},"primaryImageOfPage":{"@id":"https:\/\/noclegioswiecim.eu\/en\/attractions\/czarny-gron-skiing\/#primaryimage"},"image":{"@id":"https:\/\/noclegioswiecim.eu\/en\/attractions\/czarny-gron-skiing\/#primaryimage"},"thumbnailUrl":"https:\/\/noclegioswiecim.eu\/wp-content\/uploads\/2023\/07\/zima_Czarny_Gron_Beskid.jpg","datePublished":"2023-07-13T09:04:48+00:00","dateModified":"2024-01-15T10:54:10+00:00","description":"Czy s\u0105 jacy\u015b ch\u0119tni na narty? O\u015brodek Czarny Gro\u0144 oferuje jedn\u0105 z ciekawszych tras Beskid\u00f3w. Wysoki standard i pi\u0119kny widok na okoliczne g\u00f3ry.","breadcrumb":{"@id":"https:\/\/noclegioswiecim.eu\/en\/attractions\/czarny-gron-skiing\/#breadcrumb"},"inLanguage":"en-GB","potentialAction":[{"@type":"ReadAction","target":["https:\/\/noclegioswiecim.eu\/en\/attractions\/czarny-gron-skiing\/"]}]},{"@type":"ImageObject","inLanguage":"en-GB","@id":"https:\/\/noclegioswiecim.eu\/en\/attractions\/czarny-gron-skiing\/#primaryimage","url":"https:\/\/noclegioswiecim.eu\/wp-content\/uploads\/2023\/07\/zima_Czarny_Gron_Beskid.jpg","contentUrl":"https:\/\/noclegioswiecim.eu\/wp-content\/uploads\/2023\/07\/zima_Czarny_Gron_Beskid.jpg","width":1900,"height":1225},{"@type":"BreadcrumbList","@id":"https:\/\/noclegioswiecim.eu\/en\/attractions\/czarny-gron-skiing\/#breadcrumb","itemListElement":[{"@type":"ListItem","position":1,"name":"Strona g\u0142\u00f3wna","item":"https:\/\/noclegioswiecim.eu\/en\/"},{"@type":"ListItem","position":2,"name":"Czarny Gron &#8211; Skiing"}]},{"@type":"WebSite","@id":"https:\/\/noclegioswiecim.eu\/#website","url":"https:\/\/noclegioswiecim.eu\/","name":"Comfort Apartments","description":"Noclegi O\u015bwi\u0119cim \/ Booking O\u015bwi\u0119cim","publisher":{"@id":"https:\/\/noclegioswiecim.eu\/#organization"},"potentialAction":[{"@type":"SearchAction","target":{"@type":"EntryPoint","urlTemplate":"https:\/\/noclegioswiecim.eu\/?s={search_term_string}"},"query-input":{"@type":"PropertyValueSpecification","valueRequired":true,"valueName":"search_term_string"}}],"inLanguage":"en-GB"},{"@type":"Organization","@id":"https:\/\/noclegioswiecim.eu\/#organization","name":"Comfort Apartments","url":"https:\/\/noclegioswiecim.eu\/","logo":{"@type":"ImageObject","inLanguage":"en-GB","@id":"https:\/\/noclegioswiecim.eu\/#\/schema\/logo\/image\/","url":"https:\/\/noclegioswiecim.eu\/wp-content\/uploads\/2023\/02\/favicona.png","contentUrl":"https:\/\/noclegioswiecim.eu\/wp-content\/uploads\/2023\/02\/favicona.png","width":200,"height":200,"caption":"Comfort Apartments"},"image":{"@id":"https:\/\/noclegioswiecim.eu\/#\/schema\/logo\/image\/"},"sameAs":["https:\/\/www.facebook.com\/oswiecimapartments\/","https:\/\/goo.gl\/maps\/H9x6rxoZWfK3ad1j6","https:\/\/www.instagram.com\/oswiecimapartments\/"]},{"@type":"Person","@id":"https:\/\/noclegioswiecim.eu\/#\/schema\/person\/feafb30ea03805a331616c6bfd80e947","name":"Patrycja","image":{"@type":"ImageObject","inLanguage":"en-GB","@id":"https:\/\/secure.gravatar.com\/avatar\/7c37283748b62bb21affee70f751e75b04d527b2d023e14cdffee17064819ea3?s=96&d=mm&r=g","url":"https:\/\/secure.gravatar.com\/avatar\/7c37283748b62bb21affee70f751e75b04d527b2d023e14cdffee17064819ea3?s=96&d=mm&r=g","contentUrl":"https:\/\/secure.gravatar.com\/avatar\/7c37283748b62bb21affee70f751e75b04d527b2d023e14cdffee17064819ea3?s=96&d=mm&r=g","caption":"Patrycja"}}]}},"_links":{"self":[{"href":"https:\/\/noclegioswiecim.eu\/en\/wp-json\/wp\/v2\/posts\/1642","targetHints":{"allow":["GET"]}}],"collection":[{"href":"https:\/\/noclegioswiecim.eu\/en\/wp-json\/wp\/v2\/posts"}],"about":[{"href":"https:\/\/noclegioswiecim.eu\/en\/wp-json\/wp\/v2\/types\/post"}],"author":[{"embeddable":true,"href":"https:\/\/noclegioswiecim.eu\/en\/wp-json\/wp\/v2\/users\/2"}],"replies":[{"embeddable":true,"href":"https:\/\/noclegioswiecim.eu\/en\/wp-json\/wp\/v2\/comments?post=1642"}],"version-history":[{"count":2,"href":"https:\/\/noclegioswiecim.eu\/en\/wp-json\/wp\/v2\/posts\/1642\/revisions"}],"predecessor-version":[{"id":1644,"href":"https:\/\/noclegioswiecim.eu\/en\/wp-json\/wp\/v2\/posts\/1642\/revisions\/1644"}],"wp:featuredmedia":[{"embeddable":true,"href":"https:\/\/noclegioswiecim.eu\/en\/wp-json\/wp\/v2\/media\/1235"}],"wp:attachment":[{"href":"https:\/\/noclegioswiecim.eu\/en\/wp-json\/wp\/v2\/media?parent=1642"}],"wp:term":[{"taxonomy":"category","embeddable":true,"href":"https:\/\/noclegioswiecim.eu\/en\/wp-json\/wp\/v2\/categories?post=1642"},{"taxonomy":"post_tag","embeddable":true,"href":"https:\/\/noclegioswiecim.eu\/en\/wp-json\/wp\/v2\/tags?post=1642"}],"curies":[{"name":"wp","href":"https:\/\/api.w.org\/{rel}","templated":true}]}}