{"id":2793,"date":"2023-07-13T11:04:48","date_gmt":"2023-07-13T09:04:48","guid":{"rendered":"https:\/\/noclegioswiecim.eu\/unkategorisiert\/schwarzer-gron-skifahren\/"},"modified":"2024-03-20T14:10:25","modified_gmt":"2024-03-20T13:10:25","slug":"schwarzer-gron-skifahren","status":"publish","type":"post","link":"https:\/\/noclegioswiecim.eu\/de\/atrakcje-de\/schwarzer-gron-skifahren\/","title":{"rendered":"Schwarzer Gro\u0144 &#8211; Skifahren"},"content":{"rendered":"<p><strong>Entfernung von der Anlage: <\/strong>37 km<\/p>\n<p>Gibt es Interessenten f\u00fcr das Skifahren? Der Kurort Czarny Gro\u0144 bietet eine der interessantesten Routen in den Beskiden. Sowohl Anf\u00e4nger als auch Fortgeschrittene werden hier etwas f\u00fcr sich finden. Der hohe Standard und die sch\u00f6ne Aussicht auf die umliegenden Berge machen es zu einem idealen Ort f\u00fcr Skifahrer.<\/p>\n<p><strong>F\u00fcr weitere Informationen:<\/strong> <a href=\"https:\/\/www.czarnygron.pl\/resort\/atrakcje\/stacja-narciarska\">www.czarnygron.pl\/resort\/atrakcje\/stacja-narciarska<\/a><\/p>\n","protected":false},"excerpt":{"rendered":"<p>Entfernung: 37 km<\/p>\n","protected":false},"author":2,"featured_media":2797,"comment_status":"open","ping_status":"open","sticky":false,"template":"","format":"standard","meta":{"footnotes":""},"categories":[39],"tags":[],"class_list":["post-2793","post","type-post","status-publish","format-standard","has-post-thumbnail","hentry","category-atrakcje-de"],"yoast_head":"<!-- This site is optimized with the Yoast SEO plugin v27.5 - https:\/\/yoast.com\/product\/yoast-seo-wordpress\/ -->\n<title>Schwarzer Gro\u0144 - Skifahren - Comfort Apartments<\/title>\n<meta name=\"description\" content=\"Gibt es Interessenten f\u00fcr das Skifahren? Der Kurort Czarny Gro\u0144 bietet eine der interessantesten Routen in den Beskiden. Hoher Standard und sch\u00f6ne Aussicht auf die umliegenden Berge.\" \/>\n<meta name=\"robots\" content=\"index, follow, max-snippet:-1, max-image-preview:large, max-video-preview:-1\" \/>\n<link rel=\"canonical\" href=\"https:\/\/noclegioswiecim.eu\/de\/?p=2793\" \/>\n<meta property=\"og:locale\" content=\"de_DE\" \/>\n<meta property=\"og:type\" content=\"article\" \/>\n<meta property=\"og:title\" content=\"Schwarzer Gro\u0144 - Skifahren - Comfort Apartments\" \/>\n<meta property=\"og:description\" content=\"Gibt es Interessenten f\u00fcr das Skifahren? Der Kurort Czarny Gro\u0144 bietet eine der interessantesten Routen in den Beskiden. Hoher Standard und sch\u00f6ne Aussicht auf die umliegenden Berge.\" \/>\n<meta property=\"og:url\" content=\"https:\/\/noclegioswiecim.eu\/de\/?p=2793\" \/>\n<meta property=\"og:site_name\" content=\"Comfort Apartments\" \/>\n<meta property=\"article:publisher\" content=\"https:\/\/www.facebook.com\/oswiecimapartments\/\" \/>\n<meta property=\"article:published_time\" content=\"2023-07-13T09:04:48+00:00\" \/>\n<meta property=\"article:modified_time\" content=\"2024-03-20T13:10:25+00:00\" \/>\n<meta property=\"og:image\" content=\"https:\/\/noclegioswiecim.eu\/wp-content\/uploads\/2023\/07\/zima_Czarny_Gron_Beskid.jpg\" \/>\n\t<meta property=\"og:image:width\" content=\"1900\" \/>\n\t<meta property=\"og:image:height\" content=\"1225\" \/>\n\t<meta property=\"og:image:type\" content=\"image\/jpeg\" \/>\n<meta name=\"author\" content=\"Patrycja\" \/>\n<meta name=\"twitter:card\" content=\"summary_large_image\" \/>\n<meta name=\"twitter:label1\" content=\"Verfasst von\" \/>\n\t<meta name=\"twitter:data1\" content=\"Patrycja\" \/>\n<script type=\"application\/ld+json\" class=\"yoast-schema-graph\">{\"@context\":\"https:\\\/\\\/schema.org\",\"@graph\":[{\"@type\":\"Article\",\"@id\":\"https:\\\/\\\/noclegioswiecim.eu\\\/de\\\/?p=2793#article\",\"isPartOf\":{\"@id\":\"https:\\\/\\\/noclegioswiecim.eu\\\/de\\\/?p=2793\"},\"author\":{\"name\":\"Patrycja\",\"@id\":\"https:\\\/\\\/noclegioswiecim.eu\\\/#\\\/schema\\\/person\\\/feafb30ea03805a331616c6bfd80e947\"},\"headline\":\"Schwarzer Gro\u0144 &#8211; Skifahren\",\"datePublished\":\"2023-07-13T09:04:48+00:00\",\"dateModified\":\"2024-03-20T13:10:25+00:00\",\"mainEntityOfPage\":{\"@id\":\"https:\\\/\\\/noclegioswiecim.eu\\\/de\\\/?p=2793\"},\"wordCount\":72,\"commentCount\":0,\"publisher\":{\"@id\":\"https:\\\/\\\/noclegioswiecim.eu\\\/#organization\"},\"image\":{\"@id\":\"https:\\\/\\\/noclegioswiecim.eu\\\/de\\\/?p=2793#primaryimage\"},\"thumbnailUrl\":\"https:\\\/\\\/noclegioswiecim.eu\\\/wp-content\\\/uploads\\\/2023\\\/07\\\/zima_Czarny_Gron_Beskid.jpg\",\"articleSection\":[\"Sehensw\u00fcrdigkeiten\"],\"inLanguage\":\"de\",\"potentialAction\":[{\"@type\":\"CommentAction\",\"name\":\"Comment\",\"target\":[\"https:\\\/\\\/noclegioswiecim.eu\\\/de\\\/?p=2793#respond\"]}]},{\"@type\":\"WebPage\",\"@id\":\"https:\\\/\\\/noclegioswiecim.eu\\\/de\\\/?p=2793\",\"url\":\"https:\\\/\\\/noclegioswiecim.eu\\\/de\\\/?p=2793\",\"name\":\"Schwarzer Gro\u0144 - Skifahren - Comfort Apartments\",\"isPartOf\":{\"@id\":\"https:\\\/\\\/noclegioswiecim.eu\\\/#website\"},\"primaryImageOfPage\":{\"@id\":\"https:\\\/\\\/noclegioswiecim.eu\\\/de\\\/?p=2793#primaryimage\"},\"image\":{\"@id\":\"https:\\\/\\\/noclegioswiecim.eu\\\/de\\\/?p=2793#primaryimage\"},\"thumbnailUrl\":\"https:\\\/\\\/noclegioswiecim.eu\\\/wp-content\\\/uploads\\\/2023\\\/07\\\/zima_Czarny_Gron_Beskid.jpg\",\"datePublished\":\"2023-07-13T09:04:48+00:00\",\"dateModified\":\"2024-03-20T13:10:25+00:00\",\"description\":\"Gibt es Interessenten f\u00fcr das Skifahren? Der Kurort Czarny Gro\u0144 bietet eine der interessantesten Routen in den Beskiden. Hoher Standard und sch\u00f6ne Aussicht auf die umliegenden Berge.\",\"breadcrumb\":{\"@id\":\"https:\\\/\\\/noclegioswiecim.eu\\\/de\\\/?p=2793#breadcrumb\"},\"inLanguage\":\"de\",\"potentialAction\":[{\"@type\":\"ReadAction\",\"target\":[\"https:\\\/\\\/noclegioswiecim.eu\\\/de\\\/?p=2793\"]}]},{\"@type\":\"ImageObject\",\"inLanguage\":\"de\",\"@id\":\"https:\\\/\\\/noclegioswiecim.eu\\\/de\\\/?p=2793#primaryimage\",\"url\":\"https:\\\/\\\/noclegioswiecim.eu\\\/wp-content\\\/uploads\\\/2023\\\/07\\\/zima_Czarny_Gron_Beskid.jpg\",\"contentUrl\":\"https:\\\/\\\/noclegioswiecim.eu\\\/wp-content\\\/uploads\\\/2023\\\/07\\\/zima_Czarny_Gron_Beskid.jpg\",\"width\":1900,\"height\":1225},{\"@type\":\"BreadcrumbList\",\"@id\":\"https:\\\/\\\/noclegioswiecim.eu\\\/de\\\/?p=2793#breadcrumb\",\"itemListElement\":[{\"@type\":\"ListItem\",\"position\":1,\"name\":\"Strona g\u0142\u00f3wna\",\"item\":\"https:\\\/\\\/noclegioswiecim.eu\\\/de\\\/\"},{\"@type\":\"ListItem\",\"position\":2,\"name\":\"Schwarzer Gro\u0144 &#8211; Skifahren\"}]},{\"@type\":\"WebSite\",\"@id\":\"https:\\\/\\\/noclegioswiecim.eu\\\/#website\",\"url\":\"https:\\\/\\\/noclegioswiecim.eu\\\/\",\"name\":\"Comfort Apartments\",\"description\":\"Noclegi O\u015bwi\u0119cim \\\/ Booking O\u015bwi\u0119cim\",\"publisher\":{\"@id\":\"https:\\\/\\\/noclegioswiecim.eu\\\/#organization\"},\"potentialAction\":[{\"@type\":\"SearchAction\",\"target\":{\"@type\":\"EntryPoint\",\"urlTemplate\":\"https:\\\/\\\/noclegioswiecim.eu\\\/?s={search_term_string}\"},\"query-input\":{\"@type\":\"PropertyValueSpecification\",\"valueRequired\":true,\"valueName\":\"search_term_string\"}}],\"inLanguage\":\"de\"},{\"@type\":\"Organization\",\"@id\":\"https:\\\/\\\/noclegioswiecim.eu\\\/#organization\",\"name\":\"Comfort Apartments\",\"url\":\"https:\\\/\\\/noclegioswiecim.eu\\\/\",\"logo\":{\"@type\":\"ImageObject\",\"inLanguage\":\"de\",\"@id\":\"https:\\\/\\\/noclegioswiecim.eu\\\/#\\\/schema\\\/logo\\\/image\\\/\",\"url\":\"https:\\\/\\\/noclegioswiecim.eu\\\/wp-content\\\/uploads\\\/2023\\\/02\\\/favicona.png\",\"contentUrl\":\"https:\\\/\\\/noclegioswiecim.eu\\\/wp-content\\\/uploads\\\/2023\\\/02\\\/favicona.png\",\"width\":200,\"height\":200,\"caption\":\"Comfort Apartments\"},\"image\":{\"@id\":\"https:\\\/\\\/noclegioswiecim.eu\\\/#\\\/schema\\\/logo\\\/image\\\/\"},\"sameAs\":[\"https:\\\/\\\/www.facebook.com\\\/oswiecimapartments\\\/\",\"https:\\\/\\\/goo.gl\\\/maps\\\/H9x6rxoZWfK3ad1j6\",\"https:\\\/\\\/www.instagram.com\\\/oswiecimapartments\\\/\"]},{\"@type\":\"Person\",\"@id\":\"https:\\\/\\\/noclegioswiecim.eu\\\/#\\\/schema\\\/person\\\/feafb30ea03805a331616c6bfd80e947\",\"name\":\"Patrycja\",\"image\":{\"@type\":\"ImageObject\",\"inLanguage\":\"de\",\"@id\":\"https:\\\/\\\/secure.gravatar.com\\\/avatar\\\/7c37283748b62bb21affee70f751e75b04d527b2d023e14cdffee17064819ea3?s=96&d=mm&r=g\",\"url\":\"https:\\\/\\\/secure.gravatar.com\\\/avatar\\\/7c37283748b62bb21affee70f751e75b04d527b2d023e14cdffee17064819ea3?s=96&d=mm&r=g\",\"contentUrl\":\"https:\\\/\\\/secure.gravatar.com\\\/avatar\\\/7c37283748b62bb21affee70f751e75b04d527b2d023e14cdffee17064819ea3?s=96&d=mm&r=g\",\"caption\":\"Patrycja\"}}]}<\/script>\n<!-- \/ Yoast SEO plugin. -->","yoast_head_json":{"title":"Schwarzer Gro\u0144 - Skifahren - Comfort Apartments","description":"Gibt es Interessenten f\u00fcr das Skifahren? Der Kurort Czarny Gro\u0144 bietet eine der interessantesten Routen in den Beskiden. Hoher Standard und sch\u00f6ne Aussicht auf die umliegenden Berge.","robots":{"index":"index","follow":"follow","max-snippet":"max-snippet:-1","max-image-preview":"max-image-preview:large","max-video-preview":"max-video-preview:-1"},"canonical":"https:\/\/noclegioswiecim.eu\/de\/?p=2793","og_locale":"de_DE","og_type":"article","og_title":"Schwarzer Gro\u0144 - Skifahren - Comfort Apartments","og_description":"Gibt es Interessenten f\u00fcr das Skifahren? Der Kurort Czarny Gro\u0144 bietet eine der interessantesten Routen in den Beskiden. Hoher Standard und sch\u00f6ne Aussicht auf die umliegenden Berge.","og_url":"https:\/\/noclegioswiecim.eu\/de\/?p=2793","og_site_name":"Comfort Apartments","article_publisher":"https:\/\/www.facebook.com\/oswiecimapartments\/","article_published_time":"2023-07-13T09:04:48+00:00","article_modified_time":"2024-03-20T13:10:25+00:00","og_image":[{"width":1900,"height":1225,"url":"https:\/\/noclegioswiecim.eu\/wp-content\/uploads\/2023\/07\/zima_Czarny_Gron_Beskid.jpg","type":"image\/jpeg"}],"author":"Patrycja","twitter_card":"summary_large_image","twitter_misc":{"Verfasst von":"Patrycja"},"schema":{"@context":"https:\/\/schema.org","@graph":[{"@type":"Article","@id":"https:\/\/noclegioswiecim.eu\/de\/?p=2793#article","isPartOf":{"@id":"https:\/\/noclegioswiecim.eu\/de\/?p=2793"},"author":{"name":"Patrycja","@id":"https:\/\/noclegioswiecim.eu\/#\/schema\/person\/feafb30ea03805a331616c6bfd80e947"},"headline":"Schwarzer Gro\u0144 &#8211; Skifahren","datePublished":"2023-07-13T09:04:48+00:00","dateModified":"2024-03-20T13:10:25+00:00","mainEntityOfPage":{"@id":"https:\/\/noclegioswiecim.eu\/de\/?p=2793"},"wordCount":72,"commentCount":0,"publisher":{"@id":"https:\/\/noclegioswiecim.eu\/#organization"},"image":{"@id":"https:\/\/noclegioswiecim.eu\/de\/?p=2793#primaryimage"},"thumbnailUrl":"https:\/\/noclegioswiecim.eu\/wp-content\/uploads\/2023\/07\/zima_Czarny_Gron_Beskid.jpg","articleSection":["Sehensw\u00fcrdigkeiten"],"inLanguage":"de","potentialAction":[{"@type":"CommentAction","name":"Comment","target":["https:\/\/noclegioswiecim.eu\/de\/?p=2793#respond"]}]},{"@type":"WebPage","@id":"https:\/\/noclegioswiecim.eu\/de\/?p=2793","url":"https:\/\/noclegioswiecim.eu\/de\/?p=2793","name":"Schwarzer Gro\u0144 - Skifahren - Comfort Apartments","isPartOf":{"@id":"https:\/\/noclegioswiecim.eu\/#website"},"primaryImageOfPage":{"@id":"https:\/\/noclegioswiecim.eu\/de\/?p=2793#primaryimage"},"image":{"@id":"https:\/\/noclegioswiecim.eu\/de\/?p=2793#primaryimage"},"thumbnailUrl":"https:\/\/noclegioswiecim.eu\/wp-content\/uploads\/2023\/07\/zima_Czarny_Gron_Beskid.jpg","datePublished":"2023-07-13T09:04:48+00:00","dateModified":"2024-03-20T13:10:25+00:00","description":"Gibt es Interessenten f\u00fcr das Skifahren? Der Kurort Czarny Gro\u0144 bietet eine der interessantesten Routen in den Beskiden. Hoher Standard und sch\u00f6ne Aussicht auf die umliegenden Berge.","breadcrumb":{"@id":"https:\/\/noclegioswiecim.eu\/de\/?p=2793#breadcrumb"},"inLanguage":"de","potentialAction":[{"@type":"ReadAction","target":["https:\/\/noclegioswiecim.eu\/de\/?p=2793"]}]},{"@type":"ImageObject","inLanguage":"de","@id":"https:\/\/noclegioswiecim.eu\/de\/?p=2793#primaryimage","url":"https:\/\/noclegioswiecim.eu\/wp-content\/uploads\/2023\/07\/zima_Czarny_Gron_Beskid.jpg","contentUrl":"https:\/\/noclegioswiecim.eu\/wp-content\/uploads\/2023\/07\/zima_Czarny_Gron_Beskid.jpg","width":1900,"height":1225},{"@type":"BreadcrumbList","@id":"https:\/\/noclegioswiecim.eu\/de\/?p=2793#breadcrumb","itemListElement":[{"@type":"ListItem","position":1,"name":"Strona g\u0142\u00f3wna","item":"https:\/\/noclegioswiecim.eu\/de\/"},{"@type":"ListItem","position":2,"name":"Schwarzer Gro\u0144 &#8211; Skifahren"}]},{"@type":"WebSite","@id":"https:\/\/noclegioswiecim.eu\/#website","url":"https:\/\/noclegioswiecim.eu\/","name":"Comfort Apartments","description":"Noclegi O\u015bwi\u0119cim \/ Booking O\u015bwi\u0119cim","publisher":{"@id":"https:\/\/noclegioswiecim.eu\/#organization"},"potentialAction":[{"@type":"SearchAction","target":{"@type":"EntryPoint","urlTemplate":"https:\/\/noclegioswiecim.eu\/?s={search_term_string}"},"query-input":{"@type":"PropertyValueSpecification","valueRequired":true,"valueName":"search_term_string"}}],"inLanguage":"de"},{"@type":"Organization","@id":"https:\/\/noclegioswiecim.eu\/#organization","name":"Comfort Apartments","url":"https:\/\/noclegioswiecim.eu\/","logo":{"@type":"ImageObject","inLanguage":"de","@id":"https:\/\/noclegioswiecim.eu\/#\/schema\/logo\/image\/","url":"https:\/\/noclegioswiecim.eu\/wp-content\/uploads\/2023\/02\/favicona.png","contentUrl":"https:\/\/noclegioswiecim.eu\/wp-content\/uploads\/2023\/02\/favicona.png","width":200,"height":200,"caption":"Comfort Apartments"},"image":{"@id":"https:\/\/noclegioswiecim.eu\/#\/schema\/logo\/image\/"},"sameAs":["https:\/\/www.facebook.com\/oswiecimapartments\/","https:\/\/goo.gl\/maps\/H9x6rxoZWfK3ad1j6","https:\/\/www.instagram.com\/oswiecimapartments\/"]},{"@type":"Person","@id":"https:\/\/noclegioswiecim.eu\/#\/schema\/person\/feafb30ea03805a331616c6bfd80e947","name":"Patrycja","image":{"@type":"ImageObject","inLanguage":"de","@id":"https:\/\/secure.gravatar.com\/avatar\/7c37283748b62bb21affee70f751e75b04d527b2d023e14cdffee17064819ea3?s=96&d=mm&r=g","url":"https:\/\/secure.gravatar.com\/avatar\/7c37283748b62bb21affee70f751e75b04d527b2d023e14cdffee17064819ea3?s=96&d=mm&r=g","contentUrl":"https:\/\/secure.gravatar.com\/avatar\/7c37283748b62bb21affee70f751e75b04d527b2d023e14cdffee17064819ea3?s=96&d=mm&r=g","caption":"Patrycja"}}]}},"_links":{"self":[{"href":"https:\/\/noclegioswiecim.eu\/de\/wp-json\/wp\/v2\/posts\/2793","targetHints":{"allow":["GET"]}}],"collection":[{"href":"https:\/\/noclegioswiecim.eu\/de\/wp-json\/wp\/v2\/posts"}],"about":[{"href":"https:\/\/noclegioswiecim.eu\/de\/wp-json\/wp\/v2\/types\/post"}],"author":[{"embeddable":true,"href":"https:\/\/noclegioswiecim.eu\/de\/wp-json\/wp\/v2\/users\/2"}],"replies":[{"embeddable":true,"href":"https:\/\/noclegioswiecim.eu\/de\/wp-json\/wp\/v2\/comments?post=2793"}],"version-history":[{"count":1,"href":"https:\/\/noclegioswiecim.eu\/de\/wp-json\/wp\/v2\/posts\/2793\/revisions"}],"predecessor-version":[{"id":2803,"href":"https:\/\/noclegioswiecim.eu\/de\/wp-json\/wp\/v2\/posts\/2793\/revisions\/2803"}],"wp:featuredmedia":[{"embeddable":true,"href":"https:\/\/noclegioswiecim.eu\/de\/wp-json\/wp\/v2\/media\/2797"}],"wp:attachment":[{"href":"https:\/\/noclegioswiecim.eu\/de\/wp-json\/wp\/v2\/media?parent=2793"}],"wp:term":[{"taxonomy":"category","embeddable":true,"href":"https:\/\/noclegioswiecim.eu\/de\/wp-json\/wp\/v2\/categories?post=2793"},{"taxonomy":"post_tag","embeddable":true,"href":"https:\/\/noclegioswiecim.eu\/de\/wp-json\/wp\/v2\/tags?post=2793"}],"curies":[{"name":"wp","href":"https:\/\/api.w.org\/{rel}","templated":true}]}}