{"id":2532,"date":"2023-07-26T11:56:45","date_gmt":"2023-07-26T09:56:45","guid":{"rendered":"https:\/\/noclegioswiecim.eu\/unkategorisiert\/pszczyna-europaeisches-wisentgehege-zu-demonstrationszwecken\/"},"modified":"2024-09-04T10:45:42","modified_gmt":"2024-09-04T08:45:42","slug":"pszczyna-europaeisches-wisentgehege-zu-demonstrationszwecken","status":"publish","type":"post","link":"https:\/\/noclegioswiecim.eu\/de\/atrakcje-de\/pszczyna-europaeisches-wisentgehege-zu-demonstrationszwecken\/","title":{"rendered":"Pszczyna Europ\u00e4isches Wisentgehege zu Demonstrationszwecken"},"content":{"rendered":"<p><strong>Entfernung von der Einrichtung:<\/strong> 26,4 km<\/p>\n<p>Ende der 1990er Jahre haben die Gemeinde Pszczyna und die Agentur f\u00fcr die Entwicklung und F\u00f6rderung des Pszczyna-Landes gemeinsam Ma\u00dfnahmen ergriffen, um im Pszczyna-Park, in einem Teil des so genannten &#8222;Pszczyna-Parks&#8220;, ein Gebiet am Pszczyna-Fluss zu schaffen. Wilderness Promenade &#8211; Bison Showground. Die Idee, eine neue Touristenattraktion zu schaffen, war mit dem Wunsch verbunden, die biologische Vielfalt des ehemaligen Pszczyna-Waldes und heutigen Pszczyna-Waldes, der sich seit 1336 im Besitz der aufeinanderfolgenden Pszczyna-Familien befindet, einem breiteren Publikum vorzustellen. Ein weiterer, sehr wichtiger Aspekt war die Schaffung eines zus\u00e4tzlichen Zuchtzentrums f\u00fcr den europ\u00e4ischen Flachlandbison in der Unterlinie Pszczyna.<\/p>\n<p><strong>F\u00fcr weitere Informationen:<\/strong> <a href=\"http:\/\/www.zubry.pszczyna.pl\">www.zubry.pszczyna.pl<\/a><\/p>\n","protected":false},"excerpt":{"rendered":"<p>Entfernung: 26,4 km<\/p>\n","protected":false},"author":2,"featured_media":2534,"comment_status":"closed","ping_status":"closed","sticky":false,"template":"","format":"standard","meta":{"footnotes":""},"categories":[39],"tags":[],"class_list":["post-2532","post","type-post","status-publish","format-standard","has-post-thumbnail","hentry","category-atrakcje-de"],"yoast_head":"<!-- This site is optimized with the Yoast SEO plugin v27.5 - https:\/\/yoast.com\/product\/yoast-seo-wordpress\/ -->\n<title>Pszczyna Europ\u00e4isches Wisentgehege zu Demonstrationszwecken - Comfort Apartments<\/title>\n<meta name=\"description\" content=\"Das Europ\u00e4ische Wisentgehege veranstaltet p\u00e4dagogische Workshops &quot;Auf den Spuren der Wisente&quot; f\u00fcr Kinder aus Kinderg\u00e4rten und Grundschulen.\" \/>\n<meta name=\"robots\" content=\"index, follow, max-snippet:-1, max-image-preview:large, max-video-preview:-1\" \/>\n<link rel=\"canonical\" href=\"https:\/\/noclegioswiecim.eu\/de\/atrakcje-de\/pszczyna-europaeisches-wisentgehege-zu-demonstrationszwecken\/\" \/>\n<meta property=\"og:locale\" content=\"de_DE\" \/>\n<meta property=\"og:type\" content=\"article\" \/>\n<meta property=\"og:title\" content=\"Pszczyna Europ\u00e4isches Wisentgehege zu Demonstrationszwecken - Comfort Apartments\" \/>\n<meta property=\"og:description\" content=\"Das Europ\u00e4ische Wisentgehege veranstaltet p\u00e4dagogische Workshops &quot;Auf den Spuren der Wisente&quot; f\u00fcr Kinder aus Kinderg\u00e4rten und Grundschulen.\" \/>\n<meta property=\"og:url\" content=\"https:\/\/noclegioswiecim.eu\/de\/atrakcje-de\/pszczyna-europaeisches-wisentgehege-zu-demonstrationszwecken\/\" \/>\n<meta property=\"og:site_name\" content=\"Comfort Apartments\" \/>\n<meta property=\"article:publisher\" content=\"https:\/\/www.facebook.com\/oswiecimapartments\/\" \/>\n<meta property=\"article:published_time\" content=\"2023-07-26T09:56:45+00:00\" \/>\n<meta property=\"article:modified_time\" content=\"2024-09-04T08:45:42+00:00\" \/>\n<meta property=\"og:image\" content=\"https:\/\/noclegioswiecim.eu\/wp-content\/uploads\/2023\/07\/baner-glowny.jpg.jpg\" \/>\n\t<meta property=\"og:image:width\" content=\"1600\" \/>\n\t<meta property=\"og:image:height\" content=\"1200\" \/>\n\t<meta property=\"og:image:type\" content=\"image\/jpeg\" \/>\n<meta name=\"author\" content=\"Patrycja\" \/>\n<meta name=\"twitter:card\" content=\"summary_large_image\" \/>\n<meta name=\"twitter:label1\" content=\"Verfasst von\" \/>\n\t<meta name=\"twitter:data1\" content=\"Patrycja\" \/>\n\t<meta name=\"twitter:label2\" content=\"Gesch\u00e4tzte Lesezeit\" \/>\n\t<meta name=\"twitter:data2\" content=\"1\u00a0Minute\" \/>\n<script type=\"application\/ld+json\" class=\"yoast-schema-graph\">{\"@context\":\"https:\\\/\\\/schema.org\",\"@graph\":[{\"@type\":\"Article\",\"@id\":\"https:\\\/\\\/noclegioswiecim.eu\\\/de\\\/atrakcje-de\\\/pszczyna-europaeisches-wisentgehege-zu-demonstrationszwecken\\\/#article\",\"isPartOf\":{\"@id\":\"https:\\\/\\\/noclegioswiecim.eu\\\/de\\\/atrakcje-de\\\/pszczyna-europaeisches-wisentgehege-zu-demonstrationszwecken\\\/\"},\"author\":{\"name\":\"Patrycja\",\"@id\":\"https:\\\/\\\/noclegioswiecim.eu\\\/#\\\/schema\\\/person\\\/feafb30ea03805a331616c6bfd80e947\"},\"headline\":\"Pszczyna Europ\u00e4isches Wisentgehege zu Demonstrationszwecken\",\"datePublished\":\"2023-07-26T09:56:45+00:00\",\"dateModified\":\"2024-09-04T08:45:42+00:00\",\"mainEntityOfPage\":{\"@id\":\"https:\\\/\\\/noclegioswiecim.eu\\\/de\\\/atrakcje-de\\\/pszczyna-europaeisches-wisentgehege-zu-demonstrationszwecken\\\/\"},\"wordCount\":120,\"publisher\":{\"@id\":\"https:\\\/\\\/noclegioswiecim.eu\\\/#organization\"},\"image\":{\"@id\":\"https:\\\/\\\/noclegioswiecim.eu\\\/de\\\/atrakcje-de\\\/pszczyna-europaeisches-wisentgehege-zu-demonstrationszwecken\\\/#primaryimage\"},\"thumbnailUrl\":\"https:\\\/\\\/noclegioswiecim.eu\\\/wp-content\\\/uploads\\\/2023\\\/07\\\/baner-glowny.jpg.jpg\",\"articleSection\":[\"Sehensw\u00fcrdigkeiten\"],\"inLanguage\":\"de\"},{\"@type\":\"WebPage\",\"@id\":\"https:\\\/\\\/noclegioswiecim.eu\\\/de\\\/atrakcje-de\\\/pszczyna-europaeisches-wisentgehege-zu-demonstrationszwecken\\\/\",\"url\":\"https:\\\/\\\/noclegioswiecim.eu\\\/de\\\/atrakcje-de\\\/pszczyna-europaeisches-wisentgehege-zu-demonstrationszwecken\\\/\",\"name\":\"Pszczyna Europ\u00e4isches Wisentgehege zu Demonstrationszwecken - Comfort Apartments\",\"isPartOf\":{\"@id\":\"https:\\\/\\\/noclegioswiecim.eu\\\/#website\"},\"primaryImageOfPage\":{\"@id\":\"https:\\\/\\\/noclegioswiecim.eu\\\/de\\\/atrakcje-de\\\/pszczyna-europaeisches-wisentgehege-zu-demonstrationszwecken\\\/#primaryimage\"},\"image\":{\"@id\":\"https:\\\/\\\/noclegioswiecim.eu\\\/de\\\/atrakcje-de\\\/pszczyna-europaeisches-wisentgehege-zu-demonstrationszwecken\\\/#primaryimage\"},\"thumbnailUrl\":\"https:\\\/\\\/noclegioswiecim.eu\\\/wp-content\\\/uploads\\\/2023\\\/07\\\/baner-glowny.jpg.jpg\",\"datePublished\":\"2023-07-26T09:56:45+00:00\",\"dateModified\":\"2024-09-04T08:45:42+00:00\",\"description\":\"Das Europ\u00e4ische Wisentgehege veranstaltet p\u00e4dagogische Workshops \\\"Auf den Spuren der Wisente\\\" f\u00fcr Kinder aus Kinderg\u00e4rten und Grundschulen.\",\"breadcrumb\":{\"@id\":\"https:\\\/\\\/noclegioswiecim.eu\\\/de\\\/atrakcje-de\\\/pszczyna-europaeisches-wisentgehege-zu-demonstrationszwecken\\\/#breadcrumb\"},\"inLanguage\":\"de\",\"potentialAction\":[{\"@type\":\"ReadAction\",\"target\":[\"https:\\\/\\\/noclegioswiecim.eu\\\/de\\\/atrakcje-de\\\/pszczyna-europaeisches-wisentgehege-zu-demonstrationszwecken\\\/\"]}]},{\"@type\":\"ImageObject\",\"inLanguage\":\"de\",\"@id\":\"https:\\\/\\\/noclegioswiecim.eu\\\/de\\\/atrakcje-de\\\/pszczyna-europaeisches-wisentgehege-zu-demonstrationszwecken\\\/#primaryimage\",\"url\":\"https:\\\/\\\/noclegioswiecim.eu\\\/wp-content\\\/uploads\\\/2023\\\/07\\\/baner-glowny.jpg.jpg\",\"contentUrl\":\"https:\\\/\\\/noclegioswiecim.eu\\\/wp-content\\\/uploads\\\/2023\\\/07\\\/baner-glowny.jpg.jpg\",\"width\":1600,\"height\":1200},{\"@type\":\"BreadcrumbList\",\"@id\":\"https:\\\/\\\/noclegioswiecim.eu\\\/de\\\/atrakcje-de\\\/pszczyna-europaeisches-wisentgehege-zu-demonstrationszwecken\\\/#breadcrumb\",\"itemListElement\":[{\"@type\":\"ListItem\",\"position\":1,\"name\":\"Strona g\u0142\u00f3wna\",\"item\":\"https:\\\/\\\/noclegioswiecim.eu\\\/de\\\/\"},{\"@type\":\"ListItem\",\"position\":2,\"name\":\"Pszczyna Europ\u00e4isches Wisentgehege zu Demonstrationszwecken\"}]},{\"@type\":\"WebSite\",\"@id\":\"https:\\\/\\\/noclegioswiecim.eu\\\/#website\",\"url\":\"https:\\\/\\\/noclegioswiecim.eu\\\/\",\"name\":\"Comfort Apartments\",\"description\":\"Noclegi O\u015bwi\u0119cim \\\/ Booking O\u015bwi\u0119cim\",\"publisher\":{\"@id\":\"https:\\\/\\\/noclegioswiecim.eu\\\/#organization\"},\"potentialAction\":[{\"@type\":\"SearchAction\",\"target\":{\"@type\":\"EntryPoint\",\"urlTemplate\":\"https:\\\/\\\/noclegioswiecim.eu\\\/?s={search_term_string}\"},\"query-input\":{\"@type\":\"PropertyValueSpecification\",\"valueRequired\":true,\"valueName\":\"search_term_string\"}}],\"inLanguage\":\"de\"},{\"@type\":\"Organization\",\"@id\":\"https:\\\/\\\/noclegioswiecim.eu\\\/#organization\",\"name\":\"Comfort Apartments\",\"url\":\"https:\\\/\\\/noclegioswiecim.eu\\\/\",\"logo\":{\"@type\":\"ImageObject\",\"inLanguage\":\"de\",\"@id\":\"https:\\\/\\\/noclegioswiecim.eu\\\/#\\\/schema\\\/logo\\\/image\\\/\",\"url\":\"https:\\\/\\\/noclegioswiecim.eu\\\/wp-content\\\/uploads\\\/2023\\\/02\\\/favicona.png\",\"contentUrl\":\"https:\\\/\\\/noclegioswiecim.eu\\\/wp-content\\\/uploads\\\/2023\\\/02\\\/favicona.png\",\"width\":200,\"height\":200,\"caption\":\"Comfort Apartments\"},\"image\":{\"@id\":\"https:\\\/\\\/noclegioswiecim.eu\\\/#\\\/schema\\\/logo\\\/image\\\/\"},\"sameAs\":[\"https:\\\/\\\/www.facebook.com\\\/oswiecimapartments\\\/\",\"https:\\\/\\\/goo.gl\\\/maps\\\/H9x6rxoZWfK3ad1j6\",\"https:\\\/\\\/www.instagram.com\\\/oswiecimapartments\\\/\"]},{\"@type\":\"Person\",\"@id\":\"https:\\\/\\\/noclegioswiecim.eu\\\/#\\\/schema\\\/person\\\/feafb30ea03805a331616c6bfd80e947\",\"name\":\"Patrycja\",\"image\":{\"@type\":\"ImageObject\",\"inLanguage\":\"de\",\"@id\":\"https:\\\/\\\/secure.gravatar.com\\\/avatar\\\/7c37283748b62bb21affee70f751e75b04d527b2d023e14cdffee17064819ea3?s=96&d=mm&r=g\",\"url\":\"https:\\\/\\\/secure.gravatar.com\\\/avatar\\\/7c37283748b62bb21affee70f751e75b04d527b2d023e14cdffee17064819ea3?s=96&d=mm&r=g\",\"contentUrl\":\"https:\\\/\\\/secure.gravatar.com\\\/avatar\\\/7c37283748b62bb21affee70f751e75b04d527b2d023e14cdffee17064819ea3?s=96&d=mm&r=g\",\"caption\":\"Patrycja\"}}]}<\/script>\n<!-- \/ Yoast SEO plugin. -->","yoast_head_json":{"title":"Pszczyna Europ\u00e4isches Wisentgehege zu Demonstrationszwecken - Comfort Apartments","description":"Das Europ\u00e4ische Wisentgehege veranstaltet p\u00e4dagogische Workshops \"Auf den Spuren der Wisente\" f\u00fcr Kinder aus Kinderg\u00e4rten und Grundschulen.","robots":{"index":"index","follow":"follow","max-snippet":"max-snippet:-1","max-image-preview":"max-image-preview:large","max-video-preview":"max-video-preview:-1"},"canonical":"https:\/\/noclegioswiecim.eu\/de\/atrakcje-de\/pszczyna-europaeisches-wisentgehege-zu-demonstrationszwecken\/","og_locale":"de_DE","og_type":"article","og_title":"Pszczyna Europ\u00e4isches Wisentgehege zu Demonstrationszwecken - Comfort Apartments","og_description":"Das Europ\u00e4ische Wisentgehege veranstaltet p\u00e4dagogische Workshops \"Auf den Spuren der Wisente\" f\u00fcr Kinder aus Kinderg\u00e4rten und Grundschulen.","og_url":"https:\/\/noclegioswiecim.eu\/de\/atrakcje-de\/pszczyna-europaeisches-wisentgehege-zu-demonstrationszwecken\/","og_site_name":"Comfort Apartments","article_publisher":"https:\/\/www.facebook.com\/oswiecimapartments\/","article_published_time":"2023-07-26T09:56:45+00:00","article_modified_time":"2024-09-04T08:45:42+00:00","og_image":[{"width":1600,"height":1200,"url":"https:\/\/noclegioswiecim.eu\/wp-content\/uploads\/2023\/07\/baner-glowny.jpg.jpg","type":"image\/jpeg"}],"author":"Patrycja","twitter_card":"summary_large_image","twitter_misc":{"Verfasst von":"Patrycja","Gesch\u00e4tzte Lesezeit":"1\u00a0Minute"},"schema":{"@context":"https:\/\/schema.org","@graph":[{"@type":"Article","@id":"https:\/\/noclegioswiecim.eu\/de\/atrakcje-de\/pszczyna-europaeisches-wisentgehege-zu-demonstrationszwecken\/#article","isPartOf":{"@id":"https:\/\/noclegioswiecim.eu\/de\/atrakcje-de\/pszczyna-europaeisches-wisentgehege-zu-demonstrationszwecken\/"},"author":{"name":"Patrycja","@id":"https:\/\/noclegioswiecim.eu\/#\/schema\/person\/feafb30ea03805a331616c6bfd80e947"},"headline":"Pszczyna Europ\u00e4isches Wisentgehege zu Demonstrationszwecken","datePublished":"2023-07-26T09:56:45+00:00","dateModified":"2024-09-04T08:45:42+00:00","mainEntityOfPage":{"@id":"https:\/\/noclegioswiecim.eu\/de\/atrakcje-de\/pszczyna-europaeisches-wisentgehege-zu-demonstrationszwecken\/"},"wordCount":120,"publisher":{"@id":"https:\/\/noclegioswiecim.eu\/#organization"},"image":{"@id":"https:\/\/noclegioswiecim.eu\/de\/atrakcje-de\/pszczyna-europaeisches-wisentgehege-zu-demonstrationszwecken\/#primaryimage"},"thumbnailUrl":"https:\/\/noclegioswiecim.eu\/wp-content\/uploads\/2023\/07\/baner-glowny.jpg.jpg","articleSection":["Sehensw\u00fcrdigkeiten"],"inLanguage":"de"},{"@type":"WebPage","@id":"https:\/\/noclegioswiecim.eu\/de\/atrakcje-de\/pszczyna-europaeisches-wisentgehege-zu-demonstrationszwecken\/","url":"https:\/\/noclegioswiecim.eu\/de\/atrakcje-de\/pszczyna-europaeisches-wisentgehege-zu-demonstrationszwecken\/","name":"Pszczyna Europ\u00e4isches Wisentgehege zu Demonstrationszwecken - Comfort Apartments","isPartOf":{"@id":"https:\/\/noclegioswiecim.eu\/#website"},"primaryImageOfPage":{"@id":"https:\/\/noclegioswiecim.eu\/de\/atrakcje-de\/pszczyna-europaeisches-wisentgehege-zu-demonstrationszwecken\/#primaryimage"},"image":{"@id":"https:\/\/noclegioswiecim.eu\/de\/atrakcje-de\/pszczyna-europaeisches-wisentgehege-zu-demonstrationszwecken\/#primaryimage"},"thumbnailUrl":"https:\/\/noclegioswiecim.eu\/wp-content\/uploads\/2023\/07\/baner-glowny.jpg.jpg","datePublished":"2023-07-26T09:56:45+00:00","dateModified":"2024-09-04T08:45:42+00:00","description":"Das Europ\u00e4ische Wisentgehege veranstaltet p\u00e4dagogische Workshops \"Auf den Spuren der Wisente\" f\u00fcr Kinder aus Kinderg\u00e4rten und Grundschulen.","breadcrumb":{"@id":"https:\/\/noclegioswiecim.eu\/de\/atrakcje-de\/pszczyna-europaeisches-wisentgehege-zu-demonstrationszwecken\/#breadcrumb"},"inLanguage":"de","potentialAction":[{"@type":"ReadAction","target":["https:\/\/noclegioswiecim.eu\/de\/atrakcje-de\/pszczyna-europaeisches-wisentgehege-zu-demonstrationszwecken\/"]}]},{"@type":"ImageObject","inLanguage":"de","@id":"https:\/\/noclegioswiecim.eu\/de\/atrakcje-de\/pszczyna-europaeisches-wisentgehege-zu-demonstrationszwecken\/#primaryimage","url":"https:\/\/noclegioswiecim.eu\/wp-content\/uploads\/2023\/07\/baner-glowny.jpg.jpg","contentUrl":"https:\/\/noclegioswiecim.eu\/wp-content\/uploads\/2023\/07\/baner-glowny.jpg.jpg","width":1600,"height":1200},{"@type":"BreadcrumbList","@id":"https:\/\/noclegioswiecim.eu\/de\/atrakcje-de\/pszczyna-europaeisches-wisentgehege-zu-demonstrationszwecken\/#breadcrumb","itemListElement":[{"@type":"ListItem","position":1,"name":"Strona g\u0142\u00f3wna","item":"https:\/\/noclegioswiecim.eu\/de\/"},{"@type":"ListItem","position":2,"name":"Pszczyna Europ\u00e4isches Wisentgehege zu Demonstrationszwecken"}]},{"@type":"WebSite","@id":"https:\/\/noclegioswiecim.eu\/#website","url":"https:\/\/noclegioswiecim.eu\/","name":"Comfort Apartments","description":"Noclegi O\u015bwi\u0119cim \/ Booking O\u015bwi\u0119cim","publisher":{"@id":"https:\/\/noclegioswiecim.eu\/#organization"},"potentialAction":[{"@type":"SearchAction","target":{"@type":"EntryPoint","urlTemplate":"https:\/\/noclegioswiecim.eu\/?s={search_term_string}"},"query-input":{"@type":"PropertyValueSpecification","valueRequired":true,"valueName":"search_term_string"}}],"inLanguage":"de"},{"@type":"Organization","@id":"https:\/\/noclegioswiecim.eu\/#organization","name":"Comfort Apartments","url":"https:\/\/noclegioswiecim.eu\/","logo":{"@type":"ImageObject","inLanguage":"de","@id":"https:\/\/noclegioswiecim.eu\/#\/schema\/logo\/image\/","url":"https:\/\/noclegioswiecim.eu\/wp-content\/uploads\/2023\/02\/favicona.png","contentUrl":"https:\/\/noclegioswiecim.eu\/wp-content\/uploads\/2023\/02\/favicona.png","width":200,"height":200,"caption":"Comfort Apartments"},"image":{"@id":"https:\/\/noclegioswiecim.eu\/#\/schema\/logo\/image\/"},"sameAs":["https:\/\/www.facebook.com\/oswiecimapartments\/","https:\/\/goo.gl\/maps\/H9x6rxoZWfK3ad1j6","https:\/\/www.instagram.com\/oswiecimapartments\/"]},{"@type":"Person","@id":"https:\/\/noclegioswiecim.eu\/#\/schema\/person\/feafb30ea03805a331616c6bfd80e947","name":"Patrycja","image":{"@type":"ImageObject","inLanguage":"de","@id":"https:\/\/secure.gravatar.com\/avatar\/7c37283748b62bb21affee70f751e75b04d527b2d023e14cdffee17064819ea3?s=96&d=mm&r=g","url":"https:\/\/secure.gravatar.com\/avatar\/7c37283748b62bb21affee70f751e75b04d527b2d023e14cdffee17064819ea3?s=96&d=mm&r=g","contentUrl":"https:\/\/secure.gravatar.com\/avatar\/7c37283748b62bb21affee70f751e75b04d527b2d023e14cdffee17064819ea3?s=96&d=mm&r=g","caption":"Patrycja"}}]}},"_links":{"self":[{"href":"https:\/\/noclegioswiecim.eu\/de\/wp-json\/wp\/v2\/posts\/2532","targetHints":{"allow":["GET"]}}],"collection":[{"href":"https:\/\/noclegioswiecim.eu\/de\/wp-json\/wp\/v2\/posts"}],"about":[{"href":"https:\/\/noclegioswiecim.eu\/de\/wp-json\/wp\/v2\/types\/post"}],"author":[{"embeddable":true,"href":"https:\/\/noclegioswiecim.eu\/de\/wp-json\/wp\/v2\/users\/2"}],"replies":[{"embeddable":true,"href":"https:\/\/noclegioswiecim.eu\/de\/wp-json\/wp\/v2\/comments?post=2532"}],"version-history":[{"count":2,"href":"https:\/\/noclegioswiecim.eu\/de\/wp-json\/wp\/v2\/posts\/2532\/revisions"}],"predecessor-version":[{"id":7685,"href":"https:\/\/noclegioswiecim.eu\/de\/wp-json\/wp\/v2\/posts\/2532\/revisions\/7685"}],"wp:featuredmedia":[{"embeddable":true,"href":"https:\/\/noclegioswiecim.eu\/de\/wp-json\/wp\/v2\/media\/2534"}],"wp:attachment":[{"href":"https:\/\/noclegioswiecim.eu\/de\/wp-json\/wp\/v2\/media?parent=2532"}],"wp:term":[{"taxonomy":"category","embeddable":true,"href":"https:\/\/noclegioswiecim.eu\/de\/wp-json\/wp\/v2\/categories?post=2532"},{"taxonomy":"post_tag","embeddable":true,"href":"https:\/\/noclegioswiecim.eu\/de\/wp-json\/wp\/v2\/tags?post=2532"}],"curies":[{"name":"wp","href":"https:\/\/api.w.org\/{rel}","templated":true}]}}