{"id":2511,"date":"2023-07-26T11:20:30","date_gmt":"2023-07-26T09:20:30","guid":{"rendered":"https:\/\/noclegioswiecim.eu\/unkategorisiert\/st-johns-centre-der-heilige-maximilian-in-harmeze\/"},"modified":"2024-09-04T10:45:06","modified_gmt":"2024-09-04T08:45:06","slug":"st-johns-centre-der-heilige-maximilian-in-harmeze","status":"publish","type":"post","link":"https:\/\/noclegioswiecim.eu\/de\/atrakcje-de\/st-johns-centre-der-heilige-maximilian-in-harmeze\/","title":{"rendered":"St. John&#8217;s Centre. Der heilige Maximilian in Harm\u0119\u017ce"},"content":{"rendered":"<p><strong>Entfernung vom Standort: <\/strong>8 km<\/p>\n<section class=\"elementor-section elementor-top-section elementor-element elementor-element-2866487b elementor-section-boxed elementor-section-height-default elementor-section-height-default\" data-id=\"2866487b\" data-element_type=\"section\">\n<div class=\"elementor-container elementor-column-gap-default\">\n<div class=\"elementor-column elementor-col-100 elementor-top-column elementor-element elementor-element-4d7f16bf\" data-id=\"4d7f16bf\" data-element_type=\"column\">\n<div class=\"elementor-widget-wrap elementor-element-populated\">\n<div class=\"elementor-element elementor-element-707a38c6 elementor-widget elementor-widget-image-text-banner\" data-id=\"707a38c6\" data-element_type=\"widget\" data-widget_type=\"image-text-banner.default\">\n<div class=\"elementor-widget-container\">\n<div class=\"fr-elementor-image-text-banner\">\n<div class=\"main-wrapper\">\n<div class=\"banner-image\">\n<p class=\"additional-desc\">Das Zentrum wurde als Votivgabe aus Dankbarkeit f\u00fcr das Leben, das Werk und das Martyrium des heiligen Johannes von Gott errichtet. Maximilian. Sie soll seine Ehre und das Wissen um sein Charisma verbreiten und die Idee der &#8222;siegreichen Liebe&#8220; f\u00f6rdern, durch die Gott im Heiligen Johannes von Gott siegreich war. Maximilian, damit er diese Liebe auf dem Appellplatz und im Todesbunker von Auschwitz bezeugen konnte.<\/p>\n<\/div>\n<\/div>\n<\/div>\n<\/div>\n<\/div>\n<\/div>\n<\/div>\n<\/div>\n<\/section>\n<section class=\"elementor-section elementor-top-section elementor-element elementor-element-19a9d4c6 elementor-section-boxed elementor-section-height-default elementor-section-height-default\" data-id=\"19a9d4c6\" data-element_type=\"section\">\n<div class=\"elementor-container elementor-column-gap-default\">\n<div class=\"elementor-column elementor-col-100 elementor-top-column elementor-element elementor-element-5a23cae2\" data-id=\"5a23cae2\" data-element_type=\"column\">\n<div class=\"elementor-widget-wrap elementor-element-populated\">\n<div class=\"elementor-element elementor-element-13178202 elementor-widget elementor-widget-text-editor\" data-id=\"13178202\" data-element_type=\"widget\" data-widget_type=\"text-editor.default\">\n<div class=\"elementor-widget-container\">\n<p>Es ist ein Ort, der sowohl dem Gebet als auch der St\u00e4rkung von Frieden, Liebe und Vers\u00f6hnung zwischen Menschen verschiedener Nationen und Religionen im Geiste des Heiligen Franziskus dient. Franz von Assisi und der heilige Johannes von Gott. Der heilige Maximilian Kolbe. Hier k\u00f6nnen Sie Seelsorge erfahren, Tage der Besinnung, Exerzitien erleben oder an einem wissenschaftlichen Symposium teilnehmen. Es ist auch ein Ort des Gedenkens und des Gebets f\u00fcr die im Konzentrationslager Verstorbenen.<\/p>\n<p>Weitere Informationen: <a href=\"http:\/\/www.harmeze.franciszkanie.pl\/centrum\">www.harmeze.franciszkanie.pl\/centrum<\/a><\/p>\n<\/div>\n<\/div>\n<\/div>\n<\/div>\n<\/div>\n<\/section>\n","protected":false},"excerpt":{"rendered":"<p>Entfernung: 8 km<\/p>\n","protected":false},"author":2,"featured_media":2514,"comment_status":"closed","ping_status":"closed","sticky":false,"template":"","format":"standard","meta":{"footnotes":""},"categories":[39],"tags":[],"class_list":["post-2511","post","type-post","status-publish","format-standard","has-post-thumbnail","hentry","category-atrakcje-de"],"yoast_head":"<!-- This site is optimized with the Yoast SEO plugin v27.5 - https:\/\/yoast.com\/product\/yoast-seo-wordpress\/ -->\n<title>St. John&#039;s Centre. Der heilige Maximilian in Harm\u0119\u017ce - Comfort Apartments<\/title>\n<meta name=\"description\" content=\"Das Zentrum wurde als Votivgabe aus Dankbarkeit f\u00fcr das Leben, das Werk und das Martyrium des heiligen Johannes von Gott errichtet. Maximilian. Sie soll dem Zweck dienen, seine Ehre zu verbreiten.\" \/>\n<meta name=\"robots\" content=\"index, follow, max-snippet:-1, max-image-preview:large, max-video-preview:-1\" \/>\n<link rel=\"canonical\" href=\"https:\/\/noclegioswiecim.eu\/de\/atrakcje-de\/st-johns-centre-der-heilige-maximilian-in-harmeze\/\" \/>\n<meta property=\"og:locale\" content=\"de_DE\" \/>\n<meta property=\"og:type\" content=\"article\" \/>\n<meta property=\"og:title\" content=\"St. John&#039;s Centre. Der heilige Maximilian in Harm\u0119\u017ce - Comfort Apartments\" \/>\n<meta property=\"og:description\" content=\"Das Zentrum wurde als Votivgabe aus Dankbarkeit f\u00fcr das Leben, das Werk und das Martyrium des heiligen Johannes von Gott errichtet. Maximilian. Sie soll dem Zweck dienen, seine Ehre zu verbreiten.\" \/>\n<meta property=\"og:url\" content=\"https:\/\/noclegioswiecim.eu\/de\/atrakcje-de\/st-johns-centre-der-heilige-maximilian-in-harmeze\/\" \/>\n<meta property=\"og:site_name\" content=\"Comfort Apartments\" \/>\n<meta property=\"article:publisher\" content=\"https:\/\/www.facebook.com\/oswiecimapartments\/\" \/>\n<meta property=\"article:published_time\" content=\"2023-07-26T09:20:30+00:00\" \/>\n<meta property=\"article:modified_time\" content=\"2024-09-04T08:45:06+00:00\" \/>\n<meta property=\"og:image\" content=\"https:\/\/noclegioswiecim.eu\/wp-content\/uploads\/2023\/07\/FR.PL-PROWINCJA-zdjecia-tytulowe-centrum_2.jpg\" \/>\n\t<meta property=\"og:image:width\" content=\"1696\" \/>\n\t<meta property=\"og:image:height\" content=\"816\" \/>\n\t<meta property=\"og:image:type\" content=\"image\/jpeg\" \/>\n<meta name=\"author\" content=\"Patrycja\" \/>\n<meta name=\"twitter:card\" content=\"summary_large_image\" \/>\n<meta name=\"twitter:label1\" content=\"Verfasst von\" \/>\n\t<meta name=\"twitter:data1\" content=\"Patrycja\" \/>\n\t<meta name=\"twitter:label2\" content=\"Gesch\u00e4tzte Lesezeit\" \/>\n\t<meta name=\"twitter:data2\" content=\"2\u00a0Minuten\" \/>\n<script type=\"application\/ld+json\" class=\"yoast-schema-graph\">{\"@context\":\"https:\\\/\\\/schema.org\",\"@graph\":[{\"@type\":\"Article\",\"@id\":\"https:\\\/\\\/noclegioswiecim.eu\\\/de\\\/atrakcje-de\\\/st-johns-centre-der-heilige-maximilian-in-harmeze\\\/#article\",\"isPartOf\":{\"@id\":\"https:\\\/\\\/noclegioswiecim.eu\\\/de\\\/atrakcje-de\\\/st-johns-centre-der-heilige-maximilian-in-harmeze\\\/\"},\"author\":{\"name\":\"Patrycja\",\"@id\":\"https:\\\/\\\/noclegioswiecim.eu\\\/#\\\/schema\\\/person\\\/feafb30ea03805a331616c6bfd80e947\"},\"headline\":\"St. John&#8217;s Centre. Der heilige Maximilian in Harm\u0119\u017ce\",\"datePublished\":\"2023-07-26T09:20:30+00:00\",\"dateModified\":\"2024-09-04T08:45:06+00:00\",\"mainEntityOfPage\":{\"@id\":\"https:\\\/\\\/noclegioswiecim.eu\\\/de\\\/atrakcje-de\\\/st-johns-centre-der-heilige-maximilian-in-harmeze\\\/\"},\"wordCount\":165,\"publisher\":{\"@id\":\"https:\\\/\\\/noclegioswiecim.eu\\\/#organization\"},\"image\":{\"@id\":\"https:\\\/\\\/noclegioswiecim.eu\\\/de\\\/atrakcje-de\\\/st-johns-centre-der-heilige-maximilian-in-harmeze\\\/#primaryimage\"},\"thumbnailUrl\":\"https:\\\/\\\/noclegioswiecim.eu\\\/wp-content\\\/uploads\\\/2023\\\/07\\\/FR.PL-PROWINCJA-zdjecia-tytulowe-centrum_2.jpg\",\"articleSection\":[\"Sehensw\u00fcrdigkeiten\"],\"inLanguage\":\"de\"},{\"@type\":\"WebPage\",\"@id\":\"https:\\\/\\\/noclegioswiecim.eu\\\/de\\\/atrakcje-de\\\/st-johns-centre-der-heilige-maximilian-in-harmeze\\\/\",\"url\":\"https:\\\/\\\/noclegioswiecim.eu\\\/de\\\/atrakcje-de\\\/st-johns-centre-der-heilige-maximilian-in-harmeze\\\/\",\"name\":\"St. John's Centre. Der heilige Maximilian in Harm\u0119\u017ce - Comfort Apartments\",\"isPartOf\":{\"@id\":\"https:\\\/\\\/noclegioswiecim.eu\\\/#website\"},\"primaryImageOfPage\":{\"@id\":\"https:\\\/\\\/noclegioswiecim.eu\\\/de\\\/atrakcje-de\\\/st-johns-centre-der-heilige-maximilian-in-harmeze\\\/#primaryimage\"},\"image\":{\"@id\":\"https:\\\/\\\/noclegioswiecim.eu\\\/de\\\/atrakcje-de\\\/st-johns-centre-der-heilige-maximilian-in-harmeze\\\/#primaryimage\"},\"thumbnailUrl\":\"https:\\\/\\\/noclegioswiecim.eu\\\/wp-content\\\/uploads\\\/2023\\\/07\\\/FR.PL-PROWINCJA-zdjecia-tytulowe-centrum_2.jpg\",\"datePublished\":\"2023-07-26T09:20:30+00:00\",\"dateModified\":\"2024-09-04T08:45:06+00:00\",\"description\":\"Das Zentrum wurde als Votivgabe aus Dankbarkeit f\u00fcr das Leben, das Werk und das Martyrium des heiligen Johannes von Gott errichtet. Maximilian. Sie soll dem Zweck dienen, seine Ehre zu verbreiten.\",\"breadcrumb\":{\"@id\":\"https:\\\/\\\/noclegioswiecim.eu\\\/de\\\/atrakcje-de\\\/st-johns-centre-der-heilige-maximilian-in-harmeze\\\/#breadcrumb\"},\"inLanguage\":\"de\",\"potentialAction\":[{\"@type\":\"ReadAction\",\"target\":[\"https:\\\/\\\/noclegioswiecim.eu\\\/de\\\/atrakcje-de\\\/st-johns-centre-der-heilige-maximilian-in-harmeze\\\/\"]}]},{\"@type\":\"ImageObject\",\"inLanguage\":\"de\",\"@id\":\"https:\\\/\\\/noclegioswiecim.eu\\\/de\\\/atrakcje-de\\\/st-johns-centre-der-heilige-maximilian-in-harmeze\\\/#primaryimage\",\"url\":\"https:\\\/\\\/noclegioswiecim.eu\\\/wp-content\\\/uploads\\\/2023\\\/07\\\/FR.PL-PROWINCJA-zdjecia-tytulowe-centrum_2.jpg\",\"contentUrl\":\"https:\\\/\\\/noclegioswiecim.eu\\\/wp-content\\\/uploads\\\/2023\\\/07\\\/FR.PL-PROWINCJA-zdjecia-tytulowe-centrum_2.jpg\",\"width\":1696,\"height\":816},{\"@type\":\"BreadcrumbList\",\"@id\":\"https:\\\/\\\/noclegioswiecim.eu\\\/de\\\/atrakcje-de\\\/st-johns-centre-der-heilige-maximilian-in-harmeze\\\/#breadcrumb\",\"itemListElement\":[{\"@type\":\"ListItem\",\"position\":1,\"name\":\"Strona g\u0142\u00f3wna\",\"item\":\"https:\\\/\\\/noclegioswiecim.eu\\\/de\\\/\"},{\"@type\":\"ListItem\",\"position\":2,\"name\":\"St. John&#8217;s Centre. Der heilige Maximilian in Harm\u0119\u017ce\"}]},{\"@type\":\"WebSite\",\"@id\":\"https:\\\/\\\/noclegioswiecim.eu\\\/#website\",\"url\":\"https:\\\/\\\/noclegioswiecim.eu\\\/\",\"name\":\"Comfort Apartments\",\"description\":\"Noclegi O\u015bwi\u0119cim \\\/ Booking O\u015bwi\u0119cim\",\"publisher\":{\"@id\":\"https:\\\/\\\/noclegioswiecim.eu\\\/#organization\"},\"potentialAction\":[{\"@type\":\"SearchAction\",\"target\":{\"@type\":\"EntryPoint\",\"urlTemplate\":\"https:\\\/\\\/noclegioswiecim.eu\\\/?s={search_term_string}\"},\"query-input\":{\"@type\":\"PropertyValueSpecification\",\"valueRequired\":true,\"valueName\":\"search_term_string\"}}],\"inLanguage\":\"de\"},{\"@type\":\"Organization\",\"@id\":\"https:\\\/\\\/noclegioswiecim.eu\\\/#organization\",\"name\":\"Comfort Apartments\",\"url\":\"https:\\\/\\\/noclegioswiecim.eu\\\/\",\"logo\":{\"@type\":\"ImageObject\",\"inLanguage\":\"de\",\"@id\":\"https:\\\/\\\/noclegioswiecim.eu\\\/#\\\/schema\\\/logo\\\/image\\\/\",\"url\":\"https:\\\/\\\/noclegioswiecim.eu\\\/wp-content\\\/uploads\\\/2023\\\/02\\\/favicona.png\",\"contentUrl\":\"https:\\\/\\\/noclegioswiecim.eu\\\/wp-content\\\/uploads\\\/2023\\\/02\\\/favicona.png\",\"width\":200,\"height\":200,\"caption\":\"Comfort Apartments\"},\"image\":{\"@id\":\"https:\\\/\\\/noclegioswiecim.eu\\\/#\\\/schema\\\/logo\\\/image\\\/\"},\"sameAs\":[\"https:\\\/\\\/www.facebook.com\\\/oswiecimapartments\\\/\",\"https:\\\/\\\/goo.gl\\\/maps\\\/H9x6rxoZWfK3ad1j6\",\"https:\\\/\\\/www.instagram.com\\\/oswiecimapartments\\\/\"]},{\"@type\":\"Person\",\"@id\":\"https:\\\/\\\/noclegioswiecim.eu\\\/#\\\/schema\\\/person\\\/feafb30ea03805a331616c6bfd80e947\",\"name\":\"Patrycja\",\"image\":{\"@type\":\"ImageObject\",\"inLanguage\":\"de\",\"@id\":\"https:\\\/\\\/secure.gravatar.com\\\/avatar\\\/7c37283748b62bb21affee70f751e75b04d527b2d023e14cdffee17064819ea3?s=96&d=mm&r=g\",\"url\":\"https:\\\/\\\/secure.gravatar.com\\\/avatar\\\/7c37283748b62bb21affee70f751e75b04d527b2d023e14cdffee17064819ea3?s=96&d=mm&r=g\",\"contentUrl\":\"https:\\\/\\\/secure.gravatar.com\\\/avatar\\\/7c37283748b62bb21affee70f751e75b04d527b2d023e14cdffee17064819ea3?s=96&d=mm&r=g\",\"caption\":\"Patrycja\"}}]}<\/script>\n<!-- \/ Yoast SEO plugin. -->","yoast_head_json":{"title":"St. John's Centre. Der heilige Maximilian in Harm\u0119\u017ce - Comfort Apartments","description":"Das Zentrum wurde als Votivgabe aus Dankbarkeit f\u00fcr das Leben, das Werk und das Martyrium des heiligen Johannes von Gott errichtet. Maximilian. Sie soll dem Zweck dienen, seine Ehre zu verbreiten.","robots":{"index":"index","follow":"follow","max-snippet":"max-snippet:-1","max-image-preview":"max-image-preview:large","max-video-preview":"max-video-preview:-1"},"canonical":"https:\/\/noclegioswiecim.eu\/de\/atrakcje-de\/st-johns-centre-der-heilige-maximilian-in-harmeze\/","og_locale":"de_DE","og_type":"article","og_title":"St. John's Centre. Der heilige Maximilian in Harm\u0119\u017ce - Comfort Apartments","og_description":"Das Zentrum wurde als Votivgabe aus Dankbarkeit f\u00fcr das Leben, das Werk und das Martyrium des heiligen Johannes von Gott errichtet. Maximilian. Sie soll dem Zweck dienen, seine Ehre zu verbreiten.","og_url":"https:\/\/noclegioswiecim.eu\/de\/atrakcje-de\/st-johns-centre-der-heilige-maximilian-in-harmeze\/","og_site_name":"Comfort Apartments","article_publisher":"https:\/\/www.facebook.com\/oswiecimapartments\/","article_published_time":"2023-07-26T09:20:30+00:00","article_modified_time":"2024-09-04T08:45:06+00:00","og_image":[{"width":1696,"height":816,"url":"https:\/\/noclegioswiecim.eu\/wp-content\/uploads\/2023\/07\/FR.PL-PROWINCJA-zdjecia-tytulowe-centrum_2.jpg","type":"image\/jpeg"}],"author":"Patrycja","twitter_card":"summary_large_image","twitter_misc":{"Verfasst von":"Patrycja","Gesch\u00e4tzte Lesezeit":"2\u00a0Minuten"},"schema":{"@context":"https:\/\/schema.org","@graph":[{"@type":"Article","@id":"https:\/\/noclegioswiecim.eu\/de\/atrakcje-de\/st-johns-centre-der-heilige-maximilian-in-harmeze\/#article","isPartOf":{"@id":"https:\/\/noclegioswiecim.eu\/de\/atrakcje-de\/st-johns-centre-der-heilige-maximilian-in-harmeze\/"},"author":{"name":"Patrycja","@id":"https:\/\/noclegioswiecim.eu\/#\/schema\/person\/feafb30ea03805a331616c6bfd80e947"},"headline":"St. John&#8217;s Centre. Der heilige Maximilian in Harm\u0119\u017ce","datePublished":"2023-07-26T09:20:30+00:00","dateModified":"2024-09-04T08:45:06+00:00","mainEntityOfPage":{"@id":"https:\/\/noclegioswiecim.eu\/de\/atrakcje-de\/st-johns-centre-der-heilige-maximilian-in-harmeze\/"},"wordCount":165,"publisher":{"@id":"https:\/\/noclegioswiecim.eu\/#organization"},"image":{"@id":"https:\/\/noclegioswiecim.eu\/de\/atrakcje-de\/st-johns-centre-der-heilige-maximilian-in-harmeze\/#primaryimage"},"thumbnailUrl":"https:\/\/noclegioswiecim.eu\/wp-content\/uploads\/2023\/07\/FR.PL-PROWINCJA-zdjecia-tytulowe-centrum_2.jpg","articleSection":["Sehensw\u00fcrdigkeiten"],"inLanguage":"de"},{"@type":"WebPage","@id":"https:\/\/noclegioswiecim.eu\/de\/atrakcje-de\/st-johns-centre-der-heilige-maximilian-in-harmeze\/","url":"https:\/\/noclegioswiecim.eu\/de\/atrakcje-de\/st-johns-centre-der-heilige-maximilian-in-harmeze\/","name":"St. John's Centre. Der heilige Maximilian in Harm\u0119\u017ce - Comfort Apartments","isPartOf":{"@id":"https:\/\/noclegioswiecim.eu\/#website"},"primaryImageOfPage":{"@id":"https:\/\/noclegioswiecim.eu\/de\/atrakcje-de\/st-johns-centre-der-heilige-maximilian-in-harmeze\/#primaryimage"},"image":{"@id":"https:\/\/noclegioswiecim.eu\/de\/atrakcje-de\/st-johns-centre-der-heilige-maximilian-in-harmeze\/#primaryimage"},"thumbnailUrl":"https:\/\/noclegioswiecim.eu\/wp-content\/uploads\/2023\/07\/FR.PL-PROWINCJA-zdjecia-tytulowe-centrum_2.jpg","datePublished":"2023-07-26T09:20:30+00:00","dateModified":"2024-09-04T08:45:06+00:00","description":"Das Zentrum wurde als Votivgabe aus Dankbarkeit f\u00fcr das Leben, das Werk und das Martyrium des heiligen Johannes von Gott errichtet. Maximilian. Sie soll dem Zweck dienen, seine Ehre zu verbreiten.","breadcrumb":{"@id":"https:\/\/noclegioswiecim.eu\/de\/atrakcje-de\/st-johns-centre-der-heilige-maximilian-in-harmeze\/#breadcrumb"},"inLanguage":"de","potentialAction":[{"@type":"ReadAction","target":["https:\/\/noclegioswiecim.eu\/de\/atrakcje-de\/st-johns-centre-der-heilige-maximilian-in-harmeze\/"]}]},{"@type":"ImageObject","inLanguage":"de","@id":"https:\/\/noclegioswiecim.eu\/de\/atrakcje-de\/st-johns-centre-der-heilige-maximilian-in-harmeze\/#primaryimage","url":"https:\/\/noclegioswiecim.eu\/wp-content\/uploads\/2023\/07\/FR.PL-PROWINCJA-zdjecia-tytulowe-centrum_2.jpg","contentUrl":"https:\/\/noclegioswiecim.eu\/wp-content\/uploads\/2023\/07\/FR.PL-PROWINCJA-zdjecia-tytulowe-centrum_2.jpg","width":1696,"height":816},{"@type":"BreadcrumbList","@id":"https:\/\/noclegioswiecim.eu\/de\/atrakcje-de\/st-johns-centre-der-heilige-maximilian-in-harmeze\/#breadcrumb","itemListElement":[{"@type":"ListItem","position":1,"name":"Strona g\u0142\u00f3wna","item":"https:\/\/noclegioswiecim.eu\/de\/"},{"@type":"ListItem","position":2,"name":"St. John&#8217;s Centre. Der heilige Maximilian in Harm\u0119\u017ce"}]},{"@type":"WebSite","@id":"https:\/\/noclegioswiecim.eu\/#website","url":"https:\/\/noclegioswiecim.eu\/","name":"Comfort Apartments","description":"Noclegi O\u015bwi\u0119cim \/ Booking O\u015bwi\u0119cim","publisher":{"@id":"https:\/\/noclegioswiecim.eu\/#organization"},"potentialAction":[{"@type":"SearchAction","target":{"@type":"EntryPoint","urlTemplate":"https:\/\/noclegioswiecim.eu\/?s={search_term_string}"},"query-input":{"@type":"PropertyValueSpecification","valueRequired":true,"valueName":"search_term_string"}}],"inLanguage":"de"},{"@type":"Organization","@id":"https:\/\/noclegioswiecim.eu\/#organization","name":"Comfort Apartments","url":"https:\/\/noclegioswiecim.eu\/","logo":{"@type":"ImageObject","inLanguage":"de","@id":"https:\/\/noclegioswiecim.eu\/#\/schema\/logo\/image\/","url":"https:\/\/noclegioswiecim.eu\/wp-content\/uploads\/2023\/02\/favicona.png","contentUrl":"https:\/\/noclegioswiecim.eu\/wp-content\/uploads\/2023\/02\/favicona.png","width":200,"height":200,"caption":"Comfort Apartments"},"image":{"@id":"https:\/\/noclegioswiecim.eu\/#\/schema\/logo\/image\/"},"sameAs":["https:\/\/www.facebook.com\/oswiecimapartments\/","https:\/\/goo.gl\/maps\/H9x6rxoZWfK3ad1j6","https:\/\/www.instagram.com\/oswiecimapartments\/"]},{"@type":"Person","@id":"https:\/\/noclegioswiecim.eu\/#\/schema\/person\/feafb30ea03805a331616c6bfd80e947","name":"Patrycja","image":{"@type":"ImageObject","inLanguage":"de","@id":"https:\/\/secure.gravatar.com\/avatar\/7c37283748b62bb21affee70f751e75b04d527b2d023e14cdffee17064819ea3?s=96&d=mm&r=g","url":"https:\/\/secure.gravatar.com\/avatar\/7c37283748b62bb21affee70f751e75b04d527b2d023e14cdffee17064819ea3?s=96&d=mm&r=g","contentUrl":"https:\/\/secure.gravatar.com\/avatar\/7c37283748b62bb21affee70f751e75b04d527b2d023e14cdffee17064819ea3?s=96&d=mm&r=g","caption":"Patrycja"}}]}},"_links":{"self":[{"href":"https:\/\/noclegioswiecim.eu\/de\/wp-json\/wp\/v2\/posts\/2511","targetHints":{"allow":["GET"]}}],"collection":[{"href":"https:\/\/noclegioswiecim.eu\/de\/wp-json\/wp\/v2\/posts"}],"about":[{"href":"https:\/\/noclegioswiecim.eu\/de\/wp-json\/wp\/v2\/types\/post"}],"author":[{"embeddable":true,"href":"https:\/\/noclegioswiecim.eu\/de\/wp-json\/wp\/v2\/users\/2"}],"replies":[{"embeddable":true,"href":"https:\/\/noclegioswiecim.eu\/de\/wp-json\/wp\/v2\/comments?post=2511"}],"version-history":[{"count":2,"href":"https:\/\/noclegioswiecim.eu\/de\/wp-json\/wp\/v2\/posts\/2511\/revisions"}],"predecessor-version":[{"id":7678,"href":"https:\/\/noclegioswiecim.eu\/de\/wp-json\/wp\/v2\/posts\/2511\/revisions\/7678"}],"wp:featuredmedia":[{"embeddable":true,"href":"https:\/\/noclegioswiecim.eu\/de\/wp-json\/wp\/v2\/media\/2514"}],"wp:attachment":[{"href":"https:\/\/noclegioswiecim.eu\/de\/wp-json\/wp\/v2\/media?parent=2511"}],"wp:term":[{"taxonomy":"category","embeddable":true,"href":"https:\/\/noclegioswiecim.eu\/de\/wp-json\/wp\/v2\/categories?post=2511"},{"taxonomy":"post_tag","embeddable":true,"href":"https:\/\/noclegioswiecim.eu\/de\/wp-json\/wp\/v2\/tags?post=2511"}],"curies":[{"name":"wp","href":"https:\/\/api.w.org\/{rel}","templated":true}]}}