{"id":2432,"date":"2023-07-26T12:27:07","date_gmt":"2023-07-26T10:27:07","guid":{"rendered":"https:\/\/noclegioswiecim.eu\/unkategorisiert\/ojcow-nationalpark\/"},"modified":"2024-09-04T10:45:51","modified_gmt":"2024-09-04T08:45:51","slug":"ojcow-nationalpark","status":"publish","type":"post","link":"https:\/\/noclegioswiecim.eu\/de\/atrakcje-de\/ojcow-nationalpark\/","title":{"rendered":"Ojc\u00f3w-Nationalpark"},"content":{"rendered":"<p><strong>Entfernung von der Anlage:<\/strong> 73,8 km<\/p>\n<p>Die Bem\u00fchungen um den Schutz der Natur im Pr\u0105dnik-Tal reichen bis in die Anf\u00e4nge zur\u00fcck. 19. Jahrhundert. und beziehen sich auf die ersten Erhebungen, die in diesem Gebiet durchgef\u00fchrt wurden. Damals wurden hier viele interessante Pflanzen- und Tierarten entdeckt und wissenschaftliche Erkundungen von H\u00f6hlen durchgef\u00fchrt. Dar\u00fcber hinaus wurde die v\u00e4terliche Landschaft zum Gegenstand von Berichten und Memoiren und zur Inspiration f\u00fcr viele K\u00fcnstler und Dichter. Die Sch\u00f6nheit des Pr\u0105dnik-Tals, die reiche Flora und Fauna und die interessante arch\u00e4ologische Vergangenheit veranlassten zahlreiche Neuank\u00f6mmlinge, diese Ecke des damaligen Kongress-K\u00f6nigreichs, die sogar als &#8222;polnische Schweiz&#8220; bezeichnet wurde, zu sch\u00fctzen.<\/p>\n<p><strong>F\u00fcr weitere Informationen:<\/strong> <a href=\"http:\/\/www.ojcowskiparknarodowy.pl\">www.ojcowskiparknarodowy.pl<\/a><\/p>\n","protected":false},"excerpt":{"rendered":"<p>Entfernung: 73,8 km<\/p>\n","protected":false},"author":2,"featured_media":2437,"comment_status":"closed","ping_status":"closed","sticky":false,"template":"","format":"standard","meta":{"footnotes":""},"categories":[39],"tags":[],"class_list":["post-2432","post","type-post","status-publish","format-standard","has-post-thumbnail","hentry","category-atrakcje-de"],"yoast_head":"<!-- This site is optimized with the Yoast SEO plugin v27.5 - https:\/\/yoast.com\/product\/yoast-seo-wordpress\/ -->\n<title>Ojc\u00f3w-Nationalpark - Comfort Apartments<\/title>\n<meta name=\"description\" content=\"Die Bem\u00fchungen um den Schutz der Natur im Pr\u0105dnik-Tal reichen bis in die Anf\u00e4nge zur\u00fcck. 19. Jahrhundert. und beziehen sich auf die ersten Erhebungen, die in diesem Gebiet durchgef\u00fchrt wurden.\" \/>\n<meta name=\"robots\" content=\"index, follow, max-snippet:-1, max-image-preview:large, max-video-preview:-1\" \/>\n<link rel=\"canonical\" href=\"https:\/\/noclegioswiecim.eu\/de\/atrakcje-de\/ojcow-nationalpark\/\" \/>\n<meta property=\"og:locale\" content=\"de_DE\" \/>\n<meta property=\"og:type\" content=\"article\" \/>\n<meta property=\"og:title\" content=\"Ojc\u00f3w-Nationalpark - Comfort Apartments\" \/>\n<meta property=\"og:description\" content=\"Die Bem\u00fchungen um den Schutz der Natur im Pr\u0105dnik-Tal reichen bis in die Anf\u00e4nge zur\u00fcck. 19. Jahrhundert. und beziehen sich auf die ersten Erhebungen, die in diesem Gebiet durchgef\u00fchrt wurden.\" \/>\n<meta property=\"og:url\" content=\"https:\/\/noclegioswiecim.eu\/de\/atrakcje-de\/ojcow-nationalpark\/\" \/>\n<meta property=\"og:site_name\" content=\"Comfort Apartments\" \/>\n<meta property=\"article:publisher\" content=\"https:\/\/www.facebook.com\/oswiecimapartments\/\" \/>\n<meta property=\"article:published_time\" content=\"2023-07-26T10:27:07+00:00\" \/>\n<meta property=\"article:modified_time\" content=\"2024-09-04T08:45:51+00:00\" \/>\n<meta property=\"og:image\" content=\"https:\/\/noclegioswiecim.eu\/wp-content\/uploads\/2023\/07\/mlode_lisy.jpg\" \/>\n\t<meta property=\"og:image:width\" content=\"749\" \/>\n\t<meta property=\"og:image:height\" content=\"502\" \/>\n\t<meta property=\"og:image:type\" content=\"image\/jpeg\" \/>\n<meta name=\"author\" content=\"Patrycja\" \/>\n<meta name=\"twitter:card\" content=\"summary_large_image\" \/>\n<meta name=\"twitter:label1\" content=\"Verfasst von\" \/>\n\t<meta name=\"twitter:data1\" content=\"Patrycja\" \/>\n\t<meta name=\"twitter:label2\" content=\"Gesch\u00e4tzte Lesezeit\" \/>\n\t<meta name=\"twitter:data2\" content=\"1\u00a0Minute\" \/>\n<script type=\"application\/ld+json\" class=\"yoast-schema-graph\">{\"@context\":\"https:\\\/\\\/schema.org\",\"@graph\":[{\"@type\":\"Article\",\"@id\":\"https:\\\/\\\/noclegioswiecim.eu\\\/de\\\/atrakcje-de\\\/ojcow-nationalpark\\\/#article\",\"isPartOf\":{\"@id\":\"https:\\\/\\\/noclegioswiecim.eu\\\/de\\\/atrakcje-de\\\/ojcow-nationalpark\\\/\"},\"author\":{\"name\":\"Patrycja\",\"@id\":\"https:\\\/\\\/noclegioswiecim.eu\\\/#\\\/schema\\\/person\\\/feafb30ea03805a331616c6bfd80e947\"},\"headline\":\"Ojc\u00f3w-Nationalpark\",\"datePublished\":\"2023-07-26T10:27:07+00:00\",\"dateModified\":\"2024-09-04T08:45:51+00:00\",\"mainEntityOfPage\":{\"@id\":\"https:\\\/\\\/noclegioswiecim.eu\\\/de\\\/atrakcje-de\\\/ojcow-nationalpark\\\/\"},\"wordCount\":126,\"publisher\":{\"@id\":\"https:\\\/\\\/noclegioswiecim.eu\\\/#organization\"},\"image\":{\"@id\":\"https:\\\/\\\/noclegioswiecim.eu\\\/de\\\/atrakcje-de\\\/ojcow-nationalpark\\\/#primaryimage\"},\"thumbnailUrl\":\"https:\\\/\\\/noclegioswiecim.eu\\\/wp-content\\\/uploads\\\/2023\\\/07\\\/mlode_lisy.jpg\",\"articleSection\":[\"Sehensw\u00fcrdigkeiten\"],\"inLanguage\":\"de\"},{\"@type\":\"WebPage\",\"@id\":\"https:\\\/\\\/noclegioswiecim.eu\\\/de\\\/atrakcje-de\\\/ojcow-nationalpark\\\/\",\"url\":\"https:\\\/\\\/noclegioswiecim.eu\\\/de\\\/atrakcje-de\\\/ojcow-nationalpark\\\/\",\"name\":\"Ojc\u00f3w-Nationalpark - Comfort Apartments\",\"isPartOf\":{\"@id\":\"https:\\\/\\\/noclegioswiecim.eu\\\/#website\"},\"primaryImageOfPage\":{\"@id\":\"https:\\\/\\\/noclegioswiecim.eu\\\/de\\\/atrakcje-de\\\/ojcow-nationalpark\\\/#primaryimage\"},\"image\":{\"@id\":\"https:\\\/\\\/noclegioswiecim.eu\\\/de\\\/atrakcje-de\\\/ojcow-nationalpark\\\/#primaryimage\"},\"thumbnailUrl\":\"https:\\\/\\\/noclegioswiecim.eu\\\/wp-content\\\/uploads\\\/2023\\\/07\\\/mlode_lisy.jpg\",\"datePublished\":\"2023-07-26T10:27:07+00:00\",\"dateModified\":\"2024-09-04T08:45:51+00:00\",\"description\":\"Die Bem\u00fchungen um den Schutz der Natur im Pr\u0105dnik-Tal reichen bis in die Anf\u00e4nge zur\u00fcck. 19. Jahrhundert. und beziehen sich auf die ersten Erhebungen, die in diesem Gebiet durchgef\u00fchrt wurden.\",\"breadcrumb\":{\"@id\":\"https:\\\/\\\/noclegioswiecim.eu\\\/de\\\/atrakcje-de\\\/ojcow-nationalpark\\\/#breadcrumb\"},\"inLanguage\":\"de\",\"potentialAction\":[{\"@type\":\"ReadAction\",\"target\":[\"https:\\\/\\\/noclegioswiecim.eu\\\/de\\\/atrakcje-de\\\/ojcow-nationalpark\\\/\"]}]},{\"@type\":\"ImageObject\",\"inLanguage\":\"de\",\"@id\":\"https:\\\/\\\/noclegioswiecim.eu\\\/de\\\/atrakcje-de\\\/ojcow-nationalpark\\\/#primaryimage\",\"url\":\"https:\\\/\\\/noclegioswiecim.eu\\\/wp-content\\\/uploads\\\/2023\\\/07\\\/mlode_lisy.jpg\",\"contentUrl\":\"https:\\\/\\\/noclegioswiecim.eu\\\/wp-content\\\/uploads\\\/2023\\\/07\\\/mlode_lisy.jpg\",\"width\":749,\"height\":502},{\"@type\":\"BreadcrumbList\",\"@id\":\"https:\\\/\\\/noclegioswiecim.eu\\\/de\\\/atrakcje-de\\\/ojcow-nationalpark\\\/#breadcrumb\",\"itemListElement\":[{\"@type\":\"ListItem\",\"position\":1,\"name\":\"Strona g\u0142\u00f3wna\",\"item\":\"https:\\\/\\\/noclegioswiecim.eu\\\/de\\\/\"},{\"@type\":\"ListItem\",\"position\":2,\"name\":\"Ojc\u00f3w-Nationalpark\"}]},{\"@type\":\"WebSite\",\"@id\":\"https:\\\/\\\/noclegioswiecim.eu\\\/#website\",\"url\":\"https:\\\/\\\/noclegioswiecim.eu\\\/\",\"name\":\"Comfort Apartments\",\"description\":\"Noclegi O\u015bwi\u0119cim \\\/ Booking O\u015bwi\u0119cim\",\"publisher\":{\"@id\":\"https:\\\/\\\/noclegioswiecim.eu\\\/#organization\"},\"potentialAction\":[{\"@type\":\"SearchAction\",\"target\":{\"@type\":\"EntryPoint\",\"urlTemplate\":\"https:\\\/\\\/noclegioswiecim.eu\\\/?s={search_term_string}\"},\"query-input\":{\"@type\":\"PropertyValueSpecification\",\"valueRequired\":true,\"valueName\":\"search_term_string\"}}],\"inLanguage\":\"de\"},{\"@type\":\"Organization\",\"@id\":\"https:\\\/\\\/noclegioswiecim.eu\\\/#organization\",\"name\":\"Comfort Apartments\",\"url\":\"https:\\\/\\\/noclegioswiecim.eu\\\/\",\"logo\":{\"@type\":\"ImageObject\",\"inLanguage\":\"de\",\"@id\":\"https:\\\/\\\/noclegioswiecim.eu\\\/#\\\/schema\\\/logo\\\/image\\\/\",\"url\":\"https:\\\/\\\/noclegioswiecim.eu\\\/wp-content\\\/uploads\\\/2023\\\/02\\\/favicona.png\",\"contentUrl\":\"https:\\\/\\\/noclegioswiecim.eu\\\/wp-content\\\/uploads\\\/2023\\\/02\\\/favicona.png\",\"width\":200,\"height\":200,\"caption\":\"Comfort Apartments\"},\"image\":{\"@id\":\"https:\\\/\\\/noclegioswiecim.eu\\\/#\\\/schema\\\/logo\\\/image\\\/\"},\"sameAs\":[\"https:\\\/\\\/www.facebook.com\\\/oswiecimapartments\\\/\",\"https:\\\/\\\/goo.gl\\\/maps\\\/H9x6rxoZWfK3ad1j6\",\"https:\\\/\\\/www.instagram.com\\\/oswiecimapartments\\\/\"]},{\"@type\":\"Person\",\"@id\":\"https:\\\/\\\/noclegioswiecim.eu\\\/#\\\/schema\\\/person\\\/feafb30ea03805a331616c6bfd80e947\",\"name\":\"Patrycja\",\"image\":{\"@type\":\"ImageObject\",\"inLanguage\":\"de\",\"@id\":\"https:\\\/\\\/secure.gravatar.com\\\/avatar\\\/7c37283748b62bb21affee70f751e75b04d527b2d023e14cdffee17064819ea3?s=96&d=mm&r=g\",\"url\":\"https:\\\/\\\/secure.gravatar.com\\\/avatar\\\/7c37283748b62bb21affee70f751e75b04d527b2d023e14cdffee17064819ea3?s=96&d=mm&r=g\",\"contentUrl\":\"https:\\\/\\\/secure.gravatar.com\\\/avatar\\\/7c37283748b62bb21affee70f751e75b04d527b2d023e14cdffee17064819ea3?s=96&d=mm&r=g\",\"caption\":\"Patrycja\"}}]}<\/script>\n<!-- \/ Yoast SEO plugin. -->","yoast_head_json":{"title":"Ojc\u00f3w-Nationalpark - Comfort Apartments","description":"Die Bem\u00fchungen um den Schutz der Natur im Pr\u0105dnik-Tal reichen bis in die Anf\u00e4nge zur\u00fcck. 19. Jahrhundert. und beziehen sich auf die ersten Erhebungen, die in diesem Gebiet durchgef\u00fchrt wurden.","robots":{"index":"index","follow":"follow","max-snippet":"max-snippet:-1","max-image-preview":"max-image-preview:large","max-video-preview":"max-video-preview:-1"},"canonical":"https:\/\/noclegioswiecim.eu\/de\/atrakcje-de\/ojcow-nationalpark\/","og_locale":"de_DE","og_type":"article","og_title":"Ojc\u00f3w-Nationalpark - Comfort Apartments","og_description":"Die Bem\u00fchungen um den Schutz der Natur im Pr\u0105dnik-Tal reichen bis in die Anf\u00e4nge zur\u00fcck. 19. Jahrhundert. und beziehen sich auf die ersten Erhebungen, die in diesem Gebiet durchgef\u00fchrt wurden.","og_url":"https:\/\/noclegioswiecim.eu\/de\/atrakcje-de\/ojcow-nationalpark\/","og_site_name":"Comfort Apartments","article_publisher":"https:\/\/www.facebook.com\/oswiecimapartments\/","article_published_time":"2023-07-26T10:27:07+00:00","article_modified_time":"2024-09-04T08:45:51+00:00","og_image":[{"width":749,"height":502,"url":"https:\/\/noclegioswiecim.eu\/wp-content\/uploads\/2023\/07\/mlode_lisy.jpg","type":"image\/jpeg"}],"author":"Patrycja","twitter_card":"summary_large_image","twitter_misc":{"Verfasst von":"Patrycja","Gesch\u00e4tzte Lesezeit":"1\u00a0Minute"},"schema":{"@context":"https:\/\/schema.org","@graph":[{"@type":"Article","@id":"https:\/\/noclegioswiecim.eu\/de\/atrakcje-de\/ojcow-nationalpark\/#article","isPartOf":{"@id":"https:\/\/noclegioswiecim.eu\/de\/atrakcje-de\/ojcow-nationalpark\/"},"author":{"name":"Patrycja","@id":"https:\/\/noclegioswiecim.eu\/#\/schema\/person\/feafb30ea03805a331616c6bfd80e947"},"headline":"Ojc\u00f3w-Nationalpark","datePublished":"2023-07-26T10:27:07+00:00","dateModified":"2024-09-04T08:45:51+00:00","mainEntityOfPage":{"@id":"https:\/\/noclegioswiecim.eu\/de\/atrakcje-de\/ojcow-nationalpark\/"},"wordCount":126,"publisher":{"@id":"https:\/\/noclegioswiecim.eu\/#organization"},"image":{"@id":"https:\/\/noclegioswiecim.eu\/de\/atrakcje-de\/ojcow-nationalpark\/#primaryimage"},"thumbnailUrl":"https:\/\/noclegioswiecim.eu\/wp-content\/uploads\/2023\/07\/mlode_lisy.jpg","articleSection":["Sehensw\u00fcrdigkeiten"],"inLanguage":"de"},{"@type":"WebPage","@id":"https:\/\/noclegioswiecim.eu\/de\/atrakcje-de\/ojcow-nationalpark\/","url":"https:\/\/noclegioswiecim.eu\/de\/atrakcje-de\/ojcow-nationalpark\/","name":"Ojc\u00f3w-Nationalpark - Comfort Apartments","isPartOf":{"@id":"https:\/\/noclegioswiecim.eu\/#website"},"primaryImageOfPage":{"@id":"https:\/\/noclegioswiecim.eu\/de\/atrakcje-de\/ojcow-nationalpark\/#primaryimage"},"image":{"@id":"https:\/\/noclegioswiecim.eu\/de\/atrakcje-de\/ojcow-nationalpark\/#primaryimage"},"thumbnailUrl":"https:\/\/noclegioswiecim.eu\/wp-content\/uploads\/2023\/07\/mlode_lisy.jpg","datePublished":"2023-07-26T10:27:07+00:00","dateModified":"2024-09-04T08:45:51+00:00","description":"Die Bem\u00fchungen um den Schutz der Natur im Pr\u0105dnik-Tal reichen bis in die Anf\u00e4nge zur\u00fcck. 19. Jahrhundert. und beziehen sich auf die ersten Erhebungen, die in diesem Gebiet durchgef\u00fchrt wurden.","breadcrumb":{"@id":"https:\/\/noclegioswiecim.eu\/de\/atrakcje-de\/ojcow-nationalpark\/#breadcrumb"},"inLanguage":"de","potentialAction":[{"@type":"ReadAction","target":["https:\/\/noclegioswiecim.eu\/de\/atrakcje-de\/ojcow-nationalpark\/"]}]},{"@type":"ImageObject","inLanguage":"de","@id":"https:\/\/noclegioswiecim.eu\/de\/atrakcje-de\/ojcow-nationalpark\/#primaryimage","url":"https:\/\/noclegioswiecim.eu\/wp-content\/uploads\/2023\/07\/mlode_lisy.jpg","contentUrl":"https:\/\/noclegioswiecim.eu\/wp-content\/uploads\/2023\/07\/mlode_lisy.jpg","width":749,"height":502},{"@type":"BreadcrumbList","@id":"https:\/\/noclegioswiecim.eu\/de\/atrakcje-de\/ojcow-nationalpark\/#breadcrumb","itemListElement":[{"@type":"ListItem","position":1,"name":"Strona g\u0142\u00f3wna","item":"https:\/\/noclegioswiecim.eu\/de\/"},{"@type":"ListItem","position":2,"name":"Ojc\u00f3w-Nationalpark"}]},{"@type":"WebSite","@id":"https:\/\/noclegioswiecim.eu\/#website","url":"https:\/\/noclegioswiecim.eu\/","name":"Comfort Apartments","description":"Noclegi O\u015bwi\u0119cim \/ Booking O\u015bwi\u0119cim","publisher":{"@id":"https:\/\/noclegioswiecim.eu\/#organization"},"potentialAction":[{"@type":"SearchAction","target":{"@type":"EntryPoint","urlTemplate":"https:\/\/noclegioswiecim.eu\/?s={search_term_string}"},"query-input":{"@type":"PropertyValueSpecification","valueRequired":true,"valueName":"search_term_string"}}],"inLanguage":"de"},{"@type":"Organization","@id":"https:\/\/noclegioswiecim.eu\/#organization","name":"Comfort Apartments","url":"https:\/\/noclegioswiecim.eu\/","logo":{"@type":"ImageObject","inLanguage":"de","@id":"https:\/\/noclegioswiecim.eu\/#\/schema\/logo\/image\/","url":"https:\/\/noclegioswiecim.eu\/wp-content\/uploads\/2023\/02\/favicona.png","contentUrl":"https:\/\/noclegioswiecim.eu\/wp-content\/uploads\/2023\/02\/favicona.png","width":200,"height":200,"caption":"Comfort Apartments"},"image":{"@id":"https:\/\/noclegioswiecim.eu\/#\/schema\/logo\/image\/"},"sameAs":["https:\/\/www.facebook.com\/oswiecimapartments\/","https:\/\/goo.gl\/maps\/H9x6rxoZWfK3ad1j6","https:\/\/www.instagram.com\/oswiecimapartments\/"]},{"@type":"Person","@id":"https:\/\/noclegioswiecim.eu\/#\/schema\/person\/feafb30ea03805a331616c6bfd80e947","name":"Patrycja","image":{"@type":"ImageObject","inLanguage":"de","@id":"https:\/\/secure.gravatar.com\/avatar\/7c37283748b62bb21affee70f751e75b04d527b2d023e14cdffee17064819ea3?s=96&d=mm&r=g","url":"https:\/\/secure.gravatar.com\/avatar\/7c37283748b62bb21affee70f751e75b04d527b2d023e14cdffee17064819ea3?s=96&d=mm&r=g","contentUrl":"https:\/\/secure.gravatar.com\/avatar\/7c37283748b62bb21affee70f751e75b04d527b2d023e14cdffee17064819ea3?s=96&d=mm&r=g","caption":"Patrycja"}}]}},"_links":{"self":[{"href":"https:\/\/noclegioswiecim.eu\/de\/wp-json\/wp\/v2\/posts\/2432","targetHints":{"allow":["GET"]}}],"collection":[{"href":"https:\/\/noclegioswiecim.eu\/de\/wp-json\/wp\/v2\/posts"}],"about":[{"href":"https:\/\/noclegioswiecim.eu\/de\/wp-json\/wp\/v2\/types\/post"}],"author":[{"embeddable":true,"href":"https:\/\/noclegioswiecim.eu\/de\/wp-json\/wp\/v2\/users\/2"}],"replies":[{"embeddable":true,"href":"https:\/\/noclegioswiecim.eu\/de\/wp-json\/wp\/v2\/comments?post=2432"}],"version-history":[{"count":2,"href":"https:\/\/noclegioswiecim.eu\/de\/wp-json\/wp\/v2\/posts\/2432\/revisions"}],"predecessor-version":[{"id":7688,"href":"https:\/\/noclegioswiecim.eu\/de\/wp-json\/wp\/v2\/posts\/2432\/revisions\/7688"}],"wp:featuredmedia":[{"embeddable":true,"href":"https:\/\/noclegioswiecim.eu\/de\/wp-json\/wp\/v2\/media\/2437"}],"wp:attachment":[{"href":"https:\/\/noclegioswiecim.eu\/de\/wp-json\/wp\/v2\/media?parent=2432"}],"wp:term":[{"taxonomy":"category","embeddable":true,"href":"https:\/\/noclegioswiecim.eu\/de\/wp-json\/wp\/v2\/categories?post=2432"},{"taxonomy":"post_tag","embeddable":true,"href":"https:\/\/noclegioswiecim.eu\/de\/wp-json\/wp\/v2\/tags?post=2432"}],"curies":[{"name":"wp","href":"https:\/\/api.w.org\/{rel}","templated":true}]}}