{"id":2853,"date":"2023-05-15T00:00:00","date_gmt":"2023-05-14T22:00:00","guid":{"rendered":"https:\/\/noclegioswiecim.eu\/bez-kategorii\/7-nejlepsich-kavaren-v-osvetimi-kde-si-dat-lahodnou-kavu\/"},"modified":"2024-03-20T14:11:08","modified_gmt":"2024-03-20T13:11:08","slug":"7-nejlepsich-kavaren-v-osvetimi-kde-si-dat-lahodnou-kavu","status":"publish","type":"post","link":"https:\/\/noclegioswiecim.eu\/cs\/pruvodce\/7-nejlepsich-kavaren-v-osvetimi-kde-si-dat-lahodnou-kavu\/","title":{"rendered":"7 nejlep\u0161\u00edch kav\u00e1ren v Osv\u011btimi &#8211; kde si d\u00e1t lahodnou k\u00e1vu?"},"content":{"rendered":"<p>K\u00e1vu si m\u016f\u017eete vychutnat nejen doma nebo ve sv\u00e9 obl\u00edben\u00e9 kav\u00e1rn\u011b, ale tak\u00e9 na dovolen\u00e9 a v\u00edkendov\u00fdch v\u00fdletech. P\u0159i pl\u00e1nov\u00e1n\u00ed pobytu v Osv\u011btimi je dobr\u00e9 se na n\u00e1v\u0161t\u011bvu Malopolska dob\u0159e p\u0159ipravit a zjistit, kde si m\u016f\u017eete vychutnat rann\u00ed nebo odpoledn\u00ed k\u00e1vu. Objevte nejlep\u0161\u00ed kav\u00e1rny v Osv\u011btimi, jejich\u017e nab\u00eddka v\u00e1s jist\u011b nezklame.<\/p>\n<p>Pokud m\u011bstem proj\u00ed\u017ed\u00edte nebo pl\u00e1nujete del\u0161\u00ed pobyt, vyplat\u00ed se vyu\u017e\u00edt nab\u00eddky restaurac\u00ed a kav\u00e1ren, kde m\u016f\u017eete p\u0159\u00edjemn\u011b str\u00e1vit voln\u00fd \u010das v uvoln\u011bn\u00e9 atmosf\u00e9\u0159e. Speci\u00e1ln\u011b pro milovn\u00edky aromatick\u00e9 k\u00e1vy jsme p\u0159ipravili seznam pozoruhodn\u00fdch kav\u00e1ren v Osv\u011btimi, kde krom\u011b aromatick\u00e9ho n\u00e1poje boh\u016f \u010dek\u00e1 i n\u011bco dobr\u00e9ho na zub.<\/p>\n<h2><\/h2>\n<h2>Pro\u010d str\u00e1vit dovolenou nebo v\u00edkend v Osv\u011btimi?<\/h2>\n<p>Osv\u011btim je ide\u00e1ln\u00ed z\u00e1kladnou pro pozn\u00e1v\u00e1n\u00ed <strong>Mal\u00fdch Beskyd<\/strong>. Na turisty zde \u010dekaj\u00ed jedine\u010dn\u00e9 pam\u00e1tky a dal\u0161\u00ed zaj\u00edmavosti, stejn\u011b jako m\u00edsta, kde se mohou v\u011bnovat aktivn\u00edmu tr\u00e1ven\u00ed voln\u00e9ho \u010dasu. Kr\u00e1sn\u00e9 okol\u00ed, divok\u00e1 p\u0159\u00edroda, m\u00edsta ide\u00e1ln\u00ed pro cyklistiku, proch\u00e1zky a koup\u00e1n\u00ed jsou jen n\u011bkter\u00e9 z v\u00fdhod Osv\u011btimi.<\/p>\n<p>Kdy\u017e se rozhodneme pro pobyt v Osv\u011btimi, m\u011bli bychom se na n\u011bj dob\u0159e p\u0159ipravit. Pro za\u010d\u00e1tek se vyplat\u00ed sestavit si pl\u00e1n cesty, do kter\u00e9ho si zap\u00ed\u0161ete pam\u00e1tky a zaj\u00edmavosti, kter\u00e9 v\u00e1s zaj\u00edmaj\u00ed. Vyhnete se tak nervozit\u011b a chaosu, kter\u00e9 jsou zdrojem zbyte\u010dn\u00e9ho stresu. Itiner\u00e1\u0159 by m\u011bl zahrnovat tak\u00e9 m\u00edsta, kde si m\u016f\u017eete d\u00e1t chutnou sn\u00eddani, ob\u011bd, ve\u010de\u0159i nebo vo\u0148avou k\u00e1vu. Vyplat\u00ed se vyu\u017e\u00edt mo\u017enosti rezervovat si ubytov\u00e1n\u00ed online. <strong>Booking O\u015bwi\u0119cim<\/strong> je vynikaj\u00edc\u00ed volbou pro ka\u017ed\u00e9ho, kdo hled\u00e1 nejen pohodln\u00e9 ubytov\u00e1n\u00ed, ale tak\u00e9 ubytov\u00e1n\u00ed na m\u00edru. Zde si m\u016f\u017eete rezervovat nap\u0159\u00edklad <strong>hotely v Osv\u011btimi,<\/strong> ale i <strong>chaty v<\/strong> Osv\u011btimi a <strong>byty v Osv\u011btimi<\/strong>.<\/p>\n<h2><\/h2>\n<h2>7 nejlep\u0161\u00edch kav\u00e1ren v Osv\u011btimi<\/h2>\n<ol>\n<li>\n<h3><strong>Obiln\u00e1 kav\u00e1rna<br \/>\n<\/strong><\/h3>\n<p>Ziarno Caf\u00e9 je kav\u00e1rna, kde si m\u016f\u017eete nejen vyp\u00edt lahodnou k\u00e1vu a pochutnat si na v\u00fdjime\u010dn\u00e9m pe\u010divu, ale tak\u00e9 si d\u00e1t v\u00fd\u017eivnou sn\u00eddani. Are\u00e1l se nach\u00e1z\u00ed na <strong>osv\u011btimsk\u00e9m bulv\u00e1ru<\/strong>. Tato malebn\u00e1 lokalita okouzluje m\u00edstn\u00ed obyvatele i turisty a zve je k odpo\u010dinku uprost\u0159ed kr\u00e1sn\u00e9 p\u0159\u00edrody. Kav\u00e1rna Ziarno je zn\u00e1m\u00e1 mimo jin\u00e9 t\u00edm, \u017ee. croissanty p\u0159ipravovan\u00e9 na m\u00edst\u011b, sladk\u00e9 i slan\u00e9.<\/li>\n<li>\n<h3><strong>Kav\u00e1rna a restaurace Kafka&amp;Ciacho<br \/>\n<\/strong><\/h3>\n<p><strong>Kav\u00e1rna a restaurace Kafka&amp;Ciacho<\/strong> spln\u00ed o\u010dek\u00e1v\u00e1n\u00ed nejen milovn\u00edk\u016f k\u00e1vy v r\u016fzn\u00fdch podob\u00e1ch. Stoj\u00ed za to nav\u0161t\u00edvit provozovnu a ochutnat j\u00eddlo, kter\u00e9 se zde pod\u00e1v\u00e1, stejn\u011b jako dorty, \u010derstv\u011b vyma\u010dkan\u00e9 \u0161\u0165\u00e1vy a smoothies. Nab\u00eddka zahrnuje. v\u00edce ne\u017e tucet druh\u016f k\u00e1vy, n\u00e1vrhy na sn\u00eddan\u011b, p\u0159edkrmy, sal\u00e1ty, dezerty a j\u00eddla, kter\u00e1 v\u00e1m dodaj\u00ed energii na pozn\u00e1v\u00e1n\u00ed Osv\u011btimi a okol\u00ed. Kafka&amp;Ciacho Caf\u00e9 and Restaurant se nach\u00e1z\u00ed na adrese <strong>8B 3 May<\/strong><strong> Street<\/strong>.<\/li>\n<li>\n<h3><strong>Kav\u00e1rna Kawka<br \/>\n<\/strong><\/h3>\n<p><strong>Kav\u00e1rna Kawka Coffee House<\/strong> nab\u00edz\u00ed vynikaj\u00edc\u00ed k\u00e1vu, sn\u00eddan\u011b a pe\u010divo z vlastn\u00ed cukr\u00e1rny. Stoj\u00ed za to se s t\u00edmto podnikem bl\u00ed\u017ee sezn\u00e1mit, proto\u017ee jeho nab\u00eddka oslov\u00ed jak milovn\u00edky tradi\u010dn\u00edch chut\u00ed, tak vegany a ty, kte\u0159\u00ed ze sv\u00e9ho j\u00eddeln\u00ed\u010dku vy\u0159adili lepek. Kav\u00e1rna Specialty Kawka se nach\u00e1z\u00ed na ulici <strong>Mickiewicza 10<\/strong>. Nab\u00eddku t\u00e9to provozovny m\u016f\u017eete vyu\u017e\u00edt tak\u00e9 v <strong>Andrychov\u011b<\/strong> na <strong>ulici Rynek 33<\/strong>.<\/li>\n<li>\n<h3><strong>Ud\u011blejte si p\u0159est\u00e1vku<br \/>\n<\/strong><\/h3>\n<p>Za doporu\u010den\u00ed stoj\u00ed tak\u00e9 kav\u00e1rna <strong>Take a break<\/strong> na <strong>osv\u011btimsk\u00e9m n\u00e1m\u011bst\u00ed<\/strong>. Zde si m\u016f\u017eete vychutnat chu\u0165 tradi\u010dn\u00ed i alternativn\u00ed k\u00e1vy, stejn\u011b jako v\u00fd\u017eivnou sn\u00eddani nebo ob\u011bd. V nab\u00eddce jsou tak\u00e9 sez\u00f3nn\u00ed pokrmy, jako nap\u0159.. osv\u011b\u017euj\u00edc\u00ed limon\u00e1dy, ledovou k\u00e1vu a \u010daj.<\/li>\n<li>\n<h3><strong>Rhapsody Cafe<br \/>\n<\/strong><\/h3>\n<p><strong>Rhapsodia Caf\u00e9 <\/strong>je m\u00edsto, kde se krom\u011b k\u00e1vy pod\u00e1v\u00e1. zmrzlina z m\u00edstn\u00ed produkce, dom\u00e1c\u00ed pe\u010divo a pizza. Kav\u00e1rna Rhapsodia se nach\u00e1z\u00ed na <strong>ulici J\u0119drzeja \u015aniadeckiego<\/strong> <strong>22B<\/strong>. M\u016f\u017eete se zde dob\u0159e pobavit s rodinou a p\u0159\u00e1teli, proto\u017ee v nab\u00eddce je pro ka\u017ed\u00e9ho n\u011bco.<\/li>\n<li>\n<h3><strong>Kav\u00e1rna Bergson<\/strong><\/h3>\n<p><span style=\"font-size: 16px;\">N\u00e1v\u0161t\u011bva <\/span><strong style=\"font-size: 16px;\">Oshpitzin<\/strong> <strong style=\"font-size: 16px;\">\u017didovsk\u00e9 muzeum<\/strong><span style=\"font-size: 16px;\">nem\u016f\u017eete proj\u00edt lhostejn\u011b <\/span><strong style=\"font-size: 16px;\">Kav\u00e1rna Bergson<\/strong><span style=\"font-size: 16px;\">kter\u00e1 se nach\u00e1z\u00ed v dom\u011b posledn\u00edho \u017eidovsk\u00e9ho obyvatele Osv\u011btimi Szymona Klugera. Kav\u00e1rna Bergson nab\u00edz\u00ed. aromatick\u00e1 k\u00e1va, dom\u00e1c\u00ed vegetari\u00e1nsk\u00e9 kol\u00e1\u010de, bagety a bio n\u00e1poje. Kav\u00e1rna Bergson se nach\u00e1z\u00ed na adrese  <\/span><strong style=\"font-size: 16px;\">Fr. J. Skarbek 5.<br \/>\n<\/strong><\/li>\n<li>\n<h3><strong>Little Black Eat &amp; Drink<br \/>\n<\/strong><\/h3>\n<p><strong>Ma\u0142a Czarna Eat &amp; Drink <\/strong>je dal\u0161\u00edm doporu\u010den\u00fdm m\u00edstem na map\u011b Osv\u011btimi. Zde si m\u016f\u017eete vychutnat chutn\u00e9 j\u00eddlo, vo\u0148avou k\u00e1vu a dal\u0161\u00ed n\u00e1poje. Little Black Eat &amp; Drink nab\u00edz\u00ed mimo jin\u00e9. lahodn\u00e9 hov\u011bz\u00ed maso, t\u011bstoviny, hamburgery, pala\u010dinky a sladk\u00e9 pe\u010divo. Restaurace Ma\u0142a Czarna Eat &amp; Drink se nach\u00e1z\u00ed na <strong>ulici<\/strong> <strong>Rynek G\u0142\u00f3wny 15<\/strong>.<\/li>\n<\/ol>\n<h2><\/h2>\n<h2>Souhrn<\/h2>\n<p>V\u0161echny v\u00fd\u0161e uveden\u00e9 kav\u00e1rny pod\u00e1vaj\u00ed k\u00e1vu nejvy\u0161\u0161\u00ed kvality a pe\u010duj\u00ed o chu\u0165ov\u00e9 bu\u0148ky sv\u00fdch host\u016f. Chutn\u00e9 a velmi rozmanit\u00e9 menu dopl\u0148uje jedine\u010dn\u00e1 atmosf\u00e9ra. D\u00edky \u0161irok\u00e9 nab\u00eddce kav\u00e1ren a restaurac\u00ed se pobyt v Osv\u011btimi stane nejen odpo\u010dinkem a prohl\u00eddkou pam\u00e1tek, ale tak\u00e9 pastvou pro chu\u0165ov\u00e9 bu\u0148ky.<\/p>\n","protected":false},"excerpt":{"rendered":"<p>K\u00e1vu si m\u016f\u017eete vychutnat nejen doma nebo ve sv\u00e9 obl\u00edben\u00e9 [&hellip;]<\/p>\n","protected":false},"author":1,"featured_media":2854,"comment_status":"closed","ping_status":"closed","sticky":false,"template":"","format":"standard","meta":{"footnotes":""},"categories":[76],"tags":[],"class_list":["post-2853","post","type-post","status-publish","format-standard","has-post-thumbnail","hentry","category-pruvodce"],"yoast_head":"<!-- This site is optimized with the Yoast SEO plugin v27.5 - https:\/\/yoast.com\/product\/yoast-seo-wordpress\/ -->\n<title>7 nejlep\u0161\u00edch kav\u00e1ren v Osv\u011btimi - kde si d\u00e1t lahodnou k\u00e1vu? - Comfort Apartments<\/title>\n<meta name=\"description\" content=\"Osv\u011btim je ide\u00e1ln\u00ed z\u00e1kladnou pro pozn\u00e1v\u00e1n\u00ed Mal\u00fdch Beskyd. Na turisty zde \u010dekaj\u00ed jedine\u010dn\u00e9 pam\u00e1tky a dal\u0161\u00ed zaj\u00edmavosti.\" \/>\n<meta name=\"robots\" content=\"index, follow, max-snippet:-1, max-image-preview:large, max-video-preview:-1\" \/>\n<link rel=\"canonical\" href=\"https:\/\/noclegioswiecim.eu\/cs\/?p=2853\" \/>\n<meta property=\"og:locale\" content=\"cs_CZ\" \/>\n<meta property=\"og:type\" content=\"article\" \/>\n<meta property=\"og:title\" content=\"7 nejlep\u0161\u00edch kav\u00e1ren v Osv\u011btimi - kde si d\u00e1t lahodnou k\u00e1vu? - Comfort Apartments\" \/>\n<meta property=\"og:description\" content=\"Osv\u011btim je ide\u00e1ln\u00ed z\u00e1kladnou pro pozn\u00e1v\u00e1n\u00ed Mal\u00fdch Beskyd. Na turisty zde \u010dekaj\u00ed jedine\u010dn\u00e9 pam\u00e1tky a dal\u0161\u00ed zaj\u00edmavosti.\" \/>\n<meta property=\"og:url\" content=\"https:\/\/noclegioswiecim.eu\/cs\/?p=2853\" \/>\n<meta property=\"og:site_name\" content=\"Comfort Apartments\" \/>\n<meta property=\"article:publisher\" content=\"https:\/\/www.facebook.com\/oswiecimapartments\/\" \/>\n<meta property=\"article:published_time\" content=\"2023-05-14T22:00:00+00:00\" \/>\n<meta property=\"article:modified_time\" content=\"2024-03-20T13:11:08+00:00\" \/>\n<meta property=\"og:image\" content=\"https:\/\/noclegioswiecim.eu\/wp-content\/uploads\/2023\/07\/noclegioswiecim-kawiarnie-w-oswiecimiu.jpg\" \/>\n\t<meta property=\"og:image:width\" content=\"1167\" \/>\n\t<meta property=\"og:image:height\" content=\"843\" \/>\n\t<meta property=\"og:image:type\" content=\"image\/jpeg\" \/>\n<meta name=\"author\" content=\"PXadamCA\" \/>\n<meta name=\"twitter:card\" content=\"summary_large_image\" \/>\n<meta name=\"twitter:label1\" content=\"Napsal(a)\" \/>\n\t<meta name=\"twitter:data1\" content=\"PXadamCA\" \/>\n\t<meta name=\"twitter:label2\" content=\"Odhadovan\u00e1 doba \u010dten\u00ed\" \/>\n\t<meta name=\"twitter:data2\" content=\"5 minut\" \/>\n<script type=\"application\/ld+json\" class=\"yoast-schema-graph\">{\"@context\":\"https:\\\/\\\/schema.org\",\"@graph\":[{\"@type\":\"Article\",\"@id\":\"https:\\\/\\\/noclegioswiecim.eu\\\/cs\\\/?p=2853#article\",\"isPartOf\":{\"@id\":\"https:\\\/\\\/noclegioswiecim.eu\\\/cs\\\/?p=2853\"},\"author\":{\"name\":\"PXadamCA\",\"@id\":\"https:\\\/\\\/noclegioswiecim.eu\\\/#\\\/schema\\\/person\\\/d89109dc869efec6edf36e8afbef6437\"},\"headline\":\"7 nejlep\u0161\u00edch kav\u00e1ren v Osv\u011btimi &#8211; kde si d\u00e1t lahodnou k\u00e1vu?\",\"datePublished\":\"2023-05-14T22:00:00+00:00\",\"dateModified\":\"2024-03-20T13:11:08+00:00\",\"mainEntityOfPage\":{\"@id\":\"https:\\\/\\\/noclegioswiecim.eu\\\/cs\\\/?p=2853\"},\"wordCount\":997,\"publisher\":{\"@id\":\"https:\\\/\\\/noclegioswiecim.eu\\\/#organization\"},\"image\":{\"@id\":\"https:\\\/\\\/noclegioswiecim.eu\\\/cs\\\/?p=2853#primaryimage\"},\"thumbnailUrl\":\"https:\\\/\\\/noclegioswiecim.eu\\\/wp-content\\\/uploads\\\/2023\\\/07\\\/noclegioswiecim-kawiarnie-w-oswiecimiu.jpg\",\"articleSection\":[\"Pr\u016fvodce\"],\"inLanguage\":\"cs\"},{\"@type\":\"WebPage\",\"@id\":\"https:\\\/\\\/noclegioswiecim.eu\\\/cs\\\/?p=2853\",\"url\":\"https:\\\/\\\/noclegioswiecim.eu\\\/cs\\\/?p=2853\",\"name\":\"7 nejlep\u0161\u00edch kav\u00e1ren v Osv\u011btimi - kde si d\u00e1t lahodnou k\u00e1vu? - Comfort Apartments\",\"isPartOf\":{\"@id\":\"https:\\\/\\\/noclegioswiecim.eu\\\/#website\"},\"primaryImageOfPage\":{\"@id\":\"https:\\\/\\\/noclegioswiecim.eu\\\/cs\\\/?p=2853#primaryimage\"},\"image\":{\"@id\":\"https:\\\/\\\/noclegioswiecim.eu\\\/cs\\\/?p=2853#primaryimage\"},\"thumbnailUrl\":\"https:\\\/\\\/noclegioswiecim.eu\\\/wp-content\\\/uploads\\\/2023\\\/07\\\/noclegioswiecim-kawiarnie-w-oswiecimiu.jpg\",\"datePublished\":\"2023-05-14T22:00:00+00:00\",\"dateModified\":\"2024-03-20T13:11:08+00:00\",\"description\":\"Osv\u011btim je ide\u00e1ln\u00ed z\u00e1kladnou pro pozn\u00e1v\u00e1n\u00ed Mal\u00fdch Beskyd. Na turisty zde \u010dekaj\u00ed jedine\u010dn\u00e9 pam\u00e1tky a dal\u0161\u00ed zaj\u00edmavosti.\",\"breadcrumb\":{\"@id\":\"https:\\\/\\\/noclegioswiecim.eu\\\/cs\\\/?p=2853#breadcrumb\"},\"inLanguage\":\"cs\",\"potentialAction\":[{\"@type\":\"ReadAction\",\"target\":[\"https:\\\/\\\/noclegioswiecim.eu\\\/cs\\\/?p=2853\"]}]},{\"@type\":\"ImageObject\",\"inLanguage\":\"cs\",\"@id\":\"https:\\\/\\\/noclegioswiecim.eu\\\/cs\\\/?p=2853#primaryimage\",\"url\":\"https:\\\/\\\/noclegioswiecim.eu\\\/wp-content\\\/uploads\\\/2023\\\/07\\\/noclegioswiecim-kawiarnie-w-oswiecimiu.jpg\",\"contentUrl\":\"https:\\\/\\\/noclegioswiecim.eu\\\/wp-content\\\/uploads\\\/2023\\\/07\\\/noclegioswiecim-kawiarnie-w-oswiecimiu.jpg\",\"width\":1167,\"height\":843},{\"@type\":\"BreadcrumbList\",\"@id\":\"https:\\\/\\\/noclegioswiecim.eu\\\/cs\\\/?p=2853#breadcrumb\",\"itemListElement\":[{\"@type\":\"ListItem\",\"position\":1,\"name\":\"Strona g\u0142\u00f3wna\",\"item\":\"https:\\\/\\\/noclegioswiecim.eu\\\/cs\\\/\"},{\"@type\":\"ListItem\",\"position\":2,\"name\":\"7 nejlep\u0161\u00edch kav\u00e1ren v Osv\u011btimi &#8211; kde si d\u00e1t lahodnou k\u00e1vu?\"}]},{\"@type\":\"WebSite\",\"@id\":\"https:\\\/\\\/noclegioswiecim.eu\\\/#website\",\"url\":\"https:\\\/\\\/noclegioswiecim.eu\\\/\",\"name\":\"Comfort Apartments\",\"description\":\"Noclegi O\u015bwi\u0119cim \\\/ Booking O\u015bwi\u0119cim\",\"publisher\":{\"@id\":\"https:\\\/\\\/noclegioswiecim.eu\\\/#organization\"},\"potentialAction\":[{\"@type\":\"SearchAction\",\"target\":{\"@type\":\"EntryPoint\",\"urlTemplate\":\"https:\\\/\\\/noclegioswiecim.eu\\\/?s={search_term_string}\"},\"query-input\":{\"@type\":\"PropertyValueSpecification\",\"valueRequired\":true,\"valueName\":\"search_term_string\"}}],\"inLanguage\":\"cs\"},{\"@type\":\"Organization\",\"@id\":\"https:\\\/\\\/noclegioswiecim.eu\\\/#organization\",\"name\":\"Comfort Apartments\",\"url\":\"https:\\\/\\\/noclegioswiecim.eu\\\/\",\"logo\":{\"@type\":\"ImageObject\",\"inLanguage\":\"cs\",\"@id\":\"https:\\\/\\\/noclegioswiecim.eu\\\/#\\\/schema\\\/logo\\\/image\\\/\",\"url\":\"https:\\\/\\\/noclegioswiecim.eu\\\/wp-content\\\/uploads\\\/2023\\\/02\\\/favicona.png\",\"contentUrl\":\"https:\\\/\\\/noclegioswiecim.eu\\\/wp-content\\\/uploads\\\/2023\\\/02\\\/favicona.png\",\"width\":200,\"height\":200,\"caption\":\"Comfort Apartments\"},\"image\":{\"@id\":\"https:\\\/\\\/noclegioswiecim.eu\\\/#\\\/schema\\\/logo\\\/image\\\/\"},\"sameAs\":[\"https:\\\/\\\/www.facebook.com\\\/oswiecimapartments\\\/\",\"https:\\\/\\\/goo.gl\\\/maps\\\/H9x6rxoZWfK3ad1j6\",\"https:\\\/\\\/www.instagram.com\\\/oswiecimapartments\\\/\"]},{\"@type\":\"Person\",\"@id\":\"https:\\\/\\\/noclegioswiecim.eu\\\/#\\\/schema\\\/person\\\/d89109dc869efec6edf36e8afbef6437\",\"name\":\"PXadamCA\",\"image\":{\"@type\":\"ImageObject\",\"inLanguage\":\"cs\",\"@id\":\"https:\\\/\\\/secure.gravatar.com\\\/avatar\\\/adc1dd343d8c5124e40417ce67f1c600f00e279f2aad6a878cce8661419565aa?s=96&d=mm&r=g\",\"url\":\"https:\\\/\\\/secure.gravatar.com\\\/avatar\\\/adc1dd343d8c5124e40417ce67f1c600f00e279f2aad6a878cce8661419565aa?s=96&d=mm&r=g\",\"contentUrl\":\"https:\\\/\\\/secure.gravatar.com\\\/avatar\\\/adc1dd343d8c5124e40417ce67f1c600f00e279f2aad6a878cce8661419565aa?s=96&d=mm&r=g\",\"caption\":\"PXadamCA\"},\"sameAs\":[\"https:\\\/\\\/comfort.proadax-dev.pl\"]}]}<\/script>\n<!-- \/ Yoast SEO plugin. -->","yoast_head_json":{"title":"7 nejlep\u0161\u00edch kav\u00e1ren v Osv\u011btimi - kde si d\u00e1t lahodnou k\u00e1vu? - Comfort Apartments","description":"Osv\u011btim je ide\u00e1ln\u00ed z\u00e1kladnou pro pozn\u00e1v\u00e1n\u00ed Mal\u00fdch Beskyd. Na turisty zde \u010dekaj\u00ed jedine\u010dn\u00e9 pam\u00e1tky a dal\u0161\u00ed zaj\u00edmavosti.","robots":{"index":"index","follow":"follow","max-snippet":"max-snippet:-1","max-image-preview":"max-image-preview:large","max-video-preview":"max-video-preview:-1"},"canonical":"https:\/\/noclegioswiecim.eu\/cs\/?p=2853","og_locale":"cs_CZ","og_type":"article","og_title":"7 nejlep\u0161\u00edch kav\u00e1ren v Osv\u011btimi - kde si d\u00e1t lahodnou k\u00e1vu? - Comfort Apartments","og_description":"Osv\u011btim je ide\u00e1ln\u00ed z\u00e1kladnou pro pozn\u00e1v\u00e1n\u00ed Mal\u00fdch Beskyd. Na turisty zde \u010dekaj\u00ed jedine\u010dn\u00e9 pam\u00e1tky a dal\u0161\u00ed zaj\u00edmavosti.","og_url":"https:\/\/noclegioswiecim.eu\/cs\/?p=2853","og_site_name":"Comfort Apartments","article_publisher":"https:\/\/www.facebook.com\/oswiecimapartments\/","article_published_time":"2023-05-14T22:00:00+00:00","article_modified_time":"2024-03-20T13:11:08+00:00","og_image":[{"width":1167,"height":843,"url":"https:\/\/noclegioswiecim.eu\/wp-content\/uploads\/2023\/07\/noclegioswiecim-kawiarnie-w-oswiecimiu.jpg","type":"image\/jpeg"}],"author":"PXadamCA","twitter_card":"summary_large_image","twitter_misc":{"Napsal(a)":"PXadamCA","Odhadovan\u00e1 doba \u010dten\u00ed":"5 minut"},"schema":{"@context":"https:\/\/schema.org","@graph":[{"@type":"Article","@id":"https:\/\/noclegioswiecim.eu\/cs\/?p=2853#article","isPartOf":{"@id":"https:\/\/noclegioswiecim.eu\/cs\/?p=2853"},"author":{"name":"PXadamCA","@id":"https:\/\/noclegioswiecim.eu\/#\/schema\/person\/d89109dc869efec6edf36e8afbef6437"},"headline":"7 nejlep\u0161\u00edch kav\u00e1ren v Osv\u011btimi &#8211; kde si d\u00e1t lahodnou k\u00e1vu?","datePublished":"2023-05-14T22:00:00+00:00","dateModified":"2024-03-20T13:11:08+00:00","mainEntityOfPage":{"@id":"https:\/\/noclegioswiecim.eu\/cs\/?p=2853"},"wordCount":997,"publisher":{"@id":"https:\/\/noclegioswiecim.eu\/#organization"},"image":{"@id":"https:\/\/noclegioswiecim.eu\/cs\/?p=2853#primaryimage"},"thumbnailUrl":"https:\/\/noclegioswiecim.eu\/wp-content\/uploads\/2023\/07\/noclegioswiecim-kawiarnie-w-oswiecimiu.jpg","articleSection":["Pr\u016fvodce"],"inLanguage":"cs"},{"@type":"WebPage","@id":"https:\/\/noclegioswiecim.eu\/cs\/?p=2853","url":"https:\/\/noclegioswiecim.eu\/cs\/?p=2853","name":"7 nejlep\u0161\u00edch kav\u00e1ren v Osv\u011btimi - kde si d\u00e1t lahodnou k\u00e1vu? - Comfort Apartments","isPartOf":{"@id":"https:\/\/noclegioswiecim.eu\/#website"},"primaryImageOfPage":{"@id":"https:\/\/noclegioswiecim.eu\/cs\/?p=2853#primaryimage"},"image":{"@id":"https:\/\/noclegioswiecim.eu\/cs\/?p=2853#primaryimage"},"thumbnailUrl":"https:\/\/noclegioswiecim.eu\/wp-content\/uploads\/2023\/07\/noclegioswiecim-kawiarnie-w-oswiecimiu.jpg","datePublished":"2023-05-14T22:00:00+00:00","dateModified":"2024-03-20T13:11:08+00:00","description":"Osv\u011btim je ide\u00e1ln\u00ed z\u00e1kladnou pro pozn\u00e1v\u00e1n\u00ed Mal\u00fdch Beskyd. Na turisty zde \u010dekaj\u00ed jedine\u010dn\u00e9 pam\u00e1tky a dal\u0161\u00ed zaj\u00edmavosti.","breadcrumb":{"@id":"https:\/\/noclegioswiecim.eu\/cs\/?p=2853#breadcrumb"},"inLanguage":"cs","potentialAction":[{"@type":"ReadAction","target":["https:\/\/noclegioswiecim.eu\/cs\/?p=2853"]}]},{"@type":"ImageObject","inLanguage":"cs","@id":"https:\/\/noclegioswiecim.eu\/cs\/?p=2853#primaryimage","url":"https:\/\/noclegioswiecim.eu\/wp-content\/uploads\/2023\/07\/noclegioswiecim-kawiarnie-w-oswiecimiu.jpg","contentUrl":"https:\/\/noclegioswiecim.eu\/wp-content\/uploads\/2023\/07\/noclegioswiecim-kawiarnie-w-oswiecimiu.jpg","width":1167,"height":843},{"@type":"BreadcrumbList","@id":"https:\/\/noclegioswiecim.eu\/cs\/?p=2853#breadcrumb","itemListElement":[{"@type":"ListItem","position":1,"name":"Strona g\u0142\u00f3wna","item":"https:\/\/noclegioswiecim.eu\/cs\/"},{"@type":"ListItem","position":2,"name":"7 nejlep\u0161\u00edch kav\u00e1ren v Osv\u011btimi &#8211; kde si d\u00e1t lahodnou k\u00e1vu?"}]},{"@type":"WebSite","@id":"https:\/\/noclegioswiecim.eu\/#website","url":"https:\/\/noclegioswiecim.eu\/","name":"Comfort Apartments","description":"Noclegi O\u015bwi\u0119cim \/ Booking O\u015bwi\u0119cim","publisher":{"@id":"https:\/\/noclegioswiecim.eu\/#organization"},"potentialAction":[{"@type":"SearchAction","target":{"@type":"EntryPoint","urlTemplate":"https:\/\/noclegioswiecim.eu\/?s={search_term_string}"},"query-input":{"@type":"PropertyValueSpecification","valueRequired":true,"valueName":"search_term_string"}}],"inLanguage":"cs"},{"@type":"Organization","@id":"https:\/\/noclegioswiecim.eu\/#organization","name":"Comfort Apartments","url":"https:\/\/noclegioswiecim.eu\/","logo":{"@type":"ImageObject","inLanguage":"cs","@id":"https:\/\/noclegioswiecim.eu\/#\/schema\/logo\/image\/","url":"https:\/\/noclegioswiecim.eu\/wp-content\/uploads\/2023\/02\/favicona.png","contentUrl":"https:\/\/noclegioswiecim.eu\/wp-content\/uploads\/2023\/02\/favicona.png","width":200,"height":200,"caption":"Comfort Apartments"},"image":{"@id":"https:\/\/noclegioswiecim.eu\/#\/schema\/logo\/image\/"},"sameAs":["https:\/\/www.facebook.com\/oswiecimapartments\/","https:\/\/goo.gl\/maps\/H9x6rxoZWfK3ad1j6","https:\/\/www.instagram.com\/oswiecimapartments\/"]},{"@type":"Person","@id":"https:\/\/noclegioswiecim.eu\/#\/schema\/person\/d89109dc869efec6edf36e8afbef6437","name":"PXadamCA","image":{"@type":"ImageObject","inLanguage":"cs","@id":"https:\/\/secure.gravatar.com\/avatar\/adc1dd343d8c5124e40417ce67f1c600f00e279f2aad6a878cce8661419565aa?s=96&d=mm&r=g","url":"https:\/\/secure.gravatar.com\/avatar\/adc1dd343d8c5124e40417ce67f1c600f00e279f2aad6a878cce8661419565aa?s=96&d=mm&r=g","contentUrl":"https:\/\/secure.gravatar.com\/avatar\/adc1dd343d8c5124e40417ce67f1c600f00e279f2aad6a878cce8661419565aa?s=96&d=mm&r=g","caption":"PXadamCA"},"sameAs":["https:\/\/comfort.proadax-dev.pl"]}]}},"_links":{"self":[{"href":"https:\/\/noclegioswiecim.eu\/cs\/wp-json\/wp\/v2\/posts\/2853","targetHints":{"allow":["GET"]}}],"collection":[{"href":"https:\/\/noclegioswiecim.eu\/cs\/wp-json\/wp\/v2\/posts"}],"about":[{"href":"https:\/\/noclegioswiecim.eu\/cs\/wp-json\/wp\/v2\/types\/post"}],"author":[{"embeddable":true,"href":"https:\/\/noclegioswiecim.eu\/cs\/wp-json\/wp\/v2\/users\/1"}],"replies":[{"embeddable":true,"href":"https:\/\/noclegioswiecim.eu\/cs\/wp-json\/wp\/v2\/comments?post=2853"}],"version-history":[{"count":1,"href":"https:\/\/noclegioswiecim.eu\/cs\/wp-json\/wp\/v2\/posts\/2853\/revisions"}],"predecessor-version":[{"id":2855,"href":"https:\/\/noclegioswiecim.eu\/cs\/wp-json\/wp\/v2\/posts\/2853\/revisions\/2855"}],"wp:featuredmedia":[{"embeddable":true,"href":"https:\/\/noclegioswiecim.eu\/cs\/wp-json\/wp\/v2\/media\/2854"}],"wp:attachment":[{"href":"https:\/\/noclegioswiecim.eu\/cs\/wp-json\/wp\/v2\/media?parent=2853"}],"wp:term":[{"taxonomy":"category","embeddable":true,"href":"https:\/\/noclegioswiecim.eu\/cs\/wp-json\/wp\/v2\/categories?post=2853"},{"taxonomy":"post_tag","embeddable":true,"href":"https:\/\/noclegioswiecim.eu\/cs\/wp-json\/wp\/v2\/tags?post=2853"}],"curies":[{"name":"wp","href":"https:\/\/api.w.org\/{rel}","templated":true}]}}