{"id":2841,"date":"2023-06-15T00:00:00","date_gmt":"2023-06-14T22:00:00","guid":{"rendered":"https:\/\/noclegioswiecim.eu\/bez-kategorii\/koupaliste-v-osvetimi-a-okoli-kam-k-vode\/"},"modified":"2024-03-20T14:11:06","modified_gmt":"2024-03-20T13:11:06","slug":"koupaliste-v-osvetimi-a-okoli-kam-k-vode","status":"publish","type":"post","link":"https:\/\/noclegioswiecim.eu\/cs\/pruvodce\/koupaliste-v-osvetimi-a-okoli-kam-k-vode\/","title":{"rendered":"Koupali\u0161t\u011b v Osv\u011btimi a okol\u00ed &#8211; kam k vod\u011b?"},"content":{"rendered":"<p>Dovolen\u00e1 u vody je skv\u011bl\u00fdm zp\u016fsobem, jak str\u00e1vit \u010das s rodinou nebo p\u0159\u00e1teli. P\u0159i odpo\u010dinku v Osv\u011btimi se nemus\u00edte b\u00e1t nudy. Malopolsko je zvl\u00e1\u0161tn\u00ed polsk\u00fd region &#8211; ka\u017ed\u00fd si zde najde atrakce, kter\u00e9 se ide\u00e1ln\u011b hod\u00ed k jeho individu\u00e1ln\u00edm pot\u0159eb\u00e1m. Jak\u00e1 koupali\u0161t\u011b jsou k dispozici v Osv\u011btimi a okol\u00ed?<\/p>\n<p>Letn\u00ed dovolenou si lze jen t\u011b\u017eko p\u0159edstavit bez relaxace u vody, kter\u00e1 nejen ochlad\u00ed v hork\u00fdch dnech, ale tak\u00e9 umo\u017en\u00ed spojit po\u017eitek z l\u00edn\u00e9ho odpo\u010dinku na dece nebo leh\u00e1tku s chv\u00edlemi intenzivn\u00ed aktivity. Plav\u00e1n\u00ed je p\u0159\u00edjemn\u00fd sport, ale je d\u016fle\u017eit\u00e9 si uv\u011bdomit, \u017ee voda je \u017eivel, kter\u00fd neodpou\u0161t\u00ed chyby, jich\u017e se dopust\u00edme. Pokud chcete vyu\u017e\u00edt l\u00e9to a u\u017e\u00edt si dovolenou u vody, je nejlep\u0161\u00ed vyu\u017e\u00edt hl\u00eddan\u00e1 koupali\u0161t\u011b nebo baz\u00e9ny.<\/p>\n<h2>Kde str\u00e1vit \u010das na vod\u011b v Osv\u011btimi?<\/h2>\n<p>P\u0159i pl\u00e1nov\u00e1n\u00ed dovolen\u00e9 v Osv\u011btimi doporu\u010dujeme rezervovat si ubytov\u00e1n\u00ed na Booking O\u015bwi\u0119cim p\u0159edem, abyste se ujistili, \u017ee v\u00e1s po p\u0159\u00edjezdu ne\u010dek\u00e1 \u017e\u00e1dn\u00e9 nep\u0159\u00edjemn\u00e9 p\u0159ekvapen\u00ed. Noclegi O\u015bwi\u0119cim nab\u00edz\u00ed \u0161irokou \u0161k\u00e1lu nab\u00eddek pro ka\u017ed\u00fd rozpo\u010det. P\u0159i rezervaci ubytov\u00e1n\u00ed online m\u016f\u017eete nejen rychle naj\u00edt ubytov\u00e1n\u00ed na m\u00edru sv\u00fdm pot\u0159eb\u00e1m a o\u010dek\u00e1v\u00e1n\u00edm, ale tak\u00e9 u\u0161et\u0159it spoustu pen\u011bz.<\/p>\n<p>Byty O\u015bwi\u0119cim, hotel O\u015bwi\u0119cim a chaty O\u015bwi\u0119cim a dal\u0161\u00ed typy ubytov\u00e1n\u00ed v\u00e1m umo\u017en\u00ed vybrat si mo\u017enost, kter\u00e1 nejl\u00e9pe vyhovuje va\u0161im individu\u00e1ln\u00edm pot\u0159eb\u00e1m a o\u010dek\u00e1v\u00e1n\u00edm p\u00e1r\u016f, rodin, skupin p\u0159\u00e1tel a dal\u0161\u00edch skupin turist\u016f.<\/p>\n<p>V Osv\u011btimi a okol\u00ed jsou k dispozici \u010dty\u0159i koupali\u0161t\u011b, a to:<\/p>\n<ul>\n<li>Koupali\u0161t\u011b \u0141ysina &#8211; <strong>vodn\u00ed n\u00e1dr\u017e \u0141ysina<\/strong>,<\/li>\n<li>Koupali\u0161t\u011b: Koupali\u0161t\u011b: Centrum voln\u00e9ho \u010dasu Paprocany &#8211; <strong>jezero Paprocany<\/strong>,<\/li>\n<li>Koupali\u0161t\u011b rekrea\u010dn\u00edho st\u0159ediska a st\u0159ediska vodn\u00edch sport\u016f v Kani\u00f3w\u011b &#8211; <strong>Kani\u00f3wsk\u00fd po\u017e\u00e1rn\u00ed rybn\u00edk<\/strong>,<\/li>\n<li>Koupali\u0161t\u011b Chechlo &#8211; <strong>potok Chechlo<\/strong>.<\/li>\n<\/ul>\n<p>Voda v t\u011bchto m\u00edstech je <strong>systematicky testov\u00e1na<\/strong>, tak\u017ee si m\u016f\u017eete b\u00fdt jisti, \u017ee va\u0161e dovolen\u00e1 bude bezpe\u010dn\u00e1 a neskon\u010d\u00ed nep\u0159\u00edjemn\u00fdm p\u0159ekvapen\u00edm.<\/p>\n<h2>Koupali\u0161t\u011b v Osv\u011btimi a okol\u00ed hl\u00eddan\u00e1 plav\u010d\u00edkem<\/h2>\n<p>Na vodn\u00ed n\u00e1dr\u017ei <strong>\u0141ysina<\/strong>bylo z\u0159\u00edzeno <strong>koupali\u0161t\u011b \u0141ysina (<\/strong>Bieru\u0144, \u0141ysinowa). M\u00e1me zde nejen vyhrazen\u00fd <strong>prostor ve vod\u011b<\/strong> a<strong> prostor na pl\u00e1\u017ei<\/strong> pro rekreaci a sport, ale tak\u00e9 pot\u0159ebn\u00e9 z\u00e1zem\u00ed, jako jsou toalety, sprchy a \u0161atny. O bezpe\u010dnost koupaj\u00edc\u00edch se star\u00e1 <strong>plav\u010d\u00edk<\/strong>.<\/p>\n<p><strong>O\u015brodek Wypoczynkowy Paprocany &#8211; Jezero Paprocany <\/strong>(Tychy, Parkowa) je dal\u0161\u00edm m\u00edstem, kde si m\u016f\u017eete odpo\u010dinout u vody. M\u016f\u017eete zde <strong>kotvit vodn\u00ed vybaven\u00ed<\/strong>, vyu\u017e\u00edvat molo a p\u0159\u00edstavi\u0161t\u011b a tak\u00e9 vyhrazen\u00fd <strong>prostor ve vod\u011b<\/strong>, <strong>pl\u00e1\u017e ur\u010denou speci\u00e1ln\u011b pro d\u011bti<\/strong>, toalety, p\u0159evl\u00e9k\u00e1rny a sprchy. Str\u00e1nky jsou p\u0159\u00edstupn\u00e9 pro osoby se zdravotn\u00edm posti\u017een\u00edm. O bezpe\u010dnost koupaj\u00edc\u00edch se star\u00e1 <strong>plav\u010d\u00edk<\/strong>.<\/p>\n<p><strong>Koupali\u0161t\u011b v Rekrea\u010dn\u00edm st\u0159edisku a st\u0159edisku vodn\u00edch sport\u016f v Kani\u00f3w\u011b<\/strong> (Kani\u00f3w, Malinowa) v\u00e1m tak\u00e9 umo\u017en\u00ed naplno si u\u017e\u00edt relaxaci u vody. Koupali\u0161t\u011b je oplocen\u00e9. K dispozici je molo <strong>a molo<\/strong>, <strong>vodn\u00ed plocha<\/strong> a <strong>pl\u00e1\u017eov\u00e1 plocha pro sport a rekreaci<\/strong>, <strong>odd\u011blen\u00fd d\u011btsk\u00fd<\/strong> koutek, \u0161atny, sprchy a toalety. Prostor byl upraven tak, aby vyhovoval pot\u0159eb\u00e1m osob se zdravotn\u00edm posti\u017een\u00edm. Na bezpe\u010dnost koupaj\u00edc\u00edch se dohl\u00ed\u017e\u00ed <strong>plav\u010d\u00edk<\/strong>.<\/p>\n<p><strong>K\u0105pielisko Chech\u0142o<\/strong> (Trzebinia) je m\u00edstem pro p\u0159\u00edjemnou a bezpe\u010dnou rekreaci ve vod\u011b a na pl\u00e1\u017ei. <strong>Koupali\u0161t\u011b je st\u0159e\u017eeno<\/strong> plav\u010d\u00edkem a vybaveno pot\u0159ebnou infrastrukturou. Na koupali\u0161ti m\u016f\u017eete zakotvit s vodn\u00edm vybaven\u00edm a vyu\u017e\u00edt mimo jin\u00e9. z d\u011btsk\u00e9ho <strong>h\u0159i\u0161t\u011b<\/strong>.<\/p>\n<h3>Mo\u017enost pro p\u0159\u00edpad nep\u0159\u00edzniv\u00e9ho po\u010das\u00ed&#8230;<\/h3>\n<p>V p\u0159\u00edpad\u011b nep\u0159\u00edzniv\u00e9ho po\u010das\u00ed nab\u00edz\u00ed vodn\u00ed z\u00e1bavu <strong>kryt\u00fd baz\u00e9n v Osv\u011btimi<\/strong>. MOSiR O\u015bwi\u0119cim nab\u00edz\u00ed atrakce pro mal\u00e9 i velk\u00e9 turisty. Pat\u0159\u00ed mezi n\u011b. velk\u00fd baz\u00e9n, sportovn\u00ed baz\u00e9n a rekrea\u010dn\u00ed baz\u00e9n.<\/p>\n<h3>N\u00e1dech luxusu a exotiky&#8230;.<\/h3>\n<p>Ti, kdo sn\u00ed o tro\u0161e luxusu a exotiky, by si rozhodn\u011b m\u011bli prohl\u00e9dnout nab\u00eddku atrakc\u00ed <strong>MOLO Resortu Osiek<\/strong>. P\u0159i leno\u0161en\u00ed u kr\u00e1sn\u00e9ho baz\u00e9nu si budete p\u0159ipadat jako na exotick\u00e9 dovolen\u00e9. Zde si m\u016f\u017eete u\u017e\u00edt \u0159adu atrakc\u00ed pro celou rodinu, nap\u0159\u00edklad tobog\u00e1ny a brouzdali\u0161t\u011b pro nejmen\u0161\u00ed. Vstupn\u00e9 je zpoplatn\u011bno.<\/p>\n<h3>Vodn\u00ed atrakce obklopen\u00e9 horsk\u00fdmi \u017eeleznicemi&#8230;.<\/h3>\n<p>Dal\u0161\u00ed nab\u00eddkou pro milovn\u00edky vodn\u00ed rekreace je  <strong>Vodn\u00ed z\u00f3na Energylandia. Rodinn\u00fd z\u00e1bavn\u00ed park Energylandia  <\/strong>nab\u00edz\u00ed vodn\u00ed aktivity pro d\u011bti v\u0161ech v\u011bkov\u00fdch kategori\u00ed, ml\u00e1de\u017e i dosp\u011bl\u00e9 a zaru\u010duje skv\u011blou z\u00e1bavu po cel\u00fd den!<\/p>\n<p>V Osv\u011btimi a okol\u00ed je mo\u017en\u00e9 relaxovat tak\u00e9 na <strong>\u0159ece So\u0142a<\/strong>, ale nejsou zde \u017e\u00e1dn\u00e1 hl\u00eddan\u00e1 koupali\u0161t\u011b. S ohledem na vlastn\u00ed bezpe\u010dnost je lep\u0161\u00ed u\u017e\u00edvat si kr\u00e1sn\u00e9 p\u0159\u00edrody, pozorovat pt\u00e1ky, kte\u0159\u00ed zde hn\u00edzd\u00ed, a u\u017e\u00edvat si proch\u00e1zky v n\u00e1dhern\u00e9 divo\u010din\u011b.<\/p>\n<h2>Souhrn<\/h2>\n<p>V Osv\u011btimi a jej\u00edm okol\u00ed \u010dekaj\u00ed na turisty r\u016fzn\u00e9 atrakce. Krom\u011b kr\u00e1sn\u00fdch pam\u00e1tek a oblast\u00ed ide\u00e1ln\u00edch pro p\u011b\u0161\u00ed turistiku a cykloturistiku nab\u00edz\u00ed <strong>Mal\u00fd Beskyd<\/strong> tak\u00e9 mo\u017enost odpo\u010dinku u vody. V Polsku je jen m\u00e1lo m\u00edst, kde m\u016f\u017eete spojit o\u010dek\u00e1v\u00e1n\u00ed milovn\u00edk\u016f vody a hor a m\u00edt jistotu, \u017ee v\u0161ichni \u00fa\u010dastn\u00edci v\u00fdletu budou spokojeni. Dovolen\u00e1 v Osv\u011btimi to umo\u017e\u0148uje! V oblasti najdete turistick\u00e9 stezky, p\u011b\u0161\u00ed trasy, cyklostezky, ale i vodn\u00ed n\u00e1dr\u017ee, \u0159eky a sportovn\u00ed a rekrea\u010dn\u00ed za\u0159\u00edzen\u00ed, aby ka\u017ed\u00fd \u00fa\u010dastn\u00edk v\u00fdletu mohl co nejl\u00e9pe vyu\u017e\u00edt sv\u016fj voln\u00fd \u010das.<\/p>\n","protected":false},"excerpt":{"rendered":"<p>Dovolen\u00e1 u vody je skv\u011bl\u00fdm zp\u016fsobem, jak str\u00e1vit \u010das s [&hellip;]<\/p>\n","protected":false},"author":1,"featured_media":2842,"comment_status":"closed","ping_status":"closed","sticky":false,"template":"","format":"standard","meta":{"footnotes":""},"categories":[76],"tags":[],"class_list":["post-2841","post","type-post","status-publish","format-standard","has-post-thumbnail","hentry","category-pruvodce"],"yoast_head":"<!-- This site is optimized with the Yoast SEO plugin v27.5 - https:\/\/yoast.com\/product\/yoast-seo-wordpress\/ -->\n<title>Koupali\u0161t\u011b v Osv\u011btimi a okol\u00ed - kam k vod\u011b? - Comfort Apartments<\/title>\n<meta name=\"description\" content=\"Dovolen\u00e1 u vody je skv\u011bl\u00fdm zp\u016fsobem, jak str\u00e1vit \u010das s rodinou nebo p\u0159\u00e1teli. Malopolsko je zvl\u00e1\u0161tn\u00ed polsk\u00fd region.\" \/>\n<meta name=\"robots\" content=\"index, follow, max-snippet:-1, max-image-preview:large, max-video-preview:-1\" \/>\n<link rel=\"canonical\" href=\"https:\/\/noclegioswiecim.eu\/cs\/?p=2841\" \/>\n<meta property=\"og:locale\" content=\"cs_CZ\" \/>\n<meta property=\"og:type\" content=\"article\" \/>\n<meta property=\"og:title\" content=\"Koupali\u0161t\u011b v Osv\u011btimi a okol\u00ed - kam k vod\u011b? - Comfort Apartments\" \/>\n<meta property=\"og:description\" content=\"Dovolen\u00e1 u vody je skv\u011bl\u00fdm zp\u016fsobem, jak str\u00e1vit \u010das s rodinou nebo p\u0159\u00e1teli. Malopolsko je zvl\u00e1\u0161tn\u00ed polsk\u00fd region.\" \/>\n<meta property=\"og:url\" content=\"https:\/\/noclegioswiecim.eu\/cs\/?p=2841\" \/>\n<meta property=\"og:site_name\" content=\"Comfort Apartments\" \/>\n<meta property=\"article:publisher\" content=\"https:\/\/www.facebook.com\/oswiecimapartments\/\" \/>\n<meta property=\"article:published_time\" content=\"2023-06-14T22:00:00+00:00\" \/>\n<meta property=\"article:modified_time\" content=\"2024-03-20T13:11:06+00:00\" \/>\n<meta property=\"og:image\" content=\"https:\/\/noclegioswiecim.eu\/wp-content\/uploads\/2023\/07\/kapieliska-w-oswiecimiu-i-okolicy.jpg\" \/>\n\t<meta property=\"og:image:width\" content=\"1167\" \/>\n\t<meta property=\"og:image:height\" content=\"843\" \/>\n\t<meta property=\"og:image:type\" content=\"image\/jpeg\" \/>\n<meta name=\"author\" content=\"PXadamCA\" \/>\n<meta name=\"twitter:card\" content=\"summary_large_image\" \/>\n<meta name=\"twitter:label1\" content=\"Napsal(a)\" \/>\n\t<meta name=\"twitter:data1\" content=\"PXadamCA\" \/>\n\t<meta name=\"twitter:label2\" content=\"Odhadovan\u00e1 doba \u010dten\u00ed\" \/>\n\t<meta name=\"twitter:data2\" content=\"5 minut\" \/>\n<script type=\"application\/ld+json\" class=\"yoast-schema-graph\">{\"@context\":\"https:\\\/\\\/schema.org\",\"@graph\":[{\"@type\":\"Article\",\"@id\":\"https:\\\/\\\/noclegioswiecim.eu\\\/cs\\\/?p=2841#article\",\"isPartOf\":{\"@id\":\"https:\\\/\\\/noclegioswiecim.eu\\\/cs\\\/?p=2841\"},\"author\":{\"name\":\"PXadamCA\",\"@id\":\"https:\\\/\\\/noclegioswiecim.eu\\\/#\\\/schema\\\/person\\\/d89109dc869efec6edf36e8afbef6437\"},\"headline\":\"Koupali\u0161t\u011b v Osv\u011btimi a okol\u00ed &#8211; kam k vod\u011b?\",\"datePublished\":\"2023-06-14T22:00:00+00:00\",\"dateModified\":\"2024-03-20T13:11:06+00:00\",\"mainEntityOfPage\":{\"@id\":\"https:\\\/\\\/noclegioswiecim.eu\\\/cs\\\/?p=2841\"},\"wordCount\":1060,\"publisher\":{\"@id\":\"https:\\\/\\\/noclegioswiecim.eu\\\/#organization\"},\"image\":{\"@id\":\"https:\\\/\\\/noclegioswiecim.eu\\\/cs\\\/?p=2841#primaryimage\"},\"thumbnailUrl\":\"https:\\\/\\\/noclegioswiecim.eu\\\/wp-content\\\/uploads\\\/2023\\\/07\\\/kapieliska-w-oswiecimiu-i-okolicy.jpg\",\"articleSection\":[\"Pr\u016fvodce\"],\"inLanguage\":\"cs\"},{\"@type\":\"WebPage\",\"@id\":\"https:\\\/\\\/noclegioswiecim.eu\\\/cs\\\/?p=2841\",\"url\":\"https:\\\/\\\/noclegioswiecim.eu\\\/cs\\\/?p=2841\",\"name\":\"Koupali\u0161t\u011b v Osv\u011btimi a okol\u00ed - kam k vod\u011b? - Comfort Apartments\",\"isPartOf\":{\"@id\":\"https:\\\/\\\/noclegioswiecim.eu\\\/#website\"},\"primaryImageOfPage\":{\"@id\":\"https:\\\/\\\/noclegioswiecim.eu\\\/cs\\\/?p=2841#primaryimage\"},\"image\":{\"@id\":\"https:\\\/\\\/noclegioswiecim.eu\\\/cs\\\/?p=2841#primaryimage\"},\"thumbnailUrl\":\"https:\\\/\\\/noclegioswiecim.eu\\\/wp-content\\\/uploads\\\/2023\\\/07\\\/kapieliska-w-oswiecimiu-i-okolicy.jpg\",\"datePublished\":\"2023-06-14T22:00:00+00:00\",\"dateModified\":\"2024-03-20T13:11:06+00:00\",\"description\":\"Dovolen\u00e1 u vody je skv\u011bl\u00fdm zp\u016fsobem, jak str\u00e1vit \u010das s rodinou nebo p\u0159\u00e1teli. Malopolsko je zvl\u00e1\u0161tn\u00ed polsk\u00fd region.\",\"breadcrumb\":{\"@id\":\"https:\\\/\\\/noclegioswiecim.eu\\\/cs\\\/?p=2841#breadcrumb\"},\"inLanguage\":\"cs\",\"potentialAction\":[{\"@type\":\"ReadAction\",\"target\":[\"https:\\\/\\\/noclegioswiecim.eu\\\/cs\\\/?p=2841\"]}]},{\"@type\":\"ImageObject\",\"inLanguage\":\"cs\",\"@id\":\"https:\\\/\\\/noclegioswiecim.eu\\\/cs\\\/?p=2841#primaryimage\",\"url\":\"https:\\\/\\\/noclegioswiecim.eu\\\/wp-content\\\/uploads\\\/2023\\\/07\\\/kapieliska-w-oswiecimiu-i-okolicy.jpg\",\"contentUrl\":\"https:\\\/\\\/noclegioswiecim.eu\\\/wp-content\\\/uploads\\\/2023\\\/07\\\/kapieliska-w-oswiecimiu-i-okolicy.jpg\",\"width\":1167,\"height\":843},{\"@type\":\"BreadcrumbList\",\"@id\":\"https:\\\/\\\/noclegioswiecim.eu\\\/cs\\\/?p=2841#breadcrumb\",\"itemListElement\":[{\"@type\":\"ListItem\",\"position\":1,\"name\":\"Strona g\u0142\u00f3wna\",\"item\":\"https:\\\/\\\/noclegioswiecim.eu\\\/cs\\\/\"},{\"@type\":\"ListItem\",\"position\":2,\"name\":\"Koupali\u0161t\u011b v Osv\u011btimi a okol\u00ed &#8211; kam k vod\u011b?\"}]},{\"@type\":\"WebSite\",\"@id\":\"https:\\\/\\\/noclegioswiecim.eu\\\/#website\",\"url\":\"https:\\\/\\\/noclegioswiecim.eu\\\/\",\"name\":\"Comfort Apartments\",\"description\":\"Noclegi O\u015bwi\u0119cim \\\/ Booking O\u015bwi\u0119cim\",\"publisher\":{\"@id\":\"https:\\\/\\\/noclegioswiecim.eu\\\/#organization\"},\"potentialAction\":[{\"@type\":\"SearchAction\",\"target\":{\"@type\":\"EntryPoint\",\"urlTemplate\":\"https:\\\/\\\/noclegioswiecim.eu\\\/?s={search_term_string}\"},\"query-input\":{\"@type\":\"PropertyValueSpecification\",\"valueRequired\":true,\"valueName\":\"search_term_string\"}}],\"inLanguage\":\"cs\"},{\"@type\":\"Organization\",\"@id\":\"https:\\\/\\\/noclegioswiecim.eu\\\/#organization\",\"name\":\"Comfort Apartments\",\"url\":\"https:\\\/\\\/noclegioswiecim.eu\\\/\",\"logo\":{\"@type\":\"ImageObject\",\"inLanguage\":\"cs\",\"@id\":\"https:\\\/\\\/noclegioswiecim.eu\\\/#\\\/schema\\\/logo\\\/image\\\/\",\"url\":\"https:\\\/\\\/noclegioswiecim.eu\\\/wp-content\\\/uploads\\\/2023\\\/02\\\/favicona.png\",\"contentUrl\":\"https:\\\/\\\/noclegioswiecim.eu\\\/wp-content\\\/uploads\\\/2023\\\/02\\\/favicona.png\",\"width\":200,\"height\":200,\"caption\":\"Comfort Apartments\"},\"image\":{\"@id\":\"https:\\\/\\\/noclegioswiecim.eu\\\/#\\\/schema\\\/logo\\\/image\\\/\"},\"sameAs\":[\"https:\\\/\\\/www.facebook.com\\\/oswiecimapartments\\\/\",\"https:\\\/\\\/goo.gl\\\/maps\\\/H9x6rxoZWfK3ad1j6\",\"https:\\\/\\\/www.instagram.com\\\/oswiecimapartments\\\/\"]},{\"@type\":\"Person\",\"@id\":\"https:\\\/\\\/noclegioswiecim.eu\\\/#\\\/schema\\\/person\\\/d89109dc869efec6edf36e8afbef6437\",\"name\":\"PXadamCA\",\"image\":{\"@type\":\"ImageObject\",\"inLanguage\":\"cs\",\"@id\":\"https:\\\/\\\/secure.gravatar.com\\\/avatar\\\/adc1dd343d8c5124e40417ce67f1c600f00e279f2aad6a878cce8661419565aa?s=96&d=mm&r=g\",\"url\":\"https:\\\/\\\/secure.gravatar.com\\\/avatar\\\/adc1dd343d8c5124e40417ce67f1c600f00e279f2aad6a878cce8661419565aa?s=96&d=mm&r=g\",\"contentUrl\":\"https:\\\/\\\/secure.gravatar.com\\\/avatar\\\/adc1dd343d8c5124e40417ce67f1c600f00e279f2aad6a878cce8661419565aa?s=96&d=mm&r=g\",\"caption\":\"PXadamCA\"},\"sameAs\":[\"https:\\\/\\\/comfort.proadax-dev.pl\"]}]}<\/script>\n<!-- \/ Yoast SEO plugin. -->","yoast_head_json":{"title":"Koupali\u0161t\u011b v Osv\u011btimi a okol\u00ed - kam k vod\u011b? - Comfort Apartments","description":"Dovolen\u00e1 u vody je skv\u011bl\u00fdm zp\u016fsobem, jak str\u00e1vit \u010das s rodinou nebo p\u0159\u00e1teli. Malopolsko je zvl\u00e1\u0161tn\u00ed polsk\u00fd region.","robots":{"index":"index","follow":"follow","max-snippet":"max-snippet:-1","max-image-preview":"max-image-preview:large","max-video-preview":"max-video-preview:-1"},"canonical":"https:\/\/noclegioswiecim.eu\/cs\/?p=2841","og_locale":"cs_CZ","og_type":"article","og_title":"Koupali\u0161t\u011b v Osv\u011btimi a okol\u00ed - kam k vod\u011b? - Comfort Apartments","og_description":"Dovolen\u00e1 u vody je skv\u011bl\u00fdm zp\u016fsobem, jak str\u00e1vit \u010das s rodinou nebo p\u0159\u00e1teli. Malopolsko je zvl\u00e1\u0161tn\u00ed polsk\u00fd region.","og_url":"https:\/\/noclegioswiecim.eu\/cs\/?p=2841","og_site_name":"Comfort Apartments","article_publisher":"https:\/\/www.facebook.com\/oswiecimapartments\/","article_published_time":"2023-06-14T22:00:00+00:00","article_modified_time":"2024-03-20T13:11:06+00:00","og_image":[{"width":1167,"height":843,"url":"https:\/\/noclegioswiecim.eu\/wp-content\/uploads\/2023\/07\/kapieliska-w-oswiecimiu-i-okolicy.jpg","type":"image\/jpeg"}],"author":"PXadamCA","twitter_card":"summary_large_image","twitter_misc":{"Napsal(a)":"PXadamCA","Odhadovan\u00e1 doba \u010dten\u00ed":"5 minut"},"schema":{"@context":"https:\/\/schema.org","@graph":[{"@type":"Article","@id":"https:\/\/noclegioswiecim.eu\/cs\/?p=2841#article","isPartOf":{"@id":"https:\/\/noclegioswiecim.eu\/cs\/?p=2841"},"author":{"name":"PXadamCA","@id":"https:\/\/noclegioswiecim.eu\/#\/schema\/person\/d89109dc869efec6edf36e8afbef6437"},"headline":"Koupali\u0161t\u011b v Osv\u011btimi a okol\u00ed &#8211; kam k vod\u011b?","datePublished":"2023-06-14T22:00:00+00:00","dateModified":"2024-03-20T13:11:06+00:00","mainEntityOfPage":{"@id":"https:\/\/noclegioswiecim.eu\/cs\/?p=2841"},"wordCount":1060,"publisher":{"@id":"https:\/\/noclegioswiecim.eu\/#organization"},"image":{"@id":"https:\/\/noclegioswiecim.eu\/cs\/?p=2841#primaryimage"},"thumbnailUrl":"https:\/\/noclegioswiecim.eu\/wp-content\/uploads\/2023\/07\/kapieliska-w-oswiecimiu-i-okolicy.jpg","articleSection":["Pr\u016fvodce"],"inLanguage":"cs"},{"@type":"WebPage","@id":"https:\/\/noclegioswiecim.eu\/cs\/?p=2841","url":"https:\/\/noclegioswiecim.eu\/cs\/?p=2841","name":"Koupali\u0161t\u011b v Osv\u011btimi a okol\u00ed - kam k vod\u011b? - Comfort Apartments","isPartOf":{"@id":"https:\/\/noclegioswiecim.eu\/#website"},"primaryImageOfPage":{"@id":"https:\/\/noclegioswiecim.eu\/cs\/?p=2841#primaryimage"},"image":{"@id":"https:\/\/noclegioswiecim.eu\/cs\/?p=2841#primaryimage"},"thumbnailUrl":"https:\/\/noclegioswiecim.eu\/wp-content\/uploads\/2023\/07\/kapieliska-w-oswiecimiu-i-okolicy.jpg","datePublished":"2023-06-14T22:00:00+00:00","dateModified":"2024-03-20T13:11:06+00:00","description":"Dovolen\u00e1 u vody je skv\u011bl\u00fdm zp\u016fsobem, jak str\u00e1vit \u010das s rodinou nebo p\u0159\u00e1teli. Malopolsko je zvl\u00e1\u0161tn\u00ed polsk\u00fd region.","breadcrumb":{"@id":"https:\/\/noclegioswiecim.eu\/cs\/?p=2841#breadcrumb"},"inLanguage":"cs","potentialAction":[{"@type":"ReadAction","target":["https:\/\/noclegioswiecim.eu\/cs\/?p=2841"]}]},{"@type":"ImageObject","inLanguage":"cs","@id":"https:\/\/noclegioswiecim.eu\/cs\/?p=2841#primaryimage","url":"https:\/\/noclegioswiecim.eu\/wp-content\/uploads\/2023\/07\/kapieliska-w-oswiecimiu-i-okolicy.jpg","contentUrl":"https:\/\/noclegioswiecim.eu\/wp-content\/uploads\/2023\/07\/kapieliska-w-oswiecimiu-i-okolicy.jpg","width":1167,"height":843},{"@type":"BreadcrumbList","@id":"https:\/\/noclegioswiecim.eu\/cs\/?p=2841#breadcrumb","itemListElement":[{"@type":"ListItem","position":1,"name":"Strona g\u0142\u00f3wna","item":"https:\/\/noclegioswiecim.eu\/cs\/"},{"@type":"ListItem","position":2,"name":"Koupali\u0161t\u011b v Osv\u011btimi a okol\u00ed &#8211; kam k vod\u011b?"}]},{"@type":"WebSite","@id":"https:\/\/noclegioswiecim.eu\/#website","url":"https:\/\/noclegioswiecim.eu\/","name":"Comfort Apartments","description":"Noclegi O\u015bwi\u0119cim \/ Booking O\u015bwi\u0119cim","publisher":{"@id":"https:\/\/noclegioswiecim.eu\/#organization"},"potentialAction":[{"@type":"SearchAction","target":{"@type":"EntryPoint","urlTemplate":"https:\/\/noclegioswiecim.eu\/?s={search_term_string}"},"query-input":{"@type":"PropertyValueSpecification","valueRequired":true,"valueName":"search_term_string"}}],"inLanguage":"cs"},{"@type":"Organization","@id":"https:\/\/noclegioswiecim.eu\/#organization","name":"Comfort Apartments","url":"https:\/\/noclegioswiecim.eu\/","logo":{"@type":"ImageObject","inLanguage":"cs","@id":"https:\/\/noclegioswiecim.eu\/#\/schema\/logo\/image\/","url":"https:\/\/noclegioswiecim.eu\/wp-content\/uploads\/2023\/02\/favicona.png","contentUrl":"https:\/\/noclegioswiecim.eu\/wp-content\/uploads\/2023\/02\/favicona.png","width":200,"height":200,"caption":"Comfort Apartments"},"image":{"@id":"https:\/\/noclegioswiecim.eu\/#\/schema\/logo\/image\/"},"sameAs":["https:\/\/www.facebook.com\/oswiecimapartments\/","https:\/\/goo.gl\/maps\/H9x6rxoZWfK3ad1j6","https:\/\/www.instagram.com\/oswiecimapartments\/"]},{"@type":"Person","@id":"https:\/\/noclegioswiecim.eu\/#\/schema\/person\/d89109dc869efec6edf36e8afbef6437","name":"PXadamCA","image":{"@type":"ImageObject","inLanguage":"cs","@id":"https:\/\/secure.gravatar.com\/avatar\/adc1dd343d8c5124e40417ce67f1c600f00e279f2aad6a878cce8661419565aa?s=96&d=mm&r=g","url":"https:\/\/secure.gravatar.com\/avatar\/adc1dd343d8c5124e40417ce67f1c600f00e279f2aad6a878cce8661419565aa?s=96&d=mm&r=g","contentUrl":"https:\/\/secure.gravatar.com\/avatar\/adc1dd343d8c5124e40417ce67f1c600f00e279f2aad6a878cce8661419565aa?s=96&d=mm&r=g","caption":"PXadamCA"},"sameAs":["https:\/\/comfort.proadax-dev.pl"]}]}},"_links":{"self":[{"href":"https:\/\/noclegioswiecim.eu\/cs\/wp-json\/wp\/v2\/posts\/2841","targetHints":{"allow":["GET"]}}],"collection":[{"href":"https:\/\/noclegioswiecim.eu\/cs\/wp-json\/wp\/v2\/posts"}],"about":[{"href":"https:\/\/noclegioswiecim.eu\/cs\/wp-json\/wp\/v2\/types\/post"}],"author":[{"embeddable":true,"href":"https:\/\/noclegioswiecim.eu\/cs\/wp-json\/wp\/v2\/users\/1"}],"replies":[{"embeddable":true,"href":"https:\/\/noclegioswiecim.eu\/cs\/wp-json\/wp\/v2\/comments?post=2841"}],"version-history":[{"count":1,"href":"https:\/\/noclegioswiecim.eu\/cs\/wp-json\/wp\/v2\/posts\/2841\/revisions"}],"predecessor-version":[{"id":2844,"href":"https:\/\/noclegioswiecim.eu\/cs\/wp-json\/wp\/v2\/posts\/2841\/revisions\/2844"}],"wp:featuredmedia":[{"embeddable":true,"href":"https:\/\/noclegioswiecim.eu\/cs\/wp-json\/wp\/v2\/media\/2842"}],"wp:attachment":[{"href":"https:\/\/noclegioswiecim.eu\/cs\/wp-json\/wp\/v2\/media?parent=2841"}],"wp:term":[{"taxonomy":"category","embeddable":true,"href":"https:\/\/noclegioswiecim.eu\/cs\/wp-json\/wp\/v2\/categories?post=2841"},{"taxonomy":"post_tag","embeddable":true,"href":"https:\/\/noclegioswiecim.eu\/cs\/wp-json\/wp\/v2\/tags?post=2841"}],"curies":[{"name":"wp","href":"https:\/\/api.w.org\/{rel}","templated":true}]}}