{"id":2817,"date":"2023-07-13T09:21:43","date_gmt":"2023-07-13T07:21:43","guid":{"rendered":"https:\/\/noclegioswiecim.eu\/bez-kategorii\/rodinny-zabavni-park\/"},"modified":"2024-03-20T14:10:26","modified_gmt":"2024-03-20T13:10:26","slug":"rodinny-zabavni-park","status":"publish","type":"post","link":"https:\/\/noclegioswiecim.eu\/cs\/zajimavosti\/rodinny-zabavni-park\/","title":{"rendered":"Rodinn\u00fd z\u00e1bavn\u00ed park"},"content":{"rendered":"<p><strong>Vzd\u00e1lenost od za\u0159\u00edzen\u00ed:<\/strong> Vzd\u00e1lenost od objektu: 2,5 km<\/p>\n<p><strong>Rodinn\u00fd z\u00e1bavn\u00ed park<\/strong> je ide\u00e1ln\u00edm m\u00edstem, kde va\u0161e d\u00edt\u011b str\u00e1v\u00ed \u010das nejen kreativn\u00ed hrou, ale z\u00e1rove\u0148 se postar\u00e1 o to, aby bylo aktivn\u00ed, hr\u00e1lo si na \u010dty\u0159\u00farov\u0148ov\u00e9 konstrukci, sk\u00e1kalo, lezlo a p\u0159ekon\u00e1valo p\u0159ipraven\u00e9 v\u00fdzvy.<\/p>\n<p>V\u00edme, \u017ee p\u0159irozenou pot\u0159ebou ka\u017ed\u00e9ho mlad\u00e9ho \u010dlov\u011bka je b\u00fdt mezi ostatn\u00edmi d\u011btmi. V parku se setkaj\u00ed s vrstevn\u00edky, kte\u0159\u00ed si cht\u011bj\u00ed spole\u010dn\u011b hr\u00e1t a \u0159\u00e1dit. Nau\u010d\u00ed se pozitivn\u00edm vztah\u016fm a poskytne spr\u00e1vnou d\u00e1vku z\u00e1bavy a nezapomenuteln\u00fdch z\u00e1\u017eitk\u016f.<\/p>\n<p>Nemohli jsme zapomenout na na\u0161e rodi\u010de, kte\u0159\u00ed byli unaveni sv\u00fdmi ka\u017edodenn\u00edmi povinnostmi. V \u00fatuln\u00e9 kav\u00e1rn\u011b si m\u016f\u017eete vychutnat svou obl\u00edbenou k\u00e1vu nebo vo\u0148av\u00fd \u010daj, kousek lahodn\u00e9ho dortu nebo tepl\u00e9 ob\u010derstven\u00ed a naj\u00edt chv\u00edli oddechu. \u010cek\u00e1 tu na v\u00e1s barevn\u00fd tisk a bezplatn\u00e9 p\u0159ipojen\u00ed k internetu.<\/p>\n<p><strong>Dal\u0161\u00ed informace:<\/strong> <a href=\"https:\/\/www.parkfamilyfun.pl\/\">www.parkfamilyfun.pl<\/a><\/p>\n","protected":false},"excerpt":{"rendered":"<p>Vzd\u00e1lenost: 2,5 km<\/p>\n","protected":false},"author":2,"featured_media":2819,"comment_status":"closed","ping_status":"closed","sticky":false,"template":"","format":"standard","meta":{"footnotes":""},"categories":[64],"tags":[],"class_list":["post-2817","post","type-post","status-publish","format-standard","has-post-thumbnail","hentry","category-zajimavosti"],"yoast_head":"<!-- This site is optimized with the Yoast SEO plugin v27.5 - https:\/\/yoast.com\/product\/yoast-seo-wordpress\/ -->\n<title>Rodinn\u00fd z\u00e1bavn\u00ed park - Comfort Apartments<\/title>\n<meta name=\"description\" content=\"Rodinn\u00fd z\u00e1bavn\u00ed park je ide\u00e1ln\u00edm m\u00edstem, kde m\u016f\u017ee va\u0161e d\u00edt\u011b tr\u00e1vit \u010das kreativn\u00ed hrou s ostatn\u00edmi d\u011btmi.\" \/>\n<meta name=\"robots\" content=\"index, follow, max-snippet:-1, max-image-preview:large, max-video-preview:-1\" \/>\n<link rel=\"canonical\" href=\"https:\/\/noclegioswiecim.eu\/cs\/?p=2817\" \/>\n<meta property=\"og:locale\" content=\"cs_CZ\" \/>\n<meta property=\"og:type\" content=\"article\" \/>\n<meta property=\"og:title\" content=\"Rodinn\u00fd z\u00e1bavn\u00ed park - Comfort Apartments\" \/>\n<meta property=\"og:description\" content=\"Rodinn\u00fd z\u00e1bavn\u00ed park je ide\u00e1ln\u00edm m\u00edstem, kde m\u016f\u017ee va\u0161e d\u00edt\u011b tr\u00e1vit \u010das kreativn\u00ed hrou s ostatn\u00edmi d\u011btmi.\" \/>\n<meta property=\"og:url\" content=\"https:\/\/noclegioswiecim.eu\/cs\/?p=2817\" \/>\n<meta property=\"og:site_name\" content=\"Comfort Apartments\" \/>\n<meta property=\"article:publisher\" content=\"https:\/\/www.facebook.com\/oswiecimapartments\/\" \/>\n<meta property=\"article:published_time\" content=\"2023-07-13T07:21:43+00:00\" \/>\n<meta property=\"article:modified_time\" content=\"2024-03-20T13:10:26+00:00\" \/>\n<meta property=\"og:image\" content=\"https:\/\/noclegioswiecim.eu\/wp-content\/uploads\/2023\/07\/03-2.jpg\" \/>\n\t<meta property=\"og:image:width\" content=\"1900\" \/>\n\t<meta property=\"og:image:height\" content=\"1269\" \/>\n\t<meta property=\"og:image:type\" content=\"image\/jpeg\" \/>\n<meta name=\"author\" content=\"Patrycja\" \/>\n<meta name=\"twitter:card\" content=\"summary_large_image\" \/>\n<meta name=\"twitter:label1\" content=\"Napsal(a)\" \/>\n\t<meta name=\"twitter:data1\" content=\"Patrycja\" \/>\n\t<meta name=\"twitter:label2\" content=\"Odhadovan\u00e1 doba \u010dten\u00ed\" \/>\n\t<meta name=\"twitter:data2\" content=\"1 minuta\" \/>\n<script type=\"application\/ld+json\" class=\"yoast-schema-graph\">{\"@context\":\"https:\\\/\\\/schema.org\",\"@graph\":[{\"@type\":\"Article\",\"@id\":\"https:\\\/\\\/noclegioswiecim.eu\\\/cs\\\/?p=2817#article\",\"isPartOf\":{\"@id\":\"https:\\\/\\\/noclegioswiecim.eu\\\/cs\\\/?p=2817\"},\"author\":{\"name\":\"Patrycja\",\"@id\":\"https:\\\/\\\/noclegioswiecim.eu\\\/#\\\/schema\\\/person\\\/feafb30ea03805a331616c6bfd80e947\"},\"headline\":\"Rodinn\u00fd z\u00e1bavn\u00ed park\",\"datePublished\":\"2023-07-13T07:21:43+00:00\",\"dateModified\":\"2024-03-20T13:10:26+00:00\",\"mainEntityOfPage\":{\"@id\":\"https:\\\/\\\/noclegioswiecim.eu\\\/cs\\\/?p=2817\"},\"wordCount\":188,\"publisher\":{\"@id\":\"https:\\\/\\\/noclegioswiecim.eu\\\/#organization\"},\"image\":{\"@id\":\"https:\\\/\\\/noclegioswiecim.eu\\\/cs\\\/?p=2817#primaryimage\"},\"thumbnailUrl\":\"https:\\\/\\\/noclegioswiecim.eu\\\/wp-content\\\/uploads\\\/2023\\\/07\\\/03-2.jpg\",\"articleSection\":[\"Zaj\u00edmavosti\"],\"inLanguage\":\"cs\"},{\"@type\":\"WebPage\",\"@id\":\"https:\\\/\\\/noclegioswiecim.eu\\\/cs\\\/?p=2817\",\"url\":\"https:\\\/\\\/noclegioswiecim.eu\\\/cs\\\/?p=2817\",\"name\":\"Rodinn\u00fd z\u00e1bavn\u00ed park - Comfort Apartments\",\"isPartOf\":{\"@id\":\"https:\\\/\\\/noclegioswiecim.eu\\\/#website\"},\"primaryImageOfPage\":{\"@id\":\"https:\\\/\\\/noclegioswiecim.eu\\\/cs\\\/?p=2817#primaryimage\"},\"image\":{\"@id\":\"https:\\\/\\\/noclegioswiecim.eu\\\/cs\\\/?p=2817#primaryimage\"},\"thumbnailUrl\":\"https:\\\/\\\/noclegioswiecim.eu\\\/wp-content\\\/uploads\\\/2023\\\/07\\\/03-2.jpg\",\"datePublished\":\"2023-07-13T07:21:43+00:00\",\"dateModified\":\"2024-03-20T13:10:26+00:00\",\"description\":\"Rodinn\u00fd z\u00e1bavn\u00ed park je ide\u00e1ln\u00edm m\u00edstem, kde m\u016f\u017ee va\u0161e d\u00edt\u011b tr\u00e1vit \u010das kreativn\u00ed hrou s ostatn\u00edmi d\u011btmi.\",\"breadcrumb\":{\"@id\":\"https:\\\/\\\/noclegioswiecim.eu\\\/cs\\\/?p=2817#breadcrumb\"},\"inLanguage\":\"cs\",\"potentialAction\":[{\"@type\":\"ReadAction\",\"target\":[\"https:\\\/\\\/noclegioswiecim.eu\\\/cs\\\/?p=2817\"]}]},{\"@type\":\"ImageObject\",\"inLanguage\":\"cs\",\"@id\":\"https:\\\/\\\/noclegioswiecim.eu\\\/cs\\\/?p=2817#primaryimage\",\"url\":\"https:\\\/\\\/noclegioswiecim.eu\\\/wp-content\\\/uploads\\\/2023\\\/07\\\/03-2.jpg\",\"contentUrl\":\"https:\\\/\\\/noclegioswiecim.eu\\\/wp-content\\\/uploads\\\/2023\\\/07\\\/03-2.jpg\",\"width\":1900,\"height\":1269},{\"@type\":\"BreadcrumbList\",\"@id\":\"https:\\\/\\\/noclegioswiecim.eu\\\/cs\\\/?p=2817#breadcrumb\",\"itemListElement\":[{\"@type\":\"ListItem\",\"position\":1,\"name\":\"Strona g\u0142\u00f3wna\",\"item\":\"https:\\\/\\\/noclegioswiecim.eu\\\/cs\\\/\"},{\"@type\":\"ListItem\",\"position\":2,\"name\":\"Rodinn\u00fd z\u00e1bavn\u00ed park\"}]},{\"@type\":\"WebSite\",\"@id\":\"https:\\\/\\\/noclegioswiecim.eu\\\/#website\",\"url\":\"https:\\\/\\\/noclegioswiecim.eu\\\/\",\"name\":\"Comfort Apartments\",\"description\":\"Noclegi O\u015bwi\u0119cim \\\/ Booking O\u015bwi\u0119cim\",\"publisher\":{\"@id\":\"https:\\\/\\\/noclegioswiecim.eu\\\/#organization\"},\"potentialAction\":[{\"@type\":\"SearchAction\",\"target\":{\"@type\":\"EntryPoint\",\"urlTemplate\":\"https:\\\/\\\/noclegioswiecim.eu\\\/?s={search_term_string}\"},\"query-input\":{\"@type\":\"PropertyValueSpecification\",\"valueRequired\":true,\"valueName\":\"search_term_string\"}}],\"inLanguage\":\"cs\"},{\"@type\":\"Organization\",\"@id\":\"https:\\\/\\\/noclegioswiecim.eu\\\/#organization\",\"name\":\"Comfort Apartments\",\"url\":\"https:\\\/\\\/noclegioswiecim.eu\\\/\",\"logo\":{\"@type\":\"ImageObject\",\"inLanguage\":\"cs\",\"@id\":\"https:\\\/\\\/noclegioswiecim.eu\\\/#\\\/schema\\\/logo\\\/image\\\/\",\"url\":\"https:\\\/\\\/noclegioswiecim.eu\\\/wp-content\\\/uploads\\\/2023\\\/02\\\/favicona.png\",\"contentUrl\":\"https:\\\/\\\/noclegioswiecim.eu\\\/wp-content\\\/uploads\\\/2023\\\/02\\\/favicona.png\",\"width\":200,\"height\":200,\"caption\":\"Comfort Apartments\"},\"image\":{\"@id\":\"https:\\\/\\\/noclegioswiecim.eu\\\/#\\\/schema\\\/logo\\\/image\\\/\"},\"sameAs\":[\"https:\\\/\\\/www.facebook.com\\\/oswiecimapartments\\\/\",\"https:\\\/\\\/goo.gl\\\/maps\\\/H9x6rxoZWfK3ad1j6\",\"https:\\\/\\\/www.instagram.com\\\/oswiecimapartments\\\/\"]},{\"@type\":\"Person\",\"@id\":\"https:\\\/\\\/noclegioswiecim.eu\\\/#\\\/schema\\\/person\\\/feafb30ea03805a331616c6bfd80e947\",\"name\":\"Patrycja\",\"image\":{\"@type\":\"ImageObject\",\"inLanguage\":\"cs\",\"@id\":\"https:\\\/\\\/secure.gravatar.com\\\/avatar\\\/7c37283748b62bb21affee70f751e75b04d527b2d023e14cdffee17064819ea3?s=96&d=mm&r=g\",\"url\":\"https:\\\/\\\/secure.gravatar.com\\\/avatar\\\/7c37283748b62bb21affee70f751e75b04d527b2d023e14cdffee17064819ea3?s=96&d=mm&r=g\",\"contentUrl\":\"https:\\\/\\\/secure.gravatar.com\\\/avatar\\\/7c37283748b62bb21affee70f751e75b04d527b2d023e14cdffee17064819ea3?s=96&d=mm&r=g\",\"caption\":\"Patrycja\"}}]}<\/script>\n<!-- \/ Yoast SEO plugin. -->","yoast_head_json":{"title":"Rodinn\u00fd z\u00e1bavn\u00ed park - Comfort Apartments","description":"Rodinn\u00fd z\u00e1bavn\u00ed park je ide\u00e1ln\u00edm m\u00edstem, kde m\u016f\u017ee va\u0161e d\u00edt\u011b tr\u00e1vit \u010das kreativn\u00ed hrou s ostatn\u00edmi d\u011btmi.","robots":{"index":"index","follow":"follow","max-snippet":"max-snippet:-1","max-image-preview":"max-image-preview:large","max-video-preview":"max-video-preview:-1"},"canonical":"https:\/\/noclegioswiecim.eu\/cs\/?p=2817","og_locale":"cs_CZ","og_type":"article","og_title":"Rodinn\u00fd z\u00e1bavn\u00ed park - Comfort Apartments","og_description":"Rodinn\u00fd z\u00e1bavn\u00ed park je ide\u00e1ln\u00edm m\u00edstem, kde m\u016f\u017ee va\u0161e d\u00edt\u011b tr\u00e1vit \u010das kreativn\u00ed hrou s ostatn\u00edmi d\u011btmi.","og_url":"https:\/\/noclegioswiecim.eu\/cs\/?p=2817","og_site_name":"Comfort Apartments","article_publisher":"https:\/\/www.facebook.com\/oswiecimapartments\/","article_published_time":"2023-07-13T07:21:43+00:00","article_modified_time":"2024-03-20T13:10:26+00:00","og_image":[{"width":1900,"height":1269,"url":"https:\/\/noclegioswiecim.eu\/wp-content\/uploads\/2023\/07\/03-2.jpg","type":"image\/jpeg"}],"author":"Patrycja","twitter_card":"summary_large_image","twitter_misc":{"Napsal(a)":"Patrycja","Odhadovan\u00e1 doba \u010dten\u00ed":"1 minuta"},"schema":{"@context":"https:\/\/schema.org","@graph":[{"@type":"Article","@id":"https:\/\/noclegioswiecim.eu\/cs\/?p=2817#article","isPartOf":{"@id":"https:\/\/noclegioswiecim.eu\/cs\/?p=2817"},"author":{"name":"Patrycja","@id":"https:\/\/noclegioswiecim.eu\/#\/schema\/person\/feafb30ea03805a331616c6bfd80e947"},"headline":"Rodinn\u00fd z\u00e1bavn\u00ed park","datePublished":"2023-07-13T07:21:43+00:00","dateModified":"2024-03-20T13:10:26+00:00","mainEntityOfPage":{"@id":"https:\/\/noclegioswiecim.eu\/cs\/?p=2817"},"wordCount":188,"publisher":{"@id":"https:\/\/noclegioswiecim.eu\/#organization"},"image":{"@id":"https:\/\/noclegioswiecim.eu\/cs\/?p=2817#primaryimage"},"thumbnailUrl":"https:\/\/noclegioswiecim.eu\/wp-content\/uploads\/2023\/07\/03-2.jpg","articleSection":["Zaj\u00edmavosti"],"inLanguage":"cs"},{"@type":"WebPage","@id":"https:\/\/noclegioswiecim.eu\/cs\/?p=2817","url":"https:\/\/noclegioswiecim.eu\/cs\/?p=2817","name":"Rodinn\u00fd z\u00e1bavn\u00ed park - Comfort Apartments","isPartOf":{"@id":"https:\/\/noclegioswiecim.eu\/#website"},"primaryImageOfPage":{"@id":"https:\/\/noclegioswiecim.eu\/cs\/?p=2817#primaryimage"},"image":{"@id":"https:\/\/noclegioswiecim.eu\/cs\/?p=2817#primaryimage"},"thumbnailUrl":"https:\/\/noclegioswiecim.eu\/wp-content\/uploads\/2023\/07\/03-2.jpg","datePublished":"2023-07-13T07:21:43+00:00","dateModified":"2024-03-20T13:10:26+00:00","description":"Rodinn\u00fd z\u00e1bavn\u00ed park je ide\u00e1ln\u00edm m\u00edstem, kde m\u016f\u017ee va\u0161e d\u00edt\u011b tr\u00e1vit \u010das kreativn\u00ed hrou s ostatn\u00edmi d\u011btmi.","breadcrumb":{"@id":"https:\/\/noclegioswiecim.eu\/cs\/?p=2817#breadcrumb"},"inLanguage":"cs","potentialAction":[{"@type":"ReadAction","target":["https:\/\/noclegioswiecim.eu\/cs\/?p=2817"]}]},{"@type":"ImageObject","inLanguage":"cs","@id":"https:\/\/noclegioswiecim.eu\/cs\/?p=2817#primaryimage","url":"https:\/\/noclegioswiecim.eu\/wp-content\/uploads\/2023\/07\/03-2.jpg","contentUrl":"https:\/\/noclegioswiecim.eu\/wp-content\/uploads\/2023\/07\/03-2.jpg","width":1900,"height":1269},{"@type":"BreadcrumbList","@id":"https:\/\/noclegioswiecim.eu\/cs\/?p=2817#breadcrumb","itemListElement":[{"@type":"ListItem","position":1,"name":"Strona g\u0142\u00f3wna","item":"https:\/\/noclegioswiecim.eu\/cs\/"},{"@type":"ListItem","position":2,"name":"Rodinn\u00fd z\u00e1bavn\u00ed park"}]},{"@type":"WebSite","@id":"https:\/\/noclegioswiecim.eu\/#website","url":"https:\/\/noclegioswiecim.eu\/","name":"Comfort Apartments","description":"Noclegi O\u015bwi\u0119cim \/ Booking O\u015bwi\u0119cim","publisher":{"@id":"https:\/\/noclegioswiecim.eu\/#organization"},"potentialAction":[{"@type":"SearchAction","target":{"@type":"EntryPoint","urlTemplate":"https:\/\/noclegioswiecim.eu\/?s={search_term_string}"},"query-input":{"@type":"PropertyValueSpecification","valueRequired":true,"valueName":"search_term_string"}}],"inLanguage":"cs"},{"@type":"Organization","@id":"https:\/\/noclegioswiecim.eu\/#organization","name":"Comfort Apartments","url":"https:\/\/noclegioswiecim.eu\/","logo":{"@type":"ImageObject","inLanguage":"cs","@id":"https:\/\/noclegioswiecim.eu\/#\/schema\/logo\/image\/","url":"https:\/\/noclegioswiecim.eu\/wp-content\/uploads\/2023\/02\/favicona.png","contentUrl":"https:\/\/noclegioswiecim.eu\/wp-content\/uploads\/2023\/02\/favicona.png","width":200,"height":200,"caption":"Comfort Apartments"},"image":{"@id":"https:\/\/noclegioswiecim.eu\/#\/schema\/logo\/image\/"},"sameAs":["https:\/\/www.facebook.com\/oswiecimapartments\/","https:\/\/goo.gl\/maps\/H9x6rxoZWfK3ad1j6","https:\/\/www.instagram.com\/oswiecimapartments\/"]},{"@type":"Person","@id":"https:\/\/noclegioswiecim.eu\/#\/schema\/person\/feafb30ea03805a331616c6bfd80e947","name":"Patrycja","image":{"@type":"ImageObject","inLanguage":"cs","@id":"https:\/\/secure.gravatar.com\/avatar\/7c37283748b62bb21affee70f751e75b04d527b2d023e14cdffee17064819ea3?s=96&d=mm&r=g","url":"https:\/\/secure.gravatar.com\/avatar\/7c37283748b62bb21affee70f751e75b04d527b2d023e14cdffee17064819ea3?s=96&d=mm&r=g","contentUrl":"https:\/\/secure.gravatar.com\/avatar\/7c37283748b62bb21affee70f751e75b04d527b2d023e14cdffee17064819ea3?s=96&d=mm&r=g","caption":"Patrycja"}}]}},"_links":{"self":[{"href":"https:\/\/noclegioswiecim.eu\/cs\/wp-json\/wp\/v2\/posts\/2817","targetHints":{"allow":["GET"]}}],"collection":[{"href":"https:\/\/noclegioswiecim.eu\/cs\/wp-json\/wp\/v2\/posts"}],"about":[{"href":"https:\/\/noclegioswiecim.eu\/cs\/wp-json\/wp\/v2\/types\/post"}],"author":[{"embeddable":true,"href":"https:\/\/noclegioswiecim.eu\/cs\/wp-json\/wp\/v2\/users\/2"}],"replies":[{"embeddable":true,"href":"https:\/\/noclegioswiecim.eu\/cs\/wp-json\/wp\/v2\/comments?post=2817"}],"version-history":[{"count":1,"href":"https:\/\/noclegioswiecim.eu\/cs\/wp-json\/wp\/v2\/posts\/2817\/revisions"}],"predecessor-version":[{"id":2820,"href":"https:\/\/noclegioswiecim.eu\/cs\/wp-json\/wp\/v2\/posts\/2817\/revisions\/2820"}],"wp:featuredmedia":[{"embeddable":true,"href":"https:\/\/noclegioswiecim.eu\/cs\/wp-json\/wp\/v2\/media\/2819"}],"wp:attachment":[{"href":"https:\/\/noclegioswiecim.eu\/cs\/wp-json\/wp\/v2\/media?parent=2817"}],"wp:term":[{"taxonomy":"category","embeddable":true,"href":"https:\/\/noclegioswiecim.eu\/cs\/wp-json\/wp\/v2\/categories?post=2817"},{"taxonomy":"post_tag","embeddable":true,"href":"https:\/\/noclegioswiecim.eu\/cs\/wp-json\/wp\/v2\/tags?post=2817"}],"curies":[{"name":"wp","href":"https:\/\/api.w.org\/{rel}","templated":true}]}}