{"id":2788,"date":"2023-07-13T10:20:30","date_gmt":"2023-07-13T08:20:30","guid":{"rendered":"https:\/\/noclegioswiecim.eu\/bez-kategorii\/muzeum-jana-pavla-ii\/"},"modified":"2024-03-20T14:10:25","modified_gmt":"2024-03-20T13:10:25","slug":"muzeum-jana-pavla-ii","status":"publish","type":"post","link":"https:\/\/noclegioswiecim.eu\/cs\/zajimavosti\/muzeum-jana-pavla-ii\/","title":{"rendered":"Muzeum Jana Pavla II."},"content":{"rendered":"<p><strong>Vzd\u00e1lenost od za\u0159\u00edzen\u00ed: <\/strong>Vzd\u00e1lenost: 32,5 km<\/p>\n<p>Posl\u00e1n\u00edm muzea je <strong>p\u0159ipom\u00ednat a \u0161\u00ed\u0159it<\/strong> \u017eivot a u\u010den\u00ed <strong>Svat\u00e9ho otce Jana Pavla II.<\/strong>, jeho\u017e pontifik\u00e1t a poselstv\u00ed zauj\u00edmaj\u00ed v <strong>polsk\u00e9m n\u00e1rodn\u00edm d\u011bdictv\u00ed jedine\u010dn\u00e9 m\u00edsto<\/strong>. Muzeum se sna\u017e\u00ed uk\u00e1zat dal\u0161\u00edm generac\u00edm osobnost <strong>Jana Pavla II.<\/strong> jako vzor u\u0161lechtil\u00e9ho, moudr\u00e9ho, k druh\u00fdm lidem otev\u0159en\u00e9ho \u010dlov\u011bka, kter\u00fd se t\u011b\u0161\u00ed autorit\u011b a \u00fact\u011b.<\/p>\n<p>K posl\u00e1n\u00ed muzea pat\u0159\u00ed tak\u00e9 <strong>podpora rodiny<\/strong> jako z\u00e1kladn\u00edho a nenahraditeln\u00e9ho spole\u010denstv\u00ed, kter\u00e9 utv\u00e1\u0159\u00ed identitu \u010dlov\u011bka, jeho hodnotov\u00fd syst\u00e9m a ob\u010dansk\u00e9 postoje, a aktivn\u00ed \u00fa\u010dast na budov\u00e1n\u00ed spole\u010dnosti zalo\u017een\u00e9 na <strong>k\u0159es\u0165ansk\u00fdch hodnot\u00e1ch.<\/strong><\/p>\n<p>Wadowick\u00e9 muzeum je jedn\u00edm z nejd\u016fle\u017eit\u011bj\u0161\u00edch bod\u016f na map\u011b m\u00edst spojen\u00fdch s polsk\u00fdm pape\u017eem. Je to jedno z nejnav\u0161t\u011bvovan\u011bj\u0161\u00edch muze\u00ed v Polsku. Odtud se Jan Pavel II. vydal na cestu sv\u011btem, aby p\u0159in\u00e1\u0161el radostnou zv\u011bst, nad\u011bji a m\u00edr. Jeho \u017eivot a \u010dinnost inspiruj\u00ed a posiluj\u00ed miliony lid\u00ed na cel\u00e9m sv\u011bt\u011b, v\u010detn\u011b t\u011bch, kte\u0159\u00ed p\u0159ij\u00ed\u017ed\u011bj\u00ed do jeho rodn\u00e9ho domova.<\/p>\n<p><strong>Dal\u0161\u00ed informace:<\/strong> <a href=\"https:\/\/domjp2.pl\/\">www.domjp2.pl<\/a><\/p>\n<p>&nbsp;<\/p>\n","protected":false},"excerpt":{"rendered":"<p>Vzd\u00e1lenost: 32,5 km<\/p>\n","protected":false},"author":2,"featured_media":2794,"comment_status":"open","ping_status":"open","sticky":false,"template":"","format":"standard","meta":{"footnotes":""},"categories":[64],"tags":[],"class_list":["post-2788","post","type-post","status-publish","format-standard","has-post-thumbnail","hentry","category-zajimavosti"],"yoast_head":"<!-- This site is optimized with the Yoast SEO plugin v27.5 - https:\/\/yoast.com\/product\/yoast-seo-wordpress\/ -->\n<title>Muzeum Jana Pavla II. - Comfort Apartments<\/title>\n<meta name=\"description\" content=\"Wadowick\u00e9 muzeum je jedn\u00edm z nejd\u016fle\u017eit\u011bj\u0161\u00edch bod\u016f na map\u011b m\u00edst spojen\u00fdch s polsk\u00fdm pape\u017eem a tak\u00e9 jedn\u00edm z nejnav\u0161t\u011bvovan\u011bj\u0161\u00edch.\" \/>\n<meta name=\"robots\" content=\"index, follow, max-snippet:-1, max-image-preview:large, max-video-preview:-1\" \/>\n<link rel=\"canonical\" href=\"https:\/\/noclegioswiecim.eu\/cs\/?p=2788\" \/>\n<meta property=\"og:locale\" content=\"cs_CZ\" \/>\n<meta property=\"og:type\" content=\"article\" \/>\n<meta property=\"og:title\" content=\"Muzeum Jana Pavla II. - Comfort Apartments\" \/>\n<meta property=\"og:description\" content=\"Wadowick\u00e9 muzeum je jedn\u00edm z nejd\u016fle\u017eit\u011bj\u0161\u00edch bod\u016f na map\u011b m\u00edst spojen\u00fdch s polsk\u00fdm pape\u017eem a tak\u00e9 jedn\u00edm z nejnav\u0161t\u011bvovan\u011bj\u0161\u00edch.\" \/>\n<meta property=\"og:url\" content=\"https:\/\/noclegioswiecim.eu\/cs\/?p=2788\" \/>\n<meta property=\"og:site_name\" content=\"Comfort Apartments\" \/>\n<meta property=\"article:publisher\" content=\"https:\/\/www.facebook.com\/oswiecimapartments\/\" \/>\n<meta property=\"article:published_time\" content=\"2023-07-13T08:20:30+00:00\" \/>\n<meta property=\"article:modified_time\" content=\"2024-03-20T13:10:25+00:00\" \/>\n<meta property=\"og:image\" content=\"https:\/\/noclegioswiecim.eu\/wp-content\/uploads\/2023\/07\/muzeum-20-1.jpg\" \/>\n\t<meta property=\"og:image:width\" content=\"1900\" \/>\n\t<meta property=\"og:image:height\" content=\"1210\" \/>\n\t<meta property=\"og:image:type\" content=\"image\/jpeg\" \/>\n<meta name=\"author\" content=\"Patrycja\" \/>\n<meta name=\"twitter:card\" content=\"summary_large_image\" \/>\n<meta name=\"twitter:label1\" content=\"Napsal(a)\" \/>\n\t<meta name=\"twitter:data1\" content=\"Patrycja\" \/>\n\t<meta name=\"twitter:label2\" content=\"Odhadovan\u00e1 doba \u010dten\u00ed\" \/>\n\t<meta name=\"twitter:data2\" content=\"1 minuta\" \/>\n<script type=\"application\/ld+json\" class=\"yoast-schema-graph\">{\"@context\":\"https:\\\/\\\/schema.org\",\"@graph\":[{\"@type\":\"Article\",\"@id\":\"https:\\\/\\\/noclegioswiecim.eu\\\/cs\\\/?p=2788#article\",\"isPartOf\":{\"@id\":\"https:\\\/\\\/noclegioswiecim.eu\\\/cs\\\/?p=2788\"},\"author\":{\"name\":\"Patrycja\",\"@id\":\"https:\\\/\\\/noclegioswiecim.eu\\\/#\\\/schema\\\/person\\\/feafb30ea03805a331616c6bfd80e947\"},\"headline\":\"Muzeum Jana Pavla II.\",\"datePublished\":\"2023-07-13T08:20:30+00:00\",\"dateModified\":\"2024-03-20T13:10:25+00:00\",\"mainEntityOfPage\":{\"@id\":\"https:\\\/\\\/noclegioswiecim.eu\\\/cs\\\/?p=2788\"},\"wordCount\":224,\"commentCount\":0,\"publisher\":{\"@id\":\"https:\\\/\\\/noclegioswiecim.eu\\\/#organization\"},\"image\":{\"@id\":\"https:\\\/\\\/noclegioswiecim.eu\\\/cs\\\/?p=2788#primaryimage\"},\"thumbnailUrl\":\"https:\\\/\\\/noclegioswiecim.eu\\\/wp-content\\\/uploads\\\/2023\\\/07\\\/muzeum-20-1.jpg\",\"articleSection\":[\"Zaj\u00edmavosti\"],\"inLanguage\":\"cs\",\"potentialAction\":[{\"@type\":\"CommentAction\",\"name\":\"Comment\",\"target\":[\"https:\\\/\\\/noclegioswiecim.eu\\\/cs\\\/?p=2788#respond\"]}]},{\"@type\":\"WebPage\",\"@id\":\"https:\\\/\\\/noclegioswiecim.eu\\\/cs\\\/?p=2788\",\"url\":\"https:\\\/\\\/noclegioswiecim.eu\\\/cs\\\/?p=2788\",\"name\":\"Muzeum Jana Pavla II. - Comfort Apartments\",\"isPartOf\":{\"@id\":\"https:\\\/\\\/noclegioswiecim.eu\\\/#website\"},\"primaryImageOfPage\":{\"@id\":\"https:\\\/\\\/noclegioswiecim.eu\\\/cs\\\/?p=2788#primaryimage\"},\"image\":{\"@id\":\"https:\\\/\\\/noclegioswiecim.eu\\\/cs\\\/?p=2788#primaryimage\"},\"thumbnailUrl\":\"https:\\\/\\\/noclegioswiecim.eu\\\/wp-content\\\/uploads\\\/2023\\\/07\\\/muzeum-20-1.jpg\",\"datePublished\":\"2023-07-13T08:20:30+00:00\",\"dateModified\":\"2024-03-20T13:10:25+00:00\",\"description\":\"Wadowick\u00e9 muzeum je jedn\u00edm z nejd\u016fle\u017eit\u011bj\u0161\u00edch bod\u016f na map\u011b m\u00edst spojen\u00fdch s polsk\u00fdm pape\u017eem a tak\u00e9 jedn\u00edm z nejnav\u0161t\u011bvovan\u011bj\u0161\u00edch.\",\"breadcrumb\":{\"@id\":\"https:\\\/\\\/noclegioswiecim.eu\\\/cs\\\/?p=2788#breadcrumb\"},\"inLanguage\":\"cs\",\"potentialAction\":[{\"@type\":\"ReadAction\",\"target\":[\"https:\\\/\\\/noclegioswiecim.eu\\\/cs\\\/?p=2788\"]}]},{\"@type\":\"ImageObject\",\"inLanguage\":\"cs\",\"@id\":\"https:\\\/\\\/noclegioswiecim.eu\\\/cs\\\/?p=2788#primaryimage\",\"url\":\"https:\\\/\\\/noclegioswiecim.eu\\\/wp-content\\\/uploads\\\/2023\\\/07\\\/muzeum-20-1.jpg\",\"contentUrl\":\"https:\\\/\\\/noclegioswiecim.eu\\\/wp-content\\\/uploads\\\/2023\\\/07\\\/muzeum-20-1.jpg\",\"width\":1900,\"height\":1210},{\"@type\":\"BreadcrumbList\",\"@id\":\"https:\\\/\\\/noclegioswiecim.eu\\\/cs\\\/?p=2788#breadcrumb\",\"itemListElement\":[{\"@type\":\"ListItem\",\"position\":1,\"name\":\"Strona g\u0142\u00f3wna\",\"item\":\"https:\\\/\\\/noclegioswiecim.eu\\\/cs\\\/\"},{\"@type\":\"ListItem\",\"position\":2,\"name\":\"Muzeum Jana Pavla II.\"}]},{\"@type\":\"WebSite\",\"@id\":\"https:\\\/\\\/noclegioswiecim.eu\\\/#website\",\"url\":\"https:\\\/\\\/noclegioswiecim.eu\\\/\",\"name\":\"Comfort Apartments\",\"description\":\"Noclegi O\u015bwi\u0119cim \\\/ Booking O\u015bwi\u0119cim\",\"publisher\":{\"@id\":\"https:\\\/\\\/noclegioswiecim.eu\\\/#organization\"},\"potentialAction\":[{\"@type\":\"SearchAction\",\"target\":{\"@type\":\"EntryPoint\",\"urlTemplate\":\"https:\\\/\\\/noclegioswiecim.eu\\\/?s={search_term_string}\"},\"query-input\":{\"@type\":\"PropertyValueSpecification\",\"valueRequired\":true,\"valueName\":\"search_term_string\"}}],\"inLanguage\":\"cs\"},{\"@type\":\"Organization\",\"@id\":\"https:\\\/\\\/noclegioswiecim.eu\\\/#organization\",\"name\":\"Comfort Apartments\",\"url\":\"https:\\\/\\\/noclegioswiecim.eu\\\/\",\"logo\":{\"@type\":\"ImageObject\",\"inLanguage\":\"cs\",\"@id\":\"https:\\\/\\\/noclegioswiecim.eu\\\/#\\\/schema\\\/logo\\\/image\\\/\",\"url\":\"https:\\\/\\\/noclegioswiecim.eu\\\/wp-content\\\/uploads\\\/2023\\\/02\\\/favicona.png\",\"contentUrl\":\"https:\\\/\\\/noclegioswiecim.eu\\\/wp-content\\\/uploads\\\/2023\\\/02\\\/favicona.png\",\"width\":200,\"height\":200,\"caption\":\"Comfort Apartments\"},\"image\":{\"@id\":\"https:\\\/\\\/noclegioswiecim.eu\\\/#\\\/schema\\\/logo\\\/image\\\/\"},\"sameAs\":[\"https:\\\/\\\/www.facebook.com\\\/oswiecimapartments\\\/\",\"https:\\\/\\\/goo.gl\\\/maps\\\/H9x6rxoZWfK3ad1j6\",\"https:\\\/\\\/www.instagram.com\\\/oswiecimapartments\\\/\"]},{\"@type\":\"Person\",\"@id\":\"https:\\\/\\\/noclegioswiecim.eu\\\/#\\\/schema\\\/person\\\/feafb30ea03805a331616c6bfd80e947\",\"name\":\"Patrycja\",\"image\":{\"@type\":\"ImageObject\",\"inLanguage\":\"cs\",\"@id\":\"https:\\\/\\\/secure.gravatar.com\\\/avatar\\\/7c37283748b62bb21affee70f751e75b04d527b2d023e14cdffee17064819ea3?s=96&d=mm&r=g\",\"url\":\"https:\\\/\\\/secure.gravatar.com\\\/avatar\\\/7c37283748b62bb21affee70f751e75b04d527b2d023e14cdffee17064819ea3?s=96&d=mm&r=g\",\"contentUrl\":\"https:\\\/\\\/secure.gravatar.com\\\/avatar\\\/7c37283748b62bb21affee70f751e75b04d527b2d023e14cdffee17064819ea3?s=96&d=mm&r=g\",\"caption\":\"Patrycja\"}}]}<\/script>\n<!-- \/ Yoast SEO plugin. -->","yoast_head_json":{"title":"Muzeum Jana Pavla II. - Comfort Apartments","description":"Wadowick\u00e9 muzeum je jedn\u00edm z nejd\u016fle\u017eit\u011bj\u0161\u00edch bod\u016f na map\u011b m\u00edst spojen\u00fdch s polsk\u00fdm pape\u017eem a tak\u00e9 jedn\u00edm z nejnav\u0161t\u011bvovan\u011bj\u0161\u00edch.","robots":{"index":"index","follow":"follow","max-snippet":"max-snippet:-1","max-image-preview":"max-image-preview:large","max-video-preview":"max-video-preview:-1"},"canonical":"https:\/\/noclegioswiecim.eu\/cs\/?p=2788","og_locale":"cs_CZ","og_type":"article","og_title":"Muzeum Jana Pavla II. - Comfort Apartments","og_description":"Wadowick\u00e9 muzeum je jedn\u00edm z nejd\u016fle\u017eit\u011bj\u0161\u00edch bod\u016f na map\u011b m\u00edst spojen\u00fdch s polsk\u00fdm pape\u017eem a tak\u00e9 jedn\u00edm z nejnav\u0161t\u011bvovan\u011bj\u0161\u00edch.","og_url":"https:\/\/noclegioswiecim.eu\/cs\/?p=2788","og_site_name":"Comfort Apartments","article_publisher":"https:\/\/www.facebook.com\/oswiecimapartments\/","article_published_time":"2023-07-13T08:20:30+00:00","article_modified_time":"2024-03-20T13:10:25+00:00","og_image":[{"width":1900,"height":1210,"url":"https:\/\/noclegioswiecim.eu\/wp-content\/uploads\/2023\/07\/muzeum-20-1.jpg","type":"image\/jpeg"}],"author":"Patrycja","twitter_card":"summary_large_image","twitter_misc":{"Napsal(a)":"Patrycja","Odhadovan\u00e1 doba \u010dten\u00ed":"1 minuta"},"schema":{"@context":"https:\/\/schema.org","@graph":[{"@type":"Article","@id":"https:\/\/noclegioswiecim.eu\/cs\/?p=2788#article","isPartOf":{"@id":"https:\/\/noclegioswiecim.eu\/cs\/?p=2788"},"author":{"name":"Patrycja","@id":"https:\/\/noclegioswiecim.eu\/#\/schema\/person\/feafb30ea03805a331616c6bfd80e947"},"headline":"Muzeum Jana Pavla II.","datePublished":"2023-07-13T08:20:30+00:00","dateModified":"2024-03-20T13:10:25+00:00","mainEntityOfPage":{"@id":"https:\/\/noclegioswiecim.eu\/cs\/?p=2788"},"wordCount":224,"commentCount":0,"publisher":{"@id":"https:\/\/noclegioswiecim.eu\/#organization"},"image":{"@id":"https:\/\/noclegioswiecim.eu\/cs\/?p=2788#primaryimage"},"thumbnailUrl":"https:\/\/noclegioswiecim.eu\/wp-content\/uploads\/2023\/07\/muzeum-20-1.jpg","articleSection":["Zaj\u00edmavosti"],"inLanguage":"cs","potentialAction":[{"@type":"CommentAction","name":"Comment","target":["https:\/\/noclegioswiecim.eu\/cs\/?p=2788#respond"]}]},{"@type":"WebPage","@id":"https:\/\/noclegioswiecim.eu\/cs\/?p=2788","url":"https:\/\/noclegioswiecim.eu\/cs\/?p=2788","name":"Muzeum Jana Pavla II. - Comfort Apartments","isPartOf":{"@id":"https:\/\/noclegioswiecim.eu\/#website"},"primaryImageOfPage":{"@id":"https:\/\/noclegioswiecim.eu\/cs\/?p=2788#primaryimage"},"image":{"@id":"https:\/\/noclegioswiecim.eu\/cs\/?p=2788#primaryimage"},"thumbnailUrl":"https:\/\/noclegioswiecim.eu\/wp-content\/uploads\/2023\/07\/muzeum-20-1.jpg","datePublished":"2023-07-13T08:20:30+00:00","dateModified":"2024-03-20T13:10:25+00:00","description":"Wadowick\u00e9 muzeum je jedn\u00edm z nejd\u016fle\u017eit\u011bj\u0161\u00edch bod\u016f na map\u011b m\u00edst spojen\u00fdch s polsk\u00fdm pape\u017eem a tak\u00e9 jedn\u00edm z nejnav\u0161t\u011bvovan\u011bj\u0161\u00edch.","breadcrumb":{"@id":"https:\/\/noclegioswiecim.eu\/cs\/?p=2788#breadcrumb"},"inLanguage":"cs","potentialAction":[{"@type":"ReadAction","target":["https:\/\/noclegioswiecim.eu\/cs\/?p=2788"]}]},{"@type":"ImageObject","inLanguage":"cs","@id":"https:\/\/noclegioswiecim.eu\/cs\/?p=2788#primaryimage","url":"https:\/\/noclegioswiecim.eu\/wp-content\/uploads\/2023\/07\/muzeum-20-1.jpg","contentUrl":"https:\/\/noclegioswiecim.eu\/wp-content\/uploads\/2023\/07\/muzeum-20-1.jpg","width":1900,"height":1210},{"@type":"BreadcrumbList","@id":"https:\/\/noclegioswiecim.eu\/cs\/?p=2788#breadcrumb","itemListElement":[{"@type":"ListItem","position":1,"name":"Strona g\u0142\u00f3wna","item":"https:\/\/noclegioswiecim.eu\/cs\/"},{"@type":"ListItem","position":2,"name":"Muzeum Jana Pavla II."}]},{"@type":"WebSite","@id":"https:\/\/noclegioswiecim.eu\/#website","url":"https:\/\/noclegioswiecim.eu\/","name":"Comfort Apartments","description":"Noclegi O\u015bwi\u0119cim \/ Booking O\u015bwi\u0119cim","publisher":{"@id":"https:\/\/noclegioswiecim.eu\/#organization"},"potentialAction":[{"@type":"SearchAction","target":{"@type":"EntryPoint","urlTemplate":"https:\/\/noclegioswiecim.eu\/?s={search_term_string}"},"query-input":{"@type":"PropertyValueSpecification","valueRequired":true,"valueName":"search_term_string"}}],"inLanguage":"cs"},{"@type":"Organization","@id":"https:\/\/noclegioswiecim.eu\/#organization","name":"Comfort Apartments","url":"https:\/\/noclegioswiecim.eu\/","logo":{"@type":"ImageObject","inLanguage":"cs","@id":"https:\/\/noclegioswiecim.eu\/#\/schema\/logo\/image\/","url":"https:\/\/noclegioswiecim.eu\/wp-content\/uploads\/2023\/02\/favicona.png","contentUrl":"https:\/\/noclegioswiecim.eu\/wp-content\/uploads\/2023\/02\/favicona.png","width":200,"height":200,"caption":"Comfort Apartments"},"image":{"@id":"https:\/\/noclegioswiecim.eu\/#\/schema\/logo\/image\/"},"sameAs":["https:\/\/www.facebook.com\/oswiecimapartments\/","https:\/\/goo.gl\/maps\/H9x6rxoZWfK3ad1j6","https:\/\/www.instagram.com\/oswiecimapartments\/"]},{"@type":"Person","@id":"https:\/\/noclegioswiecim.eu\/#\/schema\/person\/feafb30ea03805a331616c6bfd80e947","name":"Patrycja","image":{"@type":"ImageObject","inLanguage":"cs","@id":"https:\/\/secure.gravatar.com\/avatar\/7c37283748b62bb21affee70f751e75b04d527b2d023e14cdffee17064819ea3?s=96&d=mm&r=g","url":"https:\/\/secure.gravatar.com\/avatar\/7c37283748b62bb21affee70f751e75b04d527b2d023e14cdffee17064819ea3?s=96&d=mm&r=g","contentUrl":"https:\/\/secure.gravatar.com\/avatar\/7c37283748b62bb21affee70f751e75b04d527b2d023e14cdffee17064819ea3?s=96&d=mm&r=g","caption":"Patrycja"}}]}},"_links":{"self":[{"href":"https:\/\/noclegioswiecim.eu\/cs\/wp-json\/wp\/v2\/posts\/2788","targetHints":{"allow":["GET"]}}],"collection":[{"href":"https:\/\/noclegioswiecim.eu\/cs\/wp-json\/wp\/v2\/posts"}],"about":[{"href":"https:\/\/noclegioswiecim.eu\/cs\/wp-json\/wp\/v2\/types\/post"}],"author":[{"embeddable":true,"href":"https:\/\/noclegioswiecim.eu\/cs\/wp-json\/wp\/v2\/users\/2"}],"replies":[{"embeddable":true,"href":"https:\/\/noclegioswiecim.eu\/cs\/wp-json\/wp\/v2\/comments?post=2788"}],"version-history":[{"count":1,"href":"https:\/\/noclegioswiecim.eu\/cs\/wp-json\/wp\/v2\/posts\/2788\/revisions"}],"predecessor-version":[{"id":2795,"href":"https:\/\/noclegioswiecim.eu\/cs\/wp-json\/wp\/v2\/posts\/2788\/revisions\/2795"}],"wp:featuredmedia":[{"embeddable":true,"href":"https:\/\/noclegioswiecim.eu\/cs\/wp-json\/wp\/v2\/media\/2794"}],"wp:attachment":[{"href":"https:\/\/noclegioswiecim.eu\/cs\/wp-json\/wp\/v2\/media?parent=2788"}],"wp:term":[{"taxonomy":"category","embeddable":true,"href":"https:\/\/noclegioswiecim.eu\/cs\/wp-json\/wp\/v2\/categories?post=2788"},{"taxonomy":"post_tag","embeddable":true,"href":"https:\/\/noclegioswiecim.eu\/cs\/wp-json\/wp\/v2\/tags?post=2788"}],"curies":[{"name":"wp","href":"https:\/\/api.w.org\/{rel}","templated":true}]}}