{"id":2720,"date":"2023-07-13T10:06:45","date_gmt":"2023-07-13T08:06:45","guid":{"rendered":"https:\/\/noclegioswiecim.eu\/bez-kategorii\/zamecke-muzeum-v-osvetimi\/"},"modified":"2024-03-20T14:10:22","modified_gmt":"2024-03-20T13:10:22","slug":"zamecke-muzeum-v-osvetimi","status":"publish","type":"post","link":"https:\/\/noclegioswiecim.eu\/cs\/zajimavosti\/zamecke-muzeum-v-osvetimi\/","title":{"rendered":"Z\u00e1meck\u00e9 muzeum v Osv\u011btimi"},"content":{"rendered":"<p><strong>Vzd\u00e1lenost od za\u0159\u00edzen\u00ed:<\/strong> Vzd\u00e1lenost od objektu: 3 km<\/p>\n<p><strong>Hradn\u00ed muzeum<\/strong>, kter\u00e9 se nach\u00e1z\u00ed kousek od <strong>hlavn\u00edho n\u00e1m\u011bst\u00ed<\/strong>. N\u00e1v\u0161t\u011bvu lze proto spojit s proch\u00e1zkou po centru m\u011bsta. Je to skv\u011bl\u00fd n\u00e1pad pro ka\u017ed\u00e9ho, kdo r\u00e1d objevuje nov\u00e1 m\u00edsta a pozn\u00e1v\u00e1 jejich p\u0159\u00edb\u011bhy. V tomto muzeu se dozv\u00edte, jak se \u017eilo v Osv\u011btimi v po\u010d\u00e1tc\u00edch jej\u00edho vzniku, kter\u00e9 slavn\u00e9 osobnosti odtud poch\u00e1zely, a tak\u00e9 se p\u0159esv\u011bd\u010d\u00edte, \u017ee m\u011bsto spojen\u00e9 p\u0159edev\u0161\u00edm s muzeem Osv\u011btim-B\u0159ezinka toho ve skute\u010dnosti nab\u00edz\u00ed mnohem v\u00edc.<\/p>\n<p><strong>Dal\u0161\u00ed informace:<\/strong><a href=\"https:\/\/muzeum-zamek.pl\/\"> www.muzeum-zamek.pl<\/a><\/p>\n","protected":false},"excerpt":{"rendered":"<p>Vzd\u00e1lenost: 3 km<\/p>\n","protected":false},"author":2,"featured_media":2728,"comment_status":"open","ping_status":"open","sticky":false,"template":"","format":"standard","meta":{"footnotes":""},"categories":[64],"tags":[],"class_list":["post-2720","post","type-post","status-publish","format-standard","has-post-thumbnail","hentry","category-zajimavosti"],"yoast_head":"<!-- This site is optimized with the Yoast SEO plugin v27.5 - https:\/\/yoast.com\/product\/yoast-seo-wordpress\/ -->\n<title>Z\u00e1meck\u00e9 muzeum v Osv\u011btimi - Comfort Apartments<\/title>\n<meta name=\"description\" content=\"Hradn\u00ed muzeum, kter\u00e9 se nach\u00e1z\u00ed kousek od hlavn\u00edho n\u00e1m\u011bst\u00ed. N\u00e1v\u0161t\u011bvu lze proto spojit s proch\u00e1zkou po centru m\u011bsta.\" \/>\n<meta name=\"robots\" content=\"index, follow, max-snippet:-1, max-image-preview:large, max-video-preview:-1\" \/>\n<link rel=\"canonical\" href=\"https:\/\/noclegioswiecim.eu\/cs\/?p=2720\" \/>\n<meta property=\"og:locale\" content=\"cs_CZ\" \/>\n<meta property=\"og:type\" content=\"article\" \/>\n<meta property=\"og:title\" content=\"Z\u00e1meck\u00e9 muzeum v Osv\u011btimi - Comfort Apartments\" \/>\n<meta property=\"og:description\" content=\"Hradn\u00ed muzeum, kter\u00e9 se nach\u00e1z\u00ed kousek od hlavn\u00edho n\u00e1m\u011bst\u00ed. N\u00e1v\u0161t\u011bvu lze proto spojit s proch\u00e1zkou po centru m\u011bsta.\" \/>\n<meta property=\"og:url\" content=\"https:\/\/noclegioswiecim.eu\/cs\/?p=2720\" \/>\n<meta property=\"og:site_name\" content=\"Comfort Apartments\" \/>\n<meta property=\"article:publisher\" content=\"https:\/\/www.facebook.com\/oswiecimapartments\/\" \/>\n<meta property=\"article:published_time\" content=\"2023-07-13T08:06:45+00:00\" \/>\n<meta property=\"article:modified_time\" content=\"2024-03-20T13:10:22+00:00\" \/>\n<meta property=\"og:image\" content=\"https:\/\/noclegioswiecim.eu\/wp-content\/uploads\/2023\/07\/Zamek-Oswiecim-29-of-49-scaled-1-e1689235551747-1.jpg\" \/>\n\t<meta property=\"og:image:width\" content=\"1900\" \/>\n\t<meta property=\"og:image:height\" content=\"1267\" \/>\n\t<meta property=\"og:image:type\" content=\"image\/jpeg\" \/>\n<meta name=\"author\" content=\"Patrycja\" \/>\n<meta name=\"twitter:card\" content=\"summary_large_image\" \/>\n<meta name=\"twitter:label1\" content=\"Napsal(a)\" \/>\n\t<meta name=\"twitter:data1\" content=\"Patrycja\" \/>\n\t<meta name=\"twitter:label2\" content=\"Odhadovan\u00e1 doba \u010dten\u00ed\" \/>\n\t<meta name=\"twitter:data2\" content=\"1 minuta\" \/>\n<script type=\"application\/ld+json\" class=\"yoast-schema-graph\">{\"@context\":\"https:\\\/\\\/schema.org\",\"@graph\":[{\"@type\":\"Article\",\"@id\":\"https:\\\/\\\/noclegioswiecim.eu\\\/cs\\\/?p=2720#article\",\"isPartOf\":{\"@id\":\"https:\\\/\\\/noclegioswiecim.eu\\\/cs\\\/?p=2720\"},\"author\":{\"name\":\"Patrycja\",\"@id\":\"https:\\\/\\\/noclegioswiecim.eu\\\/#\\\/schema\\\/person\\\/feafb30ea03805a331616c6bfd80e947\"},\"headline\":\"Z\u00e1meck\u00e9 muzeum v Osv\u011btimi\",\"datePublished\":\"2023-07-13T08:06:45+00:00\",\"dateModified\":\"2024-03-20T13:10:22+00:00\",\"mainEntityOfPage\":{\"@id\":\"https:\\\/\\\/noclegioswiecim.eu\\\/cs\\\/?p=2720\"},\"wordCount\":125,\"commentCount\":0,\"publisher\":{\"@id\":\"https:\\\/\\\/noclegioswiecim.eu\\\/#organization\"},\"image\":{\"@id\":\"https:\\\/\\\/noclegioswiecim.eu\\\/cs\\\/?p=2720#primaryimage\"},\"thumbnailUrl\":\"https:\\\/\\\/noclegioswiecim.eu\\\/wp-content\\\/uploads\\\/2023\\\/07\\\/Zamek-Oswiecim-29-of-49-scaled-1-e1689235551747-1.jpg\",\"articleSection\":[\"Zaj\u00edmavosti\"],\"inLanguage\":\"cs\",\"potentialAction\":[{\"@type\":\"CommentAction\",\"name\":\"Comment\",\"target\":[\"https:\\\/\\\/noclegioswiecim.eu\\\/cs\\\/?p=2720#respond\"]}]},{\"@type\":\"WebPage\",\"@id\":\"https:\\\/\\\/noclegioswiecim.eu\\\/cs\\\/?p=2720\",\"url\":\"https:\\\/\\\/noclegioswiecim.eu\\\/cs\\\/?p=2720\",\"name\":\"Z\u00e1meck\u00e9 muzeum v Osv\u011btimi - Comfort Apartments\",\"isPartOf\":{\"@id\":\"https:\\\/\\\/noclegioswiecim.eu\\\/#website\"},\"primaryImageOfPage\":{\"@id\":\"https:\\\/\\\/noclegioswiecim.eu\\\/cs\\\/?p=2720#primaryimage\"},\"image\":{\"@id\":\"https:\\\/\\\/noclegioswiecim.eu\\\/cs\\\/?p=2720#primaryimage\"},\"thumbnailUrl\":\"https:\\\/\\\/noclegioswiecim.eu\\\/wp-content\\\/uploads\\\/2023\\\/07\\\/Zamek-Oswiecim-29-of-49-scaled-1-e1689235551747-1.jpg\",\"datePublished\":\"2023-07-13T08:06:45+00:00\",\"dateModified\":\"2024-03-20T13:10:22+00:00\",\"description\":\"Hradn\u00ed muzeum, kter\u00e9 se nach\u00e1z\u00ed kousek od hlavn\u00edho n\u00e1m\u011bst\u00ed. N\u00e1v\u0161t\u011bvu lze proto spojit s proch\u00e1zkou po centru m\u011bsta.\",\"breadcrumb\":{\"@id\":\"https:\\\/\\\/noclegioswiecim.eu\\\/cs\\\/?p=2720#breadcrumb\"},\"inLanguage\":\"cs\",\"potentialAction\":[{\"@type\":\"ReadAction\",\"target\":[\"https:\\\/\\\/noclegioswiecim.eu\\\/cs\\\/?p=2720\"]}]},{\"@type\":\"ImageObject\",\"inLanguage\":\"cs\",\"@id\":\"https:\\\/\\\/noclegioswiecim.eu\\\/cs\\\/?p=2720#primaryimage\",\"url\":\"https:\\\/\\\/noclegioswiecim.eu\\\/wp-content\\\/uploads\\\/2023\\\/07\\\/Zamek-Oswiecim-29-of-49-scaled-1-e1689235551747-1.jpg\",\"contentUrl\":\"https:\\\/\\\/noclegioswiecim.eu\\\/wp-content\\\/uploads\\\/2023\\\/07\\\/Zamek-Oswiecim-29-of-49-scaled-1-e1689235551747-1.jpg\",\"width\":1900,\"height\":1267},{\"@type\":\"BreadcrumbList\",\"@id\":\"https:\\\/\\\/noclegioswiecim.eu\\\/cs\\\/?p=2720#breadcrumb\",\"itemListElement\":[{\"@type\":\"ListItem\",\"position\":1,\"name\":\"Strona g\u0142\u00f3wna\",\"item\":\"https:\\\/\\\/noclegioswiecim.eu\\\/cs\\\/\"},{\"@type\":\"ListItem\",\"position\":2,\"name\":\"Z\u00e1meck\u00e9 muzeum v Osv\u011btimi\"}]},{\"@type\":\"WebSite\",\"@id\":\"https:\\\/\\\/noclegioswiecim.eu\\\/#website\",\"url\":\"https:\\\/\\\/noclegioswiecim.eu\\\/\",\"name\":\"Comfort Apartments\",\"description\":\"Noclegi O\u015bwi\u0119cim \\\/ Booking O\u015bwi\u0119cim\",\"publisher\":{\"@id\":\"https:\\\/\\\/noclegioswiecim.eu\\\/#organization\"},\"potentialAction\":[{\"@type\":\"SearchAction\",\"target\":{\"@type\":\"EntryPoint\",\"urlTemplate\":\"https:\\\/\\\/noclegioswiecim.eu\\\/?s={search_term_string}\"},\"query-input\":{\"@type\":\"PropertyValueSpecification\",\"valueRequired\":true,\"valueName\":\"search_term_string\"}}],\"inLanguage\":\"cs\"},{\"@type\":\"Organization\",\"@id\":\"https:\\\/\\\/noclegioswiecim.eu\\\/#organization\",\"name\":\"Comfort Apartments\",\"url\":\"https:\\\/\\\/noclegioswiecim.eu\\\/\",\"logo\":{\"@type\":\"ImageObject\",\"inLanguage\":\"cs\",\"@id\":\"https:\\\/\\\/noclegioswiecim.eu\\\/#\\\/schema\\\/logo\\\/image\\\/\",\"url\":\"https:\\\/\\\/noclegioswiecim.eu\\\/wp-content\\\/uploads\\\/2023\\\/02\\\/favicona.png\",\"contentUrl\":\"https:\\\/\\\/noclegioswiecim.eu\\\/wp-content\\\/uploads\\\/2023\\\/02\\\/favicona.png\",\"width\":200,\"height\":200,\"caption\":\"Comfort Apartments\"},\"image\":{\"@id\":\"https:\\\/\\\/noclegioswiecim.eu\\\/#\\\/schema\\\/logo\\\/image\\\/\"},\"sameAs\":[\"https:\\\/\\\/www.facebook.com\\\/oswiecimapartments\\\/\",\"https:\\\/\\\/goo.gl\\\/maps\\\/H9x6rxoZWfK3ad1j6\",\"https:\\\/\\\/www.instagram.com\\\/oswiecimapartments\\\/\"]},{\"@type\":\"Person\",\"@id\":\"https:\\\/\\\/noclegioswiecim.eu\\\/#\\\/schema\\\/person\\\/feafb30ea03805a331616c6bfd80e947\",\"name\":\"Patrycja\",\"image\":{\"@type\":\"ImageObject\",\"inLanguage\":\"cs\",\"@id\":\"https:\\\/\\\/secure.gravatar.com\\\/avatar\\\/7c37283748b62bb21affee70f751e75b04d527b2d023e14cdffee17064819ea3?s=96&d=mm&r=g\",\"url\":\"https:\\\/\\\/secure.gravatar.com\\\/avatar\\\/7c37283748b62bb21affee70f751e75b04d527b2d023e14cdffee17064819ea3?s=96&d=mm&r=g\",\"contentUrl\":\"https:\\\/\\\/secure.gravatar.com\\\/avatar\\\/7c37283748b62bb21affee70f751e75b04d527b2d023e14cdffee17064819ea3?s=96&d=mm&r=g\",\"caption\":\"Patrycja\"}}]}<\/script>\n<!-- \/ Yoast SEO plugin. -->","yoast_head_json":{"title":"Z\u00e1meck\u00e9 muzeum v Osv\u011btimi - Comfort Apartments","description":"Hradn\u00ed muzeum, kter\u00e9 se nach\u00e1z\u00ed kousek od hlavn\u00edho n\u00e1m\u011bst\u00ed. N\u00e1v\u0161t\u011bvu lze proto spojit s proch\u00e1zkou po centru m\u011bsta.","robots":{"index":"index","follow":"follow","max-snippet":"max-snippet:-1","max-image-preview":"max-image-preview:large","max-video-preview":"max-video-preview:-1"},"canonical":"https:\/\/noclegioswiecim.eu\/cs\/?p=2720","og_locale":"cs_CZ","og_type":"article","og_title":"Z\u00e1meck\u00e9 muzeum v Osv\u011btimi - Comfort Apartments","og_description":"Hradn\u00ed muzeum, kter\u00e9 se nach\u00e1z\u00ed kousek od hlavn\u00edho n\u00e1m\u011bst\u00ed. N\u00e1v\u0161t\u011bvu lze proto spojit s proch\u00e1zkou po centru m\u011bsta.","og_url":"https:\/\/noclegioswiecim.eu\/cs\/?p=2720","og_site_name":"Comfort Apartments","article_publisher":"https:\/\/www.facebook.com\/oswiecimapartments\/","article_published_time":"2023-07-13T08:06:45+00:00","article_modified_time":"2024-03-20T13:10:22+00:00","og_image":[{"width":1900,"height":1267,"url":"https:\/\/noclegioswiecim.eu\/wp-content\/uploads\/2023\/07\/Zamek-Oswiecim-29-of-49-scaled-1-e1689235551747-1.jpg","type":"image\/jpeg"}],"author":"Patrycja","twitter_card":"summary_large_image","twitter_misc":{"Napsal(a)":"Patrycja","Odhadovan\u00e1 doba \u010dten\u00ed":"1 minuta"},"schema":{"@context":"https:\/\/schema.org","@graph":[{"@type":"Article","@id":"https:\/\/noclegioswiecim.eu\/cs\/?p=2720#article","isPartOf":{"@id":"https:\/\/noclegioswiecim.eu\/cs\/?p=2720"},"author":{"name":"Patrycja","@id":"https:\/\/noclegioswiecim.eu\/#\/schema\/person\/feafb30ea03805a331616c6bfd80e947"},"headline":"Z\u00e1meck\u00e9 muzeum v Osv\u011btimi","datePublished":"2023-07-13T08:06:45+00:00","dateModified":"2024-03-20T13:10:22+00:00","mainEntityOfPage":{"@id":"https:\/\/noclegioswiecim.eu\/cs\/?p=2720"},"wordCount":125,"commentCount":0,"publisher":{"@id":"https:\/\/noclegioswiecim.eu\/#organization"},"image":{"@id":"https:\/\/noclegioswiecim.eu\/cs\/?p=2720#primaryimage"},"thumbnailUrl":"https:\/\/noclegioswiecim.eu\/wp-content\/uploads\/2023\/07\/Zamek-Oswiecim-29-of-49-scaled-1-e1689235551747-1.jpg","articleSection":["Zaj\u00edmavosti"],"inLanguage":"cs","potentialAction":[{"@type":"CommentAction","name":"Comment","target":["https:\/\/noclegioswiecim.eu\/cs\/?p=2720#respond"]}]},{"@type":"WebPage","@id":"https:\/\/noclegioswiecim.eu\/cs\/?p=2720","url":"https:\/\/noclegioswiecim.eu\/cs\/?p=2720","name":"Z\u00e1meck\u00e9 muzeum v Osv\u011btimi - Comfort Apartments","isPartOf":{"@id":"https:\/\/noclegioswiecim.eu\/#website"},"primaryImageOfPage":{"@id":"https:\/\/noclegioswiecim.eu\/cs\/?p=2720#primaryimage"},"image":{"@id":"https:\/\/noclegioswiecim.eu\/cs\/?p=2720#primaryimage"},"thumbnailUrl":"https:\/\/noclegioswiecim.eu\/wp-content\/uploads\/2023\/07\/Zamek-Oswiecim-29-of-49-scaled-1-e1689235551747-1.jpg","datePublished":"2023-07-13T08:06:45+00:00","dateModified":"2024-03-20T13:10:22+00:00","description":"Hradn\u00ed muzeum, kter\u00e9 se nach\u00e1z\u00ed kousek od hlavn\u00edho n\u00e1m\u011bst\u00ed. N\u00e1v\u0161t\u011bvu lze proto spojit s proch\u00e1zkou po centru m\u011bsta.","breadcrumb":{"@id":"https:\/\/noclegioswiecim.eu\/cs\/?p=2720#breadcrumb"},"inLanguage":"cs","potentialAction":[{"@type":"ReadAction","target":["https:\/\/noclegioswiecim.eu\/cs\/?p=2720"]}]},{"@type":"ImageObject","inLanguage":"cs","@id":"https:\/\/noclegioswiecim.eu\/cs\/?p=2720#primaryimage","url":"https:\/\/noclegioswiecim.eu\/wp-content\/uploads\/2023\/07\/Zamek-Oswiecim-29-of-49-scaled-1-e1689235551747-1.jpg","contentUrl":"https:\/\/noclegioswiecim.eu\/wp-content\/uploads\/2023\/07\/Zamek-Oswiecim-29-of-49-scaled-1-e1689235551747-1.jpg","width":1900,"height":1267},{"@type":"BreadcrumbList","@id":"https:\/\/noclegioswiecim.eu\/cs\/?p=2720#breadcrumb","itemListElement":[{"@type":"ListItem","position":1,"name":"Strona g\u0142\u00f3wna","item":"https:\/\/noclegioswiecim.eu\/cs\/"},{"@type":"ListItem","position":2,"name":"Z\u00e1meck\u00e9 muzeum v Osv\u011btimi"}]},{"@type":"WebSite","@id":"https:\/\/noclegioswiecim.eu\/#website","url":"https:\/\/noclegioswiecim.eu\/","name":"Comfort Apartments","description":"Noclegi O\u015bwi\u0119cim \/ Booking O\u015bwi\u0119cim","publisher":{"@id":"https:\/\/noclegioswiecim.eu\/#organization"},"potentialAction":[{"@type":"SearchAction","target":{"@type":"EntryPoint","urlTemplate":"https:\/\/noclegioswiecim.eu\/?s={search_term_string}"},"query-input":{"@type":"PropertyValueSpecification","valueRequired":true,"valueName":"search_term_string"}}],"inLanguage":"cs"},{"@type":"Organization","@id":"https:\/\/noclegioswiecim.eu\/#organization","name":"Comfort Apartments","url":"https:\/\/noclegioswiecim.eu\/","logo":{"@type":"ImageObject","inLanguage":"cs","@id":"https:\/\/noclegioswiecim.eu\/#\/schema\/logo\/image\/","url":"https:\/\/noclegioswiecim.eu\/wp-content\/uploads\/2023\/02\/favicona.png","contentUrl":"https:\/\/noclegioswiecim.eu\/wp-content\/uploads\/2023\/02\/favicona.png","width":200,"height":200,"caption":"Comfort Apartments"},"image":{"@id":"https:\/\/noclegioswiecim.eu\/#\/schema\/logo\/image\/"},"sameAs":["https:\/\/www.facebook.com\/oswiecimapartments\/","https:\/\/goo.gl\/maps\/H9x6rxoZWfK3ad1j6","https:\/\/www.instagram.com\/oswiecimapartments\/"]},{"@type":"Person","@id":"https:\/\/noclegioswiecim.eu\/#\/schema\/person\/feafb30ea03805a331616c6bfd80e947","name":"Patrycja","image":{"@type":"ImageObject","inLanguage":"cs","@id":"https:\/\/secure.gravatar.com\/avatar\/7c37283748b62bb21affee70f751e75b04d527b2d023e14cdffee17064819ea3?s=96&d=mm&r=g","url":"https:\/\/secure.gravatar.com\/avatar\/7c37283748b62bb21affee70f751e75b04d527b2d023e14cdffee17064819ea3?s=96&d=mm&r=g","contentUrl":"https:\/\/secure.gravatar.com\/avatar\/7c37283748b62bb21affee70f751e75b04d527b2d023e14cdffee17064819ea3?s=96&d=mm&r=g","caption":"Patrycja"}}]}},"_links":{"self":[{"href":"https:\/\/noclegioswiecim.eu\/cs\/wp-json\/wp\/v2\/posts\/2720","targetHints":{"allow":["GET"]}}],"collection":[{"href":"https:\/\/noclegioswiecim.eu\/cs\/wp-json\/wp\/v2\/posts"}],"about":[{"href":"https:\/\/noclegioswiecim.eu\/cs\/wp-json\/wp\/v2\/types\/post"}],"author":[{"embeddable":true,"href":"https:\/\/noclegioswiecim.eu\/cs\/wp-json\/wp\/v2\/users\/2"}],"replies":[{"embeddable":true,"href":"https:\/\/noclegioswiecim.eu\/cs\/wp-json\/wp\/v2\/comments?post=2720"}],"version-history":[{"count":1,"href":"https:\/\/noclegioswiecim.eu\/cs\/wp-json\/wp\/v2\/posts\/2720\/revisions"}],"predecessor-version":[{"id":2730,"href":"https:\/\/noclegioswiecim.eu\/cs\/wp-json\/wp\/v2\/posts\/2720\/revisions\/2730"}],"wp:featuredmedia":[{"embeddable":true,"href":"https:\/\/noclegioswiecim.eu\/cs\/wp-json\/wp\/v2\/media\/2728"}],"wp:attachment":[{"href":"https:\/\/noclegioswiecim.eu\/cs\/wp-json\/wp\/v2\/media?parent=2720"}],"wp:term":[{"taxonomy":"category","embeddable":true,"href":"https:\/\/noclegioswiecim.eu\/cs\/wp-json\/wp\/v2\/categories?post=2720"},{"taxonomy":"post_tag","embeddable":true,"href":"https:\/\/noclegioswiecim.eu\/cs\/wp-json\/wp\/v2\/tags?post=2720"}],"curies":[{"name":"wp","href":"https:\/\/api.w.org\/{rel}","templated":true}]}}