{"id":2635,"date":"2023-07-15T10:00:40","date_gmt":"2023-07-15T08:00:40","guid":{"rendered":"https:\/\/noclegioswiecim.eu\/bez-kategorii\/mistni-vino-nejzajimavejsi-vinice-v-okoli-osvetimi\/"},"modified":"2024-03-20T14:08:59","modified_gmt":"2024-03-20T13:08:59","slug":"mistni-vino-nejzajimavejsi-vinice-v-okoli-osvetimi","status":"publish","type":"post","link":"https:\/\/noclegioswiecim.eu\/cs\/pruvodce\/mistni-vino-nejzajimavejsi-vinice-v-okoli-osvetimi\/","title":{"rendered":"M\u00edstn\u00ed v\u00edno &#8211; nejzaj\u00edmav\u011bj\u0161\u00ed vinice v okol\u00ed Osv\u011btimi"},"content":{"rendered":"<p><strong>Osv\u011btim<\/strong> a okoln\u00ed m\u011bsta nab\u00edzej\u00ed mnoho r\u016fzn\u00fdch volno\u010dasov\u00fdch aktivit. Krom\u011b p\u011b\u0161\u00ed turistiky a cykloturistiky se n\u00e1v\u0161t\u011bvn\u00edci mohou v\u011bnovat tak\u00e9 vodn\u00edm aktivit\u00e1m, nav\u0161t\u00edvit historick\u00e9 pam\u00e1tky a vyu\u017e\u00edt nab\u00eddky z\u00e1bavn\u00edch park\u016f. Seznamte se s vinicemi v <strong>Osv\u011btimi<\/strong>, kter\u00e9 nab\u00edzej\u00ed m\u00edstn\u00ed v\u00edno.<\/p>\n<p>Enoturistika neboli vina\u0159sk\u00e1 turistika je v Polsku st\u00e1le popul\u00e1rn\u011bj\u0161\u00ed. To souvis\u00ed s dynamick\u00fdm rozvojem vinic v r\u016fzn\u00fdch oblastech na\u0161\u00ed zem\u011b. Nemus\u00edme se vyd\u00e1vat na dlouhou cestu do It\u00e1lie nebo \u0160pan\u011blska, abychom ochutnali lahodn\u00e9 v\u00edno a pokochali se jedine\u010dnou krajinou. Vinice rozeset\u00e9 v r\u016fzn\u00fdch koutech Polska se st\u00e1vaj\u00ed jednou z mnoha turistick\u00fdch atrakc\u00ed, kter\u00e9 n\u00e1m umo\u017e\u0148uj\u00ed vyhnout se nud\u011b b\u011bhem dovolen\u00e9 a v\u00edkendov\u00fdch v\u00fdlet\u016f.<\/p>\n<p>Zaj\u00edmav\u00e9 je, \u017ee vina\u0159sk\u00e1 turistika je st\u00e1le popul\u00e1rn\u011bj\u0161\u00ed nejen mezi znalci v\u00edna, ale tak\u00e9 mezi vina\u0159i, kte\u0159\u00ed se d\u011bl\u00ed o sv\u00e9 znalosti a zku\u0161enosti. N\u00e1v\u0161t\u011bva vinic v okol\u00ed <strong>Osv\u011btimi <\/strong>je vynikaj\u00edc\u00ed p\u0159\u00edle\u017eitost\u00ed k pozn\u00e1n\u00ed jedine\u010dn\u00e9ho potenci\u00e1lu <strong>z\u00e1padn\u00ed Malopolsk\u00e9<\/strong> oblasti a z\u00edsk\u00e1n\u00ed nov\u00fdch zku\u0161enost\u00ed, kter\u00e9 v\u00e1s mo\u017en\u00e1 povzbud\u00ed k v\u00fdrob\u011b vlastn\u00edho dom\u00e1c\u00edho v\u00edna.<\/p>\n<p>M\u00edstn\u00ed v\u00edno z vinic v okol\u00ed Osv\u011btimi si v ni\u010dem nezad\u00e1 s nejzn\u00e1m\u011bj\u0161\u00edmi sv\u011btov\u00fdmi destil\u00e1ty. Pot\u011b\u0161\u00ed bohatou chut\u00ed a v\u016fn\u00ed, kterou znalci v\u00edna jist\u011b ocen\u00ed. Turist\u00e9, kte\u0159\u00ed nemaj\u00ed r\u00e1di v\u00edno, se mohou do sytosti kochat n\u00e1dhernou zelen\u00ed a obdivovat krajinu, kter\u00e1 v\u00e1m vyraz\u00ed dech.<\/p>\n<h2>Voln\u00fd \u010das v Osv\u011btimi &#8211; najd\u011bte si ubytov\u00e1n\u00ed podle sv\u00fdch pot\u0159eb a o\u010dek\u00e1v\u00e1n\u00ed!<\/h2>\n<p>Kolik turist\u016f, tolik preferenc\u00ed pro ubytov\u00e1n\u00ed. Pro \u00fasp\u011b\u0161n\u00fd pobyt v <strong>Z\u00e1padn\u00edm Malopolsku<\/strong> se vyplat\u00ed p\u0159edem si naj\u00edt ubytov\u00e1n\u00ed, kter\u00e9 spl\u0148uje individu\u00e1ln\u00ed o\u010dek\u00e1v\u00e1n\u00ed. V\u00fdborn\u00fdm \u0159e\u0161en\u00edm je rezervovat si ubytov\u00e1n\u00ed p\u0159edem. <strong>Booking O\u015bwi\u0119cim<\/strong> v\u00e1m umo\u017en\u00ed naj\u00edt <strong>hotely<\/strong> a dal\u0161\u00ed ubytov\u00e1n\u00ed <strong>O\u015bwi\u0119cim<\/strong> rychle a bez nutnosti opustit domov. Nap\u0159\u00edklad <strong>byty v Osv\u011btimi<\/strong> a <strong>chaty v Osv\u011btimi<\/strong> jsou vynikaj\u00edc\u00ed volbou i pro turisty r\u016fzn\u00fdch v\u011bkov\u00fdch skupin, poskytuj\u00ed pocit soukrom\u00ed a ide\u00e1ln\u011b spl\u0148uj\u00ed pot\u0159eby a o\u010dek\u00e1v\u00e1n\u00ed rodin s d\u011btmi nebo skupin p\u0159\u00e1tel.<\/p>\n<p>P\u0159i online rezervaci ubytov\u00e1n\u00ed m\u016f\u017eete vyu\u017e\u00edt v\u00fdhodn\u00fdch cenov\u00fdch nab\u00eddek a m\u00edt jistotu, \u017ee na v\u00e1s po p\u0159\u00edjezdu do Osv\u011btimi bude \u010dekat pohodln\u00e9 ubytov\u00e1n\u00ed.<\/p>\n<h2>Vina\u0159stv\u00ed v okol\u00ed Osv\u011btimi, kter\u00e1 stoj\u00ed za n\u00e1v\u0161t\u011bvu<\/h2>\n<p><strong>Malopolsko<\/strong> poskytuje vynikaj\u00edc\u00ed podm\u00ednky pro p\u011bstov\u00e1n\u00ed vinn\u00e9 r\u00e9vy. V posledn\u00edch letech zde vznikla \u0159ada turisticky obl\u00edben\u00fdch vinic. M\u00e1lokdo v\u00ed, \u017ee existuje i <strong>Malopolsk\u00e1 vina\u0159sk\u00e1 stezka<\/strong>, kter\u00e1 umo\u017e\u0148uje pozn\u00e1vat krajinu a kulturn\u00ed d\u011bdictv\u00ed regionu trochu jin\u00fdm zp\u016fsobem. V oblasti <strong>Osv\u011btimi<\/strong> se nach\u00e1z\u00ed a\u017e p\u011bt kr\u00e1sn\u00fdch vinic, kter\u00e9 stoj\u00ed za n\u00e1v\u0161t\u011bvu.<\/p>\n<h3>Vina\u0159stv\u00ed Czak (Brandyska 1, 32-566 Regulice)<\/h3>\n<p><strong>Vinice Chak<\/strong> byla zalo\u017eena v roce 2005 a m\u00e1 rozlohu 0,3 hektaru. Jak zd\u016fraz\u0148uj\u00ed majitel\u00e9 tohoto jedine\u010dn\u00e9ho m\u00edsta &#8211; <em>vinice Czak vznikla jako v\u00fdsledek snu o realizaci vysp\u011bl\u00e9 zem\u011bd\u011blsk\u00e9 a zpracovatelsk\u00e9 kultury v Polsku<\/em>.<\/p>\n<p>Na vinici \u010cak se d\u00e1 dojet na <strong>kole<\/strong>, co\u017e je dal\u0161\u00ed atrakce nejen pro mal\u00e9, ale i velk\u00e9 turisty. <strong>Regulice<\/strong> poskytuje mo\u017enost obdivovat kr\u00e1snou p\u0159\u00edrodu a n\u00e1v\u0161t\u011bva vinice v\u00e1m jist\u011b poskytne mnoho zaj\u00edmav\u00fdch z\u00e1\u017eitk\u016f a umo\u017en\u00ed ochutnat v\u00fdjime\u010dn\u00e9 v\u00edno.<\/p>\n<h3>Vina\u0159stv\u00ed Marcypor\u0119ba (Kamieniec 24, 34-114 Marcypor\u0119ba)<\/h3>\n<p><strong>Vinice Marcyporaba<\/strong> je m\u00edstem, kter\u00e9 vzniklo z v\u00e1\u0161n\u011b pro enologii. Vina\u0159stv\u00ed Marcyporaba vyr\u00e1b\u00ed <strong>jedine\u010dn\u00e9 produkty<\/strong>, jejich\u017e chu\u0165 znalce v\u00edna jist\u011b p\u0159ekvap\u00ed. Zde si m\u016f\u017eete dop\u0159\u00e1t nejen degustaci v\u00edna, ale tak\u00e9 ochutnat pr\u00e9miov\u00fd sv\u011btl\u00fd mo\u0161t &#8211; tento produkt byl ocen\u011bn m\u00edstn\u00ed zna\u010dkou <strong>Dolina Karpia<\/strong> &#8211; a u\u017e\u00edt si bla\u017eenou relaxaci a jedine\u010dnou krajinu.<\/p>\n<h3>Vina\u0159stv\u00ed Libi\u0105\u017c (Pilot\u00f3w 19, 32-590 Libi\u0105\u017c)<\/h3>\n<p><strong>Vinice Libi\u0105\u017c<\/strong> se rozkl\u00e1d\u00e1 na slunn\u00e9m kopci v nadmo\u0159sk\u00e9 v\u00fd\u0161ce 324 m na jihoz\u00e1pad\u011b m\u011bsta. Vina\u0159sk\u00fd komplex se nach\u00e1z\u00ed na malebn\u00e9m m\u00edst\u011b, odkud se m\u016f\u017eete kochat kr\u00e1snou krajinou. <strong>Vina\u0159stv\u00ed <\/strong>Libi\u0105\u017c je prvn\u00edm vina\u0159stv\u00edm v Polsku, kter\u00e9 vyr\u00e1b\u00ed v\u00edno s <strong>mezin\u00e1rodn\u00edm certifik\u00e1tem V-Label <\/strong>&#8211; ten potvrzuje, \u017ee v \u017e\u00e1dn\u00e9 f\u00e1zi v\u00fdroby nebyly pou\u017eity \u017e\u00e1dn\u00e9 \u017eivo\u010di\u0161n\u00e9 slo\u017eky.<\/p>\n<h3>Vina\u0159stv\u00ed Patria (Poniatowskiego 53, 41-407 Imielin)<\/h3>\n<p><strong>Vinice Patria<\/strong> je jednou z prvn\u00edch vinic zalo\u017een\u00fdch v <strong>Horn\u00edm Slezsku<\/strong>. Komplex vinic byl zalo\u017een v roce 2007 a zahrnuje dva pozemky &#8211; v <strong>Imielinu<\/strong> a v <strong>Mys\u0142owic\u00edch<\/strong>. Patria Vineyard je rodinn\u00e9 vina\u0159stv\u00ed, kter\u00e9 se zrodilo z velk\u00e9 v\u00e1\u0161n\u011b a fascinace bohatstv\u00edm chut\u00ed a v\u016fn\u00ed v\u00edn. Pobyt na t\u00e9to vinici v\u00e1m jist\u011b poskytne p\u0159\u00edle\u017eitost ochutnat v\u00fdjime\u010dn\u00e1 v\u00edna a pln\u011b si vychutnat kr\u00e1su okoln\u00ed krajiny.<\/p>\n<h3>Vina\u0159stv\u00ed T\u0142ucza\u0144 (M\u0119drak 65, 34-114 T\u0142ucza\u0144)<\/h3>\n<p><strong>Vinice T\u0142ucza\u0144 <\/strong>se nach\u00e1z\u00ed v klidn\u00e9, malebn\u00e9 oblasti, kde m\u016f\u017eete pln\u011b na\u010derpat energii. Kemp nab\u00edz\u00ed mnoho atrakc\u00ed a m\u00e1 v\u00fdhodnou polohu &#8211; nedaleko jsou velmi zaj\u00edmav\u00e9 pam\u00e1tky, kr\u00e1sn\u00e9 p\u011b\u0161\u00ed oblasti a velmi obl\u00edben\u00e9 z\u00e1bavn\u00ed parky v \u00fadol\u00ed Karp. Vinice T\u0142ucza\u0144 se nach\u00e1z\u00ed v nadmo\u0159sk\u00e9 v\u00fd\u0161ce 320 a\u017e 349 metr\u016f nad mo\u0159em a nab\u00edz\u00ed nejen mo\u017enost ochutnat m\u00edstn\u00ed v\u00edna, ale tak\u00e9 se pokochat kr\u00e1sn\u00fdm v\u00fdhledem.<\/p>\n<h2>Souhrn<\/h2>\n<p>V\u0161echny vinice v oblasti Osv\u011btimi jsou pozoruhodn\u00fdmi m\u00edsty, kde m\u016f\u017eete str\u00e1vit p\u0159\u00edjemn\u00e9 chv\u00edle. Stoj\u00ed za to, abyste si ho za\u0159adili na seznam m\u00edst, kter\u00e1 byste m\u011bli b\u011bhem sv\u00e9ho pobytu v <strong>z\u00e1padn\u00edm Malopolsku<\/strong> nav\u0161t\u00edvit, a abyste se dozv\u011bd\u011bli v\u00edce o historii a tradici v\u00fdroby v\u00edna v Polsku, kter\u00e1 je star\u00e1 v\u00edce ne\u017e 1 000 let. Zaj\u00edmav\u00e9 je, \u017ee prvn\u00ed vinice v Polsku byly zalo\u017eeny v Malopolsku &#8211; archeologick\u00fd v\u00fdzkum odhalil na svaz\u00edch Wawelu d\u016fkazy o p\u011bstov\u00e1n\u00ed vinn\u00e9 r\u00e9vy ji\u017e v 10. stolet\u00ed. V\u00fdlet po <strong>Malopolsk\u00e9 vina\u0159sk\u00e9 stezce<\/strong> bude mnohem p\u0159\u00edjemn\u011bj\u0161\u00ed, pokud si p\u0159edem rezervujete pohodln\u00e9 ubytov\u00e1n\u00ed v <strong>Osv\u011btimi <\/strong>&#8211; m\u011bsto je v\u00fdbornou z\u00e1kladnou, odkud se rychle dostanete k okoln\u00edm turistick\u00fdm atrakc\u00edm.<\/p>\n","protected":false},"excerpt":{"rendered":"<p>Osv\u011btim a okoln\u00ed m\u011bsta nab\u00edzej\u00ed mnoho r\u016fzn\u00fdch volno\u010dasov\u00fdch aktivit. Krom\u011b [&hellip;]<\/p>\n","protected":false},"author":1,"featured_media":2639,"comment_status":"closed","ping_status":"closed","sticky":false,"template":"","format":"standard","meta":{"footnotes":""},"categories":[76],"tags":[],"class_list":["post-2635","post","type-post","status-publish","format-standard","has-post-thumbnail","hentry","category-pruvodce"],"yoast_head":"<!-- This site is optimized with the Yoast SEO plugin v27.5 - https:\/\/yoast.com\/product\/yoast-seo-wordpress\/ -->\n<title>M\u00edstn\u00ed v\u00edno - nejzaj\u00edmav\u011bj\u0161\u00ed vinice v okol\u00ed Osv\u011btimi - Comfort Apartments<\/title>\n<meta name=\"description\" content=\"Na vinic\u00edch v okol\u00ed Osv\u011btimi se pod\u00e1v\u00e1 m\u00edstn\u00ed v\u00edno, kter\u00e9 nem\u00e1 konkurenci ve sv\u011btozn\u00e1m\u00fdch lik\u00e9rech. Pot\u011b\u0161\u00ed svou chut\u00ed a v\u016fn\u00ed.\" \/>\n<meta name=\"robots\" content=\"index, follow, max-snippet:-1, max-image-preview:large, max-video-preview:-1\" \/>\n<link rel=\"canonical\" href=\"https:\/\/noclegioswiecim.eu\/cs\/?p=2635\" \/>\n<meta property=\"og:locale\" content=\"cs_CZ\" \/>\n<meta property=\"og:type\" content=\"article\" \/>\n<meta property=\"og:title\" content=\"M\u00edstn\u00ed v\u00edno - nejzaj\u00edmav\u011bj\u0161\u00ed vinice v okol\u00ed Osv\u011btimi - Comfort Apartments\" \/>\n<meta property=\"og:description\" content=\"Na vinic\u00edch v okol\u00ed Osv\u011btimi se pod\u00e1v\u00e1 m\u00edstn\u00ed v\u00edno, kter\u00e9 nem\u00e1 konkurenci ve sv\u011btozn\u00e1m\u00fdch lik\u00e9rech. Pot\u011b\u0161\u00ed svou chut\u00ed a v\u016fn\u00ed.\" \/>\n<meta property=\"og:url\" content=\"https:\/\/noclegioswiecim.eu\/cs\/?p=2635\" \/>\n<meta property=\"og:site_name\" content=\"Comfort Apartments\" \/>\n<meta property=\"article:publisher\" content=\"https:\/\/www.facebook.com\/oswiecimapartments\/\" \/>\n<meta property=\"article:published_time\" content=\"2023-07-15T08:00:40+00:00\" \/>\n<meta property=\"article:modified_time\" content=\"2024-03-20T13:08:59+00:00\" \/>\n<meta property=\"og:image\" content=\"https:\/\/noclegioswiecim.eu\/wp-content\/uploads\/2023\/07\/winnice-w-oswiecimiu-i-okolicy.jpg\" \/>\n\t<meta property=\"og:image:width\" content=\"1167\" \/>\n\t<meta property=\"og:image:height\" content=\"843\" \/>\n\t<meta property=\"og:image:type\" content=\"image\/jpeg\" \/>\n<meta name=\"author\" content=\"PXadamCA\" \/>\n<meta name=\"twitter:card\" content=\"summary_large_image\" \/>\n<meta name=\"twitter:label1\" content=\"Napsal(a)\" \/>\n\t<meta name=\"twitter:data1\" content=\"PXadamCA\" \/>\n\t<meta name=\"twitter:label2\" content=\"Odhadovan\u00e1 doba \u010dten\u00ed\" \/>\n\t<meta name=\"twitter:data2\" content=\"6 minut\" \/>\n<script type=\"application\/ld+json\" class=\"yoast-schema-graph\">{\"@context\":\"https:\\\/\\\/schema.org\",\"@graph\":[{\"@type\":\"Article\",\"@id\":\"https:\\\/\\\/noclegioswiecim.eu\\\/cs\\\/?p=2635#article\",\"isPartOf\":{\"@id\":\"https:\\\/\\\/noclegioswiecim.eu\\\/cs\\\/?p=2635\"},\"author\":{\"name\":\"PXadamCA\",\"@id\":\"https:\\\/\\\/noclegioswiecim.eu\\\/#\\\/schema\\\/person\\\/d89109dc869efec6edf36e8afbef6437\"},\"headline\":\"M\u00edstn\u00ed v\u00edno &#8211; nejzaj\u00edmav\u011bj\u0161\u00ed vinice v okol\u00ed Osv\u011btimi\",\"datePublished\":\"2023-07-15T08:00:40+00:00\",\"dateModified\":\"2024-03-20T13:08:59+00:00\",\"mainEntityOfPage\":{\"@id\":\"https:\\\/\\\/noclegioswiecim.eu\\\/cs\\\/?p=2635\"},\"wordCount\":1171,\"publisher\":{\"@id\":\"https:\\\/\\\/noclegioswiecim.eu\\\/#organization\"},\"image\":{\"@id\":\"https:\\\/\\\/noclegioswiecim.eu\\\/cs\\\/?p=2635#primaryimage\"},\"thumbnailUrl\":\"https:\\\/\\\/noclegioswiecim.eu\\\/wp-content\\\/uploads\\\/2023\\\/07\\\/winnice-w-oswiecimiu-i-okolicy.jpg\",\"articleSection\":[\"Pr\u016fvodce\"],\"inLanguage\":\"cs\"},{\"@type\":\"WebPage\",\"@id\":\"https:\\\/\\\/noclegioswiecim.eu\\\/cs\\\/?p=2635\",\"url\":\"https:\\\/\\\/noclegioswiecim.eu\\\/cs\\\/?p=2635\",\"name\":\"M\u00edstn\u00ed v\u00edno - nejzaj\u00edmav\u011bj\u0161\u00ed vinice v okol\u00ed Osv\u011btimi - Comfort Apartments\",\"isPartOf\":{\"@id\":\"https:\\\/\\\/noclegioswiecim.eu\\\/#website\"},\"primaryImageOfPage\":{\"@id\":\"https:\\\/\\\/noclegioswiecim.eu\\\/cs\\\/?p=2635#primaryimage\"},\"image\":{\"@id\":\"https:\\\/\\\/noclegioswiecim.eu\\\/cs\\\/?p=2635#primaryimage\"},\"thumbnailUrl\":\"https:\\\/\\\/noclegioswiecim.eu\\\/wp-content\\\/uploads\\\/2023\\\/07\\\/winnice-w-oswiecimiu-i-okolicy.jpg\",\"datePublished\":\"2023-07-15T08:00:40+00:00\",\"dateModified\":\"2024-03-20T13:08:59+00:00\",\"description\":\"Na vinic\u00edch v okol\u00ed Osv\u011btimi se pod\u00e1v\u00e1 m\u00edstn\u00ed v\u00edno, kter\u00e9 nem\u00e1 konkurenci ve sv\u011btozn\u00e1m\u00fdch lik\u00e9rech. Pot\u011b\u0161\u00ed svou chut\u00ed a v\u016fn\u00ed.\",\"breadcrumb\":{\"@id\":\"https:\\\/\\\/noclegioswiecim.eu\\\/cs\\\/?p=2635#breadcrumb\"},\"inLanguage\":\"cs\",\"potentialAction\":[{\"@type\":\"ReadAction\",\"target\":[\"https:\\\/\\\/noclegioswiecim.eu\\\/cs\\\/?p=2635\"]}]},{\"@type\":\"ImageObject\",\"inLanguage\":\"cs\",\"@id\":\"https:\\\/\\\/noclegioswiecim.eu\\\/cs\\\/?p=2635#primaryimage\",\"url\":\"https:\\\/\\\/noclegioswiecim.eu\\\/wp-content\\\/uploads\\\/2023\\\/07\\\/winnice-w-oswiecimiu-i-okolicy.jpg\",\"contentUrl\":\"https:\\\/\\\/noclegioswiecim.eu\\\/wp-content\\\/uploads\\\/2023\\\/07\\\/winnice-w-oswiecimiu-i-okolicy.jpg\",\"width\":1167,\"height\":843},{\"@type\":\"BreadcrumbList\",\"@id\":\"https:\\\/\\\/noclegioswiecim.eu\\\/cs\\\/?p=2635#breadcrumb\",\"itemListElement\":[{\"@type\":\"ListItem\",\"position\":1,\"name\":\"Strona g\u0142\u00f3wna\",\"item\":\"https:\\\/\\\/noclegioswiecim.eu\\\/cs\\\/\"},{\"@type\":\"ListItem\",\"position\":2,\"name\":\"M\u00edstn\u00ed v\u00edno &#8211; nejzaj\u00edmav\u011bj\u0161\u00ed vinice v okol\u00ed Osv\u011btimi\"}]},{\"@type\":\"WebSite\",\"@id\":\"https:\\\/\\\/noclegioswiecim.eu\\\/#website\",\"url\":\"https:\\\/\\\/noclegioswiecim.eu\\\/\",\"name\":\"Comfort Apartments\",\"description\":\"Noclegi O\u015bwi\u0119cim \\\/ Booking O\u015bwi\u0119cim\",\"publisher\":{\"@id\":\"https:\\\/\\\/noclegioswiecim.eu\\\/#organization\"},\"potentialAction\":[{\"@type\":\"SearchAction\",\"target\":{\"@type\":\"EntryPoint\",\"urlTemplate\":\"https:\\\/\\\/noclegioswiecim.eu\\\/?s={search_term_string}\"},\"query-input\":{\"@type\":\"PropertyValueSpecification\",\"valueRequired\":true,\"valueName\":\"search_term_string\"}}],\"inLanguage\":\"cs\"},{\"@type\":\"Organization\",\"@id\":\"https:\\\/\\\/noclegioswiecim.eu\\\/#organization\",\"name\":\"Comfort Apartments\",\"url\":\"https:\\\/\\\/noclegioswiecim.eu\\\/\",\"logo\":{\"@type\":\"ImageObject\",\"inLanguage\":\"cs\",\"@id\":\"https:\\\/\\\/noclegioswiecim.eu\\\/#\\\/schema\\\/logo\\\/image\\\/\",\"url\":\"https:\\\/\\\/noclegioswiecim.eu\\\/wp-content\\\/uploads\\\/2023\\\/02\\\/favicona.png\",\"contentUrl\":\"https:\\\/\\\/noclegioswiecim.eu\\\/wp-content\\\/uploads\\\/2023\\\/02\\\/favicona.png\",\"width\":200,\"height\":200,\"caption\":\"Comfort Apartments\"},\"image\":{\"@id\":\"https:\\\/\\\/noclegioswiecim.eu\\\/#\\\/schema\\\/logo\\\/image\\\/\"},\"sameAs\":[\"https:\\\/\\\/www.facebook.com\\\/oswiecimapartments\\\/\",\"https:\\\/\\\/goo.gl\\\/maps\\\/H9x6rxoZWfK3ad1j6\",\"https:\\\/\\\/www.instagram.com\\\/oswiecimapartments\\\/\"]},{\"@type\":\"Person\",\"@id\":\"https:\\\/\\\/noclegioswiecim.eu\\\/#\\\/schema\\\/person\\\/d89109dc869efec6edf36e8afbef6437\",\"name\":\"PXadamCA\",\"image\":{\"@type\":\"ImageObject\",\"inLanguage\":\"cs\",\"@id\":\"https:\\\/\\\/secure.gravatar.com\\\/avatar\\\/adc1dd343d8c5124e40417ce67f1c600f00e279f2aad6a878cce8661419565aa?s=96&d=mm&r=g\",\"url\":\"https:\\\/\\\/secure.gravatar.com\\\/avatar\\\/adc1dd343d8c5124e40417ce67f1c600f00e279f2aad6a878cce8661419565aa?s=96&d=mm&r=g\",\"contentUrl\":\"https:\\\/\\\/secure.gravatar.com\\\/avatar\\\/adc1dd343d8c5124e40417ce67f1c600f00e279f2aad6a878cce8661419565aa?s=96&d=mm&r=g\",\"caption\":\"PXadamCA\"},\"sameAs\":[\"https:\\\/\\\/comfort.proadax-dev.pl\"]}]}<\/script>\n<!-- \/ Yoast SEO plugin. -->","yoast_head_json":{"title":"M\u00edstn\u00ed v\u00edno - nejzaj\u00edmav\u011bj\u0161\u00ed vinice v okol\u00ed Osv\u011btimi - Comfort Apartments","description":"Na vinic\u00edch v okol\u00ed Osv\u011btimi se pod\u00e1v\u00e1 m\u00edstn\u00ed v\u00edno, kter\u00e9 nem\u00e1 konkurenci ve sv\u011btozn\u00e1m\u00fdch lik\u00e9rech. Pot\u011b\u0161\u00ed svou chut\u00ed a v\u016fn\u00ed.","robots":{"index":"index","follow":"follow","max-snippet":"max-snippet:-1","max-image-preview":"max-image-preview:large","max-video-preview":"max-video-preview:-1"},"canonical":"https:\/\/noclegioswiecim.eu\/cs\/?p=2635","og_locale":"cs_CZ","og_type":"article","og_title":"M\u00edstn\u00ed v\u00edno - nejzaj\u00edmav\u011bj\u0161\u00ed vinice v okol\u00ed Osv\u011btimi - Comfort Apartments","og_description":"Na vinic\u00edch v okol\u00ed Osv\u011btimi se pod\u00e1v\u00e1 m\u00edstn\u00ed v\u00edno, kter\u00e9 nem\u00e1 konkurenci ve sv\u011btozn\u00e1m\u00fdch lik\u00e9rech. Pot\u011b\u0161\u00ed svou chut\u00ed a v\u016fn\u00ed.","og_url":"https:\/\/noclegioswiecim.eu\/cs\/?p=2635","og_site_name":"Comfort Apartments","article_publisher":"https:\/\/www.facebook.com\/oswiecimapartments\/","article_published_time":"2023-07-15T08:00:40+00:00","article_modified_time":"2024-03-20T13:08:59+00:00","og_image":[{"width":1167,"height":843,"url":"https:\/\/noclegioswiecim.eu\/wp-content\/uploads\/2023\/07\/winnice-w-oswiecimiu-i-okolicy.jpg","type":"image\/jpeg"}],"author":"PXadamCA","twitter_card":"summary_large_image","twitter_misc":{"Napsal(a)":"PXadamCA","Odhadovan\u00e1 doba \u010dten\u00ed":"6 minut"},"schema":{"@context":"https:\/\/schema.org","@graph":[{"@type":"Article","@id":"https:\/\/noclegioswiecim.eu\/cs\/?p=2635#article","isPartOf":{"@id":"https:\/\/noclegioswiecim.eu\/cs\/?p=2635"},"author":{"name":"PXadamCA","@id":"https:\/\/noclegioswiecim.eu\/#\/schema\/person\/d89109dc869efec6edf36e8afbef6437"},"headline":"M\u00edstn\u00ed v\u00edno &#8211; nejzaj\u00edmav\u011bj\u0161\u00ed vinice v okol\u00ed Osv\u011btimi","datePublished":"2023-07-15T08:00:40+00:00","dateModified":"2024-03-20T13:08:59+00:00","mainEntityOfPage":{"@id":"https:\/\/noclegioswiecim.eu\/cs\/?p=2635"},"wordCount":1171,"publisher":{"@id":"https:\/\/noclegioswiecim.eu\/#organization"},"image":{"@id":"https:\/\/noclegioswiecim.eu\/cs\/?p=2635#primaryimage"},"thumbnailUrl":"https:\/\/noclegioswiecim.eu\/wp-content\/uploads\/2023\/07\/winnice-w-oswiecimiu-i-okolicy.jpg","articleSection":["Pr\u016fvodce"],"inLanguage":"cs"},{"@type":"WebPage","@id":"https:\/\/noclegioswiecim.eu\/cs\/?p=2635","url":"https:\/\/noclegioswiecim.eu\/cs\/?p=2635","name":"M\u00edstn\u00ed v\u00edno - nejzaj\u00edmav\u011bj\u0161\u00ed vinice v okol\u00ed Osv\u011btimi - Comfort Apartments","isPartOf":{"@id":"https:\/\/noclegioswiecim.eu\/#website"},"primaryImageOfPage":{"@id":"https:\/\/noclegioswiecim.eu\/cs\/?p=2635#primaryimage"},"image":{"@id":"https:\/\/noclegioswiecim.eu\/cs\/?p=2635#primaryimage"},"thumbnailUrl":"https:\/\/noclegioswiecim.eu\/wp-content\/uploads\/2023\/07\/winnice-w-oswiecimiu-i-okolicy.jpg","datePublished":"2023-07-15T08:00:40+00:00","dateModified":"2024-03-20T13:08:59+00:00","description":"Na vinic\u00edch v okol\u00ed Osv\u011btimi se pod\u00e1v\u00e1 m\u00edstn\u00ed v\u00edno, kter\u00e9 nem\u00e1 konkurenci ve sv\u011btozn\u00e1m\u00fdch lik\u00e9rech. Pot\u011b\u0161\u00ed svou chut\u00ed a v\u016fn\u00ed.","breadcrumb":{"@id":"https:\/\/noclegioswiecim.eu\/cs\/?p=2635#breadcrumb"},"inLanguage":"cs","potentialAction":[{"@type":"ReadAction","target":["https:\/\/noclegioswiecim.eu\/cs\/?p=2635"]}]},{"@type":"ImageObject","inLanguage":"cs","@id":"https:\/\/noclegioswiecim.eu\/cs\/?p=2635#primaryimage","url":"https:\/\/noclegioswiecim.eu\/wp-content\/uploads\/2023\/07\/winnice-w-oswiecimiu-i-okolicy.jpg","contentUrl":"https:\/\/noclegioswiecim.eu\/wp-content\/uploads\/2023\/07\/winnice-w-oswiecimiu-i-okolicy.jpg","width":1167,"height":843},{"@type":"BreadcrumbList","@id":"https:\/\/noclegioswiecim.eu\/cs\/?p=2635#breadcrumb","itemListElement":[{"@type":"ListItem","position":1,"name":"Strona g\u0142\u00f3wna","item":"https:\/\/noclegioswiecim.eu\/cs\/"},{"@type":"ListItem","position":2,"name":"M\u00edstn\u00ed v\u00edno &#8211; nejzaj\u00edmav\u011bj\u0161\u00ed vinice v okol\u00ed Osv\u011btimi"}]},{"@type":"WebSite","@id":"https:\/\/noclegioswiecim.eu\/#website","url":"https:\/\/noclegioswiecim.eu\/","name":"Comfort Apartments","description":"Noclegi O\u015bwi\u0119cim \/ Booking O\u015bwi\u0119cim","publisher":{"@id":"https:\/\/noclegioswiecim.eu\/#organization"},"potentialAction":[{"@type":"SearchAction","target":{"@type":"EntryPoint","urlTemplate":"https:\/\/noclegioswiecim.eu\/?s={search_term_string}"},"query-input":{"@type":"PropertyValueSpecification","valueRequired":true,"valueName":"search_term_string"}}],"inLanguage":"cs"},{"@type":"Organization","@id":"https:\/\/noclegioswiecim.eu\/#organization","name":"Comfort Apartments","url":"https:\/\/noclegioswiecim.eu\/","logo":{"@type":"ImageObject","inLanguage":"cs","@id":"https:\/\/noclegioswiecim.eu\/#\/schema\/logo\/image\/","url":"https:\/\/noclegioswiecim.eu\/wp-content\/uploads\/2023\/02\/favicona.png","contentUrl":"https:\/\/noclegioswiecim.eu\/wp-content\/uploads\/2023\/02\/favicona.png","width":200,"height":200,"caption":"Comfort Apartments"},"image":{"@id":"https:\/\/noclegioswiecim.eu\/#\/schema\/logo\/image\/"},"sameAs":["https:\/\/www.facebook.com\/oswiecimapartments\/","https:\/\/goo.gl\/maps\/H9x6rxoZWfK3ad1j6","https:\/\/www.instagram.com\/oswiecimapartments\/"]},{"@type":"Person","@id":"https:\/\/noclegioswiecim.eu\/#\/schema\/person\/d89109dc869efec6edf36e8afbef6437","name":"PXadamCA","image":{"@type":"ImageObject","inLanguage":"cs","@id":"https:\/\/secure.gravatar.com\/avatar\/adc1dd343d8c5124e40417ce67f1c600f00e279f2aad6a878cce8661419565aa?s=96&d=mm&r=g","url":"https:\/\/secure.gravatar.com\/avatar\/adc1dd343d8c5124e40417ce67f1c600f00e279f2aad6a878cce8661419565aa?s=96&d=mm&r=g","contentUrl":"https:\/\/secure.gravatar.com\/avatar\/adc1dd343d8c5124e40417ce67f1c600f00e279f2aad6a878cce8661419565aa?s=96&d=mm&r=g","caption":"PXadamCA"},"sameAs":["https:\/\/comfort.proadax-dev.pl"]}]}},"_links":{"self":[{"href":"https:\/\/noclegioswiecim.eu\/cs\/wp-json\/wp\/v2\/posts\/2635","targetHints":{"allow":["GET"]}}],"collection":[{"href":"https:\/\/noclegioswiecim.eu\/cs\/wp-json\/wp\/v2\/posts"}],"about":[{"href":"https:\/\/noclegioswiecim.eu\/cs\/wp-json\/wp\/v2\/types\/post"}],"author":[{"embeddable":true,"href":"https:\/\/noclegioswiecim.eu\/cs\/wp-json\/wp\/v2\/users\/1"}],"replies":[{"embeddable":true,"href":"https:\/\/noclegioswiecim.eu\/cs\/wp-json\/wp\/v2\/comments?post=2635"}],"version-history":[{"count":1,"href":"https:\/\/noclegioswiecim.eu\/cs\/wp-json\/wp\/v2\/posts\/2635\/revisions"}],"predecessor-version":[{"id":2641,"href":"https:\/\/noclegioswiecim.eu\/cs\/wp-json\/wp\/v2\/posts\/2635\/revisions\/2641"}],"wp:featuredmedia":[{"embeddable":true,"href":"https:\/\/noclegioswiecim.eu\/cs\/wp-json\/wp\/v2\/media\/2639"}],"wp:attachment":[{"href":"https:\/\/noclegioswiecim.eu\/cs\/wp-json\/wp\/v2\/media?parent=2635"}],"wp:term":[{"taxonomy":"category","embeddable":true,"href":"https:\/\/noclegioswiecim.eu\/cs\/wp-json\/wp\/v2\/categories?post=2635"},{"taxonomy":"post_tag","embeddable":true,"href":"https:\/\/noclegioswiecim.eu\/cs\/wp-json\/wp\/v2\/tags?post=2635"}],"curies":[{"name":"wp","href":"https:\/\/api.w.org\/{rel}","templated":true}]}}