{"id":2585,"date":"2023-07-13T14:20:00","date_gmt":"2023-07-13T12:20:00","guid":{"rendered":"https:\/\/noclegioswiecim.eu\/bez-kategorii\/zakopane-morskie-oko\/"},"modified":"2024-03-20T13:32:33","modified_gmt":"2024-03-20T12:32:33","slug":"zakopane-morskie-oko","status":"publish","type":"post","link":"https:\/\/noclegioswiecim.eu\/cs\/zajimavosti\/zakopane-morskie-oko\/","title":{"rendered":"Zakopan\u00e9 &#8211; Morskie Oko"},"content":{"rendered":"<p><strong>Vzd\u00e1lenost od za\u0159\u00edzen\u00ed: <\/strong>Vzd\u00e1lenost od za\u0159\u00edzen\u00ed: 156 km<\/p>\n<p>Morskie Oko, kter\u00e9 se nach\u00e1z\u00ed v Tatr\u00e1ch, mus\u00edte p\u0159i n\u00e1v\u0161t\u011bv\u011b Zakopan\u00e9ho vid\u011bt. Tato obl\u00edben\u00e1 turistick\u00e1 trasa nab\u00edz\u00ed n\u00e1dhern\u00e9 v\u00fdhledy v\u010detn\u011b malebn\u00e9ho jezera Morskie Oko, vodop\u00e1d\u016f a \u00fachvatn\u00fdch scen\u00e9ri\u00ed. A\u0165 u\u017e jste zku\u0161en\u00fd turista, nebo teprve za\u010d\u00edn\u00e1te, tato trasa v\u00e1m bude vyhovovat. Stezka je dob\u0159e zna\u010den\u00e1 a je vhodn\u00e1 i pro rodiny. V\u00fd\u0161lap na Morskie Oko je dlouh\u00fd asi 8 km jedn\u00edm sm\u011brem a cel\u00e1 trasa trv\u00e1 asi 2,5 a\u017e 3 hodiny.<\/p>\n<p>P\u0159ipravte si pl\u00e1n cesty, sbalte si z\u00e1kladn\u00ed v\u011bci, jako je voda, sva\u010dina, vhodn\u00e9 oble\u010den\u00ed a opalovac\u00ed kr\u00e9m, a u\u017eijte si \u00fachvatnou kr\u00e1su Mo\u0159sk\u00e9ho oka!<\/p>\n<p><strong>Dal\u0161\u00ed informace:<\/strong> <a href=\"https:\/\/www.zakopane.pl\/strefa-turystyczna\/turystyka\/wycieczki-gorskie-latem\/szlaki-lato\/morskie-oko\/\">www.zakopane.pl\/strefa-turystyczna\/turystyka\/wycieczki-gorskie-latem\/szlaki-lato\/morskie-oko\/<\/a><\/p>\n","protected":false},"excerpt":{"rendered":"<p>Vzd\u00e1lenost: 156 km<\/p>\n","protected":false},"author":2,"featured_media":2589,"comment_status":"open","ping_status":"open","sticky":false,"template":"","format":"standard","meta":{"footnotes":""},"categories":[64],"tags":[],"class_list":["post-2585","post","type-post","status-publish","format-standard","has-post-thumbnail","hentry","category-zajimavosti"],"yoast_head":"<!-- This site is optimized with the Yoast SEO plugin v27.5 - https:\/\/yoast.com\/product\/yoast-seo-wordpress\/ -->\n<title>Zakopan\u00e9 - Morskie Oko - Comfort Apartments<\/title>\n<meta name=\"description\" content=\"Morskie Oko, kter\u00e9 se nach\u00e1z\u00ed v Tatr\u00e1ch, mus\u00edte p\u0159i n\u00e1v\u0161t\u011bv\u011b Zakopan\u00e9ho vid\u011bt. Jedn\u00e1 se o obl\u00edbenou turistickou trasu!\" \/>\n<meta name=\"robots\" content=\"index, follow, max-snippet:-1, max-image-preview:large, max-video-preview:-1\" \/>\n<link rel=\"canonical\" href=\"https:\/\/noclegioswiecim.eu\/cs\/?p=2585\" \/>\n<meta property=\"og:locale\" content=\"cs_CZ\" \/>\n<meta property=\"og:type\" content=\"article\" \/>\n<meta property=\"og:title\" content=\"Zakopan\u00e9 - Morskie Oko - Comfort Apartments\" \/>\n<meta property=\"og:description\" content=\"Morskie Oko, kter\u00e9 se nach\u00e1z\u00ed v Tatr\u00e1ch, mus\u00edte p\u0159i n\u00e1v\u0161t\u011bv\u011b Zakopan\u00e9ho vid\u011bt. Jedn\u00e1 se o obl\u00edbenou turistickou trasu!\" \/>\n<meta property=\"og:url\" content=\"https:\/\/noclegioswiecim.eu\/cs\/?p=2585\" \/>\n<meta property=\"og:site_name\" content=\"Comfort Apartments\" \/>\n<meta property=\"article:publisher\" content=\"https:\/\/www.facebook.com\/oswiecimapartments\/\" \/>\n<meta property=\"article:published_time\" content=\"2023-07-13T12:20:00+00:00\" \/>\n<meta property=\"article:modified_time\" content=\"2024-03-20T12:32:33+00:00\" \/>\n<meta property=\"og:image\" content=\"https:\/\/noclegioswiecim.eu\/wp-content\/uploads\/2023\/07\/Projekt-bez-nazwy-1024x661.png\" \/>\n\t<meta property=\"og:image:width\" content=\"1024\" \/>\n\t<meta property=\"og:image:height\" content=\"661\" \/>\n\t<meta property=\"og:image:type\" content=\"image\/png\" \/>\n<meta name=\"author\" content=\"Patrycja\" \/>\n<meta name=\"twitter:card\" content=\"summary_large_image\" \/>\n<meta name=\"twitter:label1\" content=\"Napsal(a)\" \/>\n\t<meta name=\"twitter:data1\" content=\"Patrycja\" \/>\n\t<meta name=\"twitter:label2\" content=\"Odhadovan\u00e1 doba \u010dten\u00ed\" \/>\n\t<meta name=\"twitter:data2\" content=\"1 minuta\" \/>\n<script type=\"application\/ld+json\" class=\"yoast-schema-graph\">{\"@context\":\"https:\\\/\\\/schema.org\",\"@graph\":[{\"@type\":\"Article\",\"@id\":\"https:\\\/\\\/noclegioswiecim.eu\\\/cs\\\/?p=2585#article\",\"isPartOf\":{\"@id\":\"https:\\\/\\\/noclegioswiecim.eu\\\/cs\\\/?p=2585\"},\"author\":{\"name\":\"Patrycja\",\"@id\":\"https:\\\/\\\/noclegioswiecim.eu\\\/#\\\/schema\\\/person\\\/feafb30ea03805a331616c6bfd80e947\"},\"headline\":\"Zakopan\u00e9 &#8211; Morskie Oko\",\"datePublished\":\"2023-07-13T12:20:00+00:00\",\"dateModified\":\"2024-03-20T12:32:33+00:00\",\"mainEntityOfPage\":{\"@id\":\"https:\\\/\\\/noclegioswiecim.eu\\\/cs\\\/?p=2585\"},\"wordCount\":155,\"commentCount\":0,\"publisher\":{\"@id\":\"https:\\\/\\\/noclegioswiecim.eu\\\/#organization\"},\"image\":{\"@id\":\"https:\\\/\\\/noclegioswiecim.eu\\\/cs\\\/?p=2585#primaryimage\"},\"thumbnailUrl\":\"https:\\\/\\\/noclegioswiecim.eu\\\/wp-content\\\/uploads\\\/2023\\\/07\\\/Projekt-bez-nazwy.png\",\"articleSection\":[\"Zaj\u00edmavosti\"],\"inLanguage\":\"cs\",\"potentialAction\":[{\"@type\":\"CommentAction\",\"name\":\"Comment\",\"target\":[\"https:\\\/\\\/noclegioswiecim.eu\\\/cs\\\/?p=2585#respond\"]}]},{\"@type\":\"WebPage\",\"@id\":\"https:\\\/\\\/noclegioswiecim.eu\\\/cs\\\/?p=2585\",\"url\":\"https:\\\/\\\/noclegioswiecim.eu\\\/cs\\\/?p=2585\",\"name\":\"Zakopan\u00e9 - Morskie Oko - Comfort Apartments\",\"isPartOf\":{\"@id\":\"https:\\\/\\\/noclegioswiecim.eu\\\/#website\"},\"primaryImageOfPage\":{\"@id\":\"https:\\\/\\\/noclegioswiecim.eu\\\/cs\\\/?p=2585#primaryimage\"},\"image\":{\"@id\":\"https:\\\/\\\/noclegioswiecim.eu\\\/cs\\\/?p=2585#primaryimage\"},\"thumbnailUrl\":\"https:\\\/\\\/noclegioswiecim.eu\\\/wp-content\\\/uploads\\\/2023\\\/07\\\/Projekt-bez-nazwy.png\",\"datePublished\":\"2023-07-13T12:20:00+00:00\",\"dateModified\":\"2024-03-20T12:32:33+00:00\",\"description\":\"Morskie Oko, kter\u00e9 se nach\u00e1z\u00ed v Tatr\u00e1ch, mus\u00edte p\u0159i n\u00e1v\u0161t\u011bv\u011b Zakopan\u00e9ho vid\u011bt. Jedn\u00e1 se o obl\u00edbenou turistickou trasu!\",\"breadcrumb\":{\"@id\":\"https:\\\/\\\/noclegioswiecim.eu\\\/cs\\\/?p=2585#breadcrumb\"},\"inLanguage\":\"cs\",\"potentialAction\":[{\"@type\":\"ReadAction\",\"target\":[\"https:\\\/\\\/noclegioswiecim.eu\\\/cs\\\/?p=2585\"]}]},{\"@type\":\"ImageObject\",\"inLanguage\":\"cs\",\"@id\":\"https:\\\/\\\/noclegioswiecim.eu\\\/cs\\\/?p=2585#primaryimage\",\"url\":\"https:\\\/\\\/noclegioswiecim.eu\\\/wp-content\\\/uploads\\\/2023\\\/07\\\/Projekt-bez-nazwy.png\",\"contentUrl\":\"https:\\\/\\\/noclegioswiecim.eu\\\/wp-content\\\/uploads\\\/2023\\\/07\\\/Projekt-bez-nazwy.png\",\"width\":1900,\"height\":1226},{\"@type\":\"BreadcrumbList\",\"@id\":\"https:\\\/\\\/noclegioswiecim.eu\\\/cs\\\/?p=2585#breadcrumb\",\"itemListElement\":[{\"@type\":\"ListItem\",\"position\":1,\"name\":\"Strona g\u0142\u00f3wna\",\"item\":\"https:\\\/\\\/noclegioswiecim.eu\\\/cs\\\/\"},{\"@type\":\"ListItem\",\"position\":2,\"name\":\"Zakopan\u00e9 &#8211; Morskie Oko\"}]},{\"@type\":\"WebSite\",\"@id\":\"https:\\\/\\\/noclegioswiecim.eu\\\/#website\",\"url\":\"https:\\\/\\\/noclegioswiecim.eu\\\/\",\"name\":\"Comfort Apartments\",\"description\":\"Noclegi O\u015bwi\u0119cim \\\/ Booking O\u015bwi\u0119cim\",\"publisher\":{\"@id\":\"https:\\\/\\\/noclegioswiecim.eu\\\/#organization\"},\"potentialAction\":[{\"@type\":\"SearchAction\",\"target\":{\"@type\":\"EntryPoint\",\"urlTemplate\":\"https:\\\/\\\/noclegioswiecim.eu\\\/?s={search_term_string}\"},\"query-input\":{\"@type\":\"PropertyValueSpecification\",\"valueRequired\":true,\"valueName\":\"search_term_string\"}}],\"inLanguage\":\"cs\"},{\"@type\":\"Organization\",\"@id\":\"https:\\\/\\\/noclegioswiecim.eu\\\/#organization\",\"name\":\"Comfort Apartments\",\"url\":\"https:\\\/\\\/noclegioswiecim.eu\\\/\",\"logo\":{\"@type\":\"ImageObject\",\"inLanguage\":\"cs\",\"@id\":\"https:\\\/\\\/noclegioswiecim.eu\\\/#\\\/schema\\\/logo\\\/image\\\/\",\"url\":\"https:\\\/\\\/noclegioswiecim.eu\\\/wp-content\\\/uploads\\\/2023\\\/02\\\/favicona.png\",\"contentUrl\":\"https:\\\/\\\/noclegioswiecim.eu\\\/wp-content\\\/uploads\\\/2023\\\/02\\\/favicona.png\",\"width\":200,\"height\":200,\"caption\":\"Comfort Apartments\"},\"image\":{\"@id\":\"https:\\\/\\\/noclegioswiecim.eu\\\/#\\\/schema\\\/logo\\\/image\\\/\"},\"sameAs\":[\"https:\\\/\\\/www.facebook.com\\\/oswiecimapartments\\\/\",\"https:\\\/\\\/goo.gl\\\/maps\\\/H9x6rxoZWfK3ad1j6\",\"https:\\\/\\\/www.instagram.com\\\/oswiecimapartments\\\/\"]},{\"@type\":\"Person\",\"@id\":\"https:\\\/\\\/noclegioswiecim.eu\\\/#\\\/schema\\\/person\\\/feafb30ea03805a331616c6bfd80e947\",\"name\":\"Patrycja\",\"image\":{\"@type\":\"ImageObject\",\"inLanguage\":\"cs\",\"@id\":\"https:\\\/\\\/secure.gravatar.com\\\/avatar\\\/7c37283748b62bb21affee70f751e75b04d527b2d023e14cdffee17064819ea3?s=96&d=mm&r=g\",\"url\":\"https:\\\/\\\/secure.gravatar.com\\\/avatar\\\/7c37283748b62bb21affee70f751e75b04d527b2d023e14cdffee17064819ea3?s=96&d=mm&r=g\",\"contentUrl\":\"https:\\\/\\\/secure.gravatar.com\\\/avatar\\\/7c37283748b62bb21affee70f751e75b04d527b2d023e14cdffee17064819ea3?s=96&d=mm&r=g\",\"caption\":\"Patrycja\"}}]}<\/script>\n<!-- \/ Yoast SEO plugin. -->","yoast_head_json":{"title":"Zakopan\u00e9 - Morskie Oko - Comfort Apartments","description":"Morskie Oko, kter\u00e9 se nach\u00e1z\u00ed v Tatr\u00e1ch, mus\u00edte p\u0159i n\u00e1v\u0161t\u011bv\u011b Zakopan\u00e9ho vid\u011bt. Jedn\u00e1 se o obl\u00edbenou turistickou trasu!","robots":{"index":"index","follow":"follow","max-snippet":"max-snippet:-1","max-image-preview":"max-image-preview:large","max-video-preview":"max-video-preview:-1"},"canonical":"https:\/\/noclegioswiecim.eu\/cs\/?p=2585","og_locale":"cs_CZ","og_type":"article","og_title":"Zakopan\u00e9 - Morskie Oko - Comfort Apartments","og_description":"Morskie Oko, kter\u00e9 se nach\u00e1z\u00ed v Tatr\u00e1ch, mus\u00edte p\u0159i n\u00e1v\u0161t\u011bv\u011b Zakopan\u00e9ho vid\u011bt. Jedn\u00e1 se o obl\u00edbenou turistickou trasu!","og_url":"https:\/\/noclegioswiecim.eu\/cs\/?p=2585","og_site_name":"Comfort Apartments","article_publisher":"https:\/\/www.facebook.com\/oswiecimapartments\/","article_published_time":"2023-07-13T12:20:00+00:00","article_modified_time":"2024-03-20T12:32:33+00:00","og_image":[{"width":1024,"height":661,"url":"https:\/\/noclegioswiecim.eu\/wp-content\/uploads\/2023\/07\/Projekt-bez-nazwy-1024x661.png","type":"image\/png"}],"author":"Patrycja","twitter_card":"summary_large_image","twitter_misc":{"Napsal(a)":"Patrycja","Odhadovan\u00e1 doba \u010dten\u00ed":"1 minuta"},"schema":{"@context":"https:\/\/schema.org","@graph":[{"@type":"Article","@id":"https:\/\/noclegioswiecim.eu\/cs\/?p=2585#article","isPartOf":{"@id":"https:\/\/noclegioswiecim.eu\/cs\/?p=2585"},"author":{"name":"Patrycja","@id":"https:\/\/noclegioswiecim.eu\/#\/schema\/person\/feafb30ea03805a331616c6bfd80e947"},"headline":"Zakopan\u00e9 &#8211; Morskie Oko","datePublished":"2023-07-13T12:20:00+00:00","dateModified":"2024-03-20T12:32:33+00:00","mainEntityOfPage":{"@id":"https:\/\/noclegioswiecim.eu\/cs\/?p=2585"},"wordCount":155,"commentCount":0,"publisher":{"@id":"https:\/\/noclegioswiecim.eu\/#organization"},"image":{"@id":"https:\/\/noclegioswiecim.eu\/cs\/?p=2585#primaryimage"},"thumbnailUrl":"https:\/\/noclegioswiecim.eu\/wp-content\/uploads\/2023\/07\/Projekt-bez-nazwy.png","articleSection":["Zaj\u00edmavosti"],"inLanguage":"cs","potentialAction":[{"@type":"CommentAction","name":"Comment","target":["https:\/\/noclegioswiecim.eu\/cs\/?p=2585#respond"]}]},{"@type":"WebPage","@id":"https:\/\/noclegioswiecim.eu\/cs\/?p=2585","url":"https:\/\/noclegioswiecim.eu\/cs\/?p=2585","name":"Zakopan\u00e9 - Morskie Oko - Comfort Apartments","isPartOf":{"@id":"https:\/\/noclegioswiecim.eu\/#website"},"primaryImageOfPage":{"@id":"https:\/\/noclegioswiecim.eu\/cs\/?p=2585#primaryimage"},"image":{"@id":"https:\/\/noclegioswiecim.eu\/cs\/?p=2585#primaryimage"},"thumbnailUrl":"https:\/\/noclegioswiecim.eu\/wp-content\/uploads\/2023\/07\/Projekt-bez-nazwy.png","datePublished":"2023-07-13T12:20:00+00:00","dateModified":"2024-03-20T12:32:33+00:00","description":"Morskie Oko, kter\u00e9 se nach\u00e1z\u00ed v Tatr\u00e1ch, mus\u00edte p\u0159i n\u00e1v\u0161t\u011bv\u011b Zakopan\u00e9ho vid\u011bt. Jedn\u00e1 se o obl\u00edbenou turistickou trasu!","breadcrumb":{"@id":"https:\/\/noclegioswiecim.eu\/cs\/?p=2585#breadcrumb"},"inLanguage":"cs","potentialAction":[{"@type":"ReadAction","target":["https:\/\/noclegioswiecim.eu\/cs\/?p=2585"]}]},{"@type":"ImageObject","inLanguage":"cs","@id":"https:\/\/noclegioswiecim.eu\/cs\/?p=2585#primaryimage","url":"https:\/\/noclegioswiecim.eu\/wp-content\/uploads\/2023\/07\/Projekt-bez-nazwy.png","contentUrl":"https:\/\/noclegioswiecim.eu\/wp-content\/uploads\/2023\/07\/Projekt-bez-nazwy.png","width":1900,"height":1226},{"@type":"BreadcrumbList","@id":"https:\/\/noclegioswiecim.eu\/cs\/?p=2585#breadcrumb","itemListElement":[{"@type":"ListItem","position":1,"name":"Strona g\u0142\u00f3wna","item":"https:\/\/noclegioswiecim.eu\/cs\/"},{"@type":"ListItem","position":2,"name":"Zakopan\u00e9 &#8211; Morskie Oko"}]},{"@type":"WebSite","@id":"https:\/\/noclegioswiecim.eu\/#website","url":"https:\/\/noclegioswiecim.eu\/","name":"Comfort Apartments","description":"Noclegi O\u015bwi\u0119cim \/ Booking O\u015bwi\u0119cim","publisher":{"@id":"https:\/\/noclegioswiecim.eu\/#organization"},"potentialAction":[{"@type":"SearchAction","target":{"@type":"EntryPoint","urlTemplate":"https:\/\/noclegioswiecim.eu\/?s={search_term_string}"},"query-input":{"@type":"PropertyValueSpecification","valueRequired":true,"valueName":"search_term_string"}}],"inLanguage":"cs"},{"@type":"Organization","@id":"https:\/\/noclegioswiecim.eu\/#organization","name":"Comfort Apartments","url":"https:\/\/noclegioswiecim.eu\/","logo":{"@type":"ImageObject","inLanguage":"cs","@id":"https:\/\/noclegioswiecim.eu\/#\/schema\/logo\/image\/","url":"https:\/\/noclegioswiecim.eu\/wp-content\/uploads\/2023\/02\/favicona.png","contentUrl":"https:\/\/noclegioswiecim.eu\/wp-content\/uploads\/2023\/02\/favicona.png","width":200,"height":200,"caption":"Comfort Apartments"},"image":{"@id":"https:\/\/noclegioswiecim.eu\/#\/schema\/logo\/image\/"},"sameAs":["https:\/\/www.facebook.com\/oswiecimapartments\/","https:\/\/goo.gl\/maps\/H9x6rxoZWfK3ad1j6","https:\/\/www.instagram.com\/oswiecimapartments\/"]},{"@type":"Person","@id":"https:\/\/noclegioswiecim.eu\/#\/schema\/person\/feafb30ea03805a331616c6bfd80e947","name":"Patrycja","image":{"@type":"ImageObject","inLanguage":"cs","@id":"https:\/\/secure.gravatar.com\/avatar\/7c37283748b62bb21affee70f751e75b04d527b2d023e14cdffee17064819ea3?s=96&d=mm&r=g","url":"https:\/\/secure.gravatar.com\/avatar\/7c37283748b62bb21affee70f751e75b04d527b2d023e14cdffee17064819ea3?s=96&d=mm&r=g","contentUrl":"https:\/\/secure.gravatar.com\/avatar\/7c37283748b62bb21affee70f751e75b04d527b2d023e14cdffee17064819ea3?s=96&d=mm&r=g","caption":"Patrycja"}}]}},"_links":{"self":[{"href":"https:\/\/noclegioswiecim.eu\/cs\/wp-json\/wp\/v2\/posts\/2585","targetHints":{"allow":["GET"]}}],"collection":[{"href":"https:\/\/noclegioswiecim.eu\/cs\/wp-json\/wp\/v2\/posts"}],"about":[{"href":"https:\/\/noclegioswiecim.eu\/cs\/wp-json\/wp\/v2\/types\/post"}],"author":[{"embeddable":true,"href":"https:\/\/noclegioswiecim.eu\/cs\/wp-json\/wp\/v2\/users\/2"}],"replies":[{"embeddable":true,"href":"https:\/\/noclegioswiecim.eu\/cs\/wp-json\/wp\/v2\/comments?post=2585"}],"version-history":[{"count":1,"href":"https:\/\/noclegioswiecim.eu\/cs\/wp-json\/wp\/v2\/posts\/2585\/revisions"}],"predecessor-version":[{"id":2591,"href":"https:\/\/noclegioswiecim.eu\/cs\/wp-json\/wp\/v2\/posts\/2585\/revisions\/2591"}],"wp:featuredmedia":[{"embeddable":true,"href":"https:\/\/noclegioswiecim.eu\/cs\/wp-json\/wp\/v2\/media\/2589"}],"wp:attachment":[{"href":"https:\/\/noclegioswiecim.eu\/cs\/wp-json\/wp\/v2\/media?parent=2585"}],"wp:term":[{"taxonomy":"category","embeddable":true,"href":"https:\/\/noclegioswiecim.eu\/cs\/wp-json\/wp\/v2\/categories?post=2585"},{"taxonomy":"post_tag","embeddable":true,"href":"https:\/\/noclegioswiecim.eu\/cs\/wp-json\/wp\/v2\/tags?post=2585"}],"curies":[{"name":"wp","href":"https:\/\/api.w.org\/{rel}","templated":true}]}}