{"id":2564,"date":"2023-07-13T13:57:35","date_gmt":"2023-07-13T11:57:35","guid":{"rendered":"https:\/\/noclegioswiecim.eu\/bez-kategorii\/zakopane-tatransky-vzdelavaci-park\/"},"modified":"2024-03-20T13:32:31","modified_gmt":"2024-03-20T12:32:31","slug":"zakopane-tatransky-vzdelavaci-park","status":"publish","type":"post","link":"https:\/\/noclegioswiecim.eu\/cs\/zajimavosti\/zakopane-tatransky-vzdelavaci-park\/","title":{"rendered":"Zakopan\u00e9 &#8211; Tatransk\u00fd vzd\u011bl\u00e1vac\u00ed park"},"content":{"rendered":"<div data-v-0b5e319b=\"\">\n<p data-v-0b5e319b=\"\"><strong>Vzd\u00e1lenost od za\u0159\u00edzen\u00ed:<\/strong> Vzd\u00e1lenost od za\u0159\u00edzen\u00ed: 146 km<\/p>\n<p class=\"desc\" data-v-0b5e319b=\"\">Tatransk\u00fd vzd\u011bl\u00e1vac\u00ed park je soukromou iniciativou, jej\u00edm\u017e c\u00edlem je vytvo\u0159it zvl\u00e1\u0161tn\u00ed m\u00edsto pro n\u00e1v\u0161t\u011bvn\u00edky Podhal\u00ed. U\u017e samotn\u00fd n\u00e1zev definuje, co od n\u00e1s m\u016f\u017eete o\u010dek\u00e1vat.<\/p>\n<\/div>\n<div data-v-0b5e319b=\"\">\n<p class=\"desc\" data-v-0b5e319b=\"\">Tatry &#8211; odkazuj\u00ed na p\u0159\u00edrodu, zv\u00ed\u0159ata a rostliny tohoto regionu.<\/p>\n<\/div>\n<div data-v-0b5e319b=\"\">\n<p class=\"desc\" data-v-0b5e319b=\"\">Park &#8211; odkazuje na sv\u016fj p\u016fvodn\u00ed v\u00fdznam jako m\u00edsto, kde si m\u016f\u017eeme odpo\u010dinout a z\u00e1rove\u0148 se kochat okoln\u00ed p\u0159\u00edrodou, park je tak\u00e9 ch\u00e1p\u00e1n jako \u00fato\u010di\u0161t\u011b p\u0159ed ruchem m\u011bsta a m\u00edsto v harmonii s p\u0159\u00edrodou.<\/p>\n<\/div>\n<div data-v-0b5e319b=\"\">\n<p class=\"desc\" data-v-0b5e319b=\"\">Vzd\u011bl\u00e1vac\u00ed &#8211; t\u00fdk\u00e1 se p\u0159ed\u00e1v\u00e1n\u00ed znalost\u00ed o p\u0159\u00edrod\u011b, ale d\u00edky interakci s n\u00ed si ji ka\u017ed\u00fd m\u016f\u017ee prohl\u00e9dnout zbl\u00edzka, nakrmit ji a dozv\u011bd\u011bt se spoustu zaj\u00edmavost\u00ed o na\u0161ich zv\u00ed\u0159atech b\u011bhem aktivit, jako je &#8222;Setk\u00e1n\u00ed se svi\u0161t\u011bm&#8220; nebo &#8222;Sokolnick\u00e1 show&#8220; \u010di &#8222;Tr\u00e9nink s li\u0161kou&#8220;.<\/p>\n<p data-v-0b5e319b=\"\"><strong>Dal\u0161\u00ed informace:<\/strong> <a href=\"https:\/\/www.tpe.edu.pl\/\">www.tpe.edu.pl\/<\/a><\/p>\n<\/div>\n","protected":false},"excerpt":{"rendered":"<p>Vzd\u00e1lenost: 146 km<\/p>\n","protected":false},"author":2,"featured_media":2571,"comment_status":"open","ping_status":"open","sticky":false,"template":"","format":"standard","meta":{"footnotes":""},"categories":[64],"tags":[],"class_list":["post-2564","post","type-post","status-publish","format-standard","has-post-thumbnail","hentry","category-zajimavosti"],"yoast_head":"<!-- This site is optimized with the Yoast SEO plugin v27.5 - https:\/\/yoast.com\/product\/yoast-seo-wordpress\/ -->\n<title>Zakopan\u00e9 - Tatransk\u00fd vzd\u011bl\u00e1vac\u00ed park - Comfort Apartments<\/title>\n<meta name=\"description\" content=\"Tatransk\u00fd vzd\u011bl\u00e1vac\u00ed park je soukromou iniciativou, jej\u00edm\u017e c\u00edlem je vytvo\u0159it zvl\u00e1\u0161tn\u00ed m\u00edsto pro n\u00e1v\u0161t\u011bvn\u00edky Podhal\u00ed.\" \/>\n<meta name=\"robots\" content=\"index, follow, max-snippet:-1, max-image-preview:large, max-video-preview:-1\" \/>\n<link rel=\"canonical\" href=\"https:\/\/noclegioswiecim.eu\/cs\/?p=2564\" \/>\n<meta property=\"og:locale\" content=\"cs_CZ\" \/>\n<meta property=\"og:type\" content=\"article\" \/>\n<meta property=\"og:title\" content=\"Zakopan\u00e9 - Tatransk\u00fd vzd\u011bl\u00e1vac\u00ed park - Comfort Apartments\" \/>\n<meta property=\"og:description\" content=\"Tatransk\u00fd vzd\u011bl\u00e1vac\u00ed park je soukromou iniciativou, jej\u00edm\u017e c\u00edlem je vytvo\u0159it zvl\u00e1\u0161tn\u00ed m\u00edsto pro n\u00e1v\u0161t\u011bvn\u00edky Podhal\u00ed.\" \/>\n<meta property=\"og:url\" content=\"https:\/\/noclegioswiecim.eu\/cs\/?p=2564\" \/>\n<meta property=\"og:site_name\" content=\"Comfort Apartments\" \/>\n<meta property=\"article:publisher\" content=\"https:\/\/www.facebook.com\/oswiecimapartments\/\" \/>\n<meta property=\"article:published_time\" content=\"2023-07-13T11:57:35+00:00\" \/>\n<meta property=\"article:modified_time\" content=\"2024-03-20T12:32:31+00:00\" \/>\n<meta property=\"og:image\" content=\"https:\/\/noclegioswiecim.eu\/wp-content\/uploads\/2023\/07\/309211830_5549411558449921_5443438107045086288_n.jpg\" \/>\n\t<meta property=\"og:image:width\" content=\"1900\" \/>\n\t<meta property=\"og:image:height\" content=\"1269\" \/>\n\t<meta property=\"og:image:type\" content=\"image\/jpeg\" \/>\n<meta name=\"author\" content=\"Patrycja\" \/>\n<meta name=\"twitter:card\" content=\"summary_large_image\" \/>\n<meta name=\"twitter:label1\" content=\"Napsal(a)\" \/>\n\t<meta name=\"twitter:data1\" content=\"Patrycja\" \/>\n\t<meta name=\"twitter:label2\" content=\"Odhadovan\u00e1 doba \u010dten\u00ed\" \/>\n\t<meta name=\"twitter:data2\" content=\"1 minuta\" \/>\n<script type=\"application\/ld+json\" class=\"yoast-schema-graph\">{\"@context\":\"https:\\\/\\\/schema.org\",\"@graph\":[{\"@type\":\"Article\",\"@id\":\"https:\\\/\\\/noclegioswiecim.eu\\\/cs\\\/?p=2564#article\",\"isPartOf\":{\"@id\":\"https:\\\/\\\/noclegioswiecim.eu\\\/cs\\\/?p=2564\"},\"author\":{\"name\":\"Patrycja\",\"@id\":\"https:\\\/\\\/noclegioswiecim.eu\\\/#\\\/schema\\\/person\\\/feafb30ea03805a331616c6bfd80e947\"},\"headline\":\"Zakopan\u00e9 &#8211; Tatransk\u00fd vzd\u011bl\u00e1vac\u00ed park\",\"datePublished\":\"2023-07-13T11:57:35+00:00\",\"dateModified\":\"2024-03-20T12:32:31+00:00\",\"mainEntityOfPage\":{\"@id\":\"https:\\\/\\\/noclegioswiecim.eu\\\/cs\\\/?p=2564\"},\"wordCount\":192,\"commentCount\":0,\"publisher\":{\"@id\":\"https:\\\/\\\/noclegioswiecim.eu\\\/#organization\"},\"image\":{\"@id\":\"https:\\\/\\\/noclegioswiecim.eu\\\/cs\\\/?p=2564#primaryimage\"},\"thumbnailUrl\":\"https:\\\/\\\/noclegioswiecim.eu\\\/wp-content\\\/uploads\\\/2023\\\/07\\\/309211830_5549411558449921_5443438107045086288_n.jpg\",\"articleSection\":[\"Zaj\u00edmavosti\"],\"inLanguage\":\"cs\",\"potentialAction\":[{\"@type\":\"CommentAction\",\"name\":\"Comment\",\"target\":[\"https:\\\/\\\/noclegioswiecim.eu\\\/cs\\\/?p=2564#respond\"]}]},{\"@type\":\"WebPage\",\"@id\":\"https:\\\/\\\/noclegioswiecim.eu\\\/cs\\\/?p=2564\",\"url\":\"https:\\\/\\\/noclegioswiecim.eu\\\/cs\\\/?p=2564\",\"name\":\"Zakopan\u00e9 - Tatransk\u00fd vzd\u011bl\u00e1vac\u00ed park - Comfort Apartments\",\"isPartOf\":{\"@id\":\"https:\\\/\\\/noclegioswiecim.eu\\\/#website\"},\"primaryImageOfPage\":{\"@id\":\"https:\\\/\\\/noclegioswiecim.eu\\\/cs\\\/?p=2564#primaryimage\"},\"image\":{\"@id\":\"https:\\\/\\\/noclegioswiecim.eu\\\/cs\\\/?p=2564#primaryimage\"},\"thumbnailUrl\":\"https:\\\/\\\/noclegioswiecim.eu\\\/wp-content\\\/uploads\\\/2023\\\/07\\\/309211830_5549411558449921_5443438107045086288_n.jpg\",\"datePublished\":\"2023-07-13T11:57:35+00:00\",\"dateModified\":\"2024-03-20T12:32:31+00:00\",\"description\":\"Tatransk\u00fd vzd\u011bl\u00e1vac\u00ed park je soukromou iniciativou, jej\u00edm\u017e c\u00edlem je vytvo\u0159it zvl\u00e1\u0161tn\u00ed m\u00edsto pro n\u00e1v\u0161t\u011bvn\u00edky Podhal\u00ed.\",\"breadcrumb\":{\"@id\":\"https:\\\/\\\/noclegioswiecim.eu\\\/cs\\\/?p=2564#breadcrumb\"},\"inLanguage\":\"cs\",\"potentialAction\":[{\"@type\":\"ReadAction\",\"target\":[\"https:\\\/\\\/noclegioswiecim.eu\\\/cs\\\/?p=2564\"]}]},{\"@type\":\"ImageObject\",\"inLanguage\":\"cs\",\"@id\":\"https:\\\/\\\/noclegioswiecim.eu\\\/cs\\\/?p=2564#primaryimage\",\"url\":\"https:\\\/\\\/noclegioswiecim.eu\\\/wp-content\\\/uploads\\\/2023\\\/07\\\/309211830_5549411558449921_5443438107045086288_n.jpg\",\"contentUrl\":\"https:\\\/\\\/noclegioswiecim.eu\\\/wp-content\\\/uploads\\\/2023\\\/07\\\/309211830_5549411558449921_5443438107045086288_n.jpg\",\"width\":1900,\"height\":1269},{\"@type\":\"BreadcrumbList\",\"@id\":\"https:\\\/\\\/noclegioswiecim.eu\\\/cs\\\/?p=2564#breadcrumb\",\"itemListElement\":[{\"@type\":\"ListItem\",\"position\":1,\"name\":\"Strona g\u0142\u00f3wna\",\"item\":\"https:\\\/\\\/noclegioswiecim.eu\\\/cs\\\/\"},{\"@type\":\"ListItem\",\"position\":2,\"name\":\"Zakopan\u00e9 &#8211; Tatransk\u00fd vzd\u011bl\u00e1vac\u00ed park\"}]},{\"@type\":\"WebSite\",\"@id\":\"https:\\\/\\\/noclegioswiecim.eu\\\/#website\",\"url\":\"https:\\\/\\\/noclegioswiecim.eu\\\/\",\"name\":\"Comfort Apartments\",\"description\":\"Noclegi O\u015bwi\u0119cim \\\/ Booking O\u015bwi\u0119cim\",\"publisher\":{\"@id\":\"https:\\\/\\\/noclegioswiecim.eu\\\/#organization\"},\"potentialAction\":[{\"@type\":\"SearchAction\",\"target\":{\"@type\":\"EntryPoint\",\"urlTemplate\":\"https:\\\/\\\/noclegioswiecim.eu\\\/?s={search_term_string}\"},\"query-input\":{\"@type\":\"PropertyValueSpecification\",\"valueRequired\":true,\"valueName\":\"search_term_string\"}}],\"inLanguage\":\"cs\"},{\"@type\":\"Organization\",\"@id\":\"https:\\\/\\\/noclegioswiecim.eu\\\/#organization\",\"name\":\"Comfort Apartments\",\"url\":\"https:\\\/\\\/noclegioswiecim.eu\\\/\",\"logo\":{\"@type\":\"ImageObject\",\"inLanguage\":\"cs\",\"@id\":\"https:\\\/\\\/noclegioswiecim.eu\\\/#\\\/schema\\\/logo\\\/image\\\/\",\"url\":\"https:\\\/\\\/noclegioswiecim.eu\\\/wp-content\\\/uploads\\\/2023\\\/02\\\/favicona.png\",\"contentUrl\":\"https:\\\/\\\/noclegioswiecim.eu\\\/wp-content\\\/uploads\\\/2023\\\/02\\\/favicona.png\",\"width\":200,\"height\":200,\"caption\":\"Comfort Apartments\"},\"image\":{\"@id\":\"https:\\\/\\\/noclegioswiecim.eu\\\/#\\\/schema\\\/logo\\\/image\\\/\"},\"sameAs\":[\"https:\\\/\\\/www.facebook.com\\\/oswiecimapartments\\\/\",\"https:\\\/\\\/goo.gl\\\/maps\\\/H9x6rxoZWfK3ad1j6\",\"https:\\\/\\\/www.instagram.com\\\/oswiecimapartments\\\/\"]},{\"@type\":\"Person\",\"@id\":\"https:\\\/\\\/noclegioswiecim.eu\\\/#\\\/schema\\\/person\\\/feafb30ea03805a331616c6bfd80e947\",\"name\":\"Patrycja\",\"image\":{\"@type\":\"ImageObject\",\"inLanguage\":\"cs\",\"@id\":\"https:\\\/\\\/secure.gravatar.com\\\/avatar\\\/7c37283748b62bb21affee70f751e75b04d527b2d023e14cdffee17064819ea3?s=96&d=mm&r=g\",\"url\":\"https:\\\/\\\/secure.gravatar.com\\\/avatar\\\/7c37283748b62bb21affee70f751e75b04d527b2d023e14cdffee17064819ea3?s=96&d=mm&r=g\",\"contentUrl\":\"https:\\\/\\\/secure.gravatar.com\\\/avatar\\\/7c37283748b62bb21affee70f751e75b04d527b2d023e14cdffee17064819ea3?s=96&d=mm&r=g\",\"caption\":\"Patrycja\"}}]}<\/script>\n<!-- \/ Yoast SEO plugin. -->","yoast_head_json":{"title":"Zakopan\u00e9 - Tatransk\u00fd vzd\u011bl\u00e1vac\u00ed park - Comfort Apartments","description":"Tatransk\u00fd vzd\u011bl\u00e1vac\u00ed park je soukromou iniciativou, jej\u00edm\u017e c\u00edlem je vytvo\u0159it zvl\u00e1\u0161tn\u00ed m\u00edsto pro n\u00e1v\u0161t\u011bvn\u00edky Podhal\u00ed.","robots":{"index":"index","follow":"follow","max-snippet":"max-snippet:-1","max-image-preview":"max-image-preview:large","max-video-preview":"max-video-preview:-1"},"canonical":"https:\/\/noclegioswiecim.eu\/cs\/?p=2564","og_locale":"cs_CZ","og_type":"article","og_title":"Zakopan\u00e9 - Tatransk\u00fd vzd\u011bl\u00e1vac\u00ed park - Comfort Apartments","og_description":"Tatransk\u00fd vzd\u011bl\u00e1vac\u00ed park je soukromou iniciativou, jej\u00edm\u017e c\u00edlem je vytvo\u0159it zvl\u00e1\u0161tn\u00ed m\u00edsto pro n\u00e1v\u0161t\u011bvn\u00edky Podhal\u00ed.","og_url":"https:\/\/noclegioswiecim.eu\/cs\/?p=2564","og_site_name":"Comfort Apartments","article_publisher":"https:\/\/www.facebook.com\/oswiecimapartments\/","article_published_time":"2023-07-13T11:57:35+00:00","article_modified_time":"2024-03-20T12:32:31+00:00","og_image":[{"width":1900,"height":1269,"url":"https:\/\/noclegioswiecim.eu\/wp-content\/uploads\/2023\/07\/309211830_5549411558449921_5443438107045086288_n.jpg","type":"image\/jpeg"}],"author":"Patrycja","twitter_card":"summary_large_image","twitter_misc":{"Napsal(a)":"Patrycja","Odhadovan\u00e1 doba \u010dten\u00ed":"1 minuta"},"schema":{"@context":"https:\/\/schema.org","@graph":[{"@type":"Article","@id":"https:\/\/noclegioswiecim.eu\/cs\/?p=2564#article","isPartOf":{"@id":"https:\/\/noclegioswiecim.eu\/cs\/?p=2564"},"author":{"name":"Patrycja","@id":"https:\/\/noclegioswiecim.eu\/#\/schema\/person\/feafb30ea03805a331616c6bfd80e947"},"headline":"Zakopan\u00e9 &#8211; Tatransk\u00fd vzd\u011bl\u00e1vac\u00ed park","datePublished":"2023-07-13T11:57:35+00:00","dateModified":"2024-03-20T12:32:31+00:00","mainEntityOfPage":{"@id":"https:\/\/noclegioswiecim.eu\/cs\/?p=2564"},"wordCount":192,"commentCount":0,"publisher":{"@id":"https:\/\/noclegioswiecim.eu\/#organization"},"image":{"@id":"https:\/\/noclegioswiecim.eu\/cs\/?p=2564#primaryimage"},"thumbnailUrl":"https:\/\/noclegioswiecim.eu\/wp-content\/uploads\/2023\/07\/309211830_5549411558449921_5443438107045086288_n.jpg","articleSection":["Zaj\u00edmavosti"],"inLanguage":"cs","potentialAction":[{"@type":"CommentAction","name":"Comment","target":["https:\/\/noclegioswiecim.eu\/cs\/?p=2564#respond"]}]},{"@type":"WebPage","@id":"https:\/\/noclegioswiecim.eu\/cs\/?p=2564","url":"https:\/\/noclegioswiecim.eu\/cs\/?p=2564","name":"Zakopan\u00e9 - Tatransk\u00fd vzd\u011bl\u00e1vac\u00ed park - Comfort Apartments","isPartOf":{"@id":"https:\/\/noclegioswiecim.eu\/#website"},"primaryImageOfPage":{"@id":"https:\/\/noclegioswiecim.eu\/cs\/?p=2564#primaryimage"},"image":{"@id":"https:\/\/noclegioswiecim.eu\/cs\/?p=2564#primaryimage"},"thumbnailUrl":"https:\/\/noclegioswiecim.eu\/wp-content\/uploads\/2023\/07\/309211830_5549411558449921_5443438107045086288_n.jpg","datePublished":"2023-07-13T11:57:35+00:00","dateModified":"2024-03-20T12:32:31+00:00","description":"Tatransk\u00fd vzd\u011bl\u00e1vac\u00ed park je soukromou iniciativou, jej\u00edm\u017e c\u00edlem je vytvo\u0159it zvl\u00e1\u0161tn\u00ed m\u00edsto pro n\u00e1v\u0161t\u011bvn\u00edky Podhal\u00ed.","breadcrumb":{"@id":"https:\/\/noclegioswiecim.eu\/cs\/?p=2564#breadcrumb"},"inLanguage":"cs","potentialAction":[{"@type":"ReadAction","target":["https:\/\/noclegioswiecim.eu\/cs\/?p=2564"]}]},{"@type":"ImageObject","inLanguage":"cs","@id":"https:\/\/noclegioswiecim.eu\/cs\/?p=2564#primaryimage","url":"https:\/\/noclegioswiecim.eu\/wp-content\/uploads\/2023\/07\/309211830_5549411558449921_5443438107045086288_n.jpg","contentUrl":"https:\/\/noclegioswiecim.eu\/wp-content\/uploads\/2023\/07\/309211830_5549411558449921_5443438107045086288_n.jpg","width":1900,"height":1269},{"@type":"BreadcrumbList","@id":"https:\/\/noclegioswiecim.eu\/cs\/?p=2564#breadcrumb","itemListElement":[{"@type":"ListItem","position":1,"name":"Strona g\u0142\u00f3wna","item":"https:\/\/noclegioswiecim.eu\/cs\/"},{"@type":"ListItem","position":2,"name":"Zakopan\u00e9 &#8211; Tatransk\u00fd vzd\u011bl\u00e1vac\u00ed park"}]},{"@type":"WebSite","@id":"https:\/\/noclegioswiecim.eu\/#website","url":"https:\/\/noclegioswiecim.eu\/","name":"Comfort Apartments","description":"Noclegi O\u015bwi\u0119cim \/ Booking O\u015bwi\u0119cim","publisher":{"@id":"https:\/\/noclegioswiecim.eu\/#organization"},"potentialAction":[{"@type":"SearchAction","target":{"@type":"EntryPoint","urlTemplate":"https:\/\/noclegioswiecim.eu\/?s={search_term_string}"},"query-input":{"@type":"PropertyValueSpecification","valueRequired":true,"valueName":"search_term_string"}}],"inLanguage":"cs"},{"@type":"Organization","@id":"https:\/\/noclegioswiecim.eu\/#organization","name":"Comfort Apartments","url":"https:\/\/noclegioswiecim.eu\/","logo":{"@type":"ImageObject","inLanguage":"cs","@id":"https:\/\/noclegioswiecim.eu\/#\/schema\/logo\/image\/","url":"https:\/\/noclegioswiecim.eu\/wp-content\/uploads\/2023\/02\/favicona.png","contentUrl":"https:\/\/noclegioswiecim.eu\/wp-content\/uploads\/2023\/02\/favicona.png","width":200,"height":200,"caption":"Comfort Apartments"},"image":{"@id":"https:\/\/noclegioswiecim.eu\/#\/schema\/logo\/image\/"},"sameAs":["https:\/\/www.facebook.com\/oswiecimapartments\/","https:\/\/goo.gl\/maps\/H9x6rxoZWfK3ad1j6","https:\/\/www.instagram.com\/oswiecimapartments\/"]},{"@type":"Person","@id":"https:\/\/noclegioswiecim.eu\/#\/schema\/person\/feafb30ea03805a331616c6bfd80e947","name":"Patrycja","image":{"@type":"ImageObject","inLanguage":"cs","@id":"https:\/\/secure.gravatar.com\/avatar\/7c37283748b62bb21affee70f751e75b04d527b2d023e14cdffee17064819ea3?s=96&d=mm&r=g","url":"https:\/\/secure.gravatar.com\/avatar\/7c37283748b62bb21affee70f751e75b04d527b2d023e14cdffee17064819ea3?s=96&d=mm&r=g","contentUrl":"https:\/\/secure.gravatar.com\/avatar\/7c37283748b62bb21affee70f751e75b04d527b2d023e14cdffee17064819ea3?s=96&d=mm&r=g","caption":"Patrycja"}}]}},"_links":{"self":[{"href":"https:\/\/noclegioswiecim.eu\/cs\/wp-json\/wp\/v2\/posts\/2564","targetHints":{"allow":["GET"]}}],"collection":[{"href":"https:\/\/noclegioswiecim.eu\/cs\/wp-json\/wp\/v2\/posts"}],"about":[{"href":"https:\/\/noclegioswiecim.eu\/cs\/wp-json\/wp\/v2\/types\/post"}],"author":[{"embeddable":true,"href":"https:\/\/noclegioswiecim.eu\/cs\/wp-json\/wp\/v2\/users\/2"}],"replies":[{"embeddable":true,"href":"https:\/\/noclegioswiecim.eu\/cs\/wp-json\/wp\/v2\/comments?post=2564"}],"version-history":[{"count":1,"href":"https:\/\/noclegioswiecim.eu\/cs\/wp-json\/wp\/v2\/posts\/2564\/revisions"}],"predecessor-version":[{"id":2573,"href":"https:\/\/noclegioswiecim.eu\/cs\/wp-json\/wp\/v2\/posts\/2564\/revisions\/2573"}],"wp:featuredmedia":[{"embeddable":true,"href":"https:\/\/noclegioswiecim.eu\/cs\/wp-json\/wp\/v2\/media\/2571"}],"wp:attachment":[{"href":"https:\/\/noclegioswiecim.eu\/cs\/wp-json\/wp\/v2\/media?parent=2564"}],"wp:term":[{"taxonomy":"category","embeddable":true,"href":"https:\/\/noclegioswiecim.eu\/cs\/wp-json\/wp\/v2\/categories?post=2564"},{"taxonomy":"post_tag","embeddable":true,"href":"https:\/\/noclegioswiecim.eu\/cs\/wp-json\/wp\/v2\/tags?post=2564"}],"curies":[{"name":"wp","href":"https:\/\/api.w.org\/{rel}","templated":true}]}}