{"id":2549,"date":"2023-07-26T11:47:10","date_gmt":"2023-07-26T09:47:10","guid":{"rendered":"https:\/\/noclegioswiecim.eu\/bez-kategorii\/zamecke-muzeum-v-pszczyne\/"},"modified":"2024-09-04T10:40:22","modified_gmt":"2024-09-04T08:40:22","slug":"zamecke-muzeum-v-pszczyne","status":"publish","type":"post","link":"https:\/\/noclegioswiecim.eu\/cs\/zajimavosti\/zamecke-muzeum-v-pszczyne\/","title":{"rendered":"Z\u00e1meck\u00e9 muzeum v Pszczyn\u011b"},"content":{"rendered":"<p><strong>Vzd\u00e1lenost od za\u0159\u00edzen\u00ed:<\/strong> Vzd\u00e1lenost od za\u0159\u00edzen\u00ed: 26,7 km<\/p>\n<p><strong>Z\u00e1meck\u00e9 muzeum v Pszczyn\u011b<\/strong> je jedine\u010dn\u00fdm m\u00edstem na map\u011b Polska. Zaujme svou autenticitou a p\u0159enese div\u00e1ka do atmosf\u00e9ry \u0161lechtick\u00e9ho s\u00eddla z p\u0159elomu 19. a 20. stolet\u00ed, jeho\u017e podoba se dodnes nezm\u011bnila. V\u00fdstava historick\u00fdch interi\u00e9r\u016f byla ocen\u011bna presti\u017en\u00ed cenou nevl\u00e1dn\u00ed organizace Europa Nostra. Ji\u017e n\u011bkolik let mohou n\u00e1v\u0161t\u011bvn\u00edci muzea obdivovat tak\u00e9 zrestaurovan\u00e9 v\u00e9vodsk\u00e9 kon\u00edrny, kter\u00e9 byly kdysi sou\u010d\u00e1st\u00ed hradn\u00edho komplexu. Dnes jsou zde um\u00edst\u011bny st\u00e1l\u00e9 a do\u010dasn\u00e9 v\u00fdstavy, multimedi\u00e1ln\u00ed knihovna a konzerv\u00e1torsk\u00e9 ateli\u00e9ry.<\/p>\n<p><strong>Dal\u0161\u00ed informace:<\/strong> <a href=\"http:\/\/www.zamek-pszczyna.pl\">www.zamek-pszczyna.pl<\/a><\/p>\n","protected":false},"excerpt":{"rendered":"<p>Vzd\u00e1lenost: 26,7 km<\/p>\n","protected":false},"author":2,"featured_media":2552,"comment_status":"closed","ping_status":"closed","sticky":false,"template":"","format":"standard","meta":{"footnotes":""},"categories":[64],"tags":[],"class_list":["post-2549","post","type-post","status-publish","format-standard","has-post-thumbnail","hentry","category-zajimavosti"],"yoast_head":"<!-- This site is optimized with the Yoast SEO plugin v27.5 - https:\/\/yoast.com\/product\/yoast-seo-wordpress\/ -->\n<title>Z\u00e1meck\u00e9 muzeum v Pszczyn\u011b - Comfort Apartments<\/title>\n<meta name=\"description\" content=\"Z\u00e1meck\u00e9 muzeum v Pszczyn\u011b je jedine\u010dn\u00fdm m\u00edstem na map\u011b Polska. Zaujme svou autenticitou a p\u0159enese div\u00e1ka do atmosf\u00e9ry aristokratick\u00e9ho s\u00eddla.\" \/>\n<meta name=\"robots\" content=\"index, follow, max-snippet:-1, max-image-preview:large, max-video-preview:-1\" \/>\n<link rel=\"canonical\" href=\"https:\/\/noclegioswiecim.eu\/cs\/zajimavosti\/zamecke-muzeum-v-pszczyne\/\" \/>\n<meta property=\"og:locale\" content=\"cs_CZ\" \/>\n<meta property=\"og:type\" content=\"article\" \/>\n<meta property=\"og:title\" content=\"Z\u00e1meck\u00e9 muzeum v Pszczyn\u011b - Comfort Apartments\" \/>\n<meta property=\"og:description\" content=\"Z\u00e1meck\u00e9 muzeum v Pszczyn\u011b je jedine\u010dn\u00fdm m\u00edstem na map\u011b Polska. Zaujme svou autenticitou a p\u0159enese div\u00e1ka do atmosf\u00e9ry aristokratick\u00e9ho s\u00eddla.\" \/>\n<meta property=\"og:url\" content=\"https:\/\/noclegioswiecim.eu\/cs\/zajimavosti\/zamecke-muzeum-v-pszczyne\/\" \/>\n<meta property=\"og:site_name\" content=\"Comfort Apartments\" \/>\n<meta property=\"article:publisher\" content=\"https:\/\/www.facebook.com\/oswiecimapartments\/\" \/>\n<meta property=\"article:published_time\" content=\"2023-07-26T09:47:10+00:00\" \/>\n<meta property=\"article:modified_time\" content=\"2024-09-04T08:40:22+00:00\" \/>\n<meta property=\"og:image\" content=\"https:\/\/noclegioswiecim.eu\/wp-content\/uploads\/2023\/07\/Muzeum-Zamkowe-w-Pszczynie-1.png\" \/>\n\t<meta property=\"og:image:width\" content=\"1920\" \/>\n\t<meta property=\"og:image:height\" content=\"800\" \/>\n\t<meta property=\"og:image:type\" content=\"image\/png\" \/>\n<meta name=\"author\" content=\"Patrycja\" \/>\n<meta name=\"twitter:card\" content=\"summary_large_image\" \/>\n<meta name=\"twitter:label1\" content=\"Napsal(a)\" \/>\n\t<meta name=\"twitter:data1\" content=\"Patrycja\" \/>\n\t<meta name=\"twitter:label2\" content=\"Odhadovan\u00e1 doba \u010dten\u00ed\" \/>\n\t<meta name=\"twitter:data2\" content=\"1 minuta\" \/>\n<script type=\"application\/ld+json\" class=\"yoast-schema-graph\">{\"@context\":\"https:\\\/\\\/schema.org\",\"@graph\":[{\"@type\":\"Article\",\"@id\":\"https:\\\/\\\/noclegioswiecim.eu\\\/cs\\\/zajimavosti\\\/zamecke-muzeum-v-pszczyne\\\/#article\",\"isPartOf\":{\"@id\":\"https:\\\/\\\/noclegioswiecim.eu\\\/cs\\\/zajimavosti\\\/zamecke-muzeum-v-pszczyne\\\/\"},\"author\":{\"name\":\"Patrycja\",\"@id\":\"https:\\\/\\\/noclegioswiecim.eu\\\/#\\\/schema\\\/person\\\/feafb30ea03805a331616c6bfd80e947\"},\"headline\":\"Z\u00e1meck\u00e9 muzeum v Pszczyn\u011b\",\"datePublished\":\"2023-07-26T09:47:10+00:00\",\"dateModified\":\"2024-09-04T08:40:22+00:00\",\"mainEntityOfPage\":{\"@id\":\"https:\\\/\\\/noclegioswiecim.eu\\\/cs\\\/zajimavosti\\\/zamecke-muzeum-v-pszczyne\\\/\"},\"wordCount\":125,\"publisher\":{\"@id\":\"https:\\\/\\\/noclegioswiecim.eu\\\/#organization\"},\"image\":{\"@id\":\"https:\\\/\\\/noclegioswiecim.eu\\\/cs\\\/zajimavosti\\\/zamecke-muzeum-v-pszczyne\\\/#primaryimage\"},\"thumbnailUrl\":\"https:\\\/\\\/noclegioswiecim.eu\\\/wp-content\\\/uploads\\\/2023\\\/07\\\/Muzeum-Zamkowe-w-Pszczynie-1.png\",\"articleSection\":[\"Zaj\u00edmavosti\"],\"inLanguage\":\"cs\"},{\"@type\":\"WebPage\",\"@id\":\"https:\\\/\\\/noclegioswiecim.eu\\\/cs\\\/zajimavosti\\\/zamecke-muzeum-v-pszczyne\\\/\",\"url\":\"https:\\\/\\\/noclegioswiecim.eu\\\/cs\\\/zajimavosti\\\/zamecke-muzeum-v-pszczyne\\\/\",\"name\":\"Z\u00e1meck\u00e9 muzeum v Pszczyn\u011b - Comfort Apartments\",\"isPartOf\":{\"@id\":\"https:\\\/\\\/noclegioswiecim.eu\\\/#website\"},\"primaryImageOfPage\":{\"@id\":\"https:\\\/\\\/noclegioswiecim.eu\\\/cs\\\/zajimavosti\\\/zamecke-muzeum-v-pszczyne\\\/#primaryimage\"},\"image\":{\"@id\":\"https:\\\/\\\/noclegioswiecim.eu\\\/cs\\\/zajimavosti\\\/zamecke-muzeum-v-pszczyne\\\/#primaryimage\"},\"thumbnailUrl\":\"https:\\\/\\\/noclegioswiecim.eu\\\/wp-content\\\/uploads\\\/2023\\\/07\\\/Muzeum-Zamkowe-w-Pszczynie-1.png\",\"datePublished\":\"2023-07-26T09:47:10+00:00\",\"dateModified\":\"2024-09-04T08:40:22+00:00\",\"description\":\"Z\u00e1meck\u00e9 muzeum v Pszczyn\u011b je jedine\u010dn\u00fdm m\u00edstem na map\u011b Polska. Zaujme svou autenticitou a p\u0159enese div\u00e1ka do atmosf\u00e9ry aristokratick\u00e9ho s\u00eddla.\",\"breadcrumb\":{\"@id\":\"https:\\\/\\\/noclegioswiecim.eu\\\/cs\\\/zajimavosti\\\/zamecke-muzeum-v-pszczyne\\\/#breadcrumb\"},\"inLanguage\":\"cs\",\"potentialAction\":[{\"@type\":\"ReadAction\",\"target\":[\"https:\\\/\\\/noclegioswiecim.eu\\\/cs\\\/zajimavosti\\\/zamecke-muzeum-v-pszczyne\\\/\"]}]},{\"@type\":\"ImageObject\",\"inLanguage\":\"cs\",\"@id\":\"https:\\\/\\\/noclegioswiecim.eu\\\/cs\\\/zajimavosti\\\/zamecke-muzeum-v-pszczyne\\\/#primaryimage\",\"url\":\"https:\\\/\\\/noclegioswiecim.eu\\\/wp-content\\\/uploads\\\/2023\\\/07\\\/Muzeum-Zamkowe-w-Pszczynie-1.png\",\"contentUrl\":\"https:\\\/\\\/noclegioswiecim.eu\\\/wp-content\\\/uploads\\\/2023\\\/07\\\/Muzeum-Zamkowe-w-Pszczynie-1.png\",\"width\":1920,\"height\":800},{\"@type\":\"BreadcrumbList\",\"@id\":\"https:\\\/\\\/noclegioswiecim.eu\\\/cs\\\/zajimavosti\\\/zamecke-muzeum-v-pszczyne\\\/#breadcrumb\",\"itemListElement\":[{\"@type\":\"ListItem\",\"position\":1,\"name\":\"Strona g\u0142\u00f3wna\",\"item\":\"https:\\\/\\\/noclegioswiecim.eu\\\/cs\\\/\"},{\"@type\":\"ListItem\",\"position\":2,\"name\":\"Z\u00e1meck\u00e9 muzeum v Pszczyn\u011b\"}]},{\"@type\":\"WebSite\",\"@id\":\"https:\\\/\\\/noclegioswiecim.eu\\\/#website\",\"url\":\"https:\\\/\\\/noclegioswiecim.eu\\\/\",\"name\":\"Comfort Apartments\",\"description\":\"Noclegi O\u015bwi\u0119cim \\\/ Booking O\u015bwi\u0119cim\",\"publisher\":{\"@id\":\"https:\\\/\\\/noclegioswiecim.eu\\\/#organization\"},\"potentialAction\":[{\"@type\":\"SearchAction\",\"target\":{\"@type\":\"EntryPoint\",\"urlTemplate\":\"https:\\\/\\\/noclegioswiecim.eu\\\/?s={search_term_string}\"},\"query-input\":{\"@type\":\"PropertyValueSpecification\",\"valueRequired\":true,\"valueName\":\"search_term_string\"}}],\"inLanguage\":\"cs\"},{\"@type\":\"Organization\",\"@id\":\"https:\\\/\\\/noclegioswiecim.eu\\\/#organization\",\"name\":\"Comfort Apartments\",\"url\":\"https:\\\/\\\/noclegioswiecim.eu\\\/\",\"logo\":{\"@type\":\"ImageObject\",\"inLanguage\":\"cs\",\"@id\":\"https:\\\/\\\/noclegioswiecim.eu\\\/#\\\/schema\\\/logo\\\/image\\\/\",\"url\":\"https:\\\/\\\/noclegioswiecim.eu\\\/wp-content\\\/uploads\\\/2023\\\/02\\\/favicona.png\",\"contentUrl\":\"https:\\\/\\\/noclegioswiecim.eu\\\/wp-content\\\/uploads\\\/2023\\\/02\\\/favicona.png\",\"width\":200,\"height\":200,\"caption\":\"Comfort Apartments\"},\"image\":{\"@id\":\"https:\\\/\\\/noclegioswiecim.eu\\\/#\\\/schema\\\/logo\\\/image\\\/\"},\"sameAs\":[\"https:\\\/\\\/www.facebook.com\\\/oswiecimapartments\\\/\",\"https:\\\/\\\/goo.gl\\\/maps\\\/H9x6rxoZWfK3ad1j6\",\"https:\\\/\\\/www.instagram.com\\\/oswiecimapartments\\\/\"]},{\"@type\":\"Person\",\"@id\":\"https:\\\/\\\/noclegioswiecim.eu\\\/#\\\/schema\\\/person\\\/feafb30ea03805a331616c6bfd80e947\",\"name\":\"Patrycja\",\"image\":{\"@type\":\"ImageObject\",\"inLanguage\":\"cs\",\"@id\":\"https:\\\/\\\/secure.gravatar.com\\\/avatar\\\/7c37283748b62bb21affee70f751e75b04d527b2d023e14cdffee17064819ea3?s=96&d=mm&r=g\",\"url\":\"https:\\\/\\\/secure.gravatar.com\\\/avatar\\\/7c37283748b62bb21affee70f751e75b04d527b2d023e14cdffee17064819ea3?s=96&d=mm&r=g\",\"contentUrl\":\"https:\\\/\\\/secure.gravatar.com\\\/avatar\\\/7c37283748b62bb21affee70f751e75b04d527b2d023e14cdffee17064819ea3?s=96&d=mm&r=g\",\"caption\":\"Patrycja\"}}]}<\/script>\n<!-- \/ Yoast SEO plugin. -->","yoast_head_json":{"title":"Z\u00e1meck\u00e9 muzeum v Pszczyn\u011b - Comfort Apartments","description":"Z\u00e1meck\u00e9 muzeum v Pszczyn\u011b je jedine\u010dn\u00fdm m\u00edstem na map\u011b Polska. Zaujme svou autenticitou a p\u0159enese div\u00e1ka do atmosf\u00e9ry aristokratick\u00e9ho s\u00eddla.","robots":{"index":"index","follow":"follow","max-snippet":"max-snippet:-1","max-image-preview":"max-image-preview:large","max-video-preview":"max-video-preview:-1"},"canonical":"https:\/\/noclegioswiecim.eu\/cs\/zajimavosti\/zamecke-muzeum-v-pszczyne\/","og_locale":"cs_CZ","og_type":"article","og_title":"Z\u00e1meck\u00e9 muzeum v Pszczyn\u011b - Comfort Apartments","og_description":"Z\u00e1meck\u00e9 muzeum v Pszczyn\u011b je jedine\u010dn\u00fdm m\u00edstem na map\u011b Polska. Zaujme svou autenticitou a p\u0159enese div\u00e1ka do atmosf\u00e9ry aristokratick\u00e9ho s\u00eddla.","og_url":"https:\/\/noclegioswiecim.eu\/cs\/zajimavosti\/zamecke-muzeum-v-pszczyne\/","og_site_name":"Comfort Apartments","article_publisher":"https:\/\/www.facebook.com\/oswiecimapartments\/","article_published_time":"2023-07-26T09:47:10+00:00","article_modified_time":"2024-09-04T08:40:22+00:00","og_image":[{"width":1920,"height":800,"url":"https:\/\/noclegioswiecim.eu\/wp-content\/uploads\/2023\/07\/Muzeum-Zamkowe-w-Pszczynie-1.png","type":"image\/png"}],"author":"Patrycja","twitter_card":"summary_large_image","twitter_misc":{"Napsal(a)":"Patrycja","Odhadovan\u00e1 doba \u010dten\u00ed":"1 minuta"},"schema":{"@context":"https:\/\/schema.org","@graph":[{"@type":"Article","@id":"https:\/\/noclegioswiecim.eu\/cs\/zajimavosti\/zamecke-muzeum-v-pszczyne\/#article","isPartOf":{"@id":"https:\/\/noclegioswiecim.eu\/cs\/zajimavosti\/zamecke-muzeum-v-pszczyne\/"},"author":{"name":"Patrycja","@id":"https:\/\/noclegioswiecim.eu\/#\/schema\/person\/feafb30ea03805a331616c6bfd80e947"},"headline":"Z\u00e1meck\u00e9 muzeum v Pszczyn\u011b","datePublished":"2023-07-26T09:47:10+00:00","dateModified":"2024-09-04T08:40:22+00:00","mainEntityOfPage":{"@id":"https:\/\/noclegioswiecim.eu\/cs\/zajimavosti\/zamecke-muzeum-v-pszczyne\/"},"wordCount":125,"publisher":{"@id":"https:\/\/noclegioswiecim.eu\/#organization"},"image":{"@id":"https:\/\/noclegioswiecim.eu\/cs\/zajimavosti\/zamecke-muzeum-v-pszczyne\/#primaryimage"},"thumbnailUrl":"https:\/\/noclegioswiecim.eu\/wp-content\/uploads\/2023\/07\/Muzeum-Zamkowe-w-Pszczynie-1.png","articleSection":["Zaj\u00edmavosti"],"inLanguage":"cs"},{"@type":"WebPage","@id":"https:\/\/noclegioswiecim.eu\/cs\/zajimavosti\/zamecke-muzeum-v-pszczyne\/","url":"https:\/\/noclegioswiecim.eu\/cs\/zajimavosti\/zamecke-muzeum-v-pszczyne\/","name":"Z\u00e1meck\u00e9 muzeum v Pszczyn\u011b - Comfort Apartments","isPartOf":{"@id":"https:\/\/noclegioswiecim.eu\/#website"},"primaryImageOfPage":{"@id":"https:\/\/noclegioswiecim.eu\/cs\/zajimavosti\/zamecke-muzeum-v-pszczyne\/#primaryimage"},"image":{"@id":"https:\/\/noclegioswiecim.eu\/cs\/zajimavosti\/zamecke-muzeum-v-pszczyne\/#primaryimage"},"thumbnailUrl":"https:\/\/noclegioswiecim.eu\/wp-content\/uploads\/2023\/07\/Muzeum-Zamkowe-w-Pszczynie-1.png","datePublished":"2023-07-26T09:47:10+00:00","dateModified":"2024-09-04T08:40:22+00:00","description":"Z\u00e1meck\u00e9 muzeum v Pszczyn\u011b je jedine\u010dn\u00fdm m\u00edstem na map\u011b Polska. Zaujme svou autenticitou a p\u0159enese div\u00e1ka do atmosf\u00e9ry aristokratick\u00e9ho s\u00eddla.","breadcrumb":{"@id":"https:\/\/noclegioswiecim.eu\/cs\/zajimavosti\/zamecke-muzeum-v-pszczyne\/#breadcrumb"},"inLanguage":"cs","potentialAction":[{"@type":"ReadAction","target":["https:\/\/noclegioswiecim.eu\/cs\/zajimavosti\/zamecke-muzeum-v-pszczyne\/"]}]},{"@type":"ImageObject","inLanguage":"cs","@id":"https:\/\/noclegioswiecim.eu\/cs\/zajimavosti\/zamecke-muzeum-v-pszczyne\/#primaryimage","url":"https:\/\/noclegioswiecim.eu\/wp-content\/uploads\/2023\/07\/Muzeum-Zamkowe-w-Pszczynie-1.png","contentUrl":"https:\/\/noclegioswiecim.eu\/wp-content\/uploads\/2023\/07\/Muzeum-Zamkowe-w-Pszczynie-1.png","width":1920,"height":800},{"@type":"BreadcrumbList","@id":"https:\/\/noclegioswiecim.eu\/cs\/zajimavosti\/zamecke-muzeum-v-pszczyne\/#breadcrumb","itemListElement":[{"@type":"ListItem","position":1,"name":"Strona g\u0142\u00f3wna","item":"https:\/\/noclegioswiecim.eu\/cs\/"},{"@type":"ListItem","position":2,"name":"Z\u00e1meck\u00e9 muzeum v Pszczyn\u011b"}]},{"@type":"WebSite","@id":"https:\/\/noclegioswiecim.eu\/#website","url":"https:\/\/noclegioswiecim.eu\/","name":"Comfort Apartments","description":"Noclegi O\u015bwi\u0119cim \/ Booking O\u015bwi\u0119cim","publisher":{"@id":"https:\/\/noclegioswiecim.eu\/#organization"},"potentialAction":[{"@type":"SearchAction","target":{"@type":"EntryPoint","urlTemplate":"https:\/\/noclegioswiecim.eu\/?s={search_term_string}"},"query-input":{"@type":"PropertyValueSpecification","valueRequired":true,"valueName":"search_term_string"}}],"inLanguage":"cs"},{"@type":"Organization","@id":"https:\/\/noclegioswiecim.eu\/#organization","name":"Comfort Apartments","url":"https:\/\/noclegioswiecim.eu\/","logo":{"@type":"ImageObject","inLanguage":"cs","@id":"https:\/\/noclegioswiecim.eu\/#\/schema\/logo\/image\/","url":"https:\/\/noclegioswiecim.eu\/wp-content\/uploads\/2023\/02\/favicona.png","contentUrl":"https:\/\/noclegioswiecim.eu\/wp-content\/uploads\/2023\/02\/favicona.png","width":200,"height":200,"caption":"Comfort Apartments"},"image":{"@id":"https:\/\/noclegioswiecim.eu\/#\/schema\/logo\/image\/"},"sameAs":["https:\/\/www.facebook.com\/oswiecimapartments\/","https:\/\/goo.gl\/maps\/H9x6rxoZWfK3ad1j6","https:\/\/www.instagram.com\/oswiecimapartments\/"]},{"@type":"Person","@id":"https:\/\/noclegioswiecim.eu\/#\/schema\/person\/feafb30ea03805a331616c6bfd80e947","name":"Patrycja","image":{"@type":"ImageObject","inLanguage":"cs","@id":"https:\/\/secure.gravatar.com\/avatar\/7c37283748b62bb21affee70f751e75b04d527b2d023e14cdffee17064819ea3?s=96&d=mm&r=g","url":"https:\/\/secure.gravatar.com\/avatar\/7c37283748b62bb21affee70f751e75b04d527b2d023e14cdffee17064819ea3?s=96&d=mm&r=g","contentUrl":"https:\/\/secure.gravatar.com\/avatar\/7c37283748b62bb21affee70f751e75b04d527b2d023e14cdffee17064819ea3?s=96&d=mm&r=g","caption":"Patrycja"}}]}},"_links":{"self":[{"href":"https:\/\/noclegioswiecim.eu\/cs\/wp-json\/wp\/v2\/posts\/2549","targetHints":{"allow":["GET"]}}],"collection":[{"href":"https:\/\/noclegioswiecim.eu\/cs\/wp-json\/wp\/v2\/posts"}],"about":[{"href":"https:\/\/noclegioswiecim.eu\/cs\/wp-json\/wp\/v2\/types\/post"}],"author":[{"embeddable":true,"href":"https:\/\/noclegioswiecim.eu\/cs\/wp-json\/wp\/v2\/users\/2"}],"replies":[{"embeddable":true,"href":"https:\/\/noclegioswiecim.eu\/cs\/wp-json\/wp\/v2\/comments?post=2549"}],"version-history":[{"count":2,"href":"https:\/\/noclegioswiecim.eu\/cs\/wp-json\/wp\/v2\/posts\/2549\/revisions"}],"predecessor-version":[{"id":7664,"href":"https:\/\/noclegioswiecim.eu\/cs\/wp-json\/wp\/v2\/posts\/2549\/revisions\/7664"}],"wp:featuredmedia":[{"embeddable":true,"href":"https:\/\/noclegioswiecim.eu\/cs\/wp-json\/wp\/v2\/media\/2552"}],"wp:attachment":[{"href":"https:\/\/noclegioswiecim.eu\/cs\/wp-json\/wp\/v2\/media?parent=2549"}],"wp:term":[{"taxonomy":"category","embeddable":true,"href":"https:\/\/noclegioswiecim.eu\/cs\/wp-json\/wp\/v2\/categories?post=2549"},{"taxonomy":"post_tag","embeddable":true,"href":"https:\/\/noclegioswiecim.eu\/cs\/wp-json\/wp\/v2\/tags?post=2549"}],"curies":[{"name":"wp","href":"https:\/\/api.w.org\/{rel}","templated":true}]}}