{"id":2510,"date":"2023-07-26T12:27:07","date_gmt":"2023-07-26T10:27:07","guid":{"rendered":"https:\/\/noclegioswiecim.eu\/bez-kategorii\/ojcowsky-narodni-park\/"},"modified":"2024-09-04T10:40:43","modified_gmt":"2024-09-04T08:40:43","slug":"ojcowsky-narodni-park","status":"publish","type":"post","link":"https:\/\/noclegioswiecim.eu\/cs\/zajimavosti\/ojcowsky-narodni-park\/","title":{"rendered":"Ojc\u00f3wsk\u00fd n\u00e1rodn\u00ed park"},"content":{"rendered":"<p><strong>Vzd\u00e1lenost od za\u0159\u00edzen\u00ed:<\/strong> Vzd\u00e1lenost od za\u0159\u00edzen\u00ed: 73,8 km<\/p>\n<p>Snahy o ochranu p\u0159\u00edrody v \u00fadol\u00ed Pr\u0105dnik se datuj\u00ed od sam\u00e9ho po\u010d\u00e1tku. 19. stolet\u00ed. a vztahuj\u00ed se k prvn\u00edm pr\u016fzkum\u016fm proveden\u00fdm v t\u00e9to oblasti. V t\u00e9 dob\u011b zde bylo objeveno mnoho zaj\u00edmav\u00fdch druh\u016f rostlin a \u017eivo\u010dich\u016f a prob\u00edhal v\u011bdeck\u00fd pr\u016fzkum jeskyn\u00ed. Krom\u011b toho se otcovsk\u00e1 krajina stala p\u0159edm\u011btem report\u00e1\u017e\u00ed a vzpom\u00ednek a inspirac\u00ed pro mnoho um\u011blc\u016f a b\u00e1sn\u00edk\u016f. Kr\u00e1sa Pr\u0105dnick\u00e9ho \u00fadol\u00ed, bohat\u00e1 fl\u00f3ra a fauna, zaj\u00edmav\u00e1 archeologick\u00e1 minulost p\u0159im\u011bly \u010detn\u00e9 p\u0159\u00edchoz\u00ed k ochran\u011b tohoto koutu tehdej\u0161\u00edho Kongresov\u00e9ho kr\u00e1lovstv\u00ed, kter\u00fd byl dokonce naz\u00fdv\u00e1n &#8222;polsk\u00fdm \u0160v\u00fdcarskem&#8220;.<\/p>\n<p><strong>Dal\u0161\u00ed informace:<\/strong> <a href=\"http:\/\/www.ojcowskiparknarodowy.pl\">www.ojcowskiparknarodowy.pl<\/a><\/p>\n","protected":false},"excerpt":{"rendered":"<p>Vzd\u00e1lenost: 73,8 km<\/p>\n","protected":false},"author":2,"featured_media":2513,"comment_status":"closed","ping_status":"closed","sticky":false,"template":"","format":"standard","meta":{"footnotes":""},"categories":[64],"tags":[],"class_list":["post-2510","post","type-post","status-publish","format-standard","has-post-thumbnail","hentry","category-zajimavosti"],"yoast_head":"<!-- This site is optimized with the Yoast SEO plugin v27.5 - https:\/\/yoast.com\/product\/yoast-seo-wordpress\/ -->\n<title>Ojc\u00f3wsk\u00fd n\u00e1rodn\u00ed park - Comfort Apartments<\/title>\n<meta name=\"description\" content=\"Snahy o ochranu p\u0159\u00edrody v \u00fadol\u00ed Pr\u0105dnik se datuj\u00ed od sam\u00e9ho po\u010d\u00e1tku. 19. stolet\u00ed. a vztahuj\u00ed se k prvn\u00edm pr\u016fzkum\u016fm proveden\u00fdm v t\u00e9to oblasti.\" \/>\n<meta name=\"robots\" content=\"index, follow, max-snippet:-1, max-image-preview:large, max-video-preview:-1\" \/>\n<link rel=\"canonical\" href=\"https:\/\/noclegioswiecim.eu\/cs\/zajimavosti\/ojcowsky-narodni-park\/\" \/>\n<meta property=\"og:locale\" content=\"cs_CZ\" \/>\n<meta property=\"og:type\" content=\"article\" \/>\n<meta property=\"og:title\" content=\"Ojc\u00f3wsk\u00fd n\u00e1rodn\u00ed park - Comfort Apartments\" \/>\n<meta property=\"og:description\" content=\"Snahy o ochranu p\u0159\u00edrody v \u00fadol\u00ed Pr\u0105dnik se datuj\u00ed od sam\u00e9ho po\u010d\u00e1tku. 19. stolet\u00ed. a vztahuj\u00ed se k prvn\u00edm pr\u016fzkum\u016fm proveden\u00fdm v t\u00e9to oblasti.\" \/>\n<meta property=\"og:url\" content=\"https:\/\/noclegioswiecim.eu\/cs\/zajimavosti\/ojcowsky-narodni-park\/\" \/>\n<meta property=\"og:site_name\" content=\"Comfort Apartments\" \/>\n<meta property=\"article:publisher\" content=\"https:\/\/www.facebook.com\/oswiecimapartments\/\" \/>\n<meta property=\"article:published_time\" content=\"2023-07-26T10:27:07+00:00\" \/>\n<meta property=\"article:modified_time\" content=\"2024-09-04T08:40:43+00:00\" \/>\n<meta property=\"og:image\" content=\"https:\/\/noclegioswiecim.eu\/wp-content\/uploads\/2023\/07\/mlode_lisy.jpg\" \/>\n\t<meta property=\"og:image:width\" content=\"749\" \/>\n\t<meta property=\"og:image:height\" content=\"502\" \/>\n\t<meta property=\"og:image:type\" content=\"image\/jpeg\" \/>\n<meta name=\"author\" content=\"Patrycja\" \/>\n<meta name=\"twitter:card\" content=\"summary_large_image\" \/>\n<meta name=\"twitter:label1\" content=\"Napsal(a)\" \/>\n\t<meta name=\"twitter:data1\" content=\"Patrycja\" \/>\n\t<meta name=\"twitter:label2\" content=\"Odhadovan\u00e1 doba \u010dten\u00ed\" \/>\n\t<meta name=\"twitter:data2\" content=\"1 minuta\" \/>\n<script type=\"application\/ld+json\" class=\"yoast-schema-graph\">{\"@context\":\"https:\\\/\\\/schema.org\",\"@graph\":[{\"@type\":\"Article\",\"@id\":\"https:\\\/\\\/noclegioswiecim.eu\\\/cs\\\/zajimavosti\\\/ojcowsky-narodni-park\\\/#article\",\"isPartOf\":{\"@id\":\"https:\\\/\\\/noclegioswiecim.eu\\\/cs\\\/zajimavosti\\\/ojcowsky-narodni-park\\\/\"},\"author\":{\"name\":\"Patrycja\",\"@id\":\"https:\\\/\\\/noclegioswiecim.eu\\\/#\\\/schema\\\/person\\\/feafb30ea03805a331616c6bfd80e947\"},\"headline\":\"Ojc\u00f3wsk\u00fd n\u00e1rodn\u00ed park\",\"datePublished\":\"2023-07-26T10:27:07+00:00\",\"dateModified\":\"2024-09-04T08:40:43+00:00\",\"mainEntityOfPage\":{\"@id\":\"https:\\\/\\\/noclegioswiecim.eu\\\/cs\\\/zajimavosti\\\/ojcowsky-narodni-park\\\/\"},\"wordCount\":140,\"publisher\":{\"@id\":\"https:\\\/\\\/noclegioswiecim.eu\\\/#organization\"},\"image\":{\"@id\":\"https:\\\/\\\/noclegioswiecim.eu\\\/cs\\\/zajimavosti\\\/ojcowsky-narodni-park\\\/#primaryimage\"},\"thumbnailUrl\":\"https:\\\/\\\/noclegioswiecim.eu\\\/wp-content\\\/uploads\\\/2023\\\/07\\\/mlode_lisy.jpg\",\"articleSection\":[\"Zaj\u00edmavosti\"],\"inLanguage\":\"cs\"},{\"@type\":\"WebPage\",\"@id\":\"https:\\\/\\\/noclegioswiecim.eu\\\/cs\\\/zajimavosti\\\/ojcowsky-narodni-park\\\/\",\"url\":\"https:\\\/\\\/noclegioswiecim.eu\\\/cs\\\/zajimavosti\\\/ojcowsky-narodni-park\\\/\",\"name\":\"Ojc\u00f3wsk\u00fd n\u00e1rodn\u00ed park - Comfort Apartments\",\"isPartOf\":{\"@id\":\"https:\\\/\\\/noclegioswiecim.eu\\\/#website\"},\"primaryImageOfPage\":{\"@id\":\"https:\\\/\\\/noclegioswiecim.eu\\\/cs\\\/zajimavosti\\\/ojcowsky-narodni-park\\\/#primaryimage\"},\"image\":{\"@id\":\"https:\\\/\\\/noclegioswiecim.eu\\\/cs\\\/zajimavosti\\\/ojcowsky-narodni-park\\\/#primaryimage\"},\"thumbnailUrl\":\"https:\\\/\\\/noclegioswiecim.eu\\\/wp-content\\\/uploads\\\/2023\\\/07\\\/mlode_lisy.jpg\",\"datePublished\":\"2023-07-26T10:27:07+00:00\",\"dateModified\":\"2024-09-04T08:40:43+00:00\",\"description\":\"Snahy o ochranu p\u0159\u00edrody v \u00fadol\u00ed Pr\u0105dnik se datuj\u00ed od sam\u00e9ho po\u010d\u00e1tku. 19. stolet\u00ed. a vztahuj\u00ed se k prvn\u00edm pr\u016fzkum\u016fm proveden\u00fdm v t\u00e9to oblasti.\",\"breadcrumb\":{\"@id\":\"https:\\\/\\\/noclegioswiecim.eu\\\/cs\\\/zajimavosti\\\/ojcowsky-narodni-park\\\/#breadcrumb\"},\"inLanguage\":\"cs\",\"potentialAction\":[{\"@type\":\"ReadAction\",\"target\":[\"https:\\\/\\\/noclegioswiecim.eu\\\/cs\\\/zajimavosti\\\/ojcowsky-narodni-park\\\/\"]}]},{\"@type\":\"ImageObject\",\"inLanguage\":\"cs\",\"@id\":\"https:\\\/\\\/noclegioswiecim.eu\\\/cs\\\/zajimavosti\\\/ojcowsky-narodni-park\\\/#primaryimage\",\"url\":\"https:\\\/\\\/noclegioswiecim.eu\\\/wp-content\\\/uploads\\\/2023\\\/07\\\/mlode_lisy.jpg\",\"contentUrl\":\"https:\\\/\\\/noclegioswiecim.eu\\\/wp-content\\\/uploads\\\/2023\\\/07\\\/mlode_lisy.jpg\",\"width\":749,\"height\":502},{\"@type\":\"BreadcrumbList\",\"@id\":\"https:\\\/\\\/noclegioswiecim.eu\\\/cs\\\/zajimavosti\\\/ojcowsky-narodni-park\\\/#breadcrumb\",\"itemListElement\":[{\"@type\":\"ListItem\",\"position\":1,\"name\":\"Strona g\u0142\u00f3wna\",\"item\":\"https:\\\/\\\/noclegioswiecim.eu\\\/cs\\\/\"},{\"@type\":\"ListItem\",\"position\":2,\"name\":\"Ojc\u00f3wsk\u00fd n\u00e1rodn\u00ed park\"}]},{\"@type\":\"WebSite\",\"@id\":\"https:\\\/\\\/noclegioswiecim.eu\\\/#website\",\"url\":\"https:\\\/\\\/noclegioswiecim.eu\\\/\",\"name\":\"Comfort Apartments\",\"description\":\"Noclegi O\u015bwi\u0119cim \\\/ Booking O\u015bwi\u0119cim\",\"publisher\":{\"@id\":\"https:\\\/\\\/noclegioswiecim.eu\\\/#organization\"},\"potentialAction\":[{\"@type\":\"SearchAction\",\"target\":{\"@type\":\"EntryPoint\",\"urlTemplate\":\"https:\\\/\\\/noclegioswiecim.eu\\\/?s={search_term_string}\"},\"query-input\":{\"@type\":\"PropertyValueSpecification\",\"valueRequired\":true,\"valueName\":\"search_term_string\"}}],\"inLanguage\":\"cs\"},{\"@type\":\"Organization\",\"@id\":\"https:\\\/\\\/noclegioswiecim.eu\\\/#organization\",\"name\":\"Comfort Apartments\",\"url\":\"https:\\\/\\\/noclegioswiecim.eu\\\/\",\"logo\":{\"@type\":\"ImageObject\",\"inLanguage\":\"cs\",\"@id\":\"https:\\\/\\\/noclegioswiecim.eu\\\/#\\\/schema\\\/logo\\\/image\\\/\",\"url\":\"https:\\\/\\\/noclegioswiecim.eu\\\/wp-content\\\/uploads\\\/2023\\\/02\\\/favicona.png\",\"contentUrl\":\"https:\\\/\\\/noclegioswiecim.eu\\\/wp-content\\\/uploads\\\/2023\\\/02\\\/favicona.png\",\"width\":200,\"height\":200,\"caption\":\"Comfort Apartments\"},\"image\":{\"@id\":\"https:\\\/\\\/noclegioswiecim.eu\\\/#\\\/schema\\\/logo\\\/image\\\/\"},\"sameAs\":[\"https:\\\/\\\/www.facebook.com\\\/oswiecimapartments\\\/\",\"https:\\\/\\\/goo.gl\\\/maps\\\/H9x6rxoZWfK3ad1j6\",\"https:\\\/\\\/www.instagram.com\\\/oswiecimapartments\\\/\"]},{\"@type\":\"Person\",\"@id\":\"https:\\\/\\\/noclegioswiecim.eu\\\/#\\\/schema\\\/person\\\/feafb30ea03805a331616c6bfd80e947\",\"name\":\"Patrycja\",\"image\":{\"@type\":\"ImageObject\",\"inLanguage\":\"cs\",\"@id\":\"https:\\\/\\\/secure.gravatar.com\\\/avatar\\\/7c37283748b62bb21affee70f751e75b04d527b2d023e14cdffee17064819ea3?s=96&d=mm&r=g\",\"url\":\"https:\\\/\\\/secure.gravatar.com\\\/avatar\\\/7c37283748b62bb21affee70f751e75b04d527b2d023e14cdffee17064819ea3?s=96&d=mm&r=g\",\"contentUrl\":\"https:\\\/\\\/secure.gravatar.com\\\/avatar\\\/7c37283748b62bb21affee70f751e75b04d527b2d023e14cdffee17064819ea3?s=96&d=mm&r=g\",\"caption\":\"Patrycja\"}}]}<\/script>\n<!-- \/ Yoast SEO plugin. -->","yoast_head_json":{"title":"Ojc\u00f3wsk\u00fd n\u00e1rodn\u00ed park - Comfort Apartments","description":"Snahy o ochranu p\u0159\u00edrody v \u00fadol\u00ed Pr\u0105dnik se datuj\u00ed od sam\u00e9ho po\u010d\u00e1tku. 19. stolet\u00ed. a vztahuj\u00ed se k prvn\u00edm pr\u016fzkum\u016fm proveden\u00fdm v t\u00e9to oblasti.","robots":{"index":"index","follow":"follow","max-snippet":"max-snippet:-1","max-image-preview":"max-image-preview:large","max-video-preview":"max-video-preview:-1"},"canonical":"https:\/\/noclegioswiecim.eu\/cs\/zajimavosti\/ojcowsky-narodni-park\/","og_locale":"cs_CZ","og_type":"article","og_title":"Ojc\u00f3wsk\u00fd n\u00e1rodn\u00ed park - Comfort Apartments","og_description":"Snahy o ochranu p\u0159\u00edrody v \u00fadol\u00ed Pr\u0105dnik se datuj\u00ed od sam\u00e9ho po\u010d\u00e1tku. 19. stolet\u00ed. a vztahuj\u00ed se k prvn\u00edm pr\u016fzkum\u016fm proveden\u00fdm v t\u00e9to oblasti.","og_url":"https:\/\/noclegioswiecim.eu\/cs\/zajimavosti\/ojcowsky-narodni-park\/","og_site_name":"Comfort Apartments","article_publisher":"https:\/\/www.facebook.com\/oswiecimapartments\/","article_published_time":"2023-07-26T10:27:07+00:00","article_modified_time":"2024-09-04T08:40:43+00:00","og_image":[{"width":749,"height":502,"url":"https:\/\/noclegioswiecim.eu\/wp-content\/uploads\/2023\/07\/mlode_lisy.jpg","type":"image\/jpeg"}],"author":"Patrycja","twitter_card":"summary_large_image","twitter_misc":{"Napsal(a)":"Patrycja","Odhadovan\u00e1 doba \u010dten\u00ed":"1 minuta"},"schema":{"@context":"https:\/\/schema.org","@graph":[{"@type":"Article","@id":"https:\/\/noclegioswiecim.eu\/cs\/zajimavosti\/ojcowsky-narodni-park\/#article","isPartOf":{"@id":"https:\/\/noclegioswiecim.eu\/cs\/zajimavosti\/ojcowsky-narodni-park\/"},"author":{"name":"Patrycja","@id":"https:\/\/noclegioswiecim.eu\/#\/schema\/person\/feafb30ea03805a331616c6bfd80e947"},"headline":"Ojc\u00f3wsk\u00fd n\u00e1rodn\u00ed park","datePublished":"2023-07-26T10:27:07+00:00","dateModified":"2024-09-04T08:40:43+00:00","mainEntityOfPage":{"@id":"https:\/\/noclegioswiecim.eu\/cs\/zajimavosti\/ojcowsky-narodni-park\/"},"wordCount":140,"publisher":{"@id":"https:\/\/noclegioswiecim.eu\/#organization"},"image":{"@id":"https:\/\/noclegioswiecim.eu\/cs\/zajimavosti\/ojcowsky-narodni-park\/#primaryimage"},"thumbnailUrl":"https:\/\/noclegioswiecim.eu\/wp-content\/uploads\/2023\/07\/mlode_lisy.jpg","articleSection":["Zaj\u00edmavosti"],"inLanguage":"cs"},{"@type":"WebPage","@id":"https:\/\/noclegioswiecim.eu\/cs\/zajimavosti\/ojcowsky-narodni-park\/","url":"https:\/\/noclegioswiecim.eu\/cs\/zajimavosti\/ojcowsky-narodni-park\/","name":"Ojc\u00f3wsk\u00fd n\u00e1rodn\u00ed park - Comfort Apartments","isPartOf":{"@id":"https:\/\/noclegioswiecim.eu\/#website"},"primaryImageOfPage":{"@id":"https:\/\/noclegioswiecim.eu\/cs\/zajimavosti\/ojcowsky-narodni-park\/#primaryimage"},"image":{"@id":"https:\/\/noclegioswiecim.eu\/cs\/zajimavosti\/ojcowsky-narodni-park\/#primaryimage"},"thumbnailUrl":"https:\/\/noclegioswiecim.eu\/wp-content\/uploads\/2023\/07\/mlode_lisy.jpg","datePublished":"2023-07-26T10:27:07+00:00","dateModified":"2024-09-04T08:40:43+00:00","description":"Snahy o ochranu p\u0159\u00edrody v \u00fadol\u00ed Pr\u0105dnik se datuj\u00ed od sam\u00e9ho po\u010d\u00e1tku. 19. stolet\u00ed. a vztahuj\u00ed se k prvn\u00edm pr\u016fzkum\u016fm proveden\u00fdm v t\u00e9to oblasti.","breadcrumb":{"@id":"https:\/\/noclegioswiecim.eu\/cs\/zajimavosti\/ojcowsky-narodni-park\/#breadcrumb"},"inLanguage":"cs","potentialAction":[{"@type":"ReadAction","target":["https:\/\/noclegioswiecim.eu\/cs\/zajimavosti\/ojcowsky-narodni-park\/"]}]},{"@type":"ImageObject","inLanguage":"cs","@id":"https:\/\/noclegioswiecim.eu\/cs\/zajimavosti\/ojcowsky-narodni-park\/#primaryimage","url":"https:\/\/noclegioswiecim.eu\/wp-content\/uploads\/2023\/07\/mlode_lisy.jpg","contentUrl":"https:\/\/noclegioswiecim.eu\/wp-content\/uploads\/2023\/07\/mlode_lisy.jpg","width":749,"height":502},{"@type":"BreadcrumbList","@id":"https:\/\/noclegioswiecim.eu\/cs\/zajimavosti\/ojcowsky-narodni-park\/#breadcrumb","itemListElement":[{"@type":"ListItem","position":1,"name":"Strona g\u0142\u00f3wna","item":"https:\/\/noclegioswiecim.eu\/cs\/"},{"@type":"ListItem","position":2,"name":"Ojc\u00f3wsk\u00fd n\u00e1rodn\u00ed park"}]},{"@type":"WebSite","@id":"https:\/\/noclegioswiecim.eu\/#website","url":"https:\/\/noclegioswiecim.eu\/","name":"Comfort Apartments","description":"Noclegi O\u015bwi\u0119cim \/ Booking O\u015bwi\u0119cim","publisher":{"@id":"https:\/\/noclegioswiecim.eu\/#organization"},"potentialAction":[{"@type":"SearchAction","target":{"@type":"EntryPoint","urlTemplate":"https:\/\/noclegioswiecim.eu\/?s={search_term_string}"},"query-input":{"@type":"PropertyValueSpecification","valueRequired":true,"valueName":"search_term_string"}}],"inLanguage":"cs"},{"@type":"Organization","@id":"https:\/\/noclegioswiecim.eu\/#organization","name":"Comfort Apartments","url":"https:\/\/noclegioswiecim.eu\/","logo":{"@type":"ImageObject","inLanguage":"cs","@id":"https:\/\/noclegioswiecim.eu\/#\/schema\/logo\/image\/","url":"https:\/\/noclegioswiecim.eu\/wp-content\/uploads\/2023\/02\/favicona.png","contentUrl":"https:\/\/noclegioswiecim.eu\/wp-content\/uploads\/2023\/02\/favicona.png","width":200,"height":200,"caption":"Comfort Apartments"},"image":{"@id":"https:\/\/noclegioswiecim.eu\/#\/schema\/logo\/image\/"},"sameAs":["https:\/\/www.facebook.com\/oswiecimapartments\/","https:\/\/goo.gl\/maps\/H9x6rxoZWfK3ad1j6","https:\/\/www.instagram.com\/oswiecimapartments\/"]},{"@type":"Person","@id":"https:\/\/noclegioswiecim.eu\/#\/schema\/person\/feafb30ea03805a331616c6bfd80e947","name":"Patrycja","image":{"@type":"ImageObject","inLanguage":"cs","@id":"https:\/\/secure.gravatar.com\/avatar\/7c37283748b62bb21affee70f751e75b04d527b2d023e14cdffee17064819ea3?s=96&d=mm&r=g","url":"https:\/\/secure.gravatar.com\/avatar\/7c37283748b62bb21affee70f751e75b04d527b2d023e14cdffee17064819ea3?s=96&d=mm&r=g","contentUrl":"https:\/\/secure.gravatar.com\/avatar\/7c37283748b62bb21affee70f751e75b04d527b2d023e14cdffee17064819ea3?s=96&d=mm&r=g","caption":"Patrycja"}}]}},"_links":{"self":[{"href":"https:\/\/noclegioswiecim.eu\/cs\/wp-json\/wp\/v2\/posts\/2510","targetHints":{"allow":["GET"]}}],"collection":[{"href":"https:\/\/noclegioswiecim.eu\/cs\/wp-json\/wp\/v2\/posts"}],"about":[{"href":"https:\/\/noclegioswiecim.eu\/cs\/wp-json\/wp\/v2\/types\/post"}],"author":[{"embeddable":true,"href":"https:\/\/noclegioswiecim.eu\/cs\/wp-json\/wp\/v2\/users\/2"}],"replies":[{"embeddable":true,"href":"https:\/\/noclegioswiecim.eu\/cs\/wp-json\/wp\/v2\/comments?post=2510"}],"version-history":[{"count":2,"href":"https:\/\/noclegioswiecim.eu\/cs\/wp-json\/wp\/v2\/posts\/2510\/revisions"}],"predecessor-version":[{"id":7667,"href":"https:\/\/noclegioswiecim.eu\/cs\/wp-json\/wp\/v2\/posts\/2510\/revisions\/7667"}],"wp:featuredmedia":[{"embeddable":true,"href":"https:\/\/noclegioswiecim.eu\/cs\/wp-json\/wp\/v2\/media\/2513"}],"wp:attachment":[{"href":"https:\/\/noclegioswiecim.eu\/cs\/wp-json\/wp\/v2\/media?parent=2510"}],"wp:term":[{"taxonomy":"category","embeddable":true,"href":"https:\/\/noclegioswiecim.eu\/cs\/wp-json\/wp\/v2\/categories?post=2510"},{"taxonomy":"post_tag","embeddable":true,"href":"https:\/\/noclegioswiecim.eu\/cs\/wp-json\/wp\/v2\/tags?post=2510"}],"curies":[{"name":"wp","href":"https:\/\/api.w.org\/{rel}","templated":true}]}}